{"id":41114,"date":"2020-04-22T16:39:57","date_gmt":"2020-04-22T19:39:57","guid":{"rendered":"http:\/\/www.noticiasradioreflejos.com.ar\/noticias\/?p=41114"},"modified":"2020-04-22T16:39:57","modified_gmt":"2020-04-22T19:39:57","slug":"lanzan-programa-de-formacion-docente-a-distancia-con-herramientas-de-ensenanza-por-la-pandemia","status":"publish","type":"post","link":"https:\/\/www.noticiasradioreflejos.com.ar\/2021\/lanzan-programa-de-formacion-docente-a-distancia-con-herramientas-de-ensenanza-por-la-pandemia\/","title":{"rendered":"Lanzan programa de formaci\u00f3n docente a distancia con herramientas de ense\u00f1anza por la pandemia"},"content":{"rendered":"<p>El gobierno bonaerense lanza un programa de formaci\u00f3n docente a trav\u00e9s de cursos de modalidad virtual, que busca proveer de estrategias y herramientas de ense\u00f1anza a los directivos y maestros por la pandemia de coronavirus, inform\u00f3 hoy la Direcci\u00f3n General de Cultura y Educaci\u00f3n de la provincia de Buenos Aires.<br \/>\nLa cartera educativa desarroll\u00f3 desde el inicio de la pandemia un conjunto de acciones para la continuidad pedag\u00f3gica, expresadas en la producci\u00f3n de cuadernillos de actividades y la plataforma Continuemos Estudiando y en la implementaci\u00f3n de programas para fortalecer los v\u00ednculos con estudiantes y los actores del sistema educativo.<!--more--><br \/>\nPor eso, ma\u00f1ana a las 7 se abrir\u00e1 la inscripci\u00f3n para el programa de formaci\u00f3n docente a distancia, que aborda estrategias y herramientas para \u201cseguir haciendo escuela\u201d.<\/p>\n<p>La Directora General de Cultura y Educaci\u00f3n, Agustina Vila, expres\u00f3 que \u201cestos nuevos espacios de formaci\u00f3n docente promueven que los v\u00ednculos pedag\u00f3gicos que se construyen entre docentes y estudiantes sean cada vez m\u00e1s fuertes\u00bb y a\u00f1adi\u00f3 que \u00abforman parte de las estrategias que implementamos en esta situaci\u00f3n excepcional para que la escuela siga siendo parte de la vida cotidiana de cada estudiante, que sea una de sus referencias\u00bb.<\/p>\n<p>En el texto, se precis\u00f3 que el principal objetivo del programa \u00abes ofrecer apoyo a la tarea de ense\u00f1ar, poniendo a disposici\u00f3n dispositivos de acompa\u00f1amiento y herramientas que contemplen esas diferencias y especificidades, a la vez que aporten a no renunciar a un espacio com\u00fan\u00bb.<\/p>\n<p>En el primero de los cursos, dirigido a los equipos directivos, se trabaja sobre \u201cc\u00f3mo hacer escuela\u201d en este contexto y all\u00ed se aborda el marco \u00e9tico y pol\u00edtico de la continuidad pedag\u00f3gica desde el paradigma del cuidado y la perspectiva de derechos as\u00ed como la idea de planificaci\u00f3n.<\/p>\n<p>A la vez, se formulan aportes sobre el desarrollo de encuentros pedag\u00f3gicos a distancia que ponen el foco en el lazo y en la producci\u00f3n de sentido, as\u00ed como en el acceso a los materiales y recursos producidos por la DGCyE e ideas y din\u00e1micas de trabajo entre pares para repensar la evaluaci\u00f3n m\u00e1s all\u00e1 de la calificaci\u00f3n, como espacio de di\u00e1logo y de seguimiento de las propuestas.<\/p>\n<p>En el segundo curso, dirigido a docentes de todos los niveles y modalidades, se trabaja la continuidad pedag\u00f3gica a partir del derecho a la educaci\u00f3n y los paradigmas del cuidado y la convivencia, analizando las nuevas desigualdades y exclusiones.<\/p>\n<p>A la vez, se aborda la planificaci\u00f3n \u201ccomo hoja de ruta siempre cambiante\u201d de encuentros pedag\u00f3gicos a distancia utilizando m\u00faltiples canales y se analizan las posibilidades de organizaci\u00f3n de los tiempos, el espacio, las interacciones y los modos de participaci\u00f3n.<\/p>\n<p>Se desglosan aspectos centrales de la educaci\u00f3n a distancia seg\u00fan los niveles: c\u00f3mo presentar las consignas, c\u00f3mo acompa\u00f1ar las conversaciones, qu\u00e9 tipos de tareas son posibles y c\u00f3mo potenciar el aprendizaje entre pares.<\/p>\n<p>Finalmente, se propone repensar las pr\u00e1cticas de la evaluaci\u00f3n, m\u00e1s all\u00e1 de la calificaci\u00f3n, como espacio de di\u00e1logo en el marco de la emergencia y como aporte para sostener las trayectorias y el ejercicio del derecho a la educaci\u00f3n.<\/p>\n<p>Ambas propuestas formativas tienen una duraci\u00f3n de cinco semanas y otorgan puntaje. Se llevar\u00e1n a cabo desde un campus virtual desarrollado en el portal ABC y requieren inscripci\u00f3n previa. (Telam)<\/p>\n","protected":false},"excerpt":{"rendered":"<p>El gobierno bonaerense lanza un programa de formaci\u00f3n docente a trav\u00e9s de cursos de modalidad virtual, que busca proveer de estrategias y herramientas de ense\u00f1anza a los directivos y maestros por la pandemia de coronavirus, inform\u00f3 hoy la Direcci\u00f3n General de Cultura y Educaci\u00f3n de la provincia de Buenos Aires. La cartera educativa desarroll\u00f3 desde [&hellip;]<\/p>\n","protected":false},"author":3,"featured_media":0,"comment_status":"closed","ping_status":"open","sticky":false,"template":"","format":"standard","meta":{"footnotes":""},"categories":[34],"tags":[],"class_list":["post-41114","post","type-post","status-publish","format-standard","hentry","category-educacion"],"yoast_head":"<!-- This site is optimized with the Yoast SEO plugin v25.9 - https:\/\/yoast.com\/wordpress\/plugins\/seo\/ -->\n<title>Lanzan programa de formaci\u00f3n docente a distancia con herramientas de ense\u00f1anza por la pandemia - Noticias Radio Reflejos<\/title>\n<meta name=\"robots\" content=\"index, follow, max-snippet:-1, max-image-preview:large, max-video-preview:-1\" \/>\n<link rel=\"canonical\" href=\"https:\/\/www.noticiasradioreflejos.com.ar\/2021\/lanzan-programa-de-formacion-docente-a-distancia-con-herramientas-de-ensenanza-por-la-pandemia\/\" \/>\n<meta property=\"og:locale\" content=\"es_ES\" \/>\n<meta property=\"og:type\" content=\"article\" \/>\n<meta property=\"og:title\" content=\"Lanzan programa de formaci\u00f3n docente a distancia con herramientas de ense\u00f1anza por la pandemia - Noticias Radio Reflejos\" \/>\n<meta property=\"og:description\" content=\"El gobierno bonaerense lanza un programa de formaci\u00f3n docente a trav\u00e9s de cursos de modalidad virtual, que busca proveer de estrategias y herramientas de ense\u00f1anza a los directivos y maestros por la pandemia de coronavirus, inform\u00f3 hoy la Direcci\u00f3n General de Cultura y Educaci\u00f3n de la provincia de Buenos Aires. La cartera educativa desarroll\u00f3 desde [&hellip;]\" \/>\n<meta property=\"og:url\" content=\"https:\/\/www.noticiasradioreflejos.com.ar\/2021\/lanzan-programa-de-formacion-docente-a-distancia-con-herramientas-de-ensenanza-por-la-pandemia\/\" \/>\n<meta property=\"og:site_name\" content=\"Noticias Radio Reflejos\" \/>\n<meta property=\"article:published_time\" content=\"2020-04-22T19:39:57+00:00\" \/>\n<meta property=\"og:image\" content=\"https:\/\/www.noticiasradioreflejos.com.ar\/2021\/wp-content\/uploads\/2021\/07\/logosol300x200.png\" \/>\n\t<meta property=\"og:image:width\" content=\"300\" \/>\n\t<meta property=\"og:image:height\" content=\"200\" \/>\n\t<meta property=\"og:image:type\" content=\"image\/png\" \/>\n<meta name=\"author\" content=\"Arnaldo Botto\" \/>\n<meta name=\"twitter:card\" content=\"summary_large_image\" \/>\n<script type=\"application\/ld+json\" class=\"yoast-schema-graph\">{\"@context\":\"https:\/\/schema.org\",\"@graph\":[{\"@type\":\"WebPage\",\"@id\":\"https:\/\/www.noticiasradioreflejos.com.ar\/2021\/lanzan-programa-de-formacion-docente-a-distancia-con-herramientas-de-ensenanza-por-la-pandemia\/\",\"url\":\"https:\/\/www.noticiasradioreflejos.com.ar\/2021\/lanzan-programa-de-formacion-docente-a-distancia-con-herramientas-de-ensenanza-por-la-pandemia\/\",\"name\":\"Lanzan programa de formaci\u00f3n docente a distancia con herramientas de ense\u00f1anza por la pandemia - Noticias Radio Reflejos\",\"isPartOf\":{\"@id\":\"https:\/\/www.noticiasradioreflejos.com.ar\/2021\/#website\"},\"datePublished\":\"2020-04-22T19:39:57+00:00\",\"author\":{\"@id\":\"https:\/\/www.noticiasradioreflejos.com.ar\/2021\/#\/schema\/person\/ad82545263dcc5ec0996818884fd5fb1\"},\"breadcrumb\":{\"@id\":\"https:\/\/www.noticiasradioreflejos.com.ar\/2021\/lanzan-programa-de-formacion-docente-a-distancia-con-herramientas-de-ensenanza-por-la-pandemia\/#breadcrumb\"},\"inLanguage\":\"es\",\"potentialAction\":[{\"@type\":\"ReadAction\",\"target\":[\"https:\/\/www.noticiasradioreflejos.com.ar\/2021\/lanzan-programa-de-formacion-docente-a-distancia-con-herramientas-de-ensenanza-por-la-pandemia\/\"]}]},{\"@type\":\"BreadcrumbList\",\"@id\":\"https:\/\/www.noticiasradioreflejos.com.ar\/2021\/lanzan-programa-de-formacion-docente-a-distancia-con-herramientas-de-ensenanza-por-la-pandemia\/#breadcrumb\",\"itemListElement\":[{\"@type\":\"ListItem\",\"position\":1,\"name\":\"Portada\",\"item\":\"https:\/\/www.noticiasradioreflejos.com.ar\/2021\/\"},{\"@type\":\"ListItem\",\"position\":2,\"name\":\"Lanzan programa de formaci\u00f3n docente a distancia con herramientas de ense\u00f1anza por la pandemia\"}]},{\"@type\":\"WebSite\",\"@id\":\"https:\/\/www.noticiasradioreflejos.com.ar\/2021\/#website\",\"url\":\"https:\/\/www.noticiasradioreflejos.com.ar\/2021\/\",\"name\":\"Noticias Radio Reflejos\",\"description\":\"Las noticias de mi comarca\",\"potentialAction\":[{\"@type\":\"SearchAction\",\"target\":{\"@type\":\"EntryPoint\",\"urlTemplate\":\"https:\/\/www.noticiasradioreflejos.com.ar\/2021\/?s={search_term_string}\"},\"query-input\":{\"@type\":\"PropertyValueSpecification\",\"valueRequired\":true,\"valueName\":\"search_term_string\"}}],\"inLanguage\":\"es\"},{\"@type\":\"Person\",\"@id\":\"https:\/\/www.noticiasradioreflejos.com.ar\/2021\/#\/schema\/person\/ad82545263dcc5ec0996818884fd5fb1\",\"name\":\"Arnaldo Botto\",\"image\":{\"@type\":\"ImageObject\",\"inLanguage\":\"es\",\"@id\":\"https:\/\/www.noticiasradioreflejos.com.ar\/2021\/#\/schema\/person\/image\/\",\"url\":\"https:\/\/secure.gravatar.com\/avatar\/55cb5e37c1efa326397366e6974cb338056df65cb50e7d64d1cf314e87504837?s=96&d=mm&r=g\",\"contentUrl\":\"https:\/\/secure.gravatar.com\/avatar\/55cb5e37c1efa326397366e6974cb338056df65cb50e7d64d1cf314e87504837?s=96&d=mm&r=g\",\"caption\":\"Arnaldo Botto\"},\"url\":\"https:\/\/www.noticiasradioreflejos.com.ar\/2021\/author\/arnaldo\/\"}]}<\/script>\n<!-- \/ Yoast SEO plugin. -->","yoast_head_json":{"title":"Lanzan programa de formaci\u00f3n docente a distancia con herramientas de ense\u00f1anza por la pandemia - Noticias Radio Reflejos","robots":{"index":"index","follow":"follow","max-snippet":"max-snippet:-1","max-image-preview":"max-image-preview:large","max-video-preview":"max-video-preview:-1"},"canonical":"https:\/\/www.noticiasradioreflejos.com.ar\/2021\/lanzan-programa-de-formacion-docente-a-distancia-con-herramientas-de-ensenanza-por-la-pandemia\/","og_locale":"es_ES","og_type":"article","og_title":"Lanzan programa de formaci\u00f3n docente a distancia con herramientas de ense\u00f1anza por la pandemia - Noticias Radio Reflejos","og_description":"El gobierno bonaerense lanza un programa de formaci\u00f3n docente a trav\u00e9s de cursos de modalidad virtual, que busca proveer de estrategias y herramientas de ense\u00f1anza a los directivos y maestros por la pandemia de coronavirus, inform\u00f3 hoy la Direcci\u00f3n General de Cultura y Educaci\u00f3n de la provincia de Buenos Aires. La cartera educativa desarroll\u00f3 desde [&hellip;]","og_url":"https:\/\/www.noticiasradioreflejos.com.ar\/2021\/lanzan-programa-de-formacion-docente-a-distancia-con-herramientas-de-ensenanza-por-la-pandemia\/","og_site_name":"Noticias Radio Reflejos","article_published_time":"2020-04-22T19:39:57+00:00","og_image":[{"width":300,"height":200,"url":"https:\/\/www.noticiasradioreflejos.com.ar\/2021\/wp-content\/uploads\/2021\/07\/logosol300x200.png","type":"image\/png"}],"author":"Arnaldo Botto","twitter_card":"summary_large_image","schema":{"@context":"https:\/\/schema.org","@graph":[{"@type":"WebPage","@id":"https:\/\/www.noticiasradioreflejos.com.ar\/2021\/lanzan-programa-de-formacion-docente-a-distancia-con-herramientas-de-ensenanza-por-la-pandemia\/","url":"https:\/\/www.noticiasradioreflejos.com.ar\/2021\/lanzan-programa-de-formacion-docente-a-distancia-con-herramientas-de-ensenanza-por-la-pandemia\/","name":"Lanzan programa de formaci\u00f3n docente a distancia con herramientas de ense\u00f1anza por la pandemia - Noticias Radio Reflejos","isPartOf":{"@id":"https:\/\/www.noticiasradioreflejos.com.ar\/2021\/#website"},"datePublished":"2020-04-22T19:39:57+00:00","author":{"@id":"https:\/\/www.noticiasradioreflejos.com.ar\/2021\/#\/schema\/person\/ad82545263dcc5ec0996818884fd5fb1"},"breadcrumb":{"@id":"https:\/\/www.noticiasradioreflejos.com.ar\/2021\/lanzan-programa-de-formacion-docente-a-distancia-con-herramientas-de-ensenanza-por-la-pandemia\/#breadcrumb"},"inLanguage":"es","potentialAction":[{"@type":"ReadAction","target":["https:\/\/www.noticiasradioreflejos.com.ar\/2021\/lanzan-programa-de-formacion-docente-a-distancia-con-herramientas-de-ensenanza-por-la-pandemia\/"]}]},{"@type":"BreadcrumbList","@id":"https:\/\/www.noticiasradioreflejos.com.ar\/2021\/lanzan-programa-de-formacion-docente-a-distancia-con-herramientas-de-ensenanza-por-la-pandemia\/#breadcrumb","itemListElement":[{"@type":"ListItem","position":1,"name":"Portada","item":"https:\/\/www.noticiasradioreflejos.com.ar\/2021\/"},{"@type":"ListItem","position":2,"name":"Lanzan programa de formaci\u00f3n docente a distancia con herramientas de ense\u00f1anza por la pandemia"}]},{"@type":"WebSite","@id":"https:\/\/www.noticiasradioreflejos.com.ar\/2021\/#website","url":"https:\/\/www.noticiasradioreflejos.com.ar\/2021\/","name":"Noticias Radio Reflejos","description":"Las noticias de mi comarca","potentialAction":[{"@type":"SearchAction","target":{"@type":"EntryPoint","urlTemplate":"https:\/\/www.noticiasradioreflejos.com.ar\/2021\/?s={search_term_string}"},"query-input":{"@type":"PropertyValueSpecification","valueRequired":true,"valueName":"search_term_string"}}],"inLanguage":"es"},{"@type":"Person","@id":"https:\/\/www.noticiasradioreflejos.com.ar\/2021\/#\/schema\/person\/ad82545263dcc5ec0996818884fd5fb1","name":"Arnaldo Botto","image":{"@type":"ImageObject","inLanguage":"es","@id":"https:\/\/www.noticiasradioreflejos.com.ar\/2021\/#\/schema\/person\/image\/","url":"https:\/\/secure.gravatar.com\/avatar\/55cb5e37c1efa326397366e6974cb338056df65cb50e7d64d1cf314e87504837?s=96&d=mm&r=g","contentUrl":"https:\/\/secure.gravatar.com\/avatar\/55cb5e37c1efa326397366e6974cb338056df65cb50e7d64d1cf314e87504837?s=96&d=mm&r=g","caption":"Arnaldo Botto"},"url":"https:\/\/www.noticiasradioreflejos.com.ar\/2021\/author\/arnaldo\/"}]}},"_links":{"self":[{"href":"https:\/\/www.noticiasradioreflejos.com.ar\/2021\/wp-json\/wp\/v2\/posts\/41114","targetHints":{"allow":["GET"]}}],"collection":[{"href":"https:\/\/www.noticiasradioreflejos.com.ar\/2021\/wp-json\/wp\/v2\/posts"}],"about":[{"href":"https:\/\/www.noticiasradioreflejos.com.ar\/2021\/wp-json\/wp\/v2\/types\/post"}],"author":[{"embeddable":true,"href":"https:\/\/www.noticiasradioreflejos.com.ar\/2021\/wp-json\/wp\/v2\/users\/3"}],"replies":[{"embeddable":true,"href":"https:\/\/www.noticiasradioreflejos.com.ar\/2021\/wp-json\/wp\/v2\/comments?post=41114"}],"version-history":[{"count":0,"href":"https:\/\/www.noticiasradioreflejos.com.ar\/2021\/wp-json\/wp\/v2\/posts\/41114\/revisions"}],"wp:attachment":[{"href":"https:\/\/www.noticiasradioreflejos.com.ar\/2021\/wp-json\/wp\/v2\/media?parent=41114"}],"wp:term":[{"taxonomy":"category","embeddable":true,"href":"https:\/\/www.noticiasradioreflejos.com.ar\/2021\/wp-json\/wp\/v2\/categories?post=41114"},{"taxonomy":"post_tag","embeddable":true,"href":"https:\/\/www.noticiasradioreflejos.com.ar\/2021\/wp-json\/wp\/v2\/tags?post=41114"}],"curies":[{"name":"wp","href":"https:\/\/api.w.org\/{rel}","templated":true}]}}