{"id":4100,"date":"2016-11-25T12:15:04","date_gmt":"2016-11-25T12:15:04","guid":{"rendered":"http:\/\/noticiasradioreflejos.com.ar\/noticias\/?p=4100"},"modified":"2016-11-25T12:15:04","modified_gmt":"2016-11-25T12:15:04","slug":"llega-a-sierra-de-la-ventana-la-xix-edicion-del-rally-austral","status":"publish","type":"post","link":"https:\/\/www.noticiasradioreflejos.com.ar\/2021\/llega-a-sierra-de-la-ventana-la-xix-edicion-del-rally-austral\/","title":{"rendered":"Llega a Sierra de la Ventana la XIX edici\u00f3n del Rally Austral"},"content":{"rendered":"<p>La Secretaria de Turismo informa que el domingo 27 del corriente, recibiremos en la localidad de Sierra de la Ventana, la XIX edici\u00f3n del Rally Austral del Club de Veh\u00edculos de Colecci\u00f3n de Bah\u00eda Blanca, con autos de categor\u00eda de preguerra, posguerra y contempor\u00e1neos.<!--more--><br \/>\nLa competencia inicia el d\u00eda 26, desde las 18, en la concesionaria Citroen de Graff-Schwerdt, en donde se realizar\u00e1 la inscripci\u00f3n y presentaci\u00f3n de los participantes. Desde all\u00ed, habr\u00e1 una largada simb\u00f3lica, rampa incluida, con la locuci\u00f3n del periodista radial de automovilismo Sebasti\u00e1n Rosas.<br \/>\nAl d\u00eda siguiente, desde el mismo lugar, se realizar\u00e1 la largada por reloj, partiendo hacia la salida de Bah\u00eda Blanca por la ruta 3 norte, desde donde, autolargada mediante, los competidores se dirigir\u00e1n a Monte Hermoso. Tras el almuerzo en dicha localidad, iremos hacia Saldungaray, donde concluir\u00e1 la competencia, restando determinar una eventual llegada a Sierra de la Ventana, a fin de degustar un frugal agasajo.<br \/>\nLos vecinos y turistas podr\u00e1n disfrutar de estos maravillosos autos.<\/p>\n","protected":false},"excerpt":{"rendered":"<p>La Secretaria de Turismo informa que el domingo 27 del corriente, recibiremos en la localidad de Sierra de la Ventana, la XIX edici\u00f3n del Rally Austral del Club de Veh\u00edculos de Colecci\u00f3n de Bah\u00eda Blanca, con autos de categor\u00eda de preguerra, posguerra y contempor\u00e1neos.<\/p>\n","protected":false},"author":3,"featured_media":0,"comment_status":"closed","ping_status":"open","sticky":false,"template":"","format":"standard","meta":{"footnotes":""},"categories":[33],"tags":[],"class_list":["post-4100","post","type-post","status-publish","format-standard","hentry","category-turismo"],"yoast_head":"<!-- This site is optimized with the Yoast SEO plugin v25.9 - https:\/\/yoast.com\/wordpress\/plugins\/seo\/ -->\n<title>Llega a Sierra de la Ventana la XIX edici\u00f3n del Rally Austral - Noticias Radio Reflejos<\/title>\n<meta name=\"robots\" content=\"index, follow, max-snippet:-1, max-image-preview:large, max-video-preview:-1\" \/>\n<link rel=\"canonical\" href=\"https:\/\/www.noticiasradioreflejos.com.ar\/2021\/llega-a-sierra-de-la-ventana-la-xix-edicion-del-rally-austral\/\" \/>\n<meta property=\"og:locale\" content=\"es_ES\" \/>\n<meta property=\"og:type\" content=\"article\" \/>\n<meta property=\"og:title\" content=\"Llega a Sierra de la Ventana la XIX edici\u00f3n del Rally Austral - Noticias Radio Reflejos\" \/>\n<meta property=\"og:description\" content=\"La Secretaria de Turismo informa que el domingo 27 del corriente, recibiremos en la localidad de Sierra de la Ventana, la XIX edici\u00f3n del Rally Austral del Club de Veh\u00edculos de Colecci\u00f3n de Bah\u00eda Blanca, con autos de categor\u00eda de preguerra, posguerra y contempor\u00e1neos.\" \/>\n<meta property=\"og:url\" content=\"https:\/\/www.noticiasradioreflejos.com.ar\/2021\/llega-a-sierra-de-la-ventana-la-xix-edicion-del-rally-austral\/\" \/>\n<meta property=\"og:site_name\" content=\"Noticias Radio Reflejos\" \/>\n<meta property=\"article:published_time\" content=\"2016-11-25T12:15:04+00:00\" \/>\n<meta property=\"og:image\" content=\"https:\/\/www.noticiasradioreflejos.com.ar\/2021\/wp-content\/uploads\/2021\/07\/logosol300x200.png\" \/>\n\t<meta property=\"og:image:width\" content=\"300\" \/>\n\t<meta property=\"og:image:height\" content=\"200\" \/>\n\t<meta property=\"og:image:type\" content=\"image\/png\" \/>\n<meta name=\"author\" content=\"Arnaldo Botto\" \/>\n<meta name=\"twitter:card\" content=\"summary_large_image\" \/>\n<script type=\"application\/ld+json\" class=\"yoast-schema-graph\">{\"@context\":\"https:\/\/schema.org\",\"@graph\":[{\"@type\":\"WebPage\",\"@id\":\"https:\/\/www.noticiasradioreflejos.com.ar\/2021\/llega-a-sierra-de-la-ventana-la-xix-edicion-del-rally-austral\/\",\"url\":\"https:\/\/www.noticiasradioreflejos.com.ar\/2021\/llega-a-sierra-de-la-ventana-la-xix-edicion-del-rally-austral\/\",\"name\":\"Llega a Sierra de la Ventana la XIX edici\u00f3n del Rally Austral - Noticias Radio Reflejos\",\"isPartOf\":{\"@id\":\"https:\/\/www.noticiasradioreflejos.com.ar\/2021\/#website\"},\"datePublished\":\"2016-11-25T12:15:04+00:00\",\"author\":{\"@id\":\"https:\/\/www.noticiasradioreflejos.com.ar\/2021\/#\/schema\/person\/ad82545263dcc5ec0996818884fd5fb1\"},\"breadcrumb\":{\"@id\":\"https:\/\/www.noticiasradioreflejos.com.ar\/2021\/llega-a-sierra-de-la-ventana-la-xix-edicion-del-rally-austral\/#breadcrumb\"},\"inLanguage\":\"es\",\"potentialAction\":[{\"@type\":\"ReadAction\",\"target\":[\"https:\/\/www.noticiasradioreflejos.com.ar\/2021\/llega-a-sierra-de-la-ventana-la-xix-edicion-del-rally-austral\/\"]}]},{\"@type\":\"BreadcrumbList\",\"@id\":\"https:\/\/www.noticiasradioreflejos.com.ar\/2021\/llega-a-sierra-de-la-ventana-la-xix-edicion-del-rally-austral\/#breadcrumb\",\"itemListElement\":[{\"@type\":\"ListItem\",\"position\":1,\"name\":\"Portada\",\"item\":\"https:\/\/www.noticiasradioreflejos.com.ar\/2021\/\"},{\"@type\":\"ListItem\",\"position\":2,\"name\":\"Llega a Sierra de la Ventana la XIX edici\u00f3n del Rally Austral\"}]},{\"@type\":\"WebSite\",\"@id\":\"https:\/\/www.noticiasradioreflejos.com.ar\/2021\/#website\",\"url\":\"https:\/\/www.noticiasradioreflejos.com.ar\/2021\/\",\"name\":\"Noticias Radio Reflejos\",\"description\":\"Las noticias de mi comarca\",\"potentialAction\":[{\"@type\":\"SearchAction\",\"target\":{\"@type\":\"EntryPoint\",\"urlTemplate\":\"https:\/\/www.noticiasradioreflejos.com.ar\/2021\/?s={search_term_string}\"},\"query-input\":{\"@type\":\"PropertyValueSpecification\",\"valueRequired\":true,\"valueName\":\"search_term_string\"}}],\"inLanguage\":\"es\"},{\"@type\":\"Person\",\"@id\":\"https:\/\/www.noticiasradioreflejos.com.ar\/2021\/#\/schema\/person\/ad82545263dcc5ec0996818884fd5fb1\",\"name\":\"Arnaldo Botto\",\"image\":{\"@type\":\"ImageObject\",\"inLanguage\":\"es\",\"@id\":\"https:\/\/www.noticiasradioreflejos.com.ar\/2021\/#\/schema\/person\/image\/\",\"url\":\"https:\/\/secure.gravatar.com\/avatar\/55cb5e37c1efa326397366e6974cb338056df65cb50e7d64d1cf314e87504837?s=96&d=mm&r=g\",\"contentUrl\":\"https:\/\/secure.gravatar.com\/avatar\/55cb5e37c1efa326397366e6974cb338056df65cb50e7d64d1cf314e87504837?s=96&d=mm&r=g\",\"caption\":\"Arnaldo Botto\"},\"url\":\"https:\/\/www.noticiasradioreflejos.com.ar\/2021\/author\/arnaldo\/\"}]}<\/script>\n<!-- \/ Yoast SEO plugin. -->","yoast_head_json":{"title":"Llega a Sierra de la Ventana la XIX edici\u00f3n del Rally Austral - Noticias Radio Reflejos","robots":{"index":"index","follow":"follow","max-snippet":"max-snippet:-1","max-image-preview":"max-image-preview:large","max-video-preview":"max-video-preview:-1"},"canonical":"https:\/\/www.noticiasradioreflejos.com.ar\/2021\/llega-a-sierra-de-la-ventana-la-xix-edicion-del-rally-austral\/","og_locale":"es_ES","og_type":"article","og_title":"Llega a Sierra de la Ventana la XIX edici\u00f3n del Rally Austral - Noticias Radio Reflejos","og_description":"La Secretaria de Turismo informa que el domingo 27 del corriente, recibiremos en la localidad de Sierra de la Ventana, la XIX edici\u00f3n del Rally Austral del Club de Veh\u00edculos de Colecci\u00f3n de Bah\u00eda Blanca, con autos de categor\u00eda de preguerra, posguerra y contempor\u00e1neos.","og_url":"https:\/\/www.noticiasradioreflejos.com.ar\/2021\/llega-a-sierra-de-la-ventana-la-xix-edicion-del-rally-austral\/","og_site_name":"Noticias Radio Reflejos","article_published_time":"2016-11-25T12:15:04+00:00","og_image":[{"width":300,"height":200,"url":"https:\/\/www.noticiasradioreflejos.com.ar\/2021\/wp-content\/uploads\/2021\/07\/logosol300x200.png","type":"image\/png"}],"author":"Arnaldo Botto","twitter_card":"summary_large_image","schema":{"@context":"https:\/\/schema.org","@graph":[{"@type":"WebPage","@id":"https:\/\/www.noticiasradioreflejos.com.ar\/2021\/llega-a-sierra-de-la-ventana-la-xix-edicion-del-rally-austral\/","url":"https:\/\/www.noticiasradioreflejos.com.ar\/2021\/llega-a-sierra-de-la-ventana-la-xix-edicion-del-rally-austral\/","name":"Llega a Sierra de la Ventana la XIX edici\u00f3n del Rally Austral - Noticias Radio Reflejos","isPartOf":{"@id":"https:\/\/www.noticiasradioreflejos.com.ar\/2021\/#website"},"datePublished":"2016-11-25T12:15:04+00:00","author":{"@id":"https:\/\/www.noticiasradioreflejos.com.ar\/2021\/#\/schema\/person\/ad82545263dcc5ec0996818884fd5fb1"},"breadcrumb":{"@id":"https:\/\/www.noticiasradioreflejos.com.ar\/2021\/llega-a-sierra-de-la-ventana-la-xix-edicion-del-rally-austral\/#breadcrumb"},"inLanguage":"es","potentialAction":[{"@type":"ReadAction","target":["https:\/\/www.noticiasradioreflejos.com.ar\/2021\/llega-a-sierra-de-la-ventana-la-xix-edicion-del-rally-austral\/"]}]},{"@type":"BreadcrumbList","@id":"https:\/\/www.noticiasradioreflejos.com.ar\/2021\/llega-a-sierra-de-la-ventana-la-xix-edicion-del-rally-austral\/#breadcrumb","itemListElement":[{"@type":"ListItem","position":1,"name":"Portada","item":"https:\/\/www.noticiasradioreflejos.com.ar\/2021\/"},{"@type":"ListItem","position":2,"name":"Llega a Sierra de la Ventana la XIX edici\u00f3n del Rally Austral"}]},{"@type":"WebSite","@id":"https:\/\/www.noticiasradioreflejos.com.ar\/2021\/#website","url":"https:\/\/www.noticiasradioreflejos.com.ar\/2021\/","name":"Noticias Radio Reflejos","description":"Las noticias de mi comarca","potentialAction":[{"@type":"SearchAction","target":{"@type":"EntryPoint","urlTemplate":"https:\/\/www.noticiasradioreflejos.com.ar\/2021\/?s={search_term_string}"},"query-input":{"@type":"PropertyValueSpecification","valueRequired":true,"valueName":"search_term_string"}}],"inLanguage":"es"},{"@type":"Person","@id":"https:\/\/www.noticiasradioreflejos.com.ar\/2021\/#\/schema\/person\/ad82545263dcc5ec0996818884fd5fb1","name":"Arnaldo Botto","image":{"@type":"ImageObject","inLanguage":"es","@id":"https:\/\/www.noticiasradioreflejos.com.ar\/2021\/#\/schema\/person\/image\/","url":"https:\/\/secure.gravatar.com\/avatar\/55cb5e37c1efa326397366e6974cb338056df65cb50e7d64d1cf314e87504837?s=96&d=mm&r=g","contentUrl":"https:\/\/secure.gravatar.com\/avatar\/55cb5e37c1efa326397366e6974cb338056df65cb50e7d64d1cf314e87504837?s=96&d=mm&r=g","caption":"Arnaldo Botto"},"url":"https:\/\/www.noticiasradioreflejos.com.ar\/2021\/author\/arnaldo\/"}]}},"_links":{"self":[{"href":"https:\/\/www.noticiasradioreflejos.com.ar\/2021\/wp-json\/wp\/v2\/posts\/4100","targetHints":{"allow":["GET"]}}],"collection":[{"href":"https:\/\/www.noticiasradioreflejos.com.ar\/2021\/wp-json\/wp\/v2\/posts"}],"about":[{"href":"https:\/\/www.noticiasradioreflejos.com.ar\/2021\/wp-json\/wp\/v2\/types\/post"}],"author":[{"embeddable":true,"href":"https:\/\/www.noticiasradioreflejos.com.ar\/2021\/wp-json\/wp\/v2\/users\/3"}],"replies":[{"embeddable":true,"href":"https:\/\/www.noticiasradioreflejos.com.ar\/2021\/wp-json\/wp\/v2\/comments?post=4100"}],"version-history":[{"count":0,"href":"https:\/\/www.noticiasradioreflejos.com.ar\/2021\/wp-json\/wp\/v2\/posts\/4100\/revisions"}],"wp:attachment":[{"href":"https:\/\/www.noticiasradioreflejos.com.ar\/2021\/wp-json\/wp\/v2\/media?parent=4100"}],"wp:term":[{"taxonomy":"category","embeddable":true,"href":"https:\/\/www.noticiasradioreflejos.com.ar\/2021\/wp-json\/wp\/v2\/categories?post=4100"},{"taxonomy":"post_tag","embeddable":true,"href":"https:\/\/www.noticiasradioreflejos.com.ar\/2021\/wp-json\/wp\/v2\/tags?post=4100"}],"curies":[{"name":"wp","href":"https:\/\/api.w.org\/{rel}","templated":true}]}}