{"id":40990,"date":"2020-04-20T08:59:39","date_gmt":"2020-04-20T11:59:39","guid":{"rendered":"http:\/\/www.noticiasradioreflejos.com.ar\/noticias\/?p=40990"},"modified":"2020-04-20T08:59:39","modified_gmt":"2020-04-20T11:59:39","slug":"se-reune-el-gabinete-economico-para-acelerar-la-asistencia-a-pymes-monotributistas-y-autonomos","status":"publish","type":"post","link":"https:\/\/www.noticiasradioreflejos.com.ar\/2021\/se-reune-el-gabinete-economico-para-acelerar-la-asistencia-a-pymes-monotributistas-y-autonomos\/","title":{"rendered":"Se re\u00fane el gabinete econ\u00f3mico para acelerar la asistencia a pymes, monotributistas y aut\u00f3nomos"},"content":{"rendered":"<p>El Gobierno convoc\u00f3 para las 9 a una reuni\u00f3n del gabinete econ\u00f3mico en la Casa Rosada, con el objeto de acelerar la instrumentaci\u00f3n del nuevo programa de Asistencia al Trabajo (ATP) que contempla medidas para ayudar a las pymes y asistir a los monotributistas y aut\u00f3nomos afectados en sus actividades por el aislamiento obligatorio, informaron a T\u00e9lam fuentes oficiales.<!--more--><\/p>\n<p>La reuni\u00f3n, como es usual, ser\u00e1 encabezada por el jefe de Gabinete, Santiago Cafiero, y el objetivo es poner en pr\u00e1ctica el decreto de necesidad de urgencia (DNU) referido al ATP, anunciado anoche y publicado hoy en el Bolet\u00edn Oficial, que estableci\u00f3 una bater\u00eda de medidas de ayuda para empresas grandes y peque\u00f1as, y tambi\u00e9n para las familias.<br \/>\nParticipar\u00e1n tambi\u00e9n la vicejefa de Gabinete, Cecilia Todesca; y los ministros de Econom\u00eda, Mart\u00edn Guzm\u00e1n; de Trabajo, Claudio Moroni; y de Desarrollo Productivo, Mat\u00edas Kulfas, como as\u00ed tambi\u00e9n el titular del Banco Central, Miguel Pesce; y de la AFIP, Mercedes Marc\u00f3 del Pont.<\/p>\n","protected":false},"excerpt":{"rendered":"<p>El Gobierno convoc\u00f3 para las 9 a una reuni\u00f3n del gabinete econ\u00f3mico en la Casa Rosada, con el objeto de acelerar la instrumentaci\u00f3n del nuevo programa de Asistencia al Trabajo (ATP) que contempla medidas para ayudar a las pymes y asistir a los monotributistas y aut\u00f3nomos afectados en sus actividades por el aislamiento obligatorio, informaron [&hellip;]<\/p>\n","protected":false},"author":3,"featured_media":0,"comment_status":"closed","ping_status":"open","sticky":false,"template":"","format":"standard","meta":{"footnotes":""},"categories":[24],"tags":[],"class_list":["post-40990","post","type-post","status-publish","format-standard","hentry","category-politica"],"yoast_head":"<!-- This site is optimized with the Yoast SEO plugin v25.9 - https:\/\/yoast.com\/wordpress\/plugins\/seo\/ -->\n<title>Se re\u00fane el gabinete econ\u00f3mico para acelerar la asistencia a pymes, monotributistas y aut\u00f3nomos - Noticias Radio Reflejos<\/title>\n<meta name=\"robots\" content=\"index, follow, max-snippet:-1, max-image-preview:large, max-video-preview:-1\" \/>\n<link rel=\"canonical\" href=\"https:\/\/www.noticiasradioreflejos.com.ar\/2021\/se-reune-el-gabinete-economico-para-acelerar-la-asistencia-a-pymes-monotributistas-y-autonomos\/\" \/>\n<meta property=\"og:locale\" content=\"es_ES\" \/>\n<meta property=\"og:type\" content=\"article\" \/>\n<meta property=\"og:title\" content=\"Se re\u00fane el gabinete econ\u00f3mico para acelerar la asistencia a pymes, monotributistas y aut\u00f3nomos - Noticias Radio Reflejos\" \/>\n<meta property=\"og:description\" content=\"El Gobierno convoc\u00f3 para las 9 a una reuni\u00f3n del gabinete econ\u00f3mico en la Casa Rosada, con el objeto de acelerar la instrumentaci\u00f3n del nuevo programa de Asistencia al Trabajo (ATP) que contempla medidas para ayudar a las pymes y asistir a los monotributistas y aut\u00f3nomos afectados en sus actividades por el aislamiento obligatorio, informaron [&hellip;]\" \/>\n<meta property=\"og:url\" content=\"https:\/\/www.noticiasradioreflejos.com.ar\/2021\/se-reune-el-gabinete-economico-para-acelerar-la-asistencia-a-pymes-monotributistas-y-autonomos\/\" \/>\n<meta property=\"og:site_name\" content=\"Noticias Radio Reflejos\" \/>\n<meta property=\"article:published_time\" content=\"2020-04-20T11:59:39+00:00\" \/>\n<meta property=\"og:image\" content=\"https:\/\/www.noticiasradioreflejos.com.ar\/2021\/wp-content\/uploads\/2021\/07\/logosol300x200.png\" \/>\n\t<meta property=\"og:image:width\" content=\"300\" \/>\n\t<meta property=\"og:image:height\" content=\"200\" \/>\n\t<meta property=\"og:image:type\" content=\"image\/png\" \/>\n<meta name=\"author\" content=\"Arnaldo Botto\" \/>\n<meta name=\"twitter:card\" content=\"summary_large_image\" \/>\n<script type=\"application\/ld+json\" class=\"yoast-schema-graph\">{\"@context\":\"https:\/\/schema.org\",\"@graph\":[{\"@type\":\"WebPage\",\"@id\":\"https:\/\/www.noticiasradioreflejos.com.ar\/2021\/se-reune-el-gabinete-economico-para-acelerar-la-asistencia-a-pymes-monotributistas-y-autonomos\/\",\"url\":\"https:\/\/www.noticiasradioreflejos.com.ar\/2021\/se-reune-el-gabinete-economico-para-acelerar-la-asistencia-a-pymes-monotributistas-y-autonomos\/\",\"name\":\"Se re\u00fane el gabinete econ\u00f3mico para acelerar la asistencia a pymes, monotributistas y aut\u00f3nomos - Noticias Radio Reflejos\",\"isPartOf\":{\"@id\":\"https:\/\/www.noticiasradioreflejos.com.ar\/2021\/#website\"},\"datePublished\":\"2020-04-20T11:59:39+00:00\",\"author\":{\"@id\":\"https:\/\/www.noticiasradioreflejos.com.ar\/2021\/#\/schema\/person\/ad82545263dcc5ec0996818884fd5fb1\"},\"breadcrumb\":{\"@id\":\"https:\/\/www.noticiasradioreflejos.com.ar\/2021\/se-reune-el-gabinete-economico-para-acelerar-la-asistencia-a-pymes-monotributistas-y-autonomos\/#breadcrumb\"},\"inLanguage\":\"es\",\"potentialAction\":[{\"@type\":\"ReadAction\",\"target\":[\"https:\/\/www.noticiasradioreflejos.com.ar\/2021\/se-reune-el-gabinete-economico-para-acelerar-la-asistencia-a-pymes-monotributistas-y-autonomos\/\"]}]},{\"@type\":\"BreadcrumbList\",\"@id\":\"https:\/\/www.noticiasradioreflejos.com.ar\/2021\/se-reune-el-gabinete-economico-para-acelerar-la-asistencia-a-pymes-monotributistas-y-autonomos\/#breadcrumb\",\"itemListElement\":[{\"@type\":\"ListItem\",\"position\":1,\"name\":\"Portada\",\"item\":\"https:\/\/www.noticiasradioreflejos.com.ar\/2021\/\"},{\"@type\":\"ListItem\",\"position\":2,\"name\":\"Se re\u00fane el gabinete econ\u00f3mico para acelerar la asistencia a pymes, monotributistas y aut\u00f3nomos\"}]},{\"@type\":\"WebSite\",\"@id\":\"https:\/\/www.noticiasradioreflejos.com.ar\/2021\/#website\",\"url\":\"https:\/\/www.noticiasradioreflejos.com.ar\/2021\/\",\"name\":\"Noticias Radio Reflejos\",\"description\":\"Las noticias de mi comarca\",\"potentialAction\":[{\"@type\":\"SearchAction\",\"target\":{\"@type\":\"EntryPoint\",\"urlTemplate\":\"https:\/\/www.noticiasradioreflejos.com.ar\/2021\/?s={search_term_string}\"},\"query-input\":{\"@type\":\"PropertyValueSpecification\",\"valueRequired\":true,\"valueName\":\"search_term_string\"}}],\"inLanguage\":\"es\"},{\"@type\":\"Person\",\"@id\":\"https:\/\/www.noticiasradioreflejos.com.ar\/2021\/#\/schema\/person\/ad82545263dcc5ec0996818884fd5fb1\",\"name\":\"Arnaldo Botto\",\"image\":{\"@type\":\"ImageObject\",\"inLanguage\":\"es\",\"@id\":\"https:\/\/www.noticiasradioreflejos.com.ar\/2021\/#\/schema\/person\/image\/\",\"url\":\"https:\/\/secure.gravatar.com\/avatar\/55cb5e37c1efa326397366e6974cb338056df65cb50e7d64d1cf314e87504837?s=96&d=mm&r=g\",\"contentUrl\":\"https:\/\/secure.gravatar.com\/avatar\/55cb5e37c1efa326397366e6974cb338056df65cb50e7d64d1cf314e87504837?s=96&d=mm&r=g\",\"caption\":\"Arnaldo Botto\"},\"url\":\"https:\/\/www.noticiasradioreflejos.com.ar\/2021\/author\/arnaldo\/\"}]}<\/script>\n<!-- \/ Yoast SEO plugin. -->","yoast_head_json":{"title":"Se re\u00fane el gabinete econ\u00f3mico para acelerar la asistencia a pymes, monotributistas y aut\u00f3nomos - Noticias Radio Reflejos","robots":{"index":"index","follow":"follow","max-snippet":"max-snippet:-1","max-image-preview":"max-image-preview:large","max-video-preview":"max-video-preview:-1"},"canonical":"https:\/\/www.noticiasradioreflejos.com.ar\/2021\/se-reune-el-gabinete-economico-para-acelerar-la-asistencia-a-pymes-monotributistas-y-autonomos\/","og_locale":"es_ES","og_type":"article","og_title":"Se re\u00fane el gabinete econ\u00f3mico para acelerar la asistencia a pymes, monotributistas y aut\u00f3nomos - Noticias Radio Reflejos","og_description":"El Gobierno convoc\u00f3 para las 9 a una reuni\u00f3n del gabinete econ\u00f3mico en la Casa Rosada, con el objeto de acelerar la instrumentaci\u00f3n del nuevo programa de Asistencia al Trabajo (ATP) que contempla medidas para ayudar a las pymes y asistir a los monotributistas y aut\u00f3nomos afectados en sus actividades por el aislamiento obligatorio, informaron [&hellip;]","og_url":"https:\/\/www.noticiasradioreflejos.com.ar\/2021\/se-reune-el-gabinete-economico-para-acelerar-la-asistencia-a-pymes-monotributistas-y-autonomos\/","og_site_name":"Noticias Radio Reflejos","article_published_time":"2020-04-20T11:59:39+00:00","og_image":[{"width":300,"height":200,"url":"https:\/\/www.noticiasradioreflejos.com.ar\/2021\/wp-content\/uploads\/2021\/07\/logosol300x200.png","type":"image\/png"}],"author":"Arnaldo Botto","twitter_card":"summary_large_image","schema":{"@context":"https:\/\/schema.org","@graph":[{"@type":"WebPage","@id":"https:\/\/www.noticiasradioreflejos.com.ar\/2021\/se-reune-el-gabinete-economico-para-acelerar-la-asistencia-a-pymes-monotributistas-y-autonomos\/","url":"https:\/\/www.noticiasradioreflejos.com.ar\/2021\/se-reune-el-gabinete-economico-para-acelerar-la-asistencia-a-pymes-monotributistas-y-autonomos\/","name":"Se re\u00fane el gabinete econ\u00f3mico para acelerar la asistencia a pymes, monotributistas y aut\u00f3nomos - Noticias Radio Reflejos","isPartOf":{"@id":"https:\/\/www.noticiasradioreflejos.com.ar\/2021\/#website"},"datePublished":"2020-04-20T11:59:39+00:00","author":{"@id":"https:\/\/www.noticiasradioreflejos.com.ar\/2021\/#\/schema\/person\/ad82545263dcc5ec0996818884fd5fb1"},"breadcrumb":{"@id":"https:\/\/www.noticiasradioreflejos.com.ar\/2021\/se-reune-el-gabinete-economico-para-acelerar-la-asistencia-a-pymes-monotributistas-y-autonomos\/#breadcrumb"},"inLanguage":"es","potentialAction":[{"@type":"ReadAction","target":["https:\/\/www.noticiasradioreflejos.com.ar\/2021\/se-reune-el-gabinete-economico-para-acelerar-la-asistencia-a-pymes-monotributistas-y-autonomos\/"]}]},{"@type":"BreadcrumbList","@id":"https:\/\/www.noticiasradioreflejos.com.ar\/2021\/se-reune-el-gabinete-economico-para-acelerar-la-asistencia-a-pymes-monotributistas-y-autonomos\/#breadcrumb","itemListElement":[{"@type":"ListItem","position":1,"name":"Portada","item":"https:\/\/www.noticiasradioreflejos.com.ar\/2021\/"},{"@type":"ListItem","position":2,"name":"Se re\u00fane el gabinete econ\u00f3mico para acelerar la asistencia a pymes, monotributistas y aut\u00f3nomos"}]},{"@type":"WebSite","@id":"https:\/\/www.noticiasradioreflejos.com.ar\/2021\/#website","url":"https:\/\/www.noticiasradioreflejos.com.ar\/2021\/","name":"Noticias Radio Reflejos","description":"Las noticias de mi comarca","potentialAction":[{"@type":"SearchAction","target":{"@type":"EntryPoint","urlTemplate":"https:\/\/www.noticiasradioreflejos.com.ar\/2021\/?s={search_term_string}"},"query-input":{"@type":"PropertyValueSpecification","valueRequired":true,"valueName":"search_term_string"}}],"inLanguage":"es"},{"@type":"Person","@id":"https:\/\/www.noticiasradioreflejos.com.ar\/2021\/#\/schema\/person\/ad82545263dcc5ec0996818884fd5fb1","name":"Arnaldo Botto","image":{"@type":"ImageObject","inLanguage":"es","@id":"https:\/\/www.noticiasradioreflejos.com.ar\/2021\/#\/schema\/person\/image\/","url":"https:\/\/secure.gravatar.com\/avatar\/55cb5e37c1efa326397366e6974cb338056df65cb50e7d64d1cf314e87504837?s=96&d=mm&r=g","contentUrl":"https:\/\/secure.gravatar.com\/avatar\/55cb5e37c1efa326397366e6974cb338056df65cb50e7d64d1cf314e87504837?s=96&d=mm&r=g","caption":"Arnaldo Botto"},"url":"https:\/\/www.noticiasradioreflejos.com.ar\/2021\/author\/arnaldo\/"}]}},"_links":{"self":[{"href":"https:\/\/www.noticiasradioreflejos.com.ar\/2021\/wp-json\/wp\/v2\/posts\/40990","targetHints":{"allow":["GET"]}}],"collection":[{"href":"https:\/\/www.noticiasradioreflejos.com.ar\/2021\/wp-json\/wp\/v2\/posts"}],"about":[{"href":"https:\/\/www.noticiasradioreflejos.com.ar\/2021\/wp-json\/wp\/v2\/types\/post"}],"author":[{"embeddable":true,"href":"https:\/\/www.noticiasradioreflejos.com.ar\/2021\/wp-json\/wp\/v2\/users\/3"}],"replies":[{"embeddable":true,"href":"https:\/\/www.noticiasradioreflejos.com.ar\/2021\/wp-json\/wp\/v2\/comments?post=40990"}],"version-history":[{"count":0,"href":"https:\/\/www.noticiasradioreflejos.com.ar\/2021\/wp-json\/wp\/v2\/posts\/40990\/revisions"}],"wp:attachment":[{"href":"https:\/\/www.noticiasradioreflejos.com.ar\/2021\/wp-json\/wp\/v2\/media?parent=40990"}],"wp:term":[{"taxonomy":"category","embeddable":true,"href":"https:\/\/www.noticiasradioreflejos.com.ar\/2021\/wp-json\/wp\/v2\/categories?post=40990"},{"taxonomy":"post_tag","embeddable":true,"href":"https:\/\/www.noticiasradioreflejos.com.ar\/2021\/wp-json\/wp\/v2\/tags?post=40990"}],"curies":[{"name":"wp","href":"https:\/\/api.w.org\/{rel}","templated":true}]}}