{"id":40982,"date":"2020-04-20T08:24:16","date_gmt":"2020-04-20T11:24:16","guid":{"rendered":"http:\/\/www.noticiasradioreflejos.com.ar\/noticias\/?p=40982"},"modified":"2020-04-20T08:24:16","modified_gmt":"2020-04-20T11:24:16","slug":"ya-es-obligatorio-el-uso-de-tapabocas-en-el-transporte-publico-y-espacios-cerrados-bonaerenses","status":"publish","type":"post","link":"https:\/\/www.noticiasradioreflejos.com.ar\/2021\/ya-es-obligatorio-el-uso-de-tapabocas-en-el-transporte-publico-y-espacios-cerrados-bonaerenses\/","title":{"rendered":"Ya es obligatorio el uso de tapabocas en el transporte p\u00fablico y espacios cerrados bonaerenses."},"content":{"rendered":"<p>El uso de tapabocas y nariz obligatorio rige desde hoy para las personas que circulen en el transporte p\u00fablico o deban concurrir a espacios cerrados de acceso p\u00fablico en la provincia de Buenos Aires, con el objetivo de prevenir el contagio del nuevo coronavirus.<br \/>\nAs\u00ed lo prev\u00e9 el decreto 255 del gobernador Axel Kicillof que rige desde hoy y establece el uso obligatorio de elementos \u00abde protecci\u00f3n que cubran nariz y boca por parte de todas las personas que permanezcan o circulen en transporte p\u00fablico de pasajeros o transporte privado cuando haya dos o m\u00e1s personas\u00bb.<!--more--><br \/>\n\u00abUtilicemos dispositivos caseros y reservemos los barbijos para las y los trabajadores de la salud\u00bb, se aconsej\u00f3 desde la cuenta oficial de Twitter del gobierno provincial.<\/p>\n<p>La obligaci\u00f3n rige, tambi\u00e9n, \u00aben todos los espacios cerrados de acceso p\u00fablico (oficinas p\u00fablicas, locales comerciales, etc.) dentro del territorio de la provincia de Buenos Aires\u00bb.<\/p>\n<p>En su art\u00edculo 6, propone el uso de los elementos mencionados en cualquier otro \u00e1mbito o lugar diferente a los expresamente previstos.<\/p>\n<p>El decreto proh\u00edbe, adem\u00e1s, en todo el territorio de la provincia de Buenos Aires, \u00abla distribuci\u00f3n a t\u00edtulo oneroso o gratuito de las mascarillas m\u00e9dicas o quir\u00fargicas (barbijos) N 95, o de calidad y caracter\u00edsticas similares o superiores, a cualquier persona que no acredite ser personal de salud, o a personas jur\u00eddicas que no tengan por objeto la prestaci\u00f3n de ese servicio o su producci\u00f3n y\/o comercializaci\u00f3n\u00bb.<\/p>\n","protected":false},"excerpt":{"rendered":"<p>El uso de tapabocas y nariz obligatorio rige desde hoy para las personas que circulen en el transporte p\u00fablico o deban concurrir a espacios cerrados de acceso p\u00fablico en la provincia de Buenos Aires, con el objetivo de prevenir el contagio del nuevo coronavirus. As\u00ed lo prev\u00e9 el decreto 255 del gobernador Axel Kicillof que [&hellip;]<\/p>\n","protected":false},"author":3,"featured_media":0,"comment_status":"closed","ping_status":"open","sticky":false,"template":"","format":"standard","meta":{"footnotes":""},"categories":[30],"tags":[],"class_list":["post-40982","post","type-post","status-publish","format-standard","hentry","category-salud"],"yoast_head":"<!-- This site is optimized with the Yoast SEO plugin v25.9 - https:\/\/yoast.com\/wordpress\/plugins\/seo\/ -->\n<title>Ya es obligatorio el uso de tapabocas en el transporte p\u00fablico y espacios cerrados bonaerenses. - Noticias Radio Reflejos<\/title>\n<meta name=\"robots\" content=\"index, follow, max-snippet:-1, max-image-preview:large, max-video-preview:-1\" \/>\n<link rel=\"canonical\" href=\"https:\/\/www.noticiasradioreflejos.com.ar\/2021\/ya-es-obligatorio-el-uso-de-tapabocas-en-el-transporte-publico-y-espacios-cerrados-bonaerenses\/\" \/>\n<meta property=\"og:locale\" content=\"es_ES\" \/>\n<meta property=\"og:type\" content=\"article\" \/>\n<meta property=\"og:title\" content=\"Ya es obligatorio el uso de tapabocas en el transporte p\u00fablico y espacios cerrados bonaerenses. - Noticias Radio Reflejos\" \/>\n<meta property=\"og:description\" content=\"El uso de tapabocas y nariz obligatorio rige desde hoy para las personas que circulen en el transporte p\u00fablico o deban concurrir a espacios cerrados de acceso p\u00fablico en la provincia de Buenos Aires, con el objetivo de prevenir el contagio del nuevo coronavirus. As\u00ed lo prev\u00e9 el decreto 255 del gobernador Axel Kicillof que [&hellip;]\" \/>\n<meta property=\"og:url\" content=\"https:\/\/www.noticiasradioreflejos.com.ar\/2021\/ya-es-obligatorio-el-uso-de-tapabocas-en-el-transporte-publico-y-espacios-cerrados-bonaerenses\/\" \/>\n<meta property=\"og:site_name\" content=\"Noticias Radio Reflejos\" \/>\n<meta property=\"article:published_time\" content=\"2020-04-20T11:24:16+00:00\" \/>\n<meta property=\"og:image\" content=\"https:\/\/www.noticiasradioreflejos.com.ar\/2021\/wp-content\/uploads\/2021\/07\/logosol300x200.png\" \/>\n\t<meta property=\"og:image:width\" content=\"300\" \/>\n\t<meta property=\"og:image:height\" content=\"200\" \/>\n\t<meta property=\"og:image:type\" content=\"image\/png\" \/>\n<meta name=\"author\" content=\"Arnaldo Botto\" \/>\n<meta name=\"twitter:card\" content=\"summary_large_image\" \/>\n<script type=\"application\/ld+json\" class=\"yoast-schema-graph\">{\"@context\":\"https:\/\/schema.org\",\"@graph\":[{\"@type\":\"WebPage\",\"@id\":\"https:\/\/www.noticiasradioreflejos.com.ar\/2021\/ya-es-obligatorio-el-uso-de-tapabocas-en-el-transporte-publico-y-espacios-cerrados-bonaerenses\/\",\"url\":\"https:\/\/www.noticiasradioreflejos.com.ar\/2021\/ya-es-obligatorio-el-uso-de-tapabocas-en-el-transporte-publico-y-espacios-cerrados-bonaerenses\/\",\"name\":\"Ya es obligatorio el uso de tapabocas en el transporte p\u00fablico y espacios cerrados bonaerenses. - Noticias Radio Reflejos\",\"isPartOf\":{\"@id\":\"https:\/\/www.noticiasradioreflejos.com.ar\/2021\/#website\"},\"datePublished\":\"2020-04-20T11:24:16+00:00\",\"author\":{\"@id\":\"https:\/\/www.noticiasradioreflejos.com.ar\/2021\/#\/schema\/person\/ad82545263dcc5ec0996818884fd5fb1\"},\"breadcrumb\":{\"@id\":\"https:\/\/www.noticiasradioreflejos.com.ar\/2021\/ya-es-obligatorio-el-uso-de-tapabocas-en-el-transporte-publico-y-espacios-cerrados-bonaerenses\/#breadcrumb\"},\"inLanguage\":\"es\",\"potentialAction\":[{\"@type\":\"ReadAction\",\"target\":[\"https:\/\/www.noticiasradioreflejos.com.ar\/2021\/ya-es-obligatorio-el-uso-de-tapabocas-en-el-transporte-publico-y-espacios-cerrados-bonaerenses\/\"]}]},{\"@type\":\"BreadcrumbList\",\"@id\":\"https:\/\/www.noticiasradioreflejos.com.ar\/2021\/ya-es-obligatorio-el-uso-de-tapabocas-en-el-transporte-publico-y-espacios-cerrados-bonaerenses\/#breadcrumb\",\"itemListElement\":[{\"@type\":\"ListItem\",\"position\":1,\"name\":\"Portada\",\"item\":\"https:\/\/www.noticiasradioreflejos.com.ar\/2021\/\"},{\"@type\":\"ListItem\",\"position\":2,\"name\":\"Ya es obligatorio el uso de tapabocas en el transporte p\u00fablico y espacios cerrados bonaerenses.\"}]},{\"@type\":\"WebSite\",\"@id\":\"https:\/\/www.noticiasradioreflejos.com.ar\/2021\/#website\",\"url\":\"https:\/\/www.noticiasradioreflejos.com.ar\/2021\/\",\"name\":\"Noticias Radio Reflejos\",\"description\":\"Las noticias de mi comarca\",\"potentialAction\":[{\"@type\":\"SearchAction\",\"target\":{\"@type\":\"EntryPoint\",\"urlTemplate\":\"https:\/\/www.noticiasradioreflejos.com.ar\/2021\/?s={search_term_string}\"},\"query-input\":{\"@type\":\"PropertyValueSpecification\",\"valueRequired\":true,\"valueName\":\"search_term_string\"}}],\"inLanguage\":\"es\"},{\"@type\":\"Person\",\"@id\":\"https:\/\/www.noticiasradioreflejos.com.ar\/2021\/#\/schema\/person\/ad82545263dcc5ec0996818884fd5fb1\",\"name\":\"Arnaldo Botto\",\"image\":{\"@type\":\"ImageObject\",\"inLanguage\":\"es\",\"@id\":\"https:\/\/www.noticiasradioreflejos.com.ar\/2021\/#\/schema\/person\/image\/\",\"url\":\"https:\/\/secure.gravatar.com\/avatar\/55cb5e37c1efa326397366e6974cb338056df65cb50e7d64d1cf314e87504837?s=96&d=mm&r=g\",\"contentUrl\":\"https:\/\/secure.gravatar.com\/avatar\/55cb5e37c1efa326397366e6974cb338056df65cb50e7d64d1cf314e87504837?s=96&d=mm&r=g\",\"caption\":\"Arnaldo Botto\"},\"url\":\"https:\/\/www.noticiasradioreflejos.com.ar\/2021\/author\/arnaldo\/\"}]}<\/script>\n<!-- \/ Yoast SEO plugin. -->","yoast_head_json":{"title":"Ya es obligatorio el uso de tapabocas en el transporte p\u00fablico y espacios cerrados bonaerenses. - Noticias Radio Reflejos","robots":{"index":"index","follow":"follow","max-snippet":"max-snippet:-1","max-image-preview":"max-image-preview:large","max-video-preview":"max-video-preview:-1"},"canonical":"https:\/\/www.noticiasradioreflejos.com.ar\/2021\/ya-es-obligatorio-el-uso-de-tapabocas-en-el-transporte-publico-y-espacios-cerrados-bonaerenses\/","og_locale":"es_ES","og_type":"article","og_title":"Ya es obligatorio el uso de tapabocas en el transporte p\u00fablico y espacios cerrados bonaerenses. - Noticias Radio Reflejos","og_description":"El uso de tapabocas y nariz obligatorio rige desde hoy para las personas que circulen en el transporte p\u00fablico o deban concurrir a espacios cerrados de acceso p\u00fablico en la provincia de Buenos Aires, con el objetivo de prevenir el contagio del nuevo coronavirus. As\u00ed lo prev\u00e9 el decreto 255 del gobernador Axel Kicillof que [&hellip;]","og_url":"https:\/\/www.noticiasradioreflejos.com.ar\/2021\/ya-es-obligatorio-el-uso-de-tapabocas-en-el-transporte-publico-y-espacios-cerrados-bonaerenses\/","og_site_name":"Noticias Radio Reflejos","article_published_time":"2020-04-20T11:24:16+00:00","og_image":[{"width":300,"height":200,"url":"https:\/\/www.noticiasradioreflejos.com.ar\/2021\/wp-content\/uploads\/2021\/07\/logosol300x200.png","type":"image\/png"}],"author":"Arnaldo Botto","twitter_card":"summary_large_image","schema":{"@context":"https:\/\/schema.org","@graph":[{"@type":"WebPage","@id":"https:\/\/www.noticiasradioreflejos.com.ar\/2021\/ya-es-obligatorio-el-uso-de-tapabocas-en-el-transporte-publico-y-espacios-cerrados-bonaerenses\/","url":"https:\/\/www.noticiasradioreflejos.com.ar\/2021\/ya-es-obligatorio-el-uso-de-tapabocas-en-el-transporte-publico-y-espacios-cerrados-bonaerenses\/","name":"Ya es obligatorio el uso de tapabocas en el transporte p\u00fablico y espacios cerrados bonaerenses. - Noticias Radio Reflejos","isPartOf":{"@id":"https:\/\/www.noticiasradioreflejos.com.ar\/2021\/#website"},"datePublished":"2020-04-20T11:24:16+00:00","author":{"@id":"https:\/\/www.noticiasradioreflejos.com.ar\/2021\/#\/schema\/person\/ad82545263dcc5ec0996818884fd5fb1"},"breadcrumb":{"@id":"https:\/\/www.noticiasradioreflejos.com.ar\/2021\/ya-es-obligatorio-el-uso-de-tapabocas-en-el-transporte-publico-y-espacios-cerrados-bonaerenses\/#breadcrumb"},"inLanguage":"es","potentialAction":[{"@type":"ReadAction","target":["https:\/\/www.noticiasradioreflejos.com.ar\/2021\/ya-es-obligatorio-el-uso-de-tapabocas-en-el-transporte-publico-y-espacios-cerrados-bonaerenses\/"]}]},{"@type":"BreadcrumbList","@id":"https:\/\/www.noticiasradioreflejos.com.ar\/2021\/ya-es-obligatorio-el-uso-de-tapabocas-en-el-transporte-publico-y-espacios-cerrados-bonaerenses\/#breadcrumb","itemListElement":[{"@type":"ListItem","position":1,"name":"Portada","item":"https:\/\/www.noticiasradioreflejos.com.ar\/2021\/"},{"@type":"ListItem","position":2,"name":"Ya es obligatorio el uso de tapabocas en el transporte p\u00fablico y espacios cerrados bonaerenses."}]},{"@type":"WebSite","@id":"https:\/\/www.noticiasradioreflejos.com.ar\/2021\/#website","url":"https:\/\/www.noticiasradioreflejos.com.ar\/2021\/","name":"Noticias Radio Reflejos","description":"Las noticias de mi comarca","potentialAction":[{"@type":"SearchAction","target":{"@type":"EntryPoint","urlTemplate":"https:\/\/www.noticiasradioreflejos.com.ar\/2021\/?s={search_term_string}"},"query-input":{"@type":"PropertyValueSpecification","valueRequired":true,"valueName":"search_term_string"}}],"inLanguage":"es"},{"@type":"Person","@id":"https:\/\/www.noticiasradioreflejos.com.ar\/2021\/#\/schema\/person\/ad82545263dcc5ec0996818884fd5fb1","name":"Arnaldo Botto","image":{"@type":"ImageObject","inLanguage":"es","@id":"https:\/\/www.noticiasradioreflejos.com.ar\/2021\/#\/schema\/person\/image\/","url":"https:\/\/secure.gravatar.com\/avatar\/55cb5e37c1efa326397366e6974cb338056df65cb50e7d64d1cf314e87504837?s=96&d=mm&r=g","contentUrl":"https:\/\/secure.gravatar.com\/avatar\/55cb5e37c1efa326397366e6974cb338056df65cb50e7d64d1cf314e87504837?s=96&d=mm&r=g","caption":"Arnaldo Botto"},"url":"https:\/\/www.noticiasradioreflejos.com.ar\/2021\/author\/arnaldo\/"}]}},"_links":{"self":[{"href":"https:\/\/www.noticiasradioreflejos.com.ar\/2021\/wp-json\/wp\/v2\/posts\/40982","targetHints":{"allow":["GET"]}}],"collection":[{"href":"https:\/\/www.noticiasradioreflejos.com.ar\/2021\/wp-json\/wp\/v2\/posts"}],"about":[{"href":"https:\/\/www.noticiasradioreflejos.com.ar\/2021\/wp-json\/wp\/v2\/types\/post"}],"author":[{"embeddable":true,"href":"https:\/\/www.noticiasradioreflejos.com.ar\/2021\/wp-json\/wp\/v2\/users\/3"}],"replies":[{"embeddable":true,"href":"https:\/\/www.noticiasradioreflejos.com.ar\/2021\/wp-json\/wp\/v2\/comments?post=40982"}],"version-history":[{"count":0,"href":"https:\/\/www.noticiasradioreflejos.com.ar\/2021\/wp-json\/wp\/v2\/posts\/40982\/revisions"}],"wp:attachment":[{"href":"https:\/\/www.noticiasradioreflejos.com.ar\/2021\/wp-json\/wp\/v2\/media?parent=40982"}],"wp:term":[{"taxonomy":"category","embeddable":true,"href":"https:\/\/www.noticiasradioreflejos.com.ar\/2021\/wp-json\/wp\/v2\/categories?post=40982"},{"taxonomy":"post_tag","embeddable":true,"href":"https:\/\/www.noticiasradioreflejos.com.ar\/2021\/wp-json\/wp\/v2\/tags?post=40982"}],"curies":[{"name":"wp","href":"https:\/\/api.w.org\/{rel}","templated":true}]}}