{"id":4098,"date":"2016-11-25T12:05:35","date_gmt":"2016-11-25T12:05:35","guid":{"rendered":"http:\/\/noticiasradioreflejos.com.ar\/noticias\/?p=4098"},"modified":"2016-11-25T12:05:35","modified_gmt":"2016-11-25T12:05:35","slug":"juegos-bonaerenses-municipios-se-reunieron-en-olavarria","status":"publish","type":"post","link":"https:\/\/www.noticiasradioreflejos.com.ar\/2021\/juegos-bonaerenses-municipios-se-reunieron-en-olavarria\/","title":{"rendered":"Juegos Bonaerenses: municipios se reunieron en Olavarr\u00eda"},"content":{"rendered":"<p><a title=\"Reuni\u00f3n Bonaerenses (2)\" href=\"http:\/\/farm6.staticflickr.com\/5680\/31195509306_3f4ef41677_z.jpg\" rel=\"\"><img loading=\"lazy\" decoding=\"async\" class=\"alignleft\" style=\"float: left;\" title=\"Reuni\u00f3n Bonaerenses (2)\" src=\"http:\/\/farm6.staticflickr.com\/5680\/31195509306_3f4ef41677_z.jpg\" alt=\"Reuni\u00f3n Bonaerenses (2)\" width=\"589\" height=\"390\" \/><\/a>En la jornada del mi\u00e9rcoles, los representantes del \u00e1rea Deportes de m\u00e1s de 20 municipios, incluidos los de nuestro distrito, se reunieron en el Centro de Convenciones de la ciudad de Olavarr\u00eda, para realizar una evaluaci\u00f3n de los Juegos Bonaerenses 2016 y tambi\u00e9n para pensar propuestas para su realizaci\u00f3n en el pr\u00f3ximo a\u00f1o.<br \/>\nEl tema del encuentro gir\u00f3 en torno a los Juegos Bonaerenses, ya que desde las autoridades de provincia se propuso que luego de la edici\u00f3n 2016 se hicieran reuniones evaluativas.<!--more--><br \/>\nEn la evaluaci\u00f3n, se establecieron puntos positivos y negativos del desarrollo de la edici\u00f3n pasada de los juegos, que se disputaron en Mar del Plata del 3 al 7 de octubre.<br \/>\nPor otra parte se marcaron l\u00edneas a cambiar, como por ejemplo la inscripci\u00f3n online (que es casi un hecho), la separaci\u00f3n en 16 regiones en vez de 24 y la intenci\u00f3n de agregar m\u00e1s disciplinas, tanto en categor\u00edas juveniles, especiales y adultos mayores.<\/p>\n","protected":false},"excerpt":{"rendered":"<p>En la jornada del mi\u00e9rcoles, los representantes del \u00e1rea Deportes de m\u00e1s de 20 municipios, incluidos los de nuestro distrito, se reunieron en el Centro de Convenciones de la ciudad de Olavarr\u00eda, para realizar una evaluaci\u00f3n de los Juegos Bonaerenses 2016 y tambi\u00e9n para pensar propuestas para su realizaci\u00f3n en el pr\u00f3ximo a\u00f1o. El tema [&hellip;]<\/p>\n","protected":false},"author":3,"featured_media":0,"comment_status":"closed","ping_status":"open","sticky":false,"template":"","format":"standard","meta":{"footnotes":""},"categories":[27],"tags":[],"class_list":["post-4098","post","type-post","status-publish","format-standard","hentry","category-deportes"],"yoast_head":"<!-- This site is optimized with the Yoast SEO plugin v25.9 - https:\/\/yoast.com\/wordpress\/plugins\/seo\/ -->\n<title>Juegos Bonaerenses: municipios se reunieron en Olavarr\u00eda - Noticias Radio Reflejos<\/title>\n<meta name=\"robots\" content=\"index, follow, max-snippet:-1, max-image-preview:large, max-video-preview:-1\" \/>\n<link rel=\"canonical\" href=\"https:\/\/www.noticiasradioreflejos.com.ar\/2021\/juegos-bonaerenses-municipios-se-reunieron-en-olavarria\/\" \/>\n<meta property=\"og:locale\" content=\"es_ES\" \/>\n<meta property=\"og:type\" content=\"article\" \/>\n<meta property=\"og:title\" content=\"Juegos Bonaerenses: municipios se reunieron en Olavarr\u00eda - Noticias Radio Reflejos\" \/>\n<meta property=\"og:description\" content=\"En la jornada del mi\u00e9rcoles, los representantes del \u00e1rea Deportes de m\u00e1s de 20 municipios, incluidos los de nuestro distrito, se reunieron en el Centro de Convenciones de la ciudad de Olavarr\u00eda, para realizar una evaluaci\u00f3n de los Juegos Bonaerenses 2016 y tambi\u00e9n para pensar propuestas para su realizaci\u00f3n en el pr\u00f3ximo a\u00f1o. El tema [&hellip;]\" \/>\n<meta property=\"og:url\" content=\"https:\/\/www.noticiasradioreflejos.com.ar\/2021\/juegos-bonaerenses-municipios-se-reunieron-en-olavarria\/\" \/>\n<meta property=\"og:site_name\" content=\"Noticias Radio Reflejos\" \/>\n<meta property=\"article:published_time\" content=\"2016-11-25T12:05:35+00:00\" \/>\n<meta property=\"og:image\" content=\"http:\/\/farm6.staticflickr.com\/5680\/31195509306_3f4ef41677_z.jpg\" \/>\n<meta name=\"author\" content=\"Arnaldo Botto\" \/>\n<meta name=\"twitter:card\" content=\"summary_large_image\" \/>\n<script type=\"application\/ld+json\" class=\"yoast-schema-graph\">{\"@context\":\"https:\/\/schema.org\",\"@graph\":[{\"@type\":\"WebPage\",\"@id\":\"https:\/\/www.noticiasradioreflejos.com.ar\/2021\/juegos-bonaerenses-municipios-se-reunieron-en-olavarria\/\",\"url\":\"https:\/\/www.noticiasradioreflejos.com.ar\/2021\/juegos-bonaerenses-municipios-se-reunieron-en-olavarria\/\",\"name\":\"Juegos Bonaerenses: municipios se reunieron en Olavarr\u00eda - Noticias Radio Reflejos\",\"isPartOf\":{\"@id\":\"https:\/\/www.noticiasradioreflejos.com.ar\/2021\/#website\"},\"primaryImageOfPage\":{\"@id\":\"https:\/\/www.noticiasradioreflejos.com.ar\/2021\/juegos-bonaerenses-municipios-se-reunieron-en-olavarria\/#primaryimage\"},\"image\":{\"@id\":\"https:\/\/www.noticiasradioreflejos.com.ar\/2021\/juegos-bonaerenses-municipios-se-reunieron-en-olavarria\/#primaryimage\"},\"thumbnailUrl\":\"http:\/\/farm6.staticflickr.com\/5680\/31195509306_3f4ef41677_z.jpg\",\"datePublished\":\"2016-11-25T12:05:35+00:00\",\"author\":{\"@id\":\"https:\/\/www.noticiasradioreflejos.com.ar\/2021\/#\/schema\/person\/ad82545263dcc5ec0996818884fd5fb1\"},\"breadcrumb\":{\"@id\":\"https:\/\/www.noticiasradioreflejos.com.ar\/2021\/juegos-bonaerenses-municipios-se-reunieron-en-olavarria\/#breadcrumb\"},\"inLanguage\":\"es\",\"potentialAction\":[{\"@type\":\"ReadAction\",\"target\":[\"https:\/\/www.noticiasradioreflejos.com.ar\/2021\/juegos-bonaerenses-municipios-se-reunieron-en-olavarria\/\"]}]},{\"@type\":\"ImageObject\",\"inLanguage\":\"es\",\"@id\":\"https:\/\/www.noticiasradioreflejos.com.ar\/2021\/juegos-bonaerenses-municipios-se-reunieron-en-olavarria\/#primaryimage\",\"url\":\"http:\/\/farm6.staticflickr.com\/5680\/31195509306_3f4ef41677_z.jpg\",\"contentUrl\":\"http:\/\/farm6.staticflickr.com\/5680\/31195509306_3f4ef41677_z.jpg\"},{\"@type\":\"BreadcrumbList\",\"@id\":\"https:\/\/www.noticiasradioreflejos.com.ar\/2021\/juegos-bonaerenses-municipios-se-reunieron-en-olavarria\/#breadcrumb\",\"itemListElement\":[{\"@type\":\"ListItem\",\"position\":1,\"name\":\"Portada\",\"item\":\"https:\/\/www.noticiasradioreflejos.com.ar\/2021\/\"},{\"@type\":\"ListItem\",\"position\":2,\"name\":\"Juegos Bonaerenses: municipios se reunieron en Olavarr\u00eda\"}]},{\"@type\":\"WebSite\",\"@id\":\"https:\/\/www.noticiasradioreflejos.com.ar\/2021\/#website\",\"url\":\"https:\/\/www.noticiasradioreflejos.com.ar\/2021\/\",\"name\":\"Noticias Radio Reflejos\",\"description\":\"Las noticias de mi comarca\",\"potentialAction\":[{\"@type\":\"SearchAction\",\"target\":{\"@type\":\"EntryPoint\",\"urlTemplate\":\"https:\/\/www.noticiasradioreflejos.com.ar\/2021\/?s={search_term_string}\"},\"query-input\":{\"@type\":\"PropertyValueSpecification\",\"valueRequired\":true,\"valueName\":\"search_term_string\"}}],\"inLanguage\":\"es\"},{\"@type\":\"Person\",\"@id\":\"https:\/\/www.noticiasradioreflejos.com.ar\/2021\/#\/schema\/person\/ad82545263dcc5ec0996818884fd5fb1\",\"name\":\"Arnaldo Botto\",\"image\":{\"@type\":\"ImageObject\",\"inLanguage\":\"es\",\"@id\":\"https:\/\/www.noticiasradioreflejos.com.ar\/2021\/#\/schema\/person\/image\/\",\"url\":\"https:\/\/secure.gravatar.com\/avatar\/55cb5e37c1efa326397366e6974cb338056df65cb50e7d64d1cf314e87504837?s=96&d=mm&r=g\",\"contentUrl\":\"https:\/\/secure.gravatar.com\/avatar\/55cb5e37c1efa326397366e6974cb338056df65cb50e7d64d1cf314e87504837?s=96&d=mm&r=g\",\"caption\":\"Arnaldo Botto\"},\"url\":\"https:\/\/www.noticiasradioreflejos.com.ar\/2021\/author\/arnaldo\/\"}]}<\/script>\n<!-- \/ Yoast SEO plugin. -->","yoast_head_json":{"title":"Juegos Bonaerenses: municipios se reunieron en Olavarr\u00eda - Noticias Radio Reflejos","robots":{"index":"index","follow":"follow","max-snippet":"max-snippet:-1","max-image-preview":"max-image-preview:large","max-video-preview":"max-video-preview:-1"},"canonical":"https:\/\/www.noticiasradioreflejos.com.ar\/2021\/juegos-bonaerenses-municipios-se-reunieron-en-olavarria\/","og_locale":"es_ES","og_type":"article","og_title":"Juegos Bonaerenses: municipios se reunieron en Olavarr\u00eda - Noticias Radio Reflejos","og_description":"En la jornada del mi\u00e9rcoles, los representantes del \u00e1rea Deportes de m\u00e1s de 20 municipios, incluidos los de nuestro distrito, se reunieron en el Centro de Convenciones de la ciudad de Olavarr\u00eda, para realizar una evaluaci\u00f3n de los Juegos Bonaerenses 2016 y tambi\u00e9n para pensar propuestas para su realizaci\u00f3n en el pr\u00f3ximo a\u00f1o. El tema [&hellip;]","og_url":"https:\/\/www.noticiasradioreflejos.com.ar\/2021\/juegos-bonaerenses-municipios-se-reunieron-en-olavarria\/","og_site_name":"Noticias Radio Reflejos","article_published_time":"2016-11-25T12:05:35+00:00","og_image":[{"url":"http:\/\/farm6.staticflickr.com\/5680\/31195509306_3f4ef41677_z.jpg","type":"","width":"","height":""}],"author":"Arnaldo Botto","twitter_card":"summary_large_image","schema":{"@context":"https:\/\/schema.org","@graph":[{"@type":"WebPage","@id":"https:\/\/www.noticiasradioreflejos.com.ar\/2021\/juegos-bonaerenses-municipios-se-reunieron-en-olavarria\/","url":"https:\/\/www.noticiasradioreflejos.com.ar\/2021\/juegos-bonaerenses-municipios-se-reunieron-en-olavarria\/","name":"Juegos Bonaerenses: municipios se reunieron en Olavarr\u00eda - Noticias Radio Reflejos","isPartOf":{"@id":"https:\/\/www.noticiasradioreflejos.com.ar\/2021\/#website"},"primaryImageOfPage":{"@id":"https:\/\/www.noticiasradioreflejos.com.ar\/2021\/juegos-bonaerenses-municipios-se-reunieron-en-olavarria\/#primaryimage"},"image":{"@id":"https:\/\/www.noticiasradioreflejos.com.ar\/2021\/juegos-bonaerenses-municipios-se-reunieron-en-olavarria\/#primaryimage"},"thumbnailUrl":"http:\/\/farm6.staticflickr.com\/5680\/31195509306_3f4ef41677_z.jpg","datePublished":"2016-11-25T12:05:35+00:00","author":{"@id":"https:\/\/www.noticiasradioreflejos.com.ar\/2021\/#\/schema\/person\/ad82545263dcc5ec0996818884fd5fb1"},"breadcrumb":{"@id":"https:\/\/www.noticiasradioreflejos.com.ar\/2021\/juegos-bonaerenses-municipios-se-reunieron-en-olavarria\/#breadcrumb"},"inLanguage":"es","potentialAction":[{"@type":"ReadAction","target":["https:\/\/www.noticiasradioreflejos.com.ar\/2021\/juegos-bonaerenses-municipios-se-reunieron-en-olavarria\/"]}]},{"@type":"ImageObject","inLanguage":"es","@id":"https:\/\/www.noticiasradioreflejos.com.ar\/2021\/juegos-bonaerenses-municipios-se-reunieron-en-olavarria\/#primaryimage","url":"http:\/\/farm6.staticflickr.com\/5680\/31195509306_3f4ef41677_z.jpg","contentUrl":"http:\/\/farm6.staticflickr.com\/5680\/31195509306_3f4ef41677_z.jpg"},{"@type":"BreadcrumbList","@id":"https:\/\/www.noticiasradioreflejos.com.ar\/2021\/juegos-bonaerenses-municipios-se-reunieron-en-olavarria\/#breadcrumb","itemListElement":[{"@type":"ListItem","position":1,"name":"Portada","item":"https:\/\/www.noticiasradioreflejos.com.ar\/2021\/"},{"@type":"ListItem","position":2,"name":"Juegos Bonaerenses: municipios se reunieron en Olavarr\u00eda"}]},{"@type":"WebSite","@id":"https:\/\/www.noticiasradioreflejos.com.ar\/2021\/#website","url":"https:\/\/www.noticiasradioreflejos.com.ar\/2021\/","name":"Noticias Radio Reflejos","description":"Las noticias de mi comarca","potentialAction":[{"@type":"SearchAction","target":{"@type":"EntryPoint","urlTemplate":"https:\/\/www.noticiasradioreflejos.com.ar\/2021\/?s={search_term_string}"},"query-input":{"@type":"PropertyValueSpecification","valueRequired":true,"valueName":"search_term_string"}}],"inLanguage":"es"},{"@type":"Person","@id":"https:\/\/www.noticiasradioreflejos.com.ar\/2021\/#\/schema\/person\/ad82545263dcc5ec0996818884fd5fb1","name":"Arnaldo Botto","image":{"@type":"ImageObject","inLanguage":"es","@id":"https:\/\/www.noticiasradioreflejos.com.ar\/2021\/#\/schema\/person\/image\/","url":"https:\/\/secure.gravatar.com\/avatar\/55cb5e37c1efa326397366e6974cb338056df65cb50e7d64d1cf314e87504837?s=96&d=mm&r=g","contentUrl":"https:\/\/secure.gravatar.com\/avatar\/55cb5e37c1efa326397366e6974cb338056df65cb50e7d64d1cf314e87504837?s=96&d=mm&r=g","caption":"Arnaldo Botto"},"url":"https:\/\/www.noticiasradioreflejos.com.ar\/2021\/author\/arnaldo\/"}]}},"_links":{"self":[{"href":"https:\/\/www.noticiasradioreflejos.com.ar\/2021\/wp-json\/wp\/v2\/posts\/4098","targetHints":{"allow":["GET"]}}],"collection":[{"href":"https:\/\/www.noticiasradioreflejos.com.ar\/2021\/wp-json\/wp\/v2\/posts"}],"about":[{"href":"https:\/\/www.noticiasradioreflejos.com.ar\/2021\/wp-json\/wp\/v2\/types\/post"}],"author":[{"embeddable":true,"href":"https:\/\/www.noticiasradioreflejos.com.ar\/2021\/wp-json\/wp\/v2\/users\/3"}],"replies":[{"embeddable":true,"href":"https:\/\/www.noticiasradioreflejos.com.ar\/2021\/wp-json\/wp\/v2\/comments?post=4098"}],"version-history":[{"count":0,"href":"https:\/\/www.noticiasradioreflejos.com.ar\/2021\/wp-json\/wp\/v2\/posts\/4098\/revisions"}],"wp:attachment":[{"href":"https:\/\/www.noticiasradioreflejos.com.ar\/2021\/wp-json\/wp\/v2\/media?parent=4098"}],"wp:term":[{"taxonomy":"category","embeddable":true,"href":"https:\/\/www.noticiasradioreflejos.com.ar\/2021\/wp-json\/wp\/v2\/categories?post=4098"},{"taxonomy":"post_tag","embeddable":true,"href":"https:\/\/www.noticiasradioreflejos.com.ar\/2021\/wp-json\/wp\/v2\/tags?post=4098"}],"curies":[{"name":"wp","href":"https:\/\/api.w.org\/{rel}","templated":true}]}}