{"id":4088,"date":"2016-11-25T11:02:45","date_gmt":"2016-11-25T11:02:45","guid":{"rendered":"http:\/\/noticiasradioreflejos.com.ar\/noticias\/?p=4088"},"modified":"2016-11-25T11:02:45","modified_gmt":"2016-11-25T11:02:45","slug":"la-calidad-de-vida-aca-me-cambio-al-100-si-es-posible-el-200","status":"publish","type":"post","link":"https:\/\/www.noticiasradioreflejos.com.ar\/2021\/la-calidad-de-vida-aca-me-cambio-al-100-si-es-posible-el-200\/","title":{"rendered":"&quot;La calidad de vida ac\u00e1 me cambi\u00f3 el 100%, si es posible el 200%&quot;"},"content":{"rendered":"<p>Patricia Ortiz es oriunda de Corrientes capital y vive en Villa Ventana desde hace dos a\u00f1os; una mujer apasionada por su trabajo y conquistada con este lugar.<!--more--><br \/>\n\u00abSoy feliz\u00bb, as\u00ed arranca Patricia cuando se le pregunta c\u00f3mo se encuentra. Vino a estas tierras por trabajo y conoci\u00f3 este lugar gracias a un familiar que le insist\u00eda en venir, debido a la demanda de trabajo.<br \/>\nPatricia recuerda que se vino con su nena y comenta: \u00abLleg\u00f3 un momento en que tuve que decidir por el bien de las dos y tom\u00e9 la decisi\u00f3n; y la verdad, no me arrepiento de nada\u00bb.<br \/>\n\u00abNuestra calidad de vida cambi\u00f3 el 100%, si es posible el 200%, porque es una tranquilidad. Salgo de trabajar y s\u00e9 que mi hija est\u00e1 bien\u00bb, cuenta Ortiz.<br \/>\n\u00abLa que sufri\u00f3 el cambio fue mi hija; es dr\u00e1stico todav\u00eda. Si bien me cost\u00f3 y quise volverme muchas veces por el desarraigo, acostumbrarse al lugar, pero lo que me hizo quedarme es la tranquilidad.\u00bb<br \/>\n\u00abMe enamor\u00f3 desde<span style=\"font-size: 16px;\">\u00a0la primera vez que la v\u00ed. La paz, la gente, el paisaje, el clima. Es hermoso\u00bb, sintetiza Patricia.<\/span><br \/>\n<iframe loading=\"lazy\" src=\"https:\/\/w.soundcloud.com\/player\/?url=https%3A\/\/api.soundcloud.com\/tracks\/294577893&amp;color=ff5500&amp;auto_play=false&amp;hide_related=false&amp;show_comments=true&amp;show_user=true&amp;show_reposts=false\" width=\"100%\" height=\"166\" frameborder=\"no\" scrolling=\"no\"><\/iframe><\/p>\n","protected":false},"excerpt":{"rendered":"<p>Patricia Ortiz es oriunda de Corrientes capital y vive en Villa Ventana desde hace dos a\u00f1os; una mujer apasionada por su trabajo y conquistada con este lugar.<\/p>\n","protected":false},"author":3,"featured_media":0,"comment_status":"closed","ping_status":"open","sticky":false,"template":"","format":"standard","meta":{"footnotes":""},"categories":[26],"tags":[],"class_list":["post-4088","post","type-post","status-publish","format-standard","hentry","category-sociedad"],"yoast_head":"<!-- This site is optimized with the Yoast SEO plugin v25.9 - https:\/\/yoast.com\/wordpress\/plugins\/seo\/ -->\n<title>&quot;La calidad de vida ac\u00e1 me cambi\u00f3 el 100%, si es posible el 200%&quot; - Noticias Radio Reflejos<\/title>\n<meta name=\"robots\" content=\"index, follow, max-snippet:-1, max-image-preview:large, max-video-preview:-1\" \/>\n<link rel=\"canonical\" href=\"https:\/\/www.noticiasradioreflejos.com.ar\/2021\/la-calidad-de-vida-aca-me-cambio-al-100-si-es-posible-el-200\/\" \/>\n<meta property=\"og:locale\" content=\"es_ES\" \/>\n<meta property=\"og:type\" content=\"article\" \/>\n<meta property=\"og:title\" content=\"&quot;La calidad de vida ac\u00e1 me cambi\u00f3 el 100%, si es posible el 200%&quot; - Noticias Radio Reflejos\" \/>\n<meta property=\"og:description\" content=\"Patricia Ortiz es oriunda de Corrientes capital y vive en Villa Ventana desde hace dos a\u00f1os; una mujer apasionada por su trabajo y conquistada con este lugar.\" \/>\n<meta property=\"og:url\" content=\"https:\/\/www.noticiasradioreflejos.com.ar\/2021\/la-calidad-de-vida-aca-me-cambio-al-100-si-es-posible-el-200\/\" \/>\n<meta property=\"og:site_name\" content=\"Noticias Radio Reflejos\" \/>\n<meta property=\"article:published_time\" content=\"2016-11-25T11:02:45+00:00\" \/>\n<meta property=\"og:image\" content=\"https:\/\/www.noticiasradioreflejos.com.ar\/2021\/wp-content\/uploads\/2021\/07\/logosol300x200.png\" \/>\n\t<meta property=\"og:image:width\" content=\"300\" \/>\n\t<meta property=\"og:image:height\" content=\"200\" \/>\n\t<meta property=\"og:image:type\" content=\"image\/png\" \/>\n<meta name=\"author\" content=\"Arnaldo Botto\" \/>\n<meta name=\"twitter:card\" content=\"summary_large_image\" \/>\n<script type=\"application\/ld+json\" class=\"yoast-schema-graph\">{\"@context\":\"https:\/\/schema.org\",\"@graph\":[{\"@type\":\"WebPage\",\"@id\":\"https:\/\/www.noticiasradioreflejos.com.ar\/2021\/la-calidad-de-vida-aca-me-cambio-al-100-si-es-posible-el-200\/\",\"url\":\"https:\/\/www.noticiasradioreflejos.com.ar\/2021\/la-calidad-de-vida-aca-me-cambio-al-100-si-es-posible-el-200\/\",\"name\":\"&quot;La calidad de vida ac\u00e1 me cambi\u00f3 el 100%, si es posible el 200%&quot; - Noticias Radio Reflejos\",\"isPartOf\":{\"@id\":\"https:\/\/www.noticiasradioreflejos.com.ar\/2021\/#website\"},\"datePublished\":\"2016-11-25T11:02:45+00:00\",\"author\":{\"@id\":\"https:\/\/www.noticiasradioreflejos.com.ar\/2021\/#\/schema\/person\/ad82545263dcc5ec0996818884fd5fb1\"},\"breadcrumb\":{\"@id\":\"https:\/\/www.noticiasradioreflejos.com.ar\/2021\/la-calidad-de-vida-aca-me-cambio-al-100-si-es-posible-el-200\/#breadcrumb\"},\"inLanguage\":\"es\",\"potentialAction\":[{\"@type\":\"ReadAction\",\"target\":[\"https:\/\/www.noticiasradioreflejos.com.ar\/2021\/la-calidad-de-vida-aca-me-cambio-al-100-si-es-posible-el-200\/\"]}]},{\"@type\":\"BreadcrumbList\",\"@id\":\"https:\/\/www.noticiasradioreflejos.com.ar\/2021\/la-calidad-de-vida-aca-me-cambio-al-100-si-es-posible-el-200\/#breadcrumb\",\"itemListElement\":[{\"@type\":\"ListItem\",\"position\":1,\"name\":\"Portada\",\"item\":\"https:\/\/www.noticiasradioreflejos.com.ar\/2021\/\"},{\"@type\":\"ListItem\",\"position\":2,\"name\":\"&quot;La calidad de vida ac\u00e1 me cambi\u00f3 el 100%, si es posible el 200%&quot;\"}]},{\"@type\":\"WebSite\",\"@id\":\"https:\/\/www.noticiasradioreflejos.com.ar\/2021\/#website\",\"url\":\"https:\/\/www.noticiasradioreflejos.com.ar\/2021\/\",\"name\":\"Noticias Radio Reflejos\",\"description\":\"Las noticias de mi comarca\",\"potentialAction\":[{\"@type\":\"SearchAction\",\"target\":{\"@type\":\"EntryPoint\",\"urlTemplate\":\"https:\/\/www.noticiasradioreflejos.com.ar\/2021\/?s={search_term_string}\"},\"query-input\":{\"@type\":\"PropertyValueSpecification\",\"valueRequired\":true,\"valueName\":\"search_term_string\"}}],\"inLanguage\":\"es\"},{\"@type\":\"Person\",\"@id\":\"https:\/\/www.noticiasradioreflejos.com.ar\/2021\/#\/schema\/person\/ad82545263dcc5ec0996818884fd5fb1\",\"name\":\"Arnaldo Botto\",\"image\":{\"@type\":\"ImageObject\",\"inLanguage\":\"es\",\"@id\":\"https:\/\/www.noticiasradioreflejos.com.ar\/2021\/#\/schema\/person\/image\/\",\"url\":\"https:\/\/secure.gravatar.com\/avatar\/55cb5e37c1efa326397366e6974cb338056df65cb50e7d64d1cf314e87504837?s=96&d=mm&r=g\",\"contentUrl\":\"https:\/\/secure.gravatar.com\/avatar\/55cb5e37c1efa326397366e6974cb338056df65cb50e7d64d1cf314e87504837?s=96&d=mm&r=g\",\"caption\":\"Arnaldo Botto\"},\"url\":\"https:\/\/www.noticiasradioreflejos.com.ar\/2021\/author\/arnaldo\/\"}]}<\/script>\n<!-- \/ Yoast SEO plugin. -->","yoast_head_json":{"title":"&quot;La calidad de vida ac\u00e1 me cambi\u00f3 el 100%, si es posible el 200%&quot; - Noticias Radio Reflejos","robots":{"index":"index","follow":"follow","max-snippet":"max-snippet:-1","max-image-preview":"max-image-preview:large","max-video-preview":"max-video-preview:-1"},"canonical":"https:\/\/www.noticiasradioreflejos.com.ar\/2021\/la-calidad-de-vida-aca-me-cambio-al-100-si-es-posible-el-200\/","og_locale":"es_ES","og_type":"article","og_title":"&quot;La calidad de vida ac\u00e1 me cambi\u00f3 el 100%, si es posible el 200%&quot; - Noticias Radio Reflejos","og_description":"Patricia Ortiz es oriunda de Corrientes capital y vive en Villa Ventana desde hace dos a\u00f1os; una mujer apasionada por su trabajo y conquistada con este lugar.","og_url":"https:\/\/www.noticiasradioreflejos.com.ar\/2021\/la-calidad-de-vida-aca-me-cambio-al-100-si-es-posible-el-200\/","og_site_name":"Noticias Radio Reflejos","article_published_time":"2016-11-25T11:02:45+00:00","og_image":[{"width":300,"height":200,"url":"https:\/\/www.noticiasradioreflejos.com.ar\/2021\/wp-content\/uploads\/2021\/07\/logosol300x200.png","type":"image\/png"}],"author":"Arnaldo Botto","twitter_card":"summary_large_image","schema":{"@context":"https:\/\/schema.org","@graph":[{"@type":"WebPage","@id":"https:\/\/www.noticiasradioreflejos.com.ar\/2021\/la-calidad-de-vida-aca-me-cambio-al-100-si-es-posible-el-200\/","url":"https:\/\/www.noticiasradioreflejos.com.ar\/2021\/la-calidad-de-vida-aca-me-cambio-al-100-si-es-posible-el-200\/","name":"&quot;La calidad de vida ac\u00e1 me cambi\u00f3 el 100%, si es posible el 200%&quot; - Noticias Radio Reflejos","isPartOf":{"@id":"https:\/\/www.noticiasradioreflejos.com.ar\/2021\/#website"},"datePublished":"2016-11-25T11:02:45+00:00","author":{"@id":"https:\/\/www.noticiasradioreflejos.com.ar\/2021\/#\/schema\/person\/ad82545263dcc5ec0996818884fd5fb1"},"breadcrumb":{"@id":"https:\/\/www.noticiasradioreflejos.com.ar\/2021\/la-calidad-de-vida-aca-me-cambio-al-100-si-es-posible-el-200\/#breadcrumb"},"inLanguage":"es","potentialAction":[{"@type":"ReadAction","target":["https:\/\/www.noticiasradioreflejos.com.ar\/2021\/la-calidad-de-vida-aca-me-cambio-al-100-si-es-posible-el-200\/"]}]},{"@type":"BreadcrumbList","@id":"https:\/\/www.noticiasradioreflejos.com.ar\/2021\/la-calidad-de-vida-aca-me-cambio-al-100-si-es-posible-el-200\/#breadcrumb","itemListElement":[{"@type":"ListItem","position":1,"name":"Portada","item":"https:\/\/www.noticiasradioreflejos.com.ar\/2021\/"},{"@type":"ListItem","position":2,"name":"&quot;La calidad de vida ac\u00e1 me cambi\u00f3 el 100%, si es posible el 200%&quot;"}]},{"@type":"WebSite","@id":"https:\/\/www.noticiasradioreflejos.com.ar\/2021\/#website","url":"https:\/\/www.noticiasradioreflejos.com.ar\/2021\/","name":"Noticias Radio Reflejos","description":"Las noticias de mi comarca","potentialAction":[{"@type":"SearchAction","target":{"@type":"EntryPoint","urlTemplate":"https:\/\/www.noticiasradioreflejos.com.ar\/2021\/?s={search_term_string}"},"query-input":{"@type":"PropertyValueSpecification","valueRequired":true,"valueName":"search_term_string"}}],"inLanguage":"es"},{"@type":"Person","@id":"https:\/\/www.noticiasradioreflejos.com.ar\/2021\/#\/schema\/person\/ad82545263dcc5ec0996818884fd5fb1","name":"Arnaldo Botto","image":{"@type":"ImageObject","inLanguage":"es","@id":"https:\/\/www.noticiasradioreflejos.com.ar\/2021\/#\/schema\/person\/image\/","url":"https:\/\/secure.gravatar.com\/avatar\/55cb5e37c1efa326397366e6974cb338056df65cb50e7d64d1cf314e87504837?s=96&d=mm&r=g","contentUrl":"https:\/\/secure.gravatar.com\/avatar\/55cb5e37c1efa326397366e6974cb338056df65cb50e7d64d1cf314e87504837?s=96&d=mm&r=g","caption":"Arnaldo Botto"},"url":"https:\/\/www.noticiasradioreflejos.com.ar\/2021\/author\/arnaldo\/"}]}},"_links":{"self":[{"href":"https:\/\/www.noticiasradioreflejos.com.ar\/2021\/wp-json\/wp\/v2\/posts\/4088","targetHints":{"allow":["GET"]}}],"collection":[{"href":"https:\/\/www.noticiasradioreflejos.com.ar\/2021\/wp-json\/wp\/v2\/posts"}],"about":[{"href":"https:\/\/www.noticiasradioreflejos.com.ar\/2021\/wp-json\/wp\/v2\/types\/post"}],"author":[{"embeddable":true,"href":"https:\/\/www.noticiasradioreflejos.com.ar\/2021\/wp-json\/wp\/v2\/users\/3"}],"replies":[{"embeddable":true,"href":"https:\/\/www.noticiasradioreflejos.com.ar\/2021\/wp-json\/wp\/v2\/comments?post=4088"}],"version-history":[{"count":0,"href":"https:\/\/www.noticiasradioreflejos.com.ar\/2021\/wp-json\/wp\/v2\/posts\/4088\/revisions"}],"wp:attachment":[{"href":"https:\/\/www.noticiasradioreflejos.com.ar\/2021\/wp-json\/wp\/v2\/media?parent=4088"}],"wp:term":[{"taxonomy":"category","embeddable":true,"href":"https:\/\/www.noticiasradioreflejos.com.ar\/2021\/wp-json\/wp\/v2\/categories?post=4088"},{"taxonomy":"post_tag","embeddable":true,"href":"https:\/\/www.noticiasradioreflejos.com.ar\/2021\/wp-json\/wp\/v2\/tags?post=4088"}],"curies":[{"name":"wp","href":"https:\/\/api.w.org\/{rel}","templated":true}]}}