{"id":40879,"date":"2020-04-16T19:13:45","date_gmt":"2020-04-16T22:13:45","guid":{"rendered":"http:\/\/www.noticiasradioreflejos.com.ar\/noticias\/?p=40879"},"modified":"2020-04-16T19:13:45","modified_gmt":"2020-04-16T22:13:45","slug":"came-propone-a-kulfas-la-reapertura-escalonada-por-rubros-de-los-comercios","status":"publish","type":"post","link":"https:\/\/www.noticiasradioreflejos.com.ar\/2021\/came-propone-a-kulfas-la-reapertura-escalonada-por-rubros-de-los-comercios\/","title":{"rendered":"CAME propone a Kulfas la reapertura escalonada por rubros de los comercios"},"content":{"rendered":"<p>La Confederaci\u00f3n Argentina de la Mediana Empresa (CAME) solicit\u00f3 hoy al Gobierno nacional permitir la apertura de los rubros comerciales no exceptuados a partir de un \u00abesquema escalonado por sector\u00bb, lo que podr\u00eda concretarse sin atenci\u00f3n en los locales, con despacho de productos a trav\u00e9s de distintos canales de env\u00edo y con pagos digitales.<!--more--> As\u00ed lo expres\u00f3 la entidad en una carta entregada hoy por CAME al ministro de Desarrollo Productivo, Mat\u00edas Kulfas, en la que plante\u00f3 la preocupaci\u00f3n del sector por \u00abrecomponer parcialmente la actividad comercial, gravemente afectada por la pandemia\u00bb.<\/p>\n<p>\u00abDesde esta Confederaci\u00f3n proponemos habilitar el ejercicio a los rubros no exceptuados a partir de un esquema escalonado por sector, cumpliendo estrictamente con los protocolos de seguridad establecidos, desalentando los grandes aglomerados de gente\u00bb, expres\u00f3 la nota.<\/p>\n<p>A la par de esta apertura gradual de los comercios, la entidad consider\u00f3 \u00abposible la reapertura de todo el comercio, sin atenci\u00f3n en local, despachando los productos a trav\u00e9s de canales de env\u00edo o retirando previo acuerdo con el vendedor\u00bb ya sea en la puerta del local o en otros puntos de entrega.<\/p>\n<p>A la vez, CAME consider\u00f3 de manera complementaria la necesidad de \u00abpromover el uso de medios de pago virtuales\u00bb, ya sea a trav\u00e9s de las plataformas de los terceros comercios o de otras formas de pago on line de r\u00e1pida accesibilidad mediante distintas aplicaciones en tel\u00e9fonos celulares inteligentes.<\/p>\n<p>\u00abLas entidades empresarias nos comprometemos a generar una difusi\u00f3n masiva que permita ordenar la demanda, promoviendo las compras a distancia y facilitando herramientas que enriquezcan la oferta de los servicios, a trav\u00e9s de capacitaciones y tutoriales\u00bb, asegur\u00f3 CAME al garantizar el cumplimiento de las disposiciones sanitarias recomendadas..<\/p>\n<p>La nota firmada por el presidente de CAME, Gerardo D\u00edaz Beltr\u00e1n, y del secretario General, Jos\u00e9 Bereciart\u00faa, advirti\u00f3 que \u00abde no reformular los formatos vigentes, el comercio minorista pyme terminar\u00e1 extingui\u00e9ndose, constituyendo un dique a la venta tanto de la producci\u00f3n industrial nacional como de aquella proveniente de las econom\u00edas regionales, amenazando el empleo\u00bb.<\/p>\n<p>Un reciente relevamiento realizado para CAME reflej\u00f3 que ante una apertura del comercio en una cuarentena administrada, el 98 % de los empresarios pyme estar\u00eda dispuesto a recibir menor flujo de clientes a cambio de permitir la apertura de su local comercial para la venta.<\/p>\n<p>A a vez el trabajo, reflej\u00f3 que s\u00f3lo el 22,5 % de los empresarios pyme realizaron operaciones de venta de sus bienes y servicios en forma online, ya que la restricci\u00f3n tambi\u00e9n est\u00e1 dada en las pocas actividades exceptuadas para realizar estas operaciones.<\/p>\n","protected":false},"excerpt":{"rendered":"<p>La Confederaci\u00f3n Argentina de la Mediana Empresa (CAME) solicit\u00f3 hoy al Gobierno nacional permitir la apertura de los rubros comerciales no exceptuados a partir de un \u00abesquema escalonado por sector\u00bb, lo que podr\u00eda concretarse sin atenci\u00f3n en los locales, con despacho de productos a trav\u00e9s de distintos canales de env\u00edo y con pagos digitales.<\/p>\n","protected":false},"author":3,"featured_media":0,"comment_status":"closed","ping_status":"open","sticky":false,"template":"","format":"standard","meta":{"footnotes":""},"categories":[36],"tags":[],"class_list":["post-40879","post","type-post","status-publish","format-standard","hentry","category-economia"],"yoast_head":"<!-- This site is optimized with the Yoast SEO plugin v25.9 - https:\/\/yoast.com\/wordpress\/plugins\/seo\/ -->\n<title>CAME propone a Kulfas la reapertura escalonada por rubros de los comercios - Noticias Radio Reflejos<\/title>\n<meta name=\"robots\" content=\"index, follow, max-snippet:-1, max-image-preview:large, max-video-preview:-1\" \/>\n<link rel=\"canonical\" href=\"https:\/\/www.noticiasradioreflejos.com.ar\/2021\/came-propone-a-kulfas-la-reapertura-escalonada-por-rubros-de-los-comercios\/\" \/>\n<meta property=\"og:locale\" content=\"es_ES\" \/>\n<meta property=\"og:type\" content=\"article\" \/>\n<meta property=\"og:title\" content=\"CAME propone a Kulfas la reapertura escalonada por rubros de los comercios - Noticias Radio Reflejos\" \/>\n<meta property=\"og:description\" content=\"La Confederaci\u00f3n Argentina de la Mediana Empresa (CAME) solicit\u00f3 hoy al Gobierno nacional permitir la apertura de los rubros comerciales no exceptuados a partir de un \u00abesquema escalonado por sector\u00bb, lo que podr\u00eda concretarse sin atenci\u00f3n en los locales, con despacho de productos a trav\u00e9s de distintos canales de env\u00edo y con pagos digitales.\" \/>\n<meta property=\"og:url\" content=\"https:\/\/www.noticiasradioreflejos.com.ar\/2021\/came-propone-a-kulfas-la-reapertura-escalonada-por-rubros-de-los-comercios\/\" \/>\n<meta property=\"og:site_name\" content=\"Noticias Radio Reflejos\" \/>\n<meta property=\"article:published_time\" content=\"2020-04-16T22:13:45+00:00\" \/>\n<meta property=\"og:image\" content=\"https:\/\/www.noticiasradioreflejos.com.ar\/2021\/wp-content\/uploads\/2021\/07\/logosol300x200.png\" \/>\n\t<meta property=\"og:image:width\" content=\"300\" \/>\n\t<meta property=\"og:image:height\" content=\"200\" \/>\n\t<meta property=\"og:image:type\" content=\"image\/png\" \/>\n<meta name=\"author\" content=\"Arnaldo Botto\" \/>\n<meta name=\"twitter:card\" content=\"summary_large_image\" \/>\n<script type=\"application\/ld+json\" class=\"yoast-schema-graph\">{\"@context\":\"https:\/\/schema.org\",\"@graph\":[{\"@type\":\"WebPage\",\"@id\":\"https:\/\/www.noticiasradioreflejos.com.ar\/2021\/came-propone-a-kulfas-la-reapertura-escalonada-por-rubros-de-los-comercios\/\",\"url\":\"https:\/\/www.noticiasradioreflejos.com.ar\/2021\/came-propone-a-kulfas-la-reapertura-escalonada-por-rubros-de-los-comercios\/\",\"name\":\"CAME propone a Kulfas la reapertura escalonada por rubros de los comercios - Noticias Radio Reflejos\",\"isPartOf\":{\"@id\":\"https:\/\/www.noticiasradioreflejos.com.ar\/2021\/#website\"},\"datePublished\":\"2020-04-16T22:13:45+00:00\",\"author\":{\"@id\":\"https:\/\/www.noticiasradioreflejos.com.ar\/2021\/#\/schema\/person\/ad82545263dcc5ec0996818884fd5fb1\"},\"breadcrumb\":{\"@id\":\"https:\/\/www.noticiasradioreflejos.com.ar\/2021\/came-propone-a-kulfas-la-reapertura-escalonada-por-rubros-de-los-comercios\/#breadcrumb\"},\"inLanguage\":\"es\",\"potentialAction\":[{\"@type\":\"ReadAction\",\"target\":[\"https:\/\/www.noticiasradioreflejos.com.ar\/2021\/came-propone-a-kulfas-la-reapertura-escalonada-por-rubros-de-los-comercios\/\"]}]},{\"@type\":\"BreadcrumbList\",\"@id\":\"https:\/\/www.noticiasradioreflejos.com.ar\/2021\/came-propone-a-kulfas-la-reapertura-escalonada-por-rubros-de-los-comercios\/#breadcrumb\",\"itemListElement\":[{\"@type\":\"ListItem\",\"position\":1,\"name\":\"Portada\",\"item\":\"https:\/\/www.noticiasradioreflejos.com.ar\/2021\/\"},{\"@type\":\"ListItem\",\"position\":2,\"name\":\"CAME propone a Kulfas la reapertura escalonada por rubros de los comercios\"}]},{\"@type\":\"WebSite\",\"@id\":\"https:\/\/www.noticiasradioreflejos.com.ar\/2021\/#website\",\"url\":\"https:\/\/www.noticiasradioreflejos.com.ar\/2021\/\",\"name\":\"Noticias Radio Reflejos\",\"description\":\"Las noticias de mi comarca\",\"potentialAction\":[{\"@type\":\"SearchAction\",\"target\":{\"@type\":\"EntryPoint\",\"urlTemplate\":\"https:\/\/www.noticiasradioreflejos.com.ar\/2021\/?s={search_term_string}\"},\"query-input\":{\"@type\":\"PropertyValueSpecification\",\"valueRequired\":true,\"valueName\":\"search_term_string\"}}],\"inLanguage\":\"es\"},{\"@type\":\"Person\",\"@id\":\"https:\/\/www.noticiasradioreflejos.com.ar\/2021\/#\/schema\/person\/ad82545263dcc5ec0996818884fd5fb1\",\"name\":\"Arnaldo Botto\",\"image\":{\"@type\":\"ImageObject\",\"inLanguage\":\"es\",\"@id\":\"https:\/\/www.noticiasradioreflejos.com.ar\/2021\/#\/schema\/person\/image\/\",\"url\":\"https:\/\/secure.gravatar.com\/avatar\/55cb5e37c1efa326397366e6974cb338056df65cb50e7d64d1cf314e87504837?s=96&d=mm&r=g\",\"contentUrl\":\"https:\/\/secure.gravatar.com\/avatar\/55cb5e37c1efa326397366e6974cb338056df65cb50e7d64d1cf314e87504837?s=96&d=mm&r=g\",\"caption\":\"Arnaldo Botto\"},\"url\":\"https:\/\/www.noticiasradioreflejos.com.ar\/2021\/author\/arnaldo\/\"}]}<\/script>\n<!-- \/ Yoast SEO plugin. -->","yoast_head_json":{"title":"CAME propone a Kulfas la reapertura escalonada por rubros de los comercios - Noticias Radio Reflejos","robots":{"index":"index","follow":"follow","max-snippet":"max-snippet:-1","max-image-preview":"max-image-preview:large","max-video-preview":"max-video-preview:-1"},"canonical":"https:\/\/www.noticiasradioreflejos.com.ar\/2021\/came-propone-a-kulfas-la-reapertura-escalonada-por-rubros-de-los-comercios\/","og_locale":"es_ES","og_type":"article","og_title":"CAME propone a Kulfas la reapertura escalonada por rubros de los comercios - Noticias Radio Reflejos","og_description":"La Confederaci\u00f3n Argentina de la Mediana Empresa (CAME) solicit\u00f3 hoy al Gobierno nacional permitir la apertura de los rubros comerciales no exceptuados a partir de un \u00abesquema escalonado por sector\u00bb, lo que podr\u00eda concretarse sin atenci\u00f3n en los locales, con despacho de productos a trav\u00e9s de distintos canales de env\u00edo y con pagos digitales.","og_url":"https:\/\/www.noticiasradioreflejos.com.ar\/2021\/came-propone-a-kulfas-la-reapertura-escalonada-por-rubros-de-los-comercios\/","og_site_name":"Noticias Radio Reflejos","article_published_time":"2020-04-16T22:13:45+00:00","og_image":[{"width":300,"height":200,"url":"https:\/\/www.noticiasradioreflejos.com.ar\/2021\/wp-content\/uploads\/2021\/07\/logosol300x200.png","type":"image\/png"}],"author":"Arnaldo Botto","twitter_card":"summary_large_image","schema":{"@context":"https:\/\/schema.org","@graph":[{"@type":"WebPage","@id":"https:\/\/www.noticiasradioreflejos.com.ar\/2021\/came-propone-a-kulfas-la-reapertura-escalonada-por-rubros-de-los-comercios\/","url":"https:\/\/www.noticiasradioreflejos.com.ar\/2021\/came-propone-a-kulfas-la-reapertura-escalonada-por-rubros-de-los-comercios\/","name":"CAME propone a Kulfas la reapertura escalonada por rubros de los comercios - Noticias Radio Reflejos","isPartOf":{"@id":"https:\/\/www.noticiasradioreflejos.com.ar\/2021\/#website"},"datePublished":"2020-04-16T22:13:45+00:00","author":{"@id":"https:\/\/www.noticiasradioreflejos.com.ar\/2021\/#\/schema\/person\/ad82545263dcc5ec0996818884fd5fb1"},"breadcrumb":{"@id":"https:\/\/www.noticiasradioreflejos.com.ar\/2021\/came-propone-a-kulfas-la-reapertura-escalonada-por-rubros-de-los-comercios\/#breadcrumb"},"inLanguage":"es","potentialAction":[{"@type":"ReadAction","target":["https:\/\/www.noticiasradioreflejos.com.ar\/2021\/came-propone-a-kulfas-la-reapertura-escalonada-por-rubros-de-los-comercios\/"]}]},{"@type":"BreadcrumbList","@id":"https:\/\/www.noticiasradioreflejos.com.ar\/2021\/came-propone-a-kulfas-la-reapertura-escalonada-por-rubros-de-los-comercios\/#breadcrumb","itemListElement":[{"@type":"ListItem","position":1,"name":"Portada","item":"https:\/\/www.noticiasradioreflejos.com.ar\/2021\/"},{"@type":"ListItem","position":2,"name":"CAME propone a Kulfas la reapertura escalonada por rubros de los comercios"}]},{"@type":"WebSite","@id":"https:\/\/www.noticiasradioreflejos.com.ar\/2021\/#website","url":"https:\/\/www.noticiasradioreflejos.com.ar\/2021\/","name":"Noticias Radio Reflejos","description":"Las noticias de mi comarca","potentialAction":[{"@type":"SearchAction","target":{"@type":"EntryPoint","urlTemplate":"https:\/\/www.noticiasradioreflejos.com.ar\/2021\/?s={search_term_string}"},"query-input":{"@type":"PropertyValueSpecification","valueRequired":true,"valueName":"search_term_string"}}],"inLanguage":"es"},{"@type":"Person","@id":"https:\/\/www.noticiasradioreflejos.com.ar\/2021\/#\/schema\/person\/ad82545263dcc5ec0996818884fd5fb1","name":"Arnaldo Botto","image":{"@type":"ImageObject","inLanguage":"es","@id":"https:\/\/www.noticiasradioreflejos.com.ar\/2021\/#\/schema\/person\/image\/","url":"https:\/\/secure.gravatar.com\/avatar\/55cb5e37c1efa326397366e6974cb338056df65cb50e7d64d1cf314e87504837?s=96&d=mm&r=g","contentUrl":"https:\/\/secure.gravatar.com\/avatar\/55cb5e37c1efa326397366e6974cb338056df65cb50e7d64d1cf314e87504837?s=96&d=mm&r=g","caption":"Arnaldo Botto"},"url":"https:\/\/www.noticiasradioreflejos.com.ar\/2021\/author\/arnaldo\/"}]}},"_links":{"self":[{"href":"https:\/\/www.noticiasradioreflejos.com.ar\/2021\/wp-json\/wp\/v2\/posts\/40879","targetHints":{"allow":["GET"]}}],"collection":[{"href":"https:\/\/www.noticiasradioreflejos.com.ar\/2021\/wp-json\/wp\/v2\/posts"}],"about":[{"href":"https:\/\/www.noticiasradioreflejos.com.ar\/2021\/wp-json\/wp\/v2\/types\/post"}],"author":[{"embeddable":true,"href":"https:\/\/www.noticiasradioreflejos.com.ar\/2021\/wp-json\/wp\/v2\/users\/3"}],"replies":[{"embeddable":true,"href":"https:\/\/www.noticiasradioreflejos.com.ar\/2021\/wp-json\/wp\/v2\/comments?post=40879"}],"version-history":[{"count":0,"href":"https:\/\/www.noticiasradioreflejos.com.ar\/2021\/wp-json\/wp\/v2\/posts\/40879\/revisions"}],"wp:attachment":[{"href":"https:\/\/www.noticiasradioreflejos.com.ar\/2021\/wp-json\/wp\/v2\/media?parent=40879"}],"wp:term":[{"taxonomy":"category","embeddable":true,"href":"https:\/\/www.noticiasradioreflejos.com.ar\/2021\/wp-json\/wp\/v2\/categories?post=40879"},{"taxonomy":"post_tag","embeddable":true,"href":"https:\/\/www.noticiasradioreflejos.com.ar\/2021\/wp-json\/wp\/v2\/tags?post=40879"}],"curies":[{"name":"wp","href":"https:\/\/api.w.org\/{rel}","templated":true}]}}