{"id":40866,"date":"2020-04-16T14:32:33","date_gmt":"2020-04-16T17:32:33","guid":{"rendered":"http:\/\/www.noticiasradioreflejos.com.ar\/noticias\/?p=40866"},"modified":"2020-04-16T14:32:33","modified_gmt":"2020-04-16T17:32:33","slug":"extienden-por-24hs-la-inscripcion-al-programa-de-asistencia-de-emergencia-al-trabajo-y-la-produccion","status":"publish","type":"post","link":"https:\/\/www.noticiasradioreflejos.com.ar\/2021\/extienden-por-24hs-la-inscripcion-al-programa-de-asistencia-de-emergencia-al-trabajo-y-la-produccion\/","title":{"rendered":"Extienden por 24hs la inscripci\u00f3n al Programa de Asistencia de Emergencia al Trabajo y la Producci\u00f3n"},"content":{"rendered":"<p>El Municipio de Tornquist comunica que se extiende el plazo para inscribirse en el Programa de Asistencia de Emergencia al Trabajo y Producci\u00f3n. Quienes quieran inscribirse, podr\u00e1n hacerlo durante todo el d\u00eda de hoy, 16 de Abril.<!--more--><\/p>\n<p>La Secretaria de Turismo, Producci\u00f3n, Comercio e Industria informa que se extendi\u00f3 el plazo para inscribirse en el Programa de Asistencia de Emergencia al Trabajo y la Producci\u00f3n. Los empleadores tendr\u00e1n la posibilidad de anotarse durante todo el d\u00eda de hoy.<br \/>\nTodos aquellos interesados en sumarse a este programa deber\u00e1n ingresar al sitio www.afip.gob.ar con Clave Fiscal, nivel de seguridad 3. Ser\u00e1 requisito para acceder al sistema mencionado, poseer Domicilio Fiscal Electr\u00f3nico<br \/>\nDicho programa abarca una serie de medidas para garantizar la producci\u00f3n y el empleo, disponiendo distintos beneficios, entre ellos la postergaci\u00f3n de los vencimientos para el pago de las contribuciones patronales al Sistema Integrado Previsional Argento de los empleadores que desarrollan actividades econ\u00f3micamente afectadas. El mismo comprende tambi\u00e9n a las Pymes tur\u00edsticas, como hoteles y agencias, clubes y federaciones.<\/p>\n","protected":false},"excerpt":{"rendered":"<p>El Municipio de Tornquist comunica que se extiende el plazo para inscribirse en el Programa de Asistencia de Emergencia al Trabajo y Producci\u00f3n. Quienes quieran inscribirse, podr\u00e1n hacerlo durante todo el d\u00eda de hoy, 16 de Abril.<\/p>\n","protected":false},"author":3,"featured_media":0,"comment_status":"closed","ping_status":"open","sticky":false,"template":"","format":"standard","meta":{"footnotes":""},"categories":[28],"tags":[],"class_list":["post-40866","post","type-post","status-publish","format-standard","hentry","category-municipales"],"yoast_head":"<!-- This site is optimized with the Yoast SEO plugin v25.9 - https:\/\/yoast.com\/wordpress\/plugins\/seo\/ -->\n<title>Extienden por 24hs la inscripci\u00f3n al Programa de Asistencia de Emergencia al Trabajo y la Producci\u00f3n - Noticias Radio Reflejos<\/title>\n<meta name=\"robots\" content=\"index, follow, max-snippet:-1, max-image-preview:large, max-video-preview:-1\" \/>\n<link rel=\"canonical\" href=\"https:\/\/www.noticiasradioreflejos.com.ar\/2021\/extienden-por-24hs-la-inscripcion-al-programa-de-asistencia-de-emergencia-al-trabajo-y-la-produccion\/\" \/>\n<meta property=\"og:locale\" content=\"es_ES\" \/>\n<meta property=\"og:type\" content=\"article\" \/>\n<meta property=\"og:title\" content=\"Extienden por 24hs la inscripci\u00f3n al Programa de Asistencia de Emergencia al Trabajo y la Producci\u00f3n - Noticias Radio Reflejos\" \/>\n<meta property=\"og:description\" content=\"El Municipio de Tornquist comunica que se extiende el plazo para inscribirse en el Programa de Asistencia de Emergencia al Trabajo y Producci\u00f3n. Quienes quieran inscribirse, podr\u00e1n hacerlo durante todo el d\u00eda de hoy, 16 de Abril.\" \/>\n<meta property=\"og:url\" content=\"https:\/\/www.noticiasradioreflejos.com.ar\/2021\/extienden-por-24hs-la-inscripcion-al-programa-de-asistencia-de-emergencia-al-trabajo-y-la-produccion\/\" \/>\n<meta property=\"og:site_name\" content=\"Noticias Radio Reflejos\" \/>\n<meta property=\"article:published_time\" content=\"2020-04-16T17:32:33+00:00\" \/>\n<meta property=\"og:image\" content=\"https:\/\/www.noticiasradioreflejos.com.ar\/2021\/wp-content\/uploads\/2021\/07\/logosol300x200.png\" \/>\n\t<meta property=\"og:image:width\" content=\"300\" \/>\n\t<meta property=\"og:image:height\" content=\"200\" \/>\n\t<meta property=\"og:image:type\" content=\"image\/png\" \/>\n<meta name=\"author\" content=\"Arnaldo Botto\" \/>\n<meta name=\"twitter:card\" content=\"summary_large_image\" \/>\n<script type=\"application\/ld+json\" class=\"yoast-schema-graph\">{\"@context\":\"https:\/\/schema.org\",\"@graph\":[{\"@type\":\"WebPage\",\"@id\":\"https:\/\/www.noticiasradioreflejos.com.ar\/2021\/extienden-por-24hs-la-inscripcion-al-programa-de-asistencia-de-emergencia-al-trabajo-y-la-produccion\/\",\"url\":\"https:\/\/www.noticiasradioreflejos.com.ar\/2021\/extienden-por-24hs-la-inscripcion-al-programa-de-asistencia-de-emergencia-al-trabajo-y-la-produccion\/\",\"name\":\"Extienden por 24hs la inscripci\u00f3n al Programa de Asistencia de Emergencia al Trabajo y la Producci\u00f3n - Noticias Radio Reflejos\",\"isPartOf\":{\"@id\":\"https:\/\/www.noticiasradioreflejos.com.ar\/2021\/#website\"},\"datePublished\":\"2020-04-16T17:32:33+00:00\",\"author\":{\"@id\":\"https:\/\/www.noticiasradioreflejos.com.ar\/2021\/#\/schema\/person\/ad82545263dcc5ec0996818884fd5fb1\"},\"breadcrumb\":{\"@id\":\"https:\/\/www.noticiasradioreflejos.com.ar\/2021\/extienden-por-24hs-la-inscripcion-al-programa-de-asistencia-de-emergencia-al-trabajo-y-la-produccion\/#breadcrumb\"},\"inLanguage\":\"es\",\"potentialAction\":[{\"@type\":\"ReadAction\",\"target\":[\"https:\/\/www.noticiasradioreflejos.com.ar\/2021\/extienden-por-24hs-la-inscripcion-al-programa-de-asistencia-de-emergencia-al-trabajo-y-la-produccion\/\"]}]},{\"@type\":\"BreadcrumbList\",\"@id\":\"https:\/\/www.noticiasradioreflejos.com.ar\/2021\/extienden-por-24hs-la-inscripcion-al-programa-de-asistencia-de-emergencia-al-trabajo-y-la-produccion\/#breadcrumb\",\"itemListElement\":[{\"@type\":\"ListItem\",\"position\":1,\"name\":\"Portada\",\"item\":\"https:\/\/www.noticiasradioreflejos.com.ar\/2021\/\"},{\"@type\":\"ListItem\",\"position\":2,\"name\":\"Extienden por 24hs la inscripci\u00f3n al Programa de Asistencia de Emergencia al Trabajo y la Producci\u00f3n\"}]},{\"@type\":\"WebSite\",\"@id\":\"https:\/\/www.noticiasradioreflejos.com.ar\/2021\/#website\",\"url\":\"https:\/\/www.noticiasradioreflejos.com.ar\/2021\/\",\"name\":\"Noticias Radio Reflejos\",\"description\":\"Las noticias de mi comarca\",\"potentialAction\":[{\"@type\":\"SearchAction\",\"target\":{\"@type\":\"EntryPoint\",\"urlTemplate\":\"https:\/\/www.noticiasradioreflejos.com.ar\/2021\/?s={search_term_string}\"},\"query-input\":{\"@type\":\"PropertyValueSpecification\",\"valueRequired\":true,\"valueName\":\"search_term_string\"}}],\"inLanguage\":\"es\"},{\"@type\":\"Person\",\"@id\":\"https:\/\/www.noticiasradioreflejos.com.ar\/2021\/#\/schema\/person\/ad82545263dcc5ec0996818884fd5fb1\",\"name\":\"Arnaldo Botto\",\"image\":{\"@type\":\"ImageObject\",\"inLanguage\":\"es\",\"@id\":\"https:\/\/www.noticiasradioreflejos.com.ar\/2021\/#\/schema\/person\/image\/\",\"url\":\"https:\/\/secure.gravatar.com\/avatar\/55cb5e37c1efa326397366e6974cb338056df65cb50e7d64d1cf314e87504837?s=96&d=mm&r=g\",\"contentUrl\":\"https:\/\/secure.gravatar.com\/avatar\/55cb5e37c1efa326397366e6974cb338056df65cb50e7d64d1cf314e87504837?s=96&d=mm&r=g\",\"caption\":\"Arnaldo Botto\"},\"url\":\"https:\/\/www.noticiasradioreflejos.com.ar\/2021\/author\/arnaldo\/\"}]}<\/script>\n<!-- \/ Yoast SEO plugin. -->","yoast_head_json":{"title":"Extienden por 24hs la inscripci\u00f3n al Programa de Asistencia de Emergencia al Trabajo y la Producci\u00f3n - Noticias Radio Reflejos","robots":{"index":"index","follow":"follow","max-snippet":"max-snippet:-1","max-image-preview":"max-image-preview:large","max-video-preview":"max-video-preview:-1"},"canonical":"https:\/\/www.noticiasradioreflejos.com.ar\/2021\/extienden-por-24hs-la-inscripcion-al-programa-de-asistencia-de-emergencia-al-trabajo-y-la-produccion\/","og_locale":"es_ES","og_type":"article","og_title":"Extienden por 24hs la inscripci\u00f3n al Programa de Asistencia de Emergencia al Trabajo y la Producci\u00f3n - Noticias Radio Reflejos","og_description":"El Municipio de Tornquist comunica que se extiende el plazo para inscribirse en el Programa de Asistencia de Emergencia al Trabajo y Producci\u00f3n. Quienes quieran inscribirse, podr\u00e1n hacerlo durante todo el d\u00eda de hoy, 16 de Abril.","og_url":"https:\/\/www.noticiasradioreflejos.com.ar\/2021\/extienden-por-24hs-la-inscripcion-al-programa-de-asistencia-de-emergencia-al-trabajo-y-la-produccion\/","og_site_name":"Noticias Radio Reflejos","article_published_time":"2020-04-16T17:32:33+00:00","og_image":[{"width":300,"height":200,"url":"https:\/\/www.noticiasradioreflejos.com.ar\/2021\/wp-content\/uploads\/2021\/07\/logosol300x200.png","type":"image\/png"}],"author":"Arnaldo Botto","twitter_card":"summary_large_image","schema":{"@context":"https:\/\/schema.org","@graph":[{"@type":"WebPage","@id":"https:\/\/www.noticiasradioreflejos.com.ar\/2021\/extienden-por-24hs-la-inscripcion-al-programa-de-asistencia-de-emergencia-al-trabajo-y-la-produccion\/","url":"https:\/\/www.noticiasradioreflejos.com.ar\/2021\/extienden-por-24hs-la-inscripcion-al-programa-de-asistencia-de-emergencia-al-trabajo-y-la-produccion\/","name":"Extienden por 24hs la inscripci\u00f3n al Programa de Asistencia de Emergencia al Trabajo y la Producci\u00f3n - Noticias Radio Reflejos","isPartOf":{"@id":"https:\/\/www.noticiasradioreflejos.com.ar\/2021\/#website"},"datePublished":"2020-04-16T17:32:33+00:00","author":{"@id":"https:\/\/www.noticiasradioreflejos.com.ar\/2021\/#\/schema\/person\/ad82545263dcc5ec0996818884fd5fb1"},"breadcrumb":{"@id":"https:\/\/www.noticiasradioreflejos.com.ar\/2021\/extienden-por-24hs-la-inscripcion-al-programa-de-asistencia-de-emergencia-al-trabajo-y-la-produccion\/#breadcrumb"},"inLanguage":"es","potentialAction":[{"@type":"ReadAction","target":["https:\/\/www.noticiasradioreflejos.com.ar\/2021\/extienden-por-24hs-la-inscripcion-al-programa-de-asistencia-de-emergencia-al-trabajo-y-la-produccion\/"]}]},{"@type":"BreadcrumbList","@id":"https:\/\/www.noticiasradioreflejos.com.ar\/2021\/extienden-por-24hs-la-inscripcion-al-programa-de-asistencia-de-emergencia-al-trabajo-y-la-produccion\/#breadcrumb","itemListElement":[{"@type":"ListItem","position":1,"name":"Portada","item":"https:\/\/www.noticiasradioreflejos.com.ar\/2021\/"},{"@type":"ListItem","position":2,"name":"Extienden por 24hs la inscripci\u00f3n al Programa de Asistencia de Emergencia al Trabajo y la Producci\u00f3n"}]},{"@type":"WebSite","@id":"https:\/\/www.noticiasradioreflejos.com.ar\/2021\/#website","url":"https:\/\/www.noticiasradioreflejos.com.ar\/2021\/","name":"Noticias Radio Reflejos","description":"Las noticias de mi comarca","potentialAction":[{"@type":"SearchAction","target":{"@type":"EntryPoint","urlTemplate":"https:\/\/www.noticiasradioreflejos.com.ar\/2021\/?s={search_term_string}"},"query-input":{"@type":"PropertyValueSpecification","valueRequired":true,"valueName":"search_term_string"}}],"inLanguage":"es"},{"@type":"Person","@id":"https:\/\/www.noticiasradioreflejos.com.ar\/2021\/#\/schema\/person\/ad82545263dcc5ec0996818884fd5fb1","name":"Arnaldo Botto","image":{"@type":"ImageObject","inLanguage":"es","@id":"https:\/\/www.noticiasradioreflejos.com.ar\/2021\/#\/schema\/person\/image\/","url":"https:\/\/secure.gravatar.com\/avatar\/55cb5e37c1efa326397366e6974cb338056df65cb50e7d64d1cf314e87504837?s=96&d=mm&r=g","contentUrl":"https:\/\/secure.gravatar.com\/avatar\/55cb5e37c1efa326397366e6974cb338056df65cb50e7d64d1cf314e87504837?s=96&d=mm&r=g","caption":"Arnaldo Botto"},"url":"https:\/\/www.noticiasradioreflejos.com.ar\/2021\/author\/arnaldo\/"}]}},"_links":{"self":[{"href":"https:\/\/www.noticiasradioreflejos.com.ar\/2021\/wp-json\/wp\/v2\/posts\/40866","targetHints":{"allow":["GET"]}}],"collection":[{"href":"https:\/\/www.noticiasradioreflejos.com.ar\/2021\/wp-json\/wp\/v2\/posts"}],"about":[{"href":"https:\/\/www.noticiasradioreflejos.com.ar\/2021\/wp-json\/wp\/v2\/types\/post"}],"author":[{"embeddable":true,"href":"https:\/\/www.noticiasradioreflejos.com.ar\/2021\/wp-json\/wp\/v2\/users\/3"}],"replies":[{"embeddable":true,"href":"https:\/\/www.noticiasradioreflejos.com.ar\/2021\/wp-json\/wp\/v2\/comments?post=40866"}],"version-history":[{"count":0,"href":"https:\/\/www.noticiasradioreflejos.com.ar\/2021\/wp-json\/wp\/v2\/posts\/40866\/revisions"}],"wp:attachment":[{"href":"https:\/\/www.noticiasradioreflejos.com.ar\/2021\/wp-json\/wp\/v2\/media?parent=40866"}],"wp:term":[{"taxonomy":"category","embeddable":true,"href":"https:\/\/www.noticiasradioreflejos.com.ar\/2021\/wp-json\/wp\/v2\/categories?post=40866"},{"taxonomy":"post_tag","embeddable":true,"href":"https:\/\/www.noticiasradioreflejos.com.ar\/2021\/wp-json\/wp\/v2\/tags?post=40866"}],"curies":[{"name":"wp","href":"https:\/\/api.w.org\/{rel}","templated":true}]}}