{"id":40848,"date":"2020-04-16T08:19:08","date_gmt":"2020-04-16T11:19:08","guid":{"rendered":"http:\/\/www.noticiasradioreflejos.com.ar\/noticias\/?p=40848"},"modified":"2020-04-16T08:19:08","modified_gmt":"2020-04-16T11:19:08","slug":"oficializan-traspaso-a-turismo-de-hoteles-del-complejo-chapadmalal-para-enfermos-de-coronavirus","status":"publish","type":"post","link":"https:\/\/www.noticiasradioreflejos.com.ar\/2021\/oficializan-traspaso-a-turismo-de-hoteles-del-complejo-chapadmalal-para-enfermos-de-coronavirus\/","title":{"rendered":"Oficializan traspaso a Turismo de hoteles del complejo Chapadmalal para enfermos de coronavirus"},"content":{"rendered":"<p>(Telam) &#8211; La Administraci\u00f3n de Bienes del Estado (AABE) oficializ\u00f3 hoy el traspaso de algunos hoteles del complejo tur\u00edstico Chapadmalal, en el distrito bonaerense de General Pueyrred\u00f3n, de la \u00f3rbita del ministerio de Seguridad al ministerio de Turismo y Deporte, que ya decidi\u00f3 que all\u00ed se alojar\u00e1n enfermos leves de coronavirus. As\u00ed se dispuso en la resoluci\u00f3n 31, publicada hoy en el Bolet\u00edn Oficial, que lleva la firma del titular de la AABE, Mart\u00edn Cosentino.<!--more--><\/p>\n<p>En el marco de la emergencia sanitaria por la pandemia, la AABE cedi\u00f3 al ministerio de Turismo, cuyo titular es Mat\u00edas Lammens, el uso de los hoteles 7 y 8 del complejo de Chapadmalal, que hab\u00eda sido asignado a Gendarmer\u00eda Nacional por el gobierno anterior.<\/p>\n<p>Tras la oficializaci\u00f3n del traspaso de la administraci\u00f3n de los hoteles a manos del ministerio de Turismo, desde la Agencia de Bienes del Estado se\u00f1alaron que con la resoluci\u00f3n \u201cse ampliar\u00e1 tres veces m\u00e1s la capacidad de alojamiento en la zona y se podr\u00e1 comenzar con las adecuaciones sanitarias para utilizar los hoteles como unidades de aislamiento extra hospitalarias\u201d.<\/p>\n<p>\u00abLa medida, coordinada de forma conjunta entre autoridades municipales, provinciales y nacionales, tiene como objetivo que dichas personas puedan cumplir con el aislamiento dispuesto por el Poder Ejecutivo Nacional. A su vez, las plazas podr\u00e1n ampliarse o disminuirse de acuerdo a la evoluci\u00f3n de la pandemia y de las medidas que se adopten en consecuencia\u00bb, destaca un comunicado de la AABE.<\/p>\n<p>Adem\u00e1s, se record\u00f3 que este m\u00edtico complejo tur\u00edstico social, ubicado a 23 kil\u00f3metros de la ciudad balnearia de Mar del Plata, hab\u00eda sido cedido por el gobierno anterior a la Gendarmer\u00eda Nacional para que funcione una escuela de gendarmes, que nunca lleg\u00f3 a ponerse en marcha.<\/p>\n<p>Al inicio de la pandemia, la Agencia de Bienes del Estado resolvi\u00f3 ceder un \u00e1rea del complejo creado por el presidente Juan Domingo Per\u00f3n, para que all\u00ed se aloje a 100 personas que viven en las calles del partido de General Pueyrred\u00f3n.<\/p>\n<p>En tanto, tambi\u00e9n se inform\u00f3 que el ministerio de Turismo y el organismo nacional \u201cest\u00e1n trabajando para acondicionar con calefacci\u00f3n, camas, ropa blanca y otras necesidades a las 350 habitaciones distribuidas entre los hoteles 1, 2, 5 y 9 del complejo\u201d.<\/p>\n","protected":false},"excerpt":{"rendered":"<p>(Telam) &#8211; La Administraci\u00f3n de Bienes del Estado (AABE) oficializ\u00f3 hoy el traspaso de algunos hoteles del complejo tur\u00edstico Chapadmalal, en el distrito bonaerense de General Pueyrred\u00f3n, de la \u00f3rbita del ministerio de Seguridad al ministerio de Turismo y Deporte, que ya decidi\u00f3 que all\u00ed se alojar\u00e1n enfermos leves de coronavirus. As\u00ed se dispuso en [&hellip;]<\/p>\n","protected":false},"author":3,"featured_media":0,"comment_status":"closed","ping_status":"open","sticky":false,"template":"","format":"standard","meta":{"footnotes":""},"categories":[30],"tags":[],"class_list":["post-40848","post","type-post","status-publish","format-standard","hentry","category-salud"],"yoast_head":"<!-- This site is optimized with the Yoast SEO plugin v25.9 - https:\/\/yoast.com\/wordpress\/plugins\/seo\/ -->\n<title>Oficializan traspaso a Turismo de hoteles del complejo Chapadmalal para enfermos de coronavirus - Noticias Radio Reflejos<\/title>\n<meta name=\"robots\" content=\"index, follow, max-snippet:-1, max-image-preview:large, max-video-preview:-1\" \/>\n<link rel=\"canonical\" href=\"https:\/\/www.noticiasradioreflejos.com.ar\/2021\/oficializan-traspaso-a-turismo-de-hoteles-del-complejo-chapadmalal-para-enfermos-de-coronavirus\/\" \/>\n<meta property=\"og:locale\" content=\"es_ES\" \/>\n<meta property=\"og:type\" content=\"article\" \/>\n<meta property=\"og:title\" content=\"Oficializan traspaso a Turismo de hoteles del complejo Chapadmalal para enfermos de coronavirus - Noticias Radio Reflejos\" \/>\n<meta property=\"og:description\" content=\"(Telam) &#8211; La Administraci\u00f3n de Bienes del Estado (AABE) oficializ\u00f3 hoy el traspaso de algunos hoteles del complejo tur\u00edstico Chapadmalal, en el distrito bonaerense de General Pueyrred\u00f3n, de la \u00f3rbita del ministerio de Seguridad al ministerio de Turismo y Deporte, que ya decidi\u00f3 que all\u00ed se alojar\u00e1n enfermos leves de coronavirus. As\u00ed se dispuso en [&hellip;]\" \/>\n<meta property=\"og:url\" content=\"https:\/\/www.noticiasradioreflejos.com.ar\/2021\/oficializan-traspaso-a-turismo-de-hoteles-del-complejo-chapadmalal-para-enfermos-de-coronavirus\/\" \/>\n<meta property=\"og:site_name\" content=\"Noticias Radio Reflejos\" \/>\n<meta property=\"article:published_time\" content=\"2020-04-16T11:19:08+00:00\" \/>\n<meta property=\"og:image\" content=\"https:\/\/www.noticiasradioreflejos.com.ar\/2021\/wp-content\/uploads\/2021\/07\/logosol300x200.png\" \/>\n\t<meta property=\"og:image:width\" content=\"300\" \/>\n\t<meta property=\"og:image:height\" content=\"200\" \/>\n\t<meta property=\"og:image:type\" content=\"image\/png\" \/>\n<meta name=\"author\" content=\"Arnaldo Botto\" \/>\n<meta name=\"twitter:card\" content=\"summary_large_image\" \/>\n<script type=\"application\/ld+json\" class=\"yoast-schema-graph\">{\"@context\":\"https:\/\/schema.org\",\"@graph\":[{\"@type\":\"WebPage\",\"@id\":\"https:\/\/www.noticiasradioreflejos.com.ar\/2021\/oficializan-traspaso-a-turismo-de-hoteles-del-complejo-chapadmalal-para-enfermos-de-coronavirus\/\",\"url\":\"https:\/\/www.noticiasradioreflejos.com.ar\/2021\/oficializan-traspaso-a-turismo-de-hoteles-del-complejo-chapadmalal-para-enfermos-de-coronavirus\/\",\"name\":\"Oficializan traspaso a Turismo de hoteles del complejo Chapadmalal para enfermos de coronavirus - Noticias Radio Reflejos\",\"isPartOf\":{\"@id\":\"https:\/\/www.noticiasradioreflejos.com.ar\/2021\/#website\"},\"datePublished\":\"2020-04-16T11:19:08+00:00\",\"author\":{\"@id\":\"https:\/\/www.noticiasradioreflejos.com.ar\/2021\/#\/schema\/person\/ad82545263dcc5ec0996818884fd5fb1\"},\"breadcrumb\":{\"@id\":\"https:\/\/www.noticiasradioreflejos.com.ar\/2021\/oficializan-traspaso-a-turismo-de-hoteles-del-complejo-chapadmalal-para-enfermos-de-coronavirus\/#breadcrumb\"},\"inLanguage\":\"es\",\"potentialAction\":[{\"@type\":\"ReadAction\",\"target\":[\"https:\/\/www.noticiasradioreflejos.com.ar\/2021\/oficializan-traspaso-a-turismo-de-hoteles-del-complejo-chapadmalal-para-enfermos-de-coronavirus\/\"]}]},{\"@type\":\"BreadcrumbList\",\"@id\":\"https:\/\/www.noticiasradioreflejos.com.ar\/2021\/oficializan-traspaso-a-turismo-de-hoteles-del-complejo-chapadmalal-para-enfermos-de-coronavirus\/#breadcrumb\",\"itemListElement\":[{\"@type\":\"ListItem\",\"position\":1,\"name\":\"Portada\",\"item\":\"https:\/\/www.noticiasradioreflejos.com.ar\/2021\/\"},{\"@type\":\"ListItem\",\"position\":2,\"name\":\"Oficializan traspaso a Turismo de hoteles del complejo Chapadmalal para enfermos de coronavirus\"}]},{\"@type\":\"WebSite\",\"@id\":\"https:\/\/www.noticiasradioreflejos.com.ar\/2021\/#website\",\"url\":\"https:\/\/www.noticiasradioreflejos.com.ar\/2021\/\",\"name\":\"Noticias Radio Reflejos\",\"description\":\"Las noticias de mi comarca\",\"potentialAction\":[{\"@type\":\"SearchAction\",\"target\":{\"@type\":\"EntryPoint\",\"urlTemplate\":\"https:\/\/www.noticiasradioreflejos.com.ar\/2021\/?s={search_term_string}\"},\"query-input\":{\"@type\":\"PropertyValueSpecification\",\"valueRequired\":true,\"valueName\":\"search_term_string\"}}],\"inLanguage\":\"es\"},{\"@type\":\"Person\",\"@id\":\"https:\/\/www.noticiasradioreflejos.com.ar\/2021\/#\/schema\/person\/ad82545263dcc5ec0996818884fd5fb1\",\"name\":\"Arnaldo Botto\",\"image\":{\"@type\":\"ImageObject\",\"inLanguage\":\"es\",\"@id\":\"https:\/\/www.noticiasradioreflejos.com.ar\/2021\/#\/schema\/person\/image\/\",\"url\":\"https:\/\/secure.gravatar.com\/avatar\/55cb5e37c1efa326397366e6974cb338056df65cb50e7d64d1cf314e87504837?s=96&d=mm&r=g\",\"contentUrl\":\"https:\/\/secure.gravatar.com\/avatar\/55cb5e37c1efa326397366e6974cb338056df65cb50e7d64d1cf314e87504837?s=96&d=mm&r=g\",\"caption\":\"Arnaldo Botto\"},\"url\":\"https:\/\/www.noticiasradioreflejos.com.ar\/2021\/author\/arnaldo\/\"}]}<\/script>\n<!-- \/ Yoast SEO plugin. -->","yoast_head_json":{"title":"Oficializan traspaso a Turismo de hoteles del complejo Chapadmalal para enfermos de coronavirus - Noticias Radio Reflejos","robots":{"index":"index","follow":"follow","max-snippet":"max-snippet:-1","max-image-preview":"max-image-preview:large","max-video-preview":"max-video-preview:-1"},"canonical":"https:\/\/www.noticiasradioreflejos.com.ar\/2021\/oficializan-traspaso-a-turismo-de-hoteles-del-complejo-chapadmalal-para-enfermos-de-coronavirus\/","og_locale":"es_ES","og_type":"article","og_title":"Oficializan traspaso a Turismo de hoteles del complejo Chapadmalal para enfermos de coronavirus - Noticias Radio Reflejos","og_description":"(Telam) &#8211; La Administraci\u00f3n de Bienes del Estado (AABE) oficializ\u00f3 hoy el traspaso de algunos hoteles del complejo tur\u00edstico Chapadmalal, en el distrito bonaerense de General Pueyrred\u00f3n, de la \u00f3rbita del ministerio de Seguridad al ministerio de Turismo y Deporte, que ya decidi\u00f3 que all\u00ed se alojar\u00e1n enfermos leves de coronavirus. As\u00ed se dispuso en [&hellip;]","og_url":"https:\/\/www.noticiasradioreflejos.com.ar\/2021\/oficializan-traspaso-a-turismo-de-hoteles-del-complejo-chapadmalal-para-enfermos-de-coronavirus\/","og_site_name":"Noticias Radio Reflejos","article_published_time":"2020-04-16T11:19:08+00:00","og_image":[{"width":300,"height":200,"url":"https:\/\/www.noticiasradioreflejos.com.ar\/2021\/wp-content\/uploads\/2021\/07\/logosol300x200.png","type":"image\/png"}],"author":"Arnaldo Botto","twitter_card":"summary_large_image","schema":{"@context":"https:\/\/schema.org","@graph":[{"@type":"WebPage","@id":"https:\/\/www.noticiasradioreflejos.com.ar\/2021\/oficializan-traspaso-a-turismo-de-hoteles-del-complejo-chapadmalal-para-enfermos-de-coronavirus\/","url":"https:\/\/www.noticiasradioreflejos.com.ar\/2021\/oficializan-traspaso-a-turismo-de-hoteles-del-complejo-chapadmalal-para-enfermos-de-coronavirus\/","name":"Oficializan traspaso a Turismo de hoteles del complejo Chapadmalal para enfermos de coronavirus - Noticias Radio Reflejos","isPartOf":{"@id":"https:\/\/www.noticiasradioreflejos.com.ar\/2021\/#website"},"datePublished":"2020-04-16T11:19:08+00:00","author":{"@id":"https:\/\/www.noticiasradioreflejos.com.ar\/2021\/#\/schema\/person\/ad82545263dcc5ec0996818884fd5fb1"},"breadcrumb":{"@id":"https:\/\/www.noticiasradioreflejos.com.ar\/2021\/oficializan-traspaso-a-turismo-de-hoteles-del-complejo-chapadmalal-para-enfermos-de-coronavirus\/#breadcrumb"},"inLanguage":"es","potentialAction":[{"@type":"ReadAction","target":["https:\/\/www.noticiasradioreflejos.com.ar\/2021\/oficializan-traspaso-a-turismo-de-hoteles-del-complejo-chapadmalal-para-enfermos-de-coronavirus\/"]}]},{"@type":"BreadcrumbList","@id":"https:\/\/www.noticiasradioreflejos.com.ar\/2021\/oficializan-traspaso-a-turismo-de-hoteles-del-complejo-chapadmalal-para-enfermos-de-coronavirus\/#breadcrumb","itemListElement":[{"@type":"ListItem","position":1,"name":"Portada","item":"https:\/\/www.noticiasradioreflejos.com.ar\/2021\/"},{"@type":"ListItem","position":2,"name":"Oficializan traspaso a Turismo de hoteles del complejo Chapadmalal para enfermos de coronavirus"}]},{"@type":"WebSite","@id":"https:\/\/www.noticiasradioreflejos.com.ar\/2021\/#website","url":"https:\/\/www.noticiasradioreflejos.com.ar\/2021\/","name":"Noticias Radio Reflejos","description":"Las noticias de mi comarca","potentialAction":[{"@type":"SearchAction","target":{"@type":"EntryPoint","urlTemplate":"https:\/\/www.noticiasradioreflejos.com.ar\/2021\/?s={search_term_string}"},"query-input":{"@type":"PropertyValueSpecification","valueRequired":true,"valueName":"search_term_string"}}],"inLanguage":"es"},{"@type":"Person","@id":"https:\/\/www.noticiasradioreflejos.com.ar\/2021\/#\/schema\/person\/ad82545263dcc5ec0996818884fd5fb1","name":"Arnaldo Botto","image":{"@type":"ImageObject","inLanguage":"es","@id":"https:\/\/www.noticiasradioreflejos.com.ar\/2021\/#\/schema\/person\/image\/","url":"https:\/\/secure.gravatar.com\/avatar\/55cb5e37c1efa326397366e6974cb338056df65cb50e7d64d1cf314e87504837?s=96&d=mm&r=g","contentUrl":"https:\/\/secure.gravatar.com\/avatar\/55cb5e37c1efa326397366e6974cb338056df65cb50e7d64d1cf314e87504837?s=96&d=mm&r=g","caption":"Arnaldo Botto"},"url":"https:\/\/www.noticiasradioreflejos.com.ar\/2021\/author\/arnaldo\/"}]}},"_links":{"self":[{"href":"https:\/\/www.noticiasradioreflejos.com.ar\/2021\/wp-json\/wp\/v2\/posts\/40848","targetHints":{"allow":["GET"]}}],"collection":[{"href":"https:\/\/www.noticiasradioreflejos.com.ar\/2021\/wp-json\/wp\/v2\/posts"}],"about":[{"href":"https:\/\/www.noticiasradioreflejos.com.ar\/2021\/wp-json\/wp\/v2\/types\/post"}],"author":[{"embeddable":true,"href":"https:\/\/www.noticiasradioreflejos.com.ar\/2021\/wp-json\/wp\/v2\/users\/3"}],"replies":[{"embeddable":true,"href":"https:\/\/www.noticiasradioreflejos.com.ar\/2021\/wp-json\/wp\/v2\/comments?post=40848"}],"version-history":[{"count":0,"href":"https:\/\/www.noticiasradioreflejos.com.ar\/2021\/wp-json\/wp\/v2\/posts\/40848\/revisions"}],"wp:attachment":[{"href":"https:\/\/www.noticiasradioreflejos.com.ar\/2021\/wp-json\/wp\/v2\/media?parent=40848"}],"wp:term":[{"taxonomy":"category","embeddable":true,"href":"https:\/\/www.noticiasradioreflejos.com.ar\/2021\/wp-json\/wp\/v2\/categories?post=40848"},{"taxonomy":"post_tag","embeddable":true,"href":"https:\/\/www.noticiasradioreflejos.com.ar\/2021\/wp-json\/wp\/v2\/tags?post=40848"}],"curies":[{"name":"wp","href":"https:\/\/api.w.org\/{rel}","templated":true}]}}