{"id":40797,"date":"2020-04-15T12:39:59","date_gmt":"2020-04-15T15:39:59","guid":{"rendered":"http:\/\/www.noticiasradioreflejos.com.ar\/noticias\/?p=40797"},"modified":"2020-04-15T12:39:59","modified_gmt":"2020-04-15T15:39:59","slug":"consideraciones-a-tener-en-cuenta-en-relacion-covid-19","status":"publish","type":"post","link":"https:\/\/www.noticiasradioreflejos.com.ar\/2021\/consideraciones-a-tener-en-cuenta-en-relacion-covid-19\/","title":{"rendered":"Consideraciones a tener en cuenta en relaci\u00f3n COVID-19"},"content":{"rendered":"<p>El municipio de Tornquist envi\u00f3 algunas consideraciones sobre el Coronavirus para mantener a la poblaci\u00f3n informada, evitar malentendidos y cuidarnos entre todos.<!--more--><\/p>\n<p>El VIRUS NO es un organismo vivo. Es una prote\u00edna (ARN) cubierta por una capa protectora de grasa que al ser absorbido por las c\u00e9lulas de las mucosas ocular, nasal y bucal cambia el c\u00f3digo gen\u00e9tico de \u00e9stas (mutaci\u00f3n) y las convierte en c\u00e9lulas agresoras.<br \/>\nAl no ser un organismo vivo (como una bacteria) NO sirven los bactericidas. NO se puede matar con antibi\u00f3ticos, el virus se desintegra rompiendo su cadena de PROPAGACI\u00d3N Y MUTACION.<br \/>\nNo puede atravesar la piel sana, pero como ya dijimos, si atraviesa las mucosas (ojos nariz boca) y se conserva muy estable en ambientes FR\u00cdOS, H\u00daMEDOS Y OSCUROS.<br \/>\nEl calor lo afecta porque cambia el estado de materia grasa de su capa protectora, por lo que es bueno usar el agua a m\u00e1s de 25\u00ba C para lavarse las manos, ropa y el lugar en donde estemos.<br \/>\nEl VIRUS fuera de las c\u00e9lulas, pegado a una superficie inerte, se desintegra en un tiempo que ser\u00e1 de m\u00e1s o menos horas, dependiendo del material en el que se encuentre: 3hr. en tela porosa ; 4hr. en madera y cobre; 24hs. en cart\u00f3n; 42 hs. sobre metal; 72 hs. sobre pl\u00e1sticos.<br \/>\nEl VIRUS en s\u00ed, es muy fr\u00e1gil, lo \u00fanico que lo protege, es su capa externa de grasa, pero como \u00e9sta es muy fina, cualquier jab\u00f3n con espuma la disuelve si mantenemos el contacto por 20\u2019\u2019 o m\u00e1s durante el lavado.<br \/>\nEl alcohol a m\u00e1s de 65% DISUELVE CUALQUIER GRASA, incluida su capa l\u00edpida externa. Por este motivo se lo recomienda como alternativa al agua y jab\u00f3n si no se dispone de ellos.<br \/>\nEl Cloro, es otro qu\u00edmico que act\u00faa inactiv\u00e1ndolo, porque disuelve prote\u00ednas, entonces, una parte de CLORO en 5 partes de agua es indicado para limpiar superficies.<br \/>\nEl agua oxigenada pura, tambi\u00e9n disuelve prote\u00ednas, por lo que es otra alternativa, pero hay que tener en cuenta que puede lastimar la piel generando irritaciones y hasta quemaduras ll.<br \/>\nOtra recomendaci\u00f3n valiosa para tener en cuenta, es usar la mano no dominante al abrir las puertas de casas, oficinas, ba\u00f1os, negocios, transporte etc. ya que es m\u00e1s dif\u00edcil que nos toquemos la boca, la nariz o los ojos, con esa mano.<br \/>\nGracias por quedarse en casa.<\/p>\n","protected":false},"excerpt":{"rendered":"<p>El municipio de Tornquist envi\u00f3 algunas consideraciones sobre el Coronavirus para mantener a la poblaci\u00f3n informada, evitar malentendidos y cuidarnos entre todos.<\/p>\n","protected":false},"author":3,"featured_media":0,"comment_status":"closed","ping_status":"open","sticky":false,"template":"","format":"standard","meta":{"footnotes":""},"categories":[30],"tags":[],"class_list":["post-40797","post","type-post","status-publish","format-standard","hentry","category-salud"],"yoast_head":"<!-- This site is optimized with the Yoast SEO plugin v25.9 - https:\/\/yoast.com\/wordpress\/plugins\/seo\/ -->\n<title>Consideraciones a tener en cuenta en relaci\u00f3n COVID-19 - Noticias Radio Reflejos<\/title>\n<meta name=\"robots\" content=\"index, follow, max-snippet:-1, max-image-preview:large, max-video-preview:-1\" \/>\n<link rel=\"canonical\" href=\"https:\/\/www.noticiasradioreflejos.com.ar\/2021\/consideraciones-a-tener-en-cuenta-en-relacion-covid-19\/\" \/>\n<meta property=\"og:locale\" content=\"es_ES\" \/>\n<meta property=\"og:type\" content=\"article\" \/>\n<meta property=\"og:title\" content=\"Consideraciones a tener en cuenta en relaci\u00f3n COVID-19 - Noticias Radio Reflejos\" \/>\n<meta property=\"og:description\" content=\"El municipio de Tornquist envi\u00f3 algunas consideraciones sobre el Coronavirus para mantener a la poblaci\u00f3n informada, evitar malentendidos y cuidarnos entre todos.\" \/>\n<meta property=\"og:url\" content=\"https:\/\/www.noticiasradioreflejos.com.ar\/2021\/consideraciones-a-tener-en-cuenta-en-relacion-covid-19\/\" \/>\n<meta property=\"og:site_name\" content=\"Noticias Radio Reflejos\" \/>\n<meta property=\"article:published_time\" content=\"2020-04-15T15:39:59+00:00\" \/>\n<meta property=\"og:image\" content=\"https:\/\/www.noticiasradioreflejos.com.ar\/2021\/wp-content\/uploads\/2021\/07\/logosol300x200.png\" \/>\n\t<meta property=\"og:image:width\" content=\"300\" \/>\n\t<meta property=\"og:image:height\" content=\"200\" \/>\n\t<meta property=\"og:image:type\" content=\"image\/png\" \/>\n<meta name=\"author\" content=\"Arnaldo Botto\" \/>\n<meta name=\"twitter:card\" content=\"summary_large_image\" \/>\n<script type=\"application\/ld+json\" class=\"yoast-schema-graph\">{\"@context\":\"https:\/\/schema.org\",\"@graph\":[{\"@type\":\"WebPage\",\"@id\":\"https:\/\/www.noticiasradioreflejos.com.ar\/2021\/consideraciones-a-tener-en-cuenta-en-relacion-covid-19\/\",\"url\":\"https:\/\/www.noticiasradioreflejos.com.ar\/2021\/consideraciones-a-tener-en-cuenta-en-relacion-covid-19\/\",\"name\":\"Consideraciones a tener en cuenta en relaci\u00f3n COVID-19 - Noticias Radio Reflejos\",\"isPartOf\":{\"@id\":\"https:\/\/www.noticiasradioreflejos.com.ar\/2021\/#website\"},\"datePublished\":\"2020-04-15T15:39:59+00:00\",\"author\":{\"@id\":\"https:\/\/www.noticiasradioreflejos.com.ar\/2021\/#\/schema\/person\/ad82545263dcc5ec0996818884fd5fb1\"},\"breadcrumb\":{\"@id\":\"https:\/\/www.noticiasradioreflejos.com.ar\/2021\/consideraciones-a-tener-en-cuenta-en-relacion-covid-19\/#breadcrumb\"},\"inLanguage\":\"es\",\"potentialAction\":[{\"@type\":\"ReadAction\",\"target\":[\"https:\/\/www.noticiasradioreflejos.com.ar\/2021\/consideraciones-a-tener-en-cuenta-en-relacion-covid-19\/\"]}]},{\"@type\":\"BreadcrumbList\",\"@id\":\"https:\/\/www.noticiasradioreflejos.com.ar\/2021\/consideraciones-a-tener-en-cuenta-en-relacion-covid-19\/#breadcrumb\",\"itemListElement\":[{\"@type\":\"ListItem\",\"position\":1,\"name\":\"Portada\",\"item\":\"https:\/\/www.noticiasradioreflejos.com.ar\/2021\/\"},{\"@type\":\"ListItem\",\"position\":2,\"name\":\"Consideraciones a tener en cuenta en relaci\u00f3n COVID-19\"}]},{\"@type\":\"WebSite\",\"@id\":\"https:\/\/www.noticiasradioreflejos.com.ar\/2021\/#website\",\"url\":\"https:\/\/www.noticiasradioreflejos.com.ar\/2021\/\",\"name\":\"Noticias Radio Reflejos\",\"description\":\"Las noticias de mi comarca\",\"potentialAction\":[{\"@type\":\"SearchAction\",\"target\":{\"@type\":\"EntryPoint\",\"urlTemplate\":\"https:\/\/www.noticiasradioreflejos.com.ar\/2021\/?s={search_term_string}\"},\"query-input\":{\"@type\":\"PropertyValueSpecification\",\"valueRequired\":true,\"valueName\":\"search_term_string\"}}],\"inLanguage\":\"es\"},{\"@type\":\"Person\",\"@id\":\"https:\/\/www.noticiasradioreflejos.com.ar\/2021\/#\/schema\/person\/ad82545263dcc5ec0996818884fd5fb1\",\"name\":\"Arnaldo Botto\",\"image\":{\"@type\":\"ImageObject\",\"inLanguage\":\"es\",\"@id\":\"https:\/\/www.noticiasradioreflejos.com.ar\/2021\/#\/schema\/person\/image\/\",\"url\":\"https:\/\/secure.gravatar.com\/avatar\/55cb5e37c1efa326397366e6974cb338056df65cb50e7d64d1cf314e87504837?s=96&d=mm&r=g\",\"contentUrl\":\"https:\/\/secure.gravatar.com\/avatar\/55cb5e37c1efa326397366e6974cb338056df65cb50e7d64d1cf314e87504837?s=96&d=mm&r=g\",\"caption\":\"Arnaldo Botto\"},\"url\":\"https:\/\/www.noticiasradioreflejos.com.ar\/2021\/author\/arnaldo\/\"}]}<\/script>\n<!-- \/ Yoast SEO plugin. -->","yoast_head_json":{"title":"Consideraciones a tener en cuenta en relaci\u00f3n COVID-19 - Noticias Radio Reflejos","robots":{"index":"index","follow":"follow","max-snippet":"max-snippet:-1","max-image-preview":"max-image-preview:large","max-video-preview":"max-video-preview:-1"},"canonical":"https:\/\/www.noticiasradioreflejos.com.ar\/2021\/consideraciones-a-tener-en-cuenta-en-relacion-covid-19\/","og_locale":"es_ES","og_type":"article","og_title":"Consideraciones a tener en cuenta en relaci\u00f3n COVID-19 - Noticias Radio Reflejos","og_description":"El municipio de Tornquist envi\u00f3 algunas consideraciones sobre el Coronavirus para mantener a la poblaci\u00f3n informada, evitar malentendidos y cuidarnos entre todos.","og_url":"https:\/\/www.noticiasradioreflejos.com.ar\/2021\/consideraciones-a-tener-en-cuenta-en-relacion-covid-19\/","og_site_name":"Noticias Radio Reflejos","article_published_time":"2020-04-15T15:39:59+00:00","og_image":[{"width":300,"height":200,"url":"https:\/\/www.noticiasradioreflejos.com.ar\/2021\/wp-content\/uploads\/2021\/07\/logosol300x200.png","type":"image\/png"}],"author":"Arnaldo Botto","twitter_card":"summary_large_image","schema":{"@context":"https:\/\/schema.org","@graph":[{"@type":"WebPage","@id":"https:\/\/www.noticiasradioreflejos.com.ar\/2021\/consideraciones-a-tener-en-cuenta-en-relacion-covid-19\/","url":"https:\/\/www.noticiasradioreflejos.com.ar\/2021\/consideraciones-a-tener-en-cuenta-en-relacion-covid-19\/","name":"Consideraciones a tener en cuenta en relaci\u00f3n COVID-19 - Noticias Radio Reflejos","isPartOf":{"@id":"https:\/\/www.noticiasradioreflejos.com.ar\/2021\/#website"},"datePublished":"2020-04-15T15:39:59+00:00","author":{"@id":"https:\/\/www.noticiasradioreflejos.com.ar\/2021\/#\/schema\/person\/ad82545263dcc5ec0996818884fd5fb1"},"breadcrumb":{"@id":"https:\/\/www.noticiasradioreflejos.com.ar\/2021\/consideraciones-a-tener-en-cuenta-en-relacion-covid-19\/#breadcrumb"},"inLanguage":"es","potentialAction":[{"@type":"ReadAction","target":["https:\/\/www.noticiasradioreflejos.com.ar\/2021\/consideraciones-a-tener-en-cuenta-en-relacion-covid-19\/"]}]},{"@type":"BreadcrumbList","@id":"https:\/\/www.noticiasradioreflejos.com.ar\/2021\/consideraciones-a-tener-en-cuenta-en-relacion-covid-19\/#breadcrumb","itemListElement":[{"@type":"ListItem","position":1,"name":"Portada","item":"https:\/\/www.noticiasradioreflejos.com.ar\/2021\/"},{"@type":"ListItem","position":2,"name":"Consideraciones a tener en cuenta en relaci\u00f3n COVID-19"}]},{"@type":"WebSite","@id":"https:\/\/www.noticiasradioreflejos.com.ar\/2021\/#website","url":"https:\/\/www.noticiasradioreflejos.com.ar\/2021\/","name":"Noticias Radio Reflejos","description":"Las noticias de mi comarca","potentialAction":[{"@type":"SearchAction","target":{"@type":"EntryPoint","urlTemplate":"https:\/\/www.noticiasradioreflejos.com.ar\/2021\/?s={search_term_string}"},"query-input":{"@type":"PropertyValueSpecification","valueRequired":true,"valueName":"search_term_string"}}],"inLanguage":"es"},{"@type":"Person","@id":"https:\/\/www.noticiasradioreflejos.com.ar\/2021\/#\/schema\/person\/ad82545263dcc5ec0996818884fd5fb1","name":"Arnaldo Botto","image":{"@type":"ImageObject","inLanguage":"es","@id":"https:\/\/www.noticiasradioreflejos.com.ar\/2021\/#\/schema\/person\/image\/","url":"https:\/\/secure.gravatar.com\/avatar\/55cb5e37c1efa326397366e6974cb338056df65cb50e7d64d1cf314e87504837?s=96&d=mm&r=g","contentUrl":"https:\/\/secure.gravatar.com\/avatar\/55cb5e37c1efa326397366e6974cb338056df65cb50e7d64d1cf314e87504837?s=96&d=mm&r=g","caption":"Arnaldo Botto"},"url":"https:\/\/www.noticiasradioreflejos.com.ar\/2021\/author\/arnaldo\/"}]}},"_links":{"self":[{"href":"https:\/\/www.noticiasradioreflejos.com.ar\/2021\/wp-json\/wp\/v2\/posts\/40797","targetHints":{"allow":["GET"]}}],"collection":[{"href":"https:\/\/www.noticiasradioreflejos.com.ar\/2021\/wp-json\/wp\/v2\/posts"}],"about":[{"href":"https:\/\/www.noticiasradioreflejos.com.ar\/2021\/wp-json\/wp\/v2\/types\/post"}],"author":[{"embeddable":true,"href":"https:\/\/www.noticiasradioreflejos.com.ar\/2021\/wp-json\/wp\/v2\/users\/3"}],"replies":[{"embeddable":true,"href":"https:\/\/www.noticiasradioreflejos.com.ar\/2021\/wp-json\/wp\/v2\/comments?post=40797"}],"version-history":[{"count":0,"href":"https:\/\/www.noticiasradioreflejos.com.ar\/2021\/wp-json\/wp\/v2\/posts\/40797\/revisions"}],"wp:attachment":[{"href":"https:\/\/www.noticiasradioreflejos.com.ar\/2021\/wp-json\/wp\/v2\/media?parent=40797"}],"wp:term":[{"taxonomy":"category","embeddable":true,"href":"https:\/\/www.noticiasradioreflejos.com.ar\/2021\/wp-json\/wp\/v2\/categories?post=40797"},{"taxonomy":"post_tag","embeddable":true,"href":"https:\/\/www.noticiasradioreflejos.com.ar\/2021\/wp-json\/wp\/v2\/tags?post=40797"}],"curies":[{"name":"wp","href":"https:\/\/api.w.org\/{rel}","templated":true}]}}