{"id":40780,"date":"2020-04-15T10:56:01","date_gmt":"2020-04-15T13:56:01","guid":{"rendered":"http:\/\/www.noticiasradioreflejos.com.ar\/noticias\/?p=40780"},"modified":"2020-04-15T10:56:01","modified_gmt":"2020-04-15T13:56:01","slug":"como-vender-por-internet-en-tiempos-de-cuarentena","status":"publish","type":"post","link":"https:\/\/www.noticiasradioreflejos.com.ar\/2021\/como-vender-por-internet-en-tiempos-de-cuarentena\/","title":{"rendered":"C\u00f3mo vender por internet en tiempos de cuarentena."},"content":{"rendered":"<p>En estos tiempos de cuarentena muchos comerciantes se vieron obligados a bajar las persianas de sus negocios, siendo la v\u00eda digital la \u00fanica manera de continuar vendiendo. Si todav\u00eda no sos de los comerciantes que se unieron al mercado digital para fortalecer su comercio \u00bfpor d\u00f3nde comenzar?<!--more--><\/p>\n<p><strong>Redes Sociales<\/strong><\/p>\n<p>La manera mas r\u00e1pida de comenzar a vender tus productos es por medio de las redes sociales. Facebook e Instagram son hoy las plataformas masivas para la comercializaci\u00f3n de productos y servicios, siendo esta \u00faltima la mas elegida por los j\u00f3venes, mientras que en el caso de Facebook se puede encontrar p\u00fablico mas adulto. Esta divisi\u00f3n, es efectiva para segmentar el mercado y ofrecer los productos indicados a los clientes apropiados.<\/p>\n<p>Public\u00e1 tus productos, servicios, informaci\u00f3n de contacto (Whatsapp) y fotograf\u00edas reales. Inform\u00e1 sobre el precio real del producto, m\u00e9todos de pago y forma de entrega. La publicidad enga\u00f1osa no es v\u00e1lida en los medios digitales, ya que los comentarios de los clientes son los que brindar\u00e1n seguridad a la hora de definir un pedido o no. Utiliza siempre un lenguaje amable, claro y cuid\u00e1 la ortograf\u00eda de tus publicaciones.<\/p>\n<p><strong>Sitio web con cat\u00e1logo de productos<\/strong><\/p>\n<p>Tener un sitio web para vender es la opci\u00f3n mas eficiente a la hora de vender productos por internet, aunque pueda tener costos fijos m\u00ednimos implicados. \u00bfCu\u00e1l es la diferencia con usar redes sociales?. La diferencia es que la p\u00e1gina web de tu comercio aparece en el buscador Google con todo lo que eso implica, centenares de personas llegar\u00e1n a tu p\u00e1gina web cada hora en b\u00fasqueda de lo que ofreces y Google sabe muy bien lo que las personas buscan.<\/p>\n<p>Otra ventaja de los sitios web es que suelen organizar los productos en categor\u00edas y hacer uso de un asistente de b\u00fasqueda para que tus potenciales clientes encuentren lo que necesitan y puedan completar el proceso de compra en el mismo momento en el que surge la necesidad de comprar.<\/p>\n<p><strong>\u00bfC\u00f3mo cobrar?<\/strong><\/p>\n<p>Las dos formas mas r\u00e1pidas de implementar la manera de cobrar es contra reembolso en efectivo, con la asistencia del servicio de cadeter\u00eda o utilizando las llamadas pasarelas de pago electr\u00f3nico como lo es Mercado Pago, lo que brindar\u00e1 a tus clientes todo un abanico de posibilidades a la hora de abonar tu producto o servicio. Las pasarelas de pago generalmente cobran una comisi\u00f3n por cada transacci\u00f3n realizada, pero en estas \u00e9pocas de cuarentena hace que no sea necesario manipular billetes.<\/p>\n<p>Como ver\u00e1s, hay formas variadas que se ajustan a cada necesidad. No dejes que tu negocio entre en crisis. Salvalo usando internet. Si necesitas m\u00e1s informaci\u00f3n o asistencia escribime a<a href=\"mailto:ulises.nicolini@gmail.com\"> ulises.nicolini@gmail.com<\/a><\/p>\n","protected":false},"excerpt":{"rendered":"<p>En estos tiempos de cuarentena muchos comerciantes se vieron obligados a bajar las persianas de sus negocios, siendo la v\u00eda digital la \u00fanica manera de continuar vendiendo. Si todav\u00eda no sos de los comerciantes que se unieron al mercado digital para fortalecer su comercio \u00bfpor d\u00f3nde comenzar?<\/p>\n","protected":false},"author":3,"featured_media":0,"comment_status":"closed","ping_status":"open","sticky":false,"template":"","format":"standard","meta":{"footnotes":""},"categories":[25],"tags":[],"class_list":["post-40780","post","type-post","status-publish","format-standard","hentry","category-uncategorized"],"yoast_head":"<!-- This site is optimized with the Yoast SEO plugin v25.9 - https:\/\/yoast.com\/wordpress\/plugins\/seo\/ -->\n<title>C\u00f3mo vender por internet en tiempos de cuarentena. - Noticias Radio Reflejos<\/title>\n<meta name=\"robots\" content=\"index, follow, max-snippet:-1, max-image-preview:large, max-video-preview:-1\" \/>\n<link rel=\"canonical\" href=\"https:\/\/www.noticiasradioreflejos.com.ar\/2021\/como-vender-por-internet-en-tiempos-de-cuarentena\/\" \/>\n<meta property=\"og:locale\" content=\"es_ES\" \/>\n<meta property=\"og:type\" content=\"article\" \/>\n<meta property=\"og:title\" content=\"C\u00f3mo vender por internet en tiempos de cuarentena. - Noticias Radio Reflejos\" \/>\n<meta property=\"og:description\" content=\"En estos tiempos de cuarentena muchos comerciantes se vieron obligados a bajar las persianas de sus negocios, siendo la v\u00eda digital la \u00fanica manera de continuar vendiendo. Si todav\u00eda no sos de los comerciantes que se unieron al mercado digital para fortalecer su comercio \u00bfpor d\u00f3nde comenzar?\" \/>\n<meta property=\"og:url\" content=\"https:\/\/www.noticiasradioreflejos.com.ar\/2021\/como-vender-por-internet-en-tiempos-de-cuarentena\/\" \/>\n<meta property=\"og:site_name\" content=\"Noticias Radio Reflejos\" \/>\n<meta property=\"article:published_time\" content=\"2020-04-15T13:56:01+00:00\" \/>\n<meta property=\"og:image\" content=\"https:\/\/www.noticiasradioreflejos.com.ar\/2021\/wp-content\/uploads\/2021\/07\/logosol300x200.png\" \/>\n\t<meta property=\"og:image:width\" content=\"300\" \/>\n\t<meta property=\"og:image:height\" content=\"200\" \/>\n\t<meta property=\"og:image:type\" content=\"image\/png\" \/>\n<meta name=\"author\" content=\"Arnaldo Botto\" \/>\n<meta name=\"twitter:card\" content=\"summary_large_image\" \/>\n<script type=\"application\/ld+json\" class=\"yoast-schema-graph\">{\"@context\":\"https:\/\/schema.org\",\"@graph\":[{\"@type\":\"WebPage\",\"@id\":\"https:\/\/www.noticiasradioreflejos.com.ar\/2021\/como-vender-por-internet-en-tiempos-de-cuarentena\/\",\"url\":\"https:\/\/www.noticiasradioreflejos.com.ar\/2021\/como-vender-por-internet-en-tiempos-de-cuarentena\/\",\"name\":\"C\u00f3mo vender por internet en tiempos de cuarentena. - Noticias Radio Reflejos\",\"isPartOf\":{\"@id\":\"https:\/\/www.noticiasradioreflejos.com.ar\/2021\/#website\"},\"datePublished\":\"2020-04-15T13:56:01+00:00\",\"author\":{\"@id\":\"https:\/\/www.noticiasradioreflejos.com.ar\/2021\/#\/schema\/person\/ad82545263dcc5ec0996818884fd5fb1\"},\"breadcrumb\":{\"@id\":\"https:\/\/www.noticiasradioreflejos.com.ar\/2021\/como-vender-por-internet-en-tiempos-de-cuarentena\/#breadcrumb\"},\"inLanguage\":\"es\",\"potentialAction\":[{\"@type\":\"ReadAction\",\"target\":[\"https:\/\/www.noticiasradioreflejos.com.ar\/2021\/como-vender-por-internet-en-tiempos-de-cuarentena\/\"]}]},{\"@type\":\"BreadcrumbList\",\"@id\":\"https:\/\/www.noticiasradioreflejos.com.ar\/2021\/como-vender-por-internet-en-tiempos-de-cuarentena\/#breadcrumb\",\"itemListElement\":[{\"@type\":\"ListItem\",\"position\":1,\"name\":\"Portada\",\"item\":\"https:\/\/www.noticiasradioreflejos.com.ar\/2021\/\"},{\"@type\":\"ListItem\",\"position\":2,\"name\":\"C\u00f3mo vender por internet en tiempos de cuarentena.\"}]},{\"@type\":\"WebSite\",\"@id\":\"https:\/\/www.noticiasradioreflejos.com.ar\/2021\/#website\",\"url\":\"https:\/\/www.noticiasradioreflejos.com.ar\/2021\/\",\"name\":\"Noticias Radio Reflejos\",\"description\":\"Las noticias de mi comarca\",\"potentialAction\":[{\"@type\":\"SearchAction\",\"target\":{\"@type\":\"EntryPoint\",\"urlTemplate\":\"https:\/\/www.noticiasradioreflejos.com.ar\/2021\/?s={search_term_string}\"},\"query-input\":{\"@type\":\"PropertyValueSpecification\",\"valueRequired\":true,\"valueName\":\"search_term_string\"}}],\"inLanguage\":\"es\"},{\"@type\":\"Person\",\"@id\":\"https:\/\/www.noticiasradioreflejos.com.ar\/2021\/#\/schema\/person\/ad82545263dcc5ec0996818884fd5fb1\",\"name\":\"Arnaldo Botto\",\"image\":{\"@type\":\"ImageObject\",\"inLanguage\":\"es\",\"@id\":\"https:\/\/www.noticiasradioreflejos.com.ar\/2021\/#\/schema\/person\/image\/\",\"url\":\"https:\/\/secure.gravatar.com\/avatar\/55cb5e37c1efa326397366e6974cb338056df65cb50e7d64d1cf314e87504837?s=96&d=mm&r=g\",\"contentUrl\":\"https:\/\/secure.gravatar.com\/avatar\/55cb5e37c1efa326397366e6974cb338056df65cb50e7d64d1cf314e87504837?s=96&d=mm&r=g\",\"caption\":\"Arnaldo Botto\"},\"url\":\"https:\/\/www.noticiasradioreflejos.com.ar\/2021\/author\/arnaldo\/\"}]}<\/script>\n<!-- \/ Yoast SEO plugin. -->","yoast_head_json":{"title":"C\u00f3mo vender por internet en tiempos de cuarentena. - Noticias Radio Reflejos","robots":{"index":"index","follow":"follow","max-snippet":"max-snippet:-1","max-image-preview":"max-image-preview:large","max-video-preview":"max-video-preview:-1"},"canonical":"https:\/\/www.noticiasradioreflejos.com.ar\/2021\/como-vender-por-internet-en-tiempos-de-cuarentena\/","og_locale":"es_ES","og_type":"article","og_title":"C\u00f3mo vender por internet en tiempos de cuarentena. - Noticias Radio Reflejos","og_description":"En estos tiempos de cuarentena muchos comerciantes se vieron obligados a bajar las persianas de sus negocios, siendo la v\u00eda digital la \u00fanica manera de continuar vendiendo. Si todav\u00eda no sos de los comerciantes que se unieron al mercado digital para fortalecer su comercio \u00bfpor d\u00f3nde comenzar?","og_url":"https:\/\/www.noticiasradioreflejos.com.ar\/2021\/como-vender-por-internet-en-tiempos-de-cuarentena\/","og_site_name":"Noticias Radio Reflejos","article_published_time":"2020-04-15T13:56:01+00:00","og_image":[{"width":300,"height":200,"url":"https:\/\/www.noticiasradioreflejos.com.ar\/2021\/wp-content\/uploads\/2021\/07\/logosol300x200.png","type":"image\/png"}],"author":"Arnaldo Botto","twitter_card":"summary_large_image","schema":{"@context":"https:\/\/schema.org","@graph":[{"@type":"WebPage","@id":"https:\/\/www.noticiasradioreflejos.com.ar\/2021\/como-vender-por-internet-en-tiempos-de-cuarentena\/","url":"https:\/\/www.noticiasradioreflejos.com.ar\/2021\/como-vender-por-internet-en-tiempos-de-cuarentena\/","name":"C\u00f3mo vender por internet en tiempos de cuarentena. - Noticias Radio Reflejos","isPartOf":{"@id":"https:\/\/www.noticiasradioreflejos.com.ar\/2021\/#website"},"datePublished":"2020-04-15T13:56:01+00:00","author":{"@id":"https:\/\/www.noticiasradioreflejos.com.ar\/2021\/#\/schema\/person\/ad82545263dcc5ec0996818884fd5fb1"},"breadcrumb":{"@id":"https:\/\/www.noticiasradioreflejos.com.ar\/2021\/como-vender-por-internet-en-tiempos-de-cuarentena\/#breadcrumb"},"inLanguage":"es","potentialAction":[{"@type":"ReadAction","target":["https:\/\/www.noticiasradioreflejos.com.ar\/2021\/como-vender-por-internet-en-tiempos-de-cuarentena\/"]}]},{"@type":"BreadcrumbList","@id":"https:\/\/www.noticiasradioreflejos.com.ar\/2021\/como-vender-por-internet-en-tiempos-de-cuarentena\/#breadcrumb","itemListElement":[{"@type":"ListItem","position":1,"name":"Portada","item":"https:\/\/www.noticiasradioreflejos.com.ar\/2021\/"},{"@type":"ListItem","position":2,"name":"C\u00f3mo vender por internet en tiempos de cuarentena."}]},{"@type":"WebSite","@id":"https:\/\/www.noticiasradioreflejos.com.ar\/2021\/#website","url":"https:\/\/www.noticiasradioreflejos.com.ar\/2021\/","name":"Noticias Radio Reflejos","description":"Las noticias de mi comarca","potentialAction":[{"@type":"SearchAction","target":{"@type":"EntryPoint","urlTemplate":"https:\/\/www.noticiasradioreflejos.com.ar\/2021\/?s={search_term_string}"},"query-input":{"@type":"PropertyValueSpecification","valueRequired":true,"valueName":"search_term_string"}}],"inLanguage":"es"},{"@type":"Person","@id":"https:\/\/www.noticiasradioreflejos.com.ar\/2021\/#\/schema\/person\/ad82545263dcc5ec0996818884fd5fb1","name":"Arnaldo Botto","image":{"@type":"ImageObject","inLanguage":"es","@id":"https:\/\/www.noticiasradioreflejos.com.ar\/2021\/#\/schema\/person\/image\/","url":"https:\/\/secure.gravatar.com\/avatar\/55cb5e37c1efa326397366e6974cb338056df65cb50e7d64d1cf314e87504837?s=96&d=mm&r=g","contentUrl":"https:\/\/secure.gravatar.com\/avatar\/55cb5e37c1efa326397366e6974cb338056df65cb50e7d64d1cf314e87504837?s=96&d=mm&r=g","caption":"Arnaldo Botto"},"url":"https:\/\/www.noticiasradioreflejos.com.ar\/2021\/author\/arnaldo\/"}]}},"_links":{"self":[{"href":"https:\/\/www.noticiasradioreflejos.com.ar\/2021\/wp-json\/wp\/v2\/posts\/40780","targetHints":{"allow":["GET"]}}],"collection":[{"href":"https:\/\/www.noticiasradioreflejos.com.ar\/2021\/wp-json\/wp\/v2\/posts"}],"about":[{"href":"https:\/\/www.noticiasradioreflejos.com.ar\/2021\/wp-json\/wp\/v2\/types\/post"}],"author":[{"embeddable":true,"href":"https:\/\/www.noticiasradioreflejos.com.ar\/2021\/wp-json\/wp\/v2\/users\/3"}],"replies":[{"embeddable":true,"href":"https:\/\/www.noticiasradioreflejos.com.ar\/2021\/wp-json\/wp\/v2\/comments?post=40780"}],"version-history":[{"count":0,"href":"https:\/\/www.noticiasradioreflejos.com.ar\/2021\/wp-json\/wp\/v2\/posts\/40780\/revisions"}],"wp:attachment":[{"href":"https:\/\/www.noticiasradioreflejos.com.ar\/2021\/wp-json\/wp\/v2\/media?parent=40780"}],"wp:term":[{"taxonomy":"category","embeddable":true,"href":"https:\/\/www.noticiasradioreflejos.com.ar\/2021\/wp-json\/wp\/v2\/categories?post=40780"},{"taxonomy":"post_tag","embeddable":true,"href":"https:\/\/www.noticiasradioreflejos.com.ar\/2021\/wp-json\/wp\/v2\/tags?post=40780"}],"curies":[{"name":"wp","href":"https:\/\/api.w.org\/{rel}","templated":true}]}}