{"id":4078,"date":"2016-11-24T15:18:35","date_gmt":"2016-11-24T15:18:35","guid":{"rendered":"http:\/\/noticiasradioreflejos.com.ar\/noticias\/?p=4078"},"modified":"2016-11-24T15:18:35","modified_gmt":"2016-11-24T15:18:35","slug":"en-diciembre-apicultores-del-sudoeste-bonaerense-exportaran-miel-a-valencia","status":"publish","type":"post","link":"https:\/\/www.noticiasradioreflejos.com.ar\/2021\/en-diciembre-apicultores-del-sudoeste-bonaerense-exportaran-miel-a-valencia\/","title":{"rendered":"En diciembre, apicultores del Sudoeste bonaerense exportar\u00e1n miel a Valencia."},"content":{"rendered":"<p>La Unidad de Coordinaci\u00f3n Ap\u00edcola del Ministerio de Agroindustria bonaerense, anunci\u00f3 que durante la primera quincena de diciembre, productores del Sudoeste provincial exportar\u00e1n 20 toneladas a Valencia, Espa\u00f1a.<!--more--><br \/>\n\u00abEn lo que va del a\u00f1o se exportaron desde la Provincia de Buenos Aires unas 35 toneladas de miel, lo que equivale a un 53 por ciento de la producci\u00f3n nacional\u00bb, destac\u00f3 el Ministro Leonardo Sarqu\u00eds, quien record\u00f3 que \u00abla Gobernadora Mar\u00eda Eugenia Vidal nos impulsa a pensar en un desarrollo diferente. Si crece el Sudoeste, crece la Provincia\u00bb.<br \/>\nRegularmente, los equipos de la cartera realizan jornadas de trabajo en distintos municipios del Sudoeste en el marco del Consorcio de Exportadores Ap\u00edcolas y de los foros de intendentes que se vienen desarrollando desde el inicio de la gesti\u00f3n de Sarqu\u00eds.<br \/>\nEn tal sentido, el responsable ap\u00edcola de la Provincia, Ariel Guardia L\u00f3pez, se reuni\u00f3 con la Coordinadora del Consorcio Ap\u00edcola del Sudoeste, Sandra Massheimer, con quien analiz\u00f3 el funcionamiento de los registros de productores y salas de extracci\u00f3n de miel. Adem\u00e1s, abordaron la posibilidad de descentralizar el registro de las cooperativas con el objetivo de mejorar la competitividad de la cadena ap\u00edcola en los mercados internacionales.<br \/>\nDurante la \u00faltima reuni\u00f3n del Foro de Intendentes, desde la cartera agroindustrial bonaerense se propuso la creaci\u00f3n de un galp\u00f3n para el acopio de exportadores en la zona. La novedad es que funcionar\u00e1 en la Cooperativa Ap\u00edcola de Pig\u00fc\u00e9.<br \/>\nLas Cooperativas que conforman el Consorcio son la Cooperativa Ap\u00edcola Tornquist, Cooperativa Ap\u00edcola Ceferino Namuncur\u00e1 (de Villarino); Cooperativa Ap\u00edcola Laprida y Cooperativa Ap\u00edcola Pig\u00fc\u00e9, las cuales se encuentran exportando a mercados internacionales de Marruecos, Italia, Holanda y Espa\u00f1a donde se destaca el contacto directo que existe entre productores y compradores.<br \/>\nActualmente la Provincia cuenta con \u00a090 salas de extracci\u00f3n habilitadas, 8 salas fraccionamiento y una sala de acopio. Se encuentran registrados 6 mil productores distribuidos en 7 regiones ap\u00edcolas que generan el 41 por ciento de miel del total nacional, de la que se exporta el 95 por ciento. La Chacra Experimental Apiario Bover, ubicada en General Belgrano y administrada por Agroindustria, es uno de los tres establecimientos argentinos que exportan abejas reinas.<\/p>\n","protected":false},"excerpt":{"rendered":"<p>La Unidad de Coordinaci\u00f3n Ap\u00edcola del Ministerio de Agroindustria bonaerense, anunci\u00f3 que durante la primera quincena de diciembre, productores del Sudoeste provincial exportar\u00e1n 20 toneladas a Valencia, Espa\u00f1a.<\/p>\n","protected":false},"author":3,"featured_media":0,"comment_status":"closed","ping_status":"open","sticky":false,"template":"","format":"standard","meta":{"footnotes":""},"categories":[36],"tags":[],"class_list":["post-4078","post","type-post","status-publish","format-standard","hentry","category-economia"],"yoast_head":"<!-- This site is optimized with the Yoast SEO plugin v25.9 - https:\/\/yoast.com\/wordpress\/plugins\/seo\/ -->\n<title>En diciembre, apicultores del Sudoeste bonaerense exportar\u00e1n miel a Valencia. - Noticias Radio Reflejos<\/title>\n<meta name=\"robots\" content=\"index, follow, max-snippet:-1, max-image-preview:large, max-video-preview:-1\" \/>\n<link rel=\"canonical\" href=\"https:\/\/www.noticiasradioreflejos.com.ar\/2021\/en-diciembre-apicultores-del-sudoeste-bonaerense-exportaran-miel-a-valencia\/\" \/>\n<meta property=\"og:locale\" content=\"es_ES\" \/>\n<meta property=\"og:type\" content=\"article\" \/>\n<meta property=\"og:title\" content=\"En diciembre, apicultores del Sudoeste bonaerense exportar\u00e1n miel a Valencia. - Noticias Radio Reflejos\" \/>\n<meta property=\"og:description\" content=\"La Unidad de Coordinaci\u00f3n Ap\u00edcola del Ministerio de Agroindustria bonaerense, anunci\u00f3 que durante la primera quincena de diciembre, productores del Sudoeste provincial exportar\u00e1n 20 toneladas a Valencia, Espa\u00f1a.\" \/>\n<meta property=\"og:url\" content=\"https:\/\/www.noticiasradioreflejos.com.ar\/2021\/en-diciembre-apicultores-del-sudoeste-bonaerense-exportaran-miel-a-valencia\/\" \/>\n<meta property=\"og:site_name\" content=\"Noticias Radio Reflejos\" \/>\n<meta property=\"article:published_time\" content=\"2016-11-24T15:18:35+00:00\" \/>\n<meta property=\"og:image\" content=\"https:\/\/www.noticiasradioreflejos.com.ar\/2021\/wp-content\/uploads\/2021\/07\/logosol300x200.png\" \/>\n\t<meta property=\"og:image:width\" content=\"300\" \/>\n\t<meta property=\"og:image:height\" content=\"200\" \/>\n\t<meta property=\"og:image:type\" content=\"image\/png\" \/>\n<meta name=\"author\" content=\"Arnaldo Botto\" \/>\n<meta name=\"twitter:card\" content=\"summary_large_image\" \/>\n<script type=\"application\/ld+json\" class=\"yoast-schema-graph\">{\"@context\":\"https:\/\/schema.org\",\"@graph\":[{\"@type\":\"WebPage\",\"@id\":\"https:\/\/www.noticiasradioreflejos.com.ar\/2021\/en-diciembre-apicultores-del-sudoeste-bonaerense-exportaran-miel-a-valencia\/\",\"url\":\"https:\/\/www.noticiasradioreflejos.com.ar\/2021\/en-diciembre-apicultores-del-sudoeste-bonaerense-exportaran-miel-a-valencia\/\",\"name\":\"En diciembre, apicultores del Sudoeste bonaerense exportar\u00e1n miel a Valencia. - Noticias Radio Reflejos\",\"isPartOf\":{\"@id\":\"https:\/\/www.noticiasradioreflejos.com.ar\/2021\/#website\"},\"datePublished\":\"2016-11-24T15:18:35+00:00\",\"author\":{\"@id\":\"https:\/\/www.noticiasradioreflejos.com.ar\/2021\/#\/schema\/person\/ad82545263dcc5ec0996818884fd5fb1\"},\"breadcrumb\":{\"@id\":\"https:\/\/www.noticiasradioreflejos.com.ar\/2021\/en-diciembre-apicultores-del-sudoeste-bonaerense-exportaran-miel-a-valencia\/#breadcrumb\"},\"inLanguage\":\"es\",\"potentialAction\":[{\"@type\":\"ReadAction\",\"target\":[\"https:\/\/www.noticiasradioreflejos.com.ar\/2021\/en-diciembre-apicultores-del-sudoeste-bonaerense-exportaran-miel-a-valencia\/\"]}]},{\"@type\":\"BreadcrumbList\",\"@id\":\"https:\/\/www.noticiasradioreflejos.com.ar\/2021\/en-diciembre-apicultores-del-sudoeste-bonaerense-exportaran-miel-a-valencia\/#breadcrumb\",\"itemListElement\":[{\"@type\":\"ListItem\",\"position\":1,\"name\":\"Portada\",\"item\":\"https:\/\/www.noticiasradioreflejos.com.ar\/2021\/\"},{\"@type\":\"ListItem\",\"position\":2,\"name\":\"En diciembre, apicultores del Sudoeste bonaerense exportar\u00e1n miel a Valencia.\"}]},{\"@type\":\"WebSite\",\"@id\":\"https:\/\/www.noticiasradioreflejos.com.ar\/2021\/#website\",\"url\":\"https:\/\/www.noticiasradioreflejos.com.ar\/2021\/\",\"name\":\"Noticias Radio Reflejos\",\"description\":\"Las noticias de mi comarca\",\"potentialAction\":[{\"@type\":\"SearchAction\",\"target\":{\"@type\":\"EntryPoint\",\"urlTemplate\":\"https:\/\/www.noticiasradioreflejos.com.ar\/2021\/?s={search_term_string}\"},\"query-input\":{\"@type\":\"PropertyValueSpecification\",\"valueRequired\":true,\"valueName\":\"search_term_string\"}}],\"inLanguage\":\"es\"},{\"@type\":\"Person\",\"@id\":\"https:\/\/www.noticiasradioreflejos.com.ar\/2021\/#\/schema\/person\/ad82545263dcc5ec0996818884fd5fb1\",\"name\":\"Arnaldo Botto\",\"image\":{\"@type\":\"ImageObject\",\"inLanguage\":\"es\",\"@id\":\"https:\/\/www.noticiasradioreflejos.com.ar\/2021\/#\/schema\/person\/image\/\",\"url\":\"https:\/\/secure.gravatar.com\/avatar\/55cb5e37c1efa326397366e6974cb338056df65cb50e7d64d1cf314e87504837?s=96&d=mm&r=g\",\"contentUrl\":\"https:\/\/secure.gravatar.com\/avatar\/55cb5e37c1efa326397366e6974cb338056df65cb50e7d64d1cf314e87504837?s=96&d=mm&r=g\",\"caption\":\"Arnaldo Botto\"},\"url\":\"https:\/\/www.noticiasradioreflejos.com.ar\/2021\/author\/arnaldo\/\"}]}<\/script>\n<!-- \/ Yoast SEO plugin. -->","yoast_head_json":{"title":"En diciembre, apicultores del Sudoeste bonaerense exportar\u00e1n miel a Valencia. - Noticias Radio Reflejos","robots":{"index":"index","follow":"follow","max-snippet":"max-snippet:-1","max-image-preview":"max-image-preview:large","max-video-preview":"max-video-preview:-1"},"canonical":"https:\/\/www.noticiasradioreflejos.com.ar\/2021\/en-diciembre-apicultores-del-sudoeste-bonaerense-exportaran-miel-a-valencia\/","og_locale":"es_ES","og_type":"article","og_title":"En diciembre, apicultores del Sudoeste bonaerense exportar\u00e1n miel a Valencia. - Noticias Radio Reflejos","og_description":"La Unidad de Coordinaci\u00f3n Ap\u00edcola del Ministerio de Agroindustria bonaerense, anunci\u00f3 que durante la primera quincena de diciembre, productores del Sudoeste provincial exportar\u00e1n 20 toneladas a Valencia, Espa\u00f1a.","og_url":"https:\/\/www.noticiasradioreflejos.com.ar\/2021\/en-diciembre-apicultores-del-sudoeste-bonaerense-exportaran-miel-a-valencia\/","og_site_name":"Noticias Radio Reflejos","article_published_time":"2016-11-24T15:18:35+00:00","og_image":[{"width":300,"height":200,"url":"https:\/\/www.noticiasradioreflejos.com.ar\/2021\/wp-content\/uploads\/2021\/07\/logosol300x200.png","type":"image\/png"}],"author":"Arnaldo Botto","twitter_card":"summary_large_image","schema":{"@context":"https:\/\/schema.org","@graph":[{"@type":"WebPage","@id":"https:\/\/www.noticiasradioreflejos.com.ar\/2021\/en-diciembre-apicultores-del-sudoeste-bonaerense-exportaran-miel-a-valencia\/","url":"https:\/\/www.noticiasradioreflejos.com.ar\/2021\/en-diciembre-apicultores-del-sudoeste-bonaerense-exportaran-miel-a-valencia\/","name":"En diciembre, apicultores del Sudoeste bonaerense exportar\u00e1n miel a Valencia. - Noticias Radio Reflejos","isPartOf":{"@id":"https:\/\/www.noticiasradioreflejos.com.ar\/2021\/#website"},"datePublished":"2016-11-24T15:18:35+00:00","author":{"@id":"https:\/\/www.noticiasradioreflejos.com.ar\/2021\/#\/schema\/person\/ad82545263dcc5ec0996818884fd5fb1"},"breadcrumb":{"@id":"https:\/\/www.noticiasradioreflejos.com.ar\/2021\/en-diciembre-apicultores-del-sudoeste-bonaerense-exportaran-miel-a-valencia\/#breadcrumb"},"inLanguage":"es","potentialAction":[{"@type":"ReadAction","target":["https:\/\/www.noticiasradioreflejos.com.ar\/2021\/en-diciembre-apicultores-del-sudoeste-bonaerense-exportaran-miel-a-valencia\/"]}]},{"@type":"BreadcrumbList","@id":"https:\/\/www.noticiasradioreflejos.com.ar\/2021\/en-diciembre-apicultores-del-sudoeste-bonaerense-exportaran-miel-a-valencia\/#breadcrumb","itemListElement":[{"@type":"ListItem","position":1,"name":"Portada","item":"https:\/\/www.noticiasradioreflejos.com.ar\/2021\/"},{"@type":"ListItem","position":2,"name":"En diciembre, apicultores del Sudoeste bonaerense exportar\u00e1n miel a Valencia."}]},{"@type":"WebSite","@id":"https:\/\/www.noticiasradioreflejos.com.ar\/2021\/#website","url":"https:\/\/www.noticiasradioreflejos.com.ar\/2021\/","name":"Noticias Radio Reflejos","description":"Las noticias de mi comarca","potentialAction":[{"@type":"SearchAction","target":{"@type":"EntryPoint","urlTemplate":"https:\/\/www.noticiasradioreflejos.com.ar\/2021\/?s={search_term_string}"},"query-input":{"@type":"PropertyValueSpecification","valueRequired":true,"valueName":"search_term_string"}}],"inLanguage":"es"},{"@type":"Person","@id":"https:\/\/www.noticiasradioreflejos.com.ar\/2021\/#\/schema\/person\/ad82545263dcc5ec0996818884fd5fb1","name":"Arnaldo Botto","image":{"@type":"ImageObject","inLanguage":"es","@id":"https:\/\/www.noticiasradioreflejos.com.ar\/2021\/#\/schema\/person\/image\/","url":"https:\/\/secure.gravatar.com\/avatar\/55cb5e37c1efa326397366e6974cb338056df65cb50e7d64d1cf314e87504837?s=96&d=mm&r=g","contentUrl":"https:\/\/secure.gravatar.com\/avatar\/55cb5e37c1efa326397366e6974cb338056df65cb50e7d64d1cf314e87504837?s=96&d=mm&r=g","caption":"Arnaldo Botto"},"url":"https:\/\/www.noticiasradioreflejos.com.ar\/2021\/author\/arnaldo\/"}]}},"_links":{"self":[{"href":"https:\/\/www.noticiasradioreflejos.com.ar\/2021\/wp-json\/wp\/v2\/posts\/4078","targetHints":{"allow":["GET"]}}],"collection":[{"href":"https:\/\/www.noticiasradioreflejos.com.ar\/2021\/wp-json\/wp\/v2\/posts"}],"about":[{"href":"https:\/\/www.noticiasradioreflejos.com.ar\/2021\/wp-json\/wp\/v2\/types\/post"}],"author":[{"embeddable":true,"href":"https:\/\/www.noticiasradioreflejos.com.ar\/2021\/wp-json\/wp\/v2\/users\/3"}],"replies":[{"embeddable":true,"href":"https:\/\/www.noticiasradioreflejos.com.ar\/2021\/wp-json\/wp\/v2\/comments?post=4078"}],"version-history":[{"count":0,"href":"https:\/\/www.noticiasradioreflejos.com.ar\/2021\/wp-json\/wp\/v2\/posts\/4078\/revisions"}],"wp:attachment":[{"href":"https:\/\/www.noticiasradioreflejos.com.ar\/2021\/wp-json\/wp\/v2\/media?parent=4078"}],"wp:term":[{"taxonomy":"category","embeddable":true,"href":"https:\/\/www.noticiasradioreflejos.com.ar\/2021\/wp-json\/wp\/v2\/categories?post=4078"},{"taxonomy":"post_tag","embeddable":true,"href":"https:\/\/www.noticiasradioreflejos.com.ar\/2021\/wp-json\/wp\/v2\/tags?post=4078"}],"curies":[{"name":"wp","href":"https:\/\/api.w.org\/{rel}","templated":true}]}}