{"id":40777,"date":"2020-04-15T12:12:35","date_gmt":"2020-04-15T15:12:35","guid":{"rendered":"http:\/\/www.noticiasradioreflejos.com.ar\/noticias\/?p=40777"},"modified":"2020-04-15T12:12:35","modified_gmt":"2020-04-15T15:12:35","slug":"hoy-una-situacion-dificil-nos-afecta-algunas-familias-precisan-de-nuestra-ayuda","status":"publish","type":"post","link":"https:\/\/www.noticiasradioreflejos.com.ar\/2021\/hoy-una-situacion-dificil-nos-afecta-algunas-familias-precisan-de-nuestra-ayuda\/","title":{"rendered":"Hoy una situaci\u00f3n dif\u00edcil nos afecta, algunas familias precisan de nuestra ayuda. Nota con Rub\u00e9n Testa."},"content":{"rendered":"<p>La Asociaci\u00f3n de Fomento de Villa Ventana en conjunto con la Delegaci\u00f3n Municipal, realizar\u00e1 una colecta de alimentos ( fideos , polenta, arroz, leche, az\u00facar, etc.) destinada a aquellas personas que, debido a la adversidad, lo necesiten. Entrevistamos al presidente de la Sociedad de Fomento de Villa Ventana <strong>Rub\u00e9n Testa<\/strong>, quien nos comunic\u00f3 c\u00f3mo est\u00e1n colaborando durante el per\u00edodo de cuarentena obligatoria. \u201cEn la sociedad suspendimos todo tipo de actividades antes de que se establezca la cuarentena. Esto es anteponer la salud a la econom\u00eda, aunque haya muchas consecuencias\u201d afirm\u00f3. <!--more--><\/p>\n<p>Adem\u00e1s agreg\u00f3 que en Villa Ventana est\u00e1 trabajando Acci\u00f3n Social ayudando a las familias que lo necesitan y que ellos como instituci\u00f3n est\u00e1n dando una mano como pueden, ya sea donando insumos para la Sala o donando alimentos. Tambi\u00e9n est\u00e1n haciendo una colecta para juntar alimentos y ayuda econ\u00f3mica, para esto \u00faltimo se va a habilitar un talonario de recibos y la cuenta bancaria de la Sociedad de Fomento. Destac\u00f3 que la colecta la est\u00e1n haciendo para que Acci\u00f3n Social lo distribuya en todo el distrito y no s\u00f3lo en Villa Ventana. Para aquellos vecinos que no se puedan mover pero quieran colaborar, va a haber 2 tel\u00e9fonos para comunicarse y que las donaciones sean recolectadas, obviamente, aplicando los protocolos de sanidad. Todo aquel que quiera sumarse a la colecta, es bienvenido.<\/p>\n<p>La ayuda ser\u00e1 canalizada a trav\u00e9s del \u00e1rea de acci\u00f3n social del municipio.<br \/>\n\u00a1NECESITAMOS DE TU SOLIDARIDAD!<br \/>\nLa colecta ser\u00e1 el d\u00eda s\u00e1bado 18 de abril de 9 a 16 hs. En la sede de Fomento VI.VE. Sita en av. Cruz del Sur, al lado del cuartel de Bomberos.<br \/>\nPor consultas comun\u00edcate al 291 4747898&#8212;4910163 o 4910080.<\/p>\n<p>por transferencia bancaria :\u00a0CBU 0140465801624405002895. Bco Pcia de Buenos Aires, suc Sierra de la Ventana Asociaci\u00f3n de Fomento y educaci\u00f3n cultural y f\u00edsica de Villa Ventana.<br \/>\nSi no podes acercarte, ll\u00e1manos para coordinar el retiro de la donaci\u00f3n. Si prefer\u00eds colaborar econ\u00f3micamente, tambi\u00e9n podes h\u00e1cerlo.<br \/>\nMuchas gracias por tu atenci\u00f3n<br \/>\nHOY DISTANCIADOS PERO UNIDOS M\u00c1S QUE NUNCA!<\/p>\n<p><iframe loading=\"lazy\" src=\"https:\/\/w.soundcloud.com\/player\/?url=https%3A\/\/api.soundcloud.com\/tracks\/799236865&amp;color=%23ff5500&amp;auto_play=false&amp;hide_related=false&amp;show_comments=true&amp;show_user=true&amp;show_reposts=false&amp;show_teaser=true\" width=\"100%\" height=\"166\" frameborder=\"no\" scrolling=\"no\"><\/iframe><\/p>\n","protected":false},"excerpt":{"rendered":"<p>La Asociaci\u00f3n de Fomento de Villa Ventana en conjunto con la Delegaci\u00f3n Municipal, realizar\u00e1 una colecta de alimentos ( fideos , polenta, arroz, leche, az\u00facar, etc.) destinada a aquellas personas que, debido a la adversidad, lo necesiten. Entrevistamos al presidente de la Sociedad de Fomento de Villa Ventana Rub\u00e9n Testa, quien nos comunic\u00f3 c\u00f3mo est\u00e1n [&hellip;]<\/p>\n","protected":false},"author":3,"featured_media":38935,"comment_status":"closed","ping_status":"open","sticky":false,"template":"","format":"standard","meta":{"footnotes":""},"categories":[26],"tags":[],"class_list":["post-40777","post","type-post","status-publish","format-standard","has-post-thumbnail","hentry","category-sociedad"],"yoast_head":"<!-- This site is optimized with the Yoast SEO plugin v25.9 - https:\/\/yoast.com\/wordpress\/plugins\/seo\/ -->\n<title>Hoy una situaci\u00f3n dif\u00edcil nos afecta, algunas familias precisan de nuestra ayuda. Nota con Rub\u00e9n Testa. - Noticias Radio Reflejos<\/title>\n<meta name=\"robots\" content=\"index, follow, max-snippet:-1, max-image-preview:large, max-video-preview:-1\" \/>\n<link rel=\"canonical\" href=\"https:\/\/www.noticiasradioreflejos.com.ar\/2021\/hoy-una-situacion-dificil-nos-afecta-algunas-familias-precisan-de-nuestra-ayuda\/\" \/>\n<meta property=\"og:locale\" content=\"es_ES\" \/>\n<meta property=\"og:type\" content=\"article\" \/>\n<meta property=\"og:title\" content=\"Hoy una situaci\u00f3n dif\u00edcil nos afecta, algunas familias precisan de nuestra ayuda. Nota con Rub\u00e9n Testa. - Noticias Radio Reflejos\" \/>\n<meta property=\"og:description\" content=\"La Asociaci\u00f3n de Fomento de Villa Ventana en conjunto con la Delegaci\u00f3n Municipal, realizar\u00e1 una colecta de alimentos ( fideos , polenta, arroz, leche, az\u00facar, etc.) destinada a aquellas personas que, debido a la adversidad, lo necesiten. Entrevistamos al presidente de la Sociedad de Fomento de Villa Ventana Rub\u00e9n Testa, quien nos comunic\u00f3 c\u00f3mo est\u00e1n [&hellip;]\" \/>\n<meta property=\"og:url\" content=\"https:\/\/www.noticiasradioreflejos.com.ar\/2021\/hoy-una-situacion-dificil-nos-afecta-algunas-familias-precisan-de-nuestra-ayuda\/\" \/>\n<meta property=\"og:site_name\" content=\"Noticias Radio Reflejos\" \/>\n<meta property=\"article:published_time\" content=\"2020-04-15T15:12:35+00:00\" \/>\n<meta property=\"og:image\" content=\"https:\/\/www.noticiasradioreflejos.com.ar\/2021\/wp-content\/uploads\/2020\/02\/Fomento-Villa-Ventana.jpg\" \/>\n\t<meta property=\"og:image:width\" content=\"355\" \/>\n\t<meta property=\"og:image:height\" content=\"277\" \/>\n\t<meta property=\"og:image:type\" content=\"image\/jpeg\" \/>\n<meta name=\"author\" content=\"Arnaldo Botto\" \/>\n<meta name=\"twitter:card\" content=\"summary_large_image\" \/>\n<script type=\"application\/ld+json\" class=\"yoast-schema-graph\">{\"@context\":\"https:\/\/schema.org\",\"@graph\":[{\"@type\":\"WebPage\",\"@id\":\"https:\/\/www.noticiasradioreflejos.com.ar\/2021\/hoy-una-situacion-dificil-nos-afecta-algunas-familias-precisan-de-nuestra-ayuda\/\",\"url\":\"https:\/\/www.noticiasradioreflejos.com.ar\/2021\/hoy-una-situacion-dificil-nos-afecta-algunas-familias-precisan-de-nuestra-ayuda\/\",\"name\":\"Hoy una situaci\u00f3n dif\u00edcil nos afecta, algunas familias precisan de nuestra ayuda. Nota con Rub\u00e9n Testa. - Noticias Radio Reflejos\",\"isPartOf\":{\"@id\":\"https:\/\/www.noticiasradioreflejos.com.ar\/2021\/#website\"},\"primaryImageOfPage\":{\"@id\":\"https:\/\/www.noticiasradioreflejos.com.ar\/2021\/hoy-una-situacion-dificil-nos-afecta-algunas-familias-precisan-de-nuestra-ayuda\/#primaryimage\"},\"image\":{\"@id\":\"https:\/\/www.noticiasradioreflejos.com.ar\/2021\/hoy-una-situacion-dificil-nos-afecta-algunas-familias-precisan-de-nuestra-ayuda\/#primaryimage\"},\"thumbnailUrl\":\"https:\/\/www.noticiasradioreflejos.com.ar\/2021\/wp-content\/uploads\/2020\/02\/Fomento-Villa-Ventana.jpg\",\"datePublished\":\"2020-04-15T15:12:35+00:00\",\"author\":{\"@id\":\"https:\/\/www.noticiasradioreflejos.com.ar\/2021\/#\/schema\/person\/ad82545263dcc5ec0996818884fd5fb1\"},\"breadcrumb\":{\"@id\":\"https:\/\/www.noticiasradioreflejos.com.ar\/2021\/hoy-una-situacion-dificil-nos-afecta-algunas-familias-precisan-de-nuestra-ayuda\/#breadcrumb\"},\"inLanguage\":\"es\",\"potentialAction\":[{\"@type\":\"ReadAction\",\"target\":[\"https:\/\/www.noticiasradioreflejos.com.ar\/2021\/hoy-una-situacion-dificil-nos-afecta-algunas-familias-precisan-de-nuestra-ayuda\/\"]}]},{\"@type\":\"ImageObject\",\"inLanguage\":\"es\",\"@id\":\"https:\/\/www.noticiasradioreflejos.com.ar\/2021\/hoy-una-situacion-dificil-nos-afecta-algunas-familias-precisan-de-nuestra-ayuda\/#primaryimage\",\"url\":\"https:\/\/www.noticiasradioreflejos.com.ar\/2021\/wp-content\/uploads\/2020\/02\/Fomento-Villa-Ventana.jpg\",\"contentUrl\":\"https:\/\/www.noticiasradioreflejos.com.ar\/2021\/wp-content\/uploads\/2020\/02\/Fomento-Villa-Ventana.jpg\",\"width\":355,\"height\":277},{\"@type\":\"BreadcrumbList\",\"@id\":\"https:\/\/www.noticiasradioreflejos.com.ar\/2021\/hoy-una-situacion-dificil-nos-afecta-algunas-familias-precisan-de-nuestra-ayuda\/#breadcrumb\",\"itemListElement\":[{\"@type\":\"ListItem\",\"position\":1,\"name\":\"Portada\",\"item\":\"https:\/\/www.noticiasradioreflejos.com.ar\/2021\/\"},{\"@type\":\"ListItem\",\"position\":2,\"name\":\"Hoy una situaci\u00f3n dif\u00edcil nos afecta, algunas familias precisan de nuestra ayuda. Nota con Rub\u00e9n Testa.\"}]},{\"@type\":\"WebSite\",\"@id\":\"https:\/\/www.noticiasradioreflejos.com.ar\/2021\/#website\",\"url\":\"https:\/\/www.noticiasradioreflejos.com.ar\/2021\/\",\"name\":\"Noticias Radio Reflejos\",\"description\":\"Las noticias de mi comarca\",\"potentialAction\":[{\"@type\":\"SearchAction\",\"target\":{\"@type\":\"EntryPoint\",\"urlTemplate\":\"https:\/\/www.noticiasradioreflejos.com.ar\/2021\/?s={search_term_string}\"},\"query-input\":{\"@type\":\"PropertyValueSpecification\",\"valueRequired\":true,\"valueName\":\"search_term_string\"}}],\"inLanguage\":\"es\"},{\"@type\":\"Person\",\"@id\":\"https:\/\/www.noticiasradioreflejos.com.ar\/2021\/#\/schema\/person\/ad82545263dcc5ec0996818884fd5fb1\",\"name\":\"Arnaldo Botto\",\"image\":{\"@type\":\"ImageObject\",\"inLanguage\":\"es\",\"@id\":\"https:\/\/www.noticiasradioreflejos.com.ar\/2021\/#\/schema\/person\/image\/\",\"url\":\"https:\/\/secure.gravatar.com\/avatar\/55cb5e37c1efa326397366e6974cb338056df65cb50e7d64d1cf314e87504837?s=96&d=mm&r=g\",\"contentUrl\":\"https:\/\/secure.gravatar.com\/avatar\/55cb5e37c1efa326397366e6974cb338056df65cb50e7d64d1cf314e87504837?s=96&d=mm&r=g\",\"caption\":\"Arnaldo Botto\"},\"url\":\"https:\/\/www.noticiasradioreflejos.com.ar\/2021\/author\/arnaldo\/\"}]}<\/script>\n<!-- \/ Yoast SEO plugin. -->","yoast_head_json":{"title":"Hoy una situaci\u00f3n dif\u00edcil nos afecta, algunas familias precisan de nuestra ayuda. Nota con Rub\u00e9n Testa. - Noticias Radio Reflejos","robots":{"index":"index","follow":"follow","max-snippet":"max-snippet:-1","max-image-preview":"max-image-preview:large","max-video-preview":"max-video-preview:-1"},"canonical":"https:\/\/www.noticiasradioreflejos.com.ar\/2021\/hoy-una-situacion-dificil-nos-afecta-algunas-familias-precisan-de-nuestra-ayuda\/","og_locale":"es_ES","og_type":"article","og_title":"Hoy una situaci\u00f3n dif\u00edcil nos afecta, algunas familias precisan de nuestra ayuda. Nota con Rub\u00e9n Testa. - Noticias Radio Reflejos","og_description":"La Asociaci\u00f3n de Fomento de Villa Ventana en conjunto con la Delegaci\u00f3n Municipal, realizar\u00e1 una colecta de alimentos ( fideos , polenta, arroz, leche, az\u00facar, etc.) destinada a aquellas personas que, debido a la adversidad, lo necesiten. Entrevistamos al presidente de la Sociedad de Fomento de Villa Ventana Rub\u00e9n Testa, quien nos comunic\u00f3 c\u00f3mo est\u00e1n [&hellip;]","og_url":"https:\/\/www.noticiasradioreflejos.com.ar\/2021\/hoy-una-situacion-dificil-nos-afecta-algunas-familias-precisan-de-nuestra-ayuda\/","og_site_name":"Noticias Radio Reflejos","article_published_time":"2020-04-15T15:12:35+00:00","og_image":[{"width":355,"height":277,"url":"https:\/\/www.noticiasradioreflejos.com.ar\/2021\/wp-content\/uploads\/2020\/02\/Fomento-Villa-Ventana.jpg","type":"image\/jpeg"}],"author":"Arnaldo Botto","twitter_card":"summary_large_image","schema":{"@context":"https:\/\/schema.org","@graph":[{"@type":"WebPage","@id":"https:\/\/www.noticiasradioreflejos.com.ar\/2021\/hoy-una-situacion-dificil-nos-afecta-algunas-familias-precisan-de-nuestra-ayuda\/","url":"https:\/\/www.noticiasradioreflejos.com.ar\/2021\/hoy-una-situacion-dificil-nos-afecta-algunas-familias-precisan-de-nuestra-ayuda\/","name":"Hoy una situaci\u00f3n dif\u00edcil nos afecta, algunas familias precisan de nuestra ayuda. Nota con Rub\u00e9n Testa. - Noticias Radio Reflejos","isPartOf":{"@id":"https:\/\/www.noticiasradioreflejos.com.ar\/2021\/#website"},"primaryImageOfPage":{"@id":"https:\/\/www.noticiasradioreflejos.com.ar\/2021\/hoy-una-situacion-dificil-nos-afecta-algunas-familias-precisan-de-nuestra-ayuda\/#primaryimage"},"image":{"@id":"https:\/\/www.noticiasradioreflejos.com.ar\/2021\/hoy-una-situacion-dificil-nos-afecta-algunas-familias-precisan-de-nuestra-ayuda\/#primaryimage"},"thumbnailUrl":"https:\/\/www.noticiasradioreflejos.com.ar\/2021\/wp-content\/uploads\/2020\/02\/Fomento-Villa-Ventana.jpg","datePublished":"2020-04-15T15:12:35+00:00","author":{"@id":"https:\/\/www.noticiasradioreflejos.com.ar\/2021\/#\/schema\/person\/ad82545263dcc5ec0996818884fd5fb1"},"breadcrumb":{"@id":"https:\/\/www.noticiasradioreflejos.com.ar\/2021\/hoy-una-situacion-dificil-nos-afecta-algunas-familias-precisan-de-nuestra-ayuda\/#breadcrumb"},"inLanguage":"es","potentialAction":[{"@type":"ReadAction","target":["https:\/\/www.noticiasradioreflejos.com.ar\/2021\/hoy-una-situacion-dificil-nos-afecta-algunas-familias-precisan-de-nuestra-ayuda\/"]}]},{"@type":"ImageObject","inLanguage":"es","@id":"https:\/\/www.noticiasradioreflejos.com.ar\/2021\/hoy-una-situacion-dificil-nos-afecta-algunas-familias-precisan-de-nuestra-ayuda\/#primaryimage","url":"https:\/\/www.noticiasradioreflejos.com.ar\/2021\/wp-content\/uploads\/2020\/02\/Fomento-Villa-Ventana.jpg","contentUrl":"https:\/\/www.noticiasradioreflejos.com.ar\/2021\/wp-content\/uploads\/2020\/02\/Fomento-Villa-Ventana.jpg","width":355,"height":277},{"@type":"BreadcrumbList","@id":"https:\/\/www.noticiasradioreflejos.com.ar\/2021\/hoy-una-situacion-dificil-nos-afecta-algunas-familias-precisan-de-nuestra-ayuda\/#breadcrumb","itemListElement":[{"@type":"ListItem","position":1,"name":"Portada","item":"https:\/\/www.noticiasradioreflejos.com.ar\/2021\/"},{"@type":"ListItem","position":2,"name":"Hoy una situaci\u00f3n dif\u00edcil nos afecta, algunas familias precisan de nuestra ayuda. Nota con Rub\u00e9n Testa."}]},{"@type":"WebSite","@id":"https:\/\/www.noticiasradioreflejos.com.ar\/2021\/#website","url":"https:\/\/www.noticiasradioreflejos.com.ar\/2021\/","name":"Noticias Radio Reflejos","description":"Las noticias de mi comarca","potentialAction":[{"@type":"SearchAction","target":{"@type":"EntryPoint","urlTemplate":"https:\/\/www.noticiasradioreflejos.com.ar\/2021\/?s={search_term_string}"},"query-input":{"@type":"PropertyValueSpecification","valueRequired":true,"valueName":"search_term_string"}}],"inLanguage":"es"},{"@type":"Person","@id":"https:\/\/www.noticiasradioreflejos.com.ar\/2021\/#\/schema\/person\/ad82545263dcc5ec0996818884fd5fb1","name":"Arnaldo Botto","image":{"@type":"ImageObject","inLanguage":"es","@id":"https:\/\/www.noticiasradioreflejos.com.ar\/2021\/#\/schema\/person\/image\/","url":"https:\/\/secure.gravatar.com\/avatar\/55cb5e37c1efa326397366e6974cb338056df65cb50e7d64d1cf314e87504837?s=96&d=mm&r=g","contentUrl":"https:\/\/secure.gravatar.com\/avatar\/55cb5e37c1efa326397366e6974cb338056df65cb50e7d64d1cf314e87504837?s=96&d=mm&r=g","caption":"Arnaldo Botto"},"url":"https:\/\/www.noticiasradioreflejos.com.ar\/2021\/author\/arnaldo\/"}]}},"_links":{"self":[{"href":"https:\/\/www.noticiasradioreflejos.com.ar\/2021\/wp-json\/wp\/v2\/posts\/40777","targetHints":{"allow":["GET"]}}],"collection":[{"href":"https:\/\/www.noticiasradioreflejos.com.ar\/2021\/wp-json\/wp\/v2\/posts"}],"about":[{"href":"https:\/\/www.noticiasradioreflejos.com.ar\/2021\/wp-json\/wp\/v2\/types\/post"}],"author":[{"embeddable":true,"href":"https:\/\/www.noticiasradioreflejos.com.ar\/2021\/wp-json\/wp\/v2\/users\/3"}],"replies":[{"embeddable":true,"href":"https:\/\/www.noticiasradioreflejos.com.ar\/2021\/wp-json\/wp\/v2\/comments?post=40777"}],"version-history":[{"count":0,"href":"https:\/\/www.noticiasradioreflejos.com.ar\/2021\/wp-json\/wp\/v2\/posts\/40777\/revisions"}],"wp:featuredmedia":[{"embeddable":true,"href":"https:\/\/www.noticiasradioreflejos.com.ar\/2021\/wp-json\/wp\/v2\/media\/38935"}],"wp:attachment":[{"href":"https:\/\/www.noticiasradioreflejos.com.ar\/2021\/wp-json\/wp\/v2\/media?parent=40777"}],"wp:term":[{"taxonomy":"category","embeddable":true,"href":"https:\/\/www.noticiasradioreflejos.com.ar\/2021\/wp-json\/wp\/v2\/categories?post=40777"},{"taxonomy":"post_tag","embeddable":true,"href":"https:\/\/www.noticiasradioreflejos.com.ar\/2021\/wp-json\/wp\/v2\/tags?post=40777"}],"curies":[{"name":"wp","href":"https:\/\/api.w.org\/{rel}","templated":true}]}}