{"id":4075,"date":"2016-11-24T15:15:34","date_gmt":"2016-11-24T15:15:34","guid":{"rendered":"http:\/\/noticiasradioreflejos.com.ar\/noticias\/?p=4075"},"modified":"2016-11-24T15:15:34","modified_gmt":"2016-11-24T15:15:34","slug":"segunda-etapa-finalizada-de-la-remodelacion-de-la-oficina-de-turismo","status":"publish","type":"post","link":"https:\/\/www.noticiasradioreflejos.com.ar\/2021\/segunda-etapa-finalizada-de-la-remodelacion-de-la-oficina-de-turismo\/","title":{"rendered":"Segunda etapa finalizada de la remodelaci\u00f3n de la Oficina de Turismo"},"content":{"rendered":"<p>Nos enorgullece\u00a0 comunicar que estamos terminando la segunda etapa de la remodelaci\u00f3n de\u00a0 la Oficina de Turismo de Villa Ventana.<br \/>\n<!--more--><br \/>\nEn este caso se realizaron las siguientes mejoras:<br \/>\n&#8211; REVESTIMIENTO EXTERIOR CON MADERA Y PIEDRA<br \/>\n&#8211; RE-UBICACI\u00d3N DEL CARTEL\u00a0 \u201cINFORMES TURISTICOS\u201d<br \/>\n&#8211; \u00a0AMPLIACION DE VEREDA PARA MEJORAR EL GIRO DE SILLAS DE RUEDAS<br \/>\n&#8211; INSTALACI\u00d3N DE CARTEL \u201cRESERVADO PARA DISCAPACITADOS\u201d EN SECTOR DE ESTACIONAMIENTO<br \/>\n&#8211; \u00a0NUEVA ILUMINACION EN\u00a0 FACHADA<br \/>\n&#8211; \u00a0INCORPORACION\u00a0 DE CARTELERA INFORMATIVA \u00a0EN EL FRENTE DE LA OFICINA<br \/>\n&#8211; \u00a0CERCO PERIMETRAL DE MADERA EN SECTOR DE JARDIN<br \/>\nLa pr\u00f3xima etapa ser\u00e1 de embellecimiento de los espacios verdes y se\u00f1alizaci\u00f3n.\u00a0 Se incorporar\u00e1n especies aut\u00f3ctonas y nueva carteler\u00eda indicativa.<br \/>\nQueremos expresar nuestro agradecimiento\u00a0 al\u00a0 Ejecutivo Municipal por confiar en nosotros y especialmente\u00a0 a todos los Prestadores, Comerciantes\u00a0 y\/o Vecinos,\u00a0 que de una u otra forma nos brindaron su apoyo\u00a0 e hicieron llegar su colaboraci\u00f3n para poder materializar el proyecto.<br \/>\nEsta es una peque\u00f1a muestra de lo que somos capaces de hacer trabajando en conjunto,\u00a0 Estado\u00a0 y\u00a0 Privados\u00a0 en un mismo sentido.<br \/>\nVAMOS POR M\u00c1S!!!<br \/>\nAtentamente Comisi\u00f3n Directiva C\u00e1mara de Comercio y Turismo de Villa Ventana<br \/>\n<a title=\"image005\" href=\"http:\/\/farm6.staticflickr.com\/5543\/31071341212_8c1465ce1b_z.jpg\" rel=\"\"><img loading=\"lazy\" decoding=\"async\" class=\"aligncenter\" title=\"image005\" src=\"http:\/\/farm6.staticflickr.com\/5543\/31071341212_8c1465ce1b_z.jpg\" alt=\"image005\" width=\"589\" height=\"377\" \/><\/a><br \/>\n<a title=\"image006\" href=\"http:\/\/farm6.staticflickr.com\/5619\/30407566163_fa39d8045c_z.jpg\" rel=\"\"><img loading=\"lazy\" decoding=\"async\" class=\"aligncenter\" title=\"image006\" src=\"http:\/\/farm6.staticflickr.com\/5619\/30407566163_fa39d8045c_z.jpg\" alt=\"image006\" width=\"589\" height=\"393\" \/><\/a><\/p>\n","protected":false},"excerpt":{"rendered":"<p>Nos enorgullece\u00a0 comunicar que estamos terminando la segunda etapa de la remodelaci\u00f3n de\u00a0 la Oficina de Turismo de Villa Ventana.<\/p>\n","protected":false},"author":3,"featured_media":0,"comment_status":"closed","ping_status":"open","sticky":false,"template":"","format":"standard","meta":{"footnotes":""},"categories":[33],"tags":[],"class_list":["post-4075","post","type-post","status-publish","format-standard","hentry","category-turismo"],"yoast_head":"<!-- This site is optimized with the Yoast SEO plugin v25.9 - https:\/\/yoast.com\/wordpress\/plugins\/seo\/ -->\n<title>Segunda etapa finalizada de la remodelaci\u00f3n de la Oficina de Turismo - Noticias Radio Reflejos<\/title>\n<meta name=\"robots\" content=\"index, follow, max-snippet:-1, max-image-preview:large, max-video-preview:-1\" \/>\n<link rel=\"canonical\" href=\"https:\/\/www.noticiasradioreflejos.com.ar\/2021\/segunda-etapa-finalizada-de-la-remodelacion-de-la-oficina-de-turismo\/\" \/>\n<meta property=\"og:locale\" content=\"es_ES\" \/>\n<meta property=\"og:type\" content=\"article\" \/>\n<meta property=\"og:title\" content=\"Segunda etapa finalizada de la remodelaci\u00f3n de la Oficina de Turismo - Noticias Radio Reflejos\" \/>\n<meta property=\"og:description\" content=\"Nos enorgullece\u00a0 comunicar que estamos terminando la segunda etapa de la remodelaci\u00f3n de\u00a0 la Oficina de Turismo de Villa Ventana.\" \/>\n<meta property=\"og:url\" content=\"https:\/\/www.noticiasradioreflejos.com.ar\/2021\/segunda-etapa-finalizada-de-la-remodelacion-de-la-oficina-de-turismo\/\" \/>\n<meta property=\"og:site_name\" content=\"Noticias Radio Reflejos\" \/>\n<meta property=\"article:published_time\" content=\"2016-11-24T15:15:34+00:00\" \/>\n<meta property=\"og:image\" content=\"http:\/\/farm6.staticflickr.com\/5543\/31071341212_8c1465ce1b_z.jpg\" \/>\n<meta name=\"author\" content=\"Arnaldo Botto\" \/>\n<meta name=\"twitter:card\" content=\"summary_large_image\" \/>\n<script type=\"application\/ld+json\" class=\"yoast-schema-graph\">{\"@context\":\"https:\/\/schema.org\",\"@graph\":[{\"@type\":\"WebPage\",\"@id\":\"https:\/\/www.noticiasradioreflejos.com.ar\/2021\/segunda-etapa-finalizada-de-la-remodelacion-de-la-oficina-de-turismo\/\",\"url\":\"https:\/\/www.noticiasradioreflejos.com.ar\/2021\/segunda-etapa-finalizada-de-la-remodelacion-de-la-oficina-de-turismo\/\",\"name\":\"Segunda etapa finalizada de la remodelaci\u00f3n de la Oficina de Turismo - Noticias Radio Reflejos\",\"isPartOf\":{\"@id\":\"https:\/\/www.noticiasradioreflejos.com.ar\/2021\/#website\"},\"primaryImageOfPage\":{\"@id\":\"https:\/\/www.noticiasradioreflejos.com.ar\/2021\/segunda-etapa-finalizada-de-la-remodelacion-de-la-oficina-de-turismo\/#primaryimage\"},\"image\":{\"@id\":\"https:\/\/www.noticiasradioreflejos.com.ar\/2021\/segunda-etapa-finalizada-de-la-remodelacion-de-la-oficina-de-turismo\/#primaryimage\"},\"thumbnailUrl\":\"http:\/\/farm6.staticflickr.com\/5543\/31071341212_8c1465ce1b_z.jpg\",\"datePublished\":\"2016-11-24T15:15:34+00:00\",\"author\":{\"@id\":\"https:\/\/www.noticiasradioreflejos.com.ar\/2021\/#\/schema\/person\/ad82545263dcc5ec0996818884fd5fb1\"},\"breadcrumb\":{\"@id\":\"https:\/\/www.noticiasradioreflejos.com.ar\/2021\/segunda-etapa-finalizada-de-la-remodelacion-de-la-oficina-de-turismo\/#breadcrumb\"},\"inLanguage\":\"es\",\"potentialAction\":[{\"@type\":\"ReadAction\",\"target\":[\"https:\/\/www.noticiasradioreflejos.com.ar\/2021\/segunda-etapa-finalizada-de-la-remodelacion-de-la-oficina-de-turismo\/\"]}]},{\"@type\":\"ImageObject\",\"inLanguage\":\"es\",\"@id\":\"https:\/\/www.noticiasradioreflejos.com.ar\/2021\/segunda-etapa-finalizada-de-la-remodelacion-de-la-oficina-de-turismo\/#primaryimage\",\"url\":\"http:\/\/farm6.staticflickr.com\/5543\/31071341212_8c1465ce1b_z.jpg\",\"contentUrl\":\"http:\/\/farm6.staticflickr.com\/5543\/31071341212_8c1465ce1b_z.jpg\"},{\"@type\":\"BreadcrumbList\",\"@id\":\"https:\/\/www.noticiasradioreflejos.com.ar\/2021\/segunda-etapa-finalizada-de-la-remodelacion-de-la-oficina-de-turismo\/#breadcrumb\",\"itemListElement\":[{\"@type\":\"ListItem\",\"position\":1,\"name\":\"Portada\",\"item\":\"https:\/\/www.noticiasradioreflejos.com.ar\/2021\/\"},{\"@type\":\"ListItem\",\"position\":2,\"name\":\"Segunda etapa finalizada de la remodelaci\u00f3n de la Oficina de Turismo\"}]},{\"@type\":\"WebSite\",\"@id\":\"https:\/\/www.noticiasradioreflejos.com.ar\/2021\/#website\",\"url\":\"https:\/\/www.noticiasradioreflejos.com.ar\/2021\/\",\"name\":\"Noticias Radio Reflejos\",\"description\":\"Las noticias de mi comarca\",\"potentialAction\":[{\"@type\":\"SearchAction\",\"target\":{\"@type\":\"EntryPoint\",\"urlTemplate\":\"https:\/\/www.noticiasradioreflejos.com.ar\/2021\/?s={search_term_string}\"},\"query-input\":{\"@type\":\"PropertyValueSpecification\",\"valueRequired\":true,\"valueName\":\"search_term_string\"}}],\"inLanguage\":\"es\"},{\"@type\":\"Person\",\"@id\":\"https:\/\/www.noticiasradioreflejos.com.ar\/2021\/#\/schema\/person\/ad82545263dcc5ec0996818884fd5fb1\",\"name\":\"Arnaldo Botto\",\"image\":{\"@type\":\"ImageObject\",\"inLanguage\":\"es\",\"@id\":\"https:\/\/www.noticiasradioreflejos.com.ar\/2021\/#\/schema\/person\/image\/\",\"url\":\"https:\/\/secure.gravatar.com\/avatar\/55cb5e37c1efa326397366e6974cb338056df65cb50e7d64d1cf314e87504837?s=96&d=mm&r=g\",\"contentUrl\":\"https:\/\/secure.gravatar.com\/avatar\/55cb5e37c1efa326397366e6974cb338056df65cb50e7d64d1cf314e87504837?s=96&d=mm&r=g\",\"caption\":\"Arnaldo Botto\"},\"url\":\"https:\/\/www.noticiasradioreflejos.com.ar\/2021\/author\/arnaldo\/\"}]}<\/script>\n<!-- \/ Yoast SEO plugin. -->","yoast_head_json":{"title":"Segunda etapa finalizada de la remodelaci\u00f3n de la Oficina de Turismo - Noticias Radio Reflejos","robots":{"index":"index","follow":"follow","max-snippet":"max-snippet:-1","max-image-preview":"max-image-preview:large","max-video-preview":"max-video-preview:-1"},"canonical":"https:\/\/www.noticiasradioreflejos.com.ar\/2021\/segunda-etapa-finalizada-de-la-remodelacion-de-la-oficina-de-turismo\/","og_locale":"es_ES","og_type":"article","og_title":"Segunda etapa finalizada de la remodelaci\u00f3n de la Oficina de Turismo - Noticias Radio Reflejos","og_description":"Nos enorgullece\u00a0 comunicar que estamos terminando la segunda etapa de la remodelaci\u00f3n de\u00a0 la Oficina de Turismo de Villa Ventana.","og_url":"https:\/\/www.noticiasradioreflejos.com.ar\/2021\/segunda-etapa-finalizada-de-la-remodelacion-de-la-oficina-de-turismo\/","og_site_name":"Noticias Radio Reflejos","article_published_time":"2016-11-24T15:15:34+00:00","og_image":[{"url":"http:\/\/farm6.staticflickr.com\/5543\/31071341212_8c1465ce1b_z.jpg","type":"","width":"","height":""}],"author":"Arnaldo Botto","twitter_card":"summary_large_image","schema":{"@context":"https:\/\/schema.org","@graph":[{"@type":"WebPage","@id":"https:\/\/www.noticiasradioreflejos.com.ar\/2021\/segunda-etapa-finalizada-de-la-remodelacion-de-la-oficina-de-turismo\/","url":"https:\/\/www.noticiasradioreflejos.com.ar\/2021\/segunda-etapa-finalizada-de-la-remodelacion-de-la-oficina-de-turismo\/","name":"Segunda etapa finalizada de la remodelaci\u00f3n de la Oficina de Turismo - Noticias Radio Reflejos","isPartOf":{"@id":"https:\/\/www.noticiasradioreflejos.com.ar\/2021\/#website"},"primaryImageOfPage":{"@id":"https:\/\/www.noticiasradioreflejos.com.ar\/2021\/segunda-etapa-finalizada-de-la-remodelacion-de-la-oficina-de-turismo\/#primaryimage"},"image":{"@id":"https:\/\/www.noticiasradioreflejos.com.ar\/2021\/segunda-etapa-finalizada-de-la-remodelacion-de-la-oficina-de-turismo\/#primaryimage"},"thumbnailUrl":"http:\/\/farm6.staticflickr.com\/5543\/31071341212_8c1465ce1b_z.jpg","datePublished":"2016-11-24T15:15:34+00:00","author":{"@id":"https:\/\/www.noticiasradioreflejos.com.ar\/2021\/#\/schema\/person\/ad82545263dcc5ec0996818884fd5fb1"},"breadcrumb":{"@id":"https:\/\/www.noticiasradioreflejos.com.ar\/2021\/segunda-etapa-finalizada-de-la-remodelacion-de-la-oficina-de-turismo\/#breadcrumb"},"inLanguage":"es","potentialAction":[{"@type":"ReadAction","target":["https:\/\/www.noticiasradioreflejos.com.ar\/2021\/segunda-etapa-finalizada-de-la-remodelacion-de-la-oficina-de-turismo\/"]}]},{"@type":"ImageObject","inLanguage":"es","@id":"https:\/\/www.noticiasradioreflejos.com.ar\/2021\/segunda-etapa-finalizada-de-la-remodelacion-de-la-oficina-de-turismo\/#primaryimage","url":"http:\/\/farm6.staticflickr.com\/5543\/31071341212_8c1465ce1b_z.jpg","contentUrl":"http:\/\/farm6.staticflickr.com\/5543\/31071341212_8c1465ce1b_z.jpg"},{"@type":"BreadcrumbList","@id":"https:\/\/www.noticiasradioreflejos.com.ar\/2021\/segunda-etapa-finalizada-de-la-remodelacion-de-la-oficina-de-turismo\/#breadcrumb","itemListElement":[{"@type":"ListItem","position":1,"name":"Portada","item":"https:\/\/www.noticiasradioreflejos.com.ar\/2021\/"},{"@type":"ListItem","position":2,"name":"Segunda etapa finalizada de la remodelaci\u00f3n de la Oficina de Turismo"}]},{"@type":"WebSite","@id":"https:\/\/www.noticiasradioreflejos.com.ar\/2021\/#website","url":"https:\/\/www.noticiasradioreflejos.com.ar\/2021\/","name":"Noticias Radio Reflejos","description":"Las noticias de mi comarca","potentialAction":[{"@type":"SearchAction","target":{"@type":"EntryPoint","urlTemplate":"https:\/\/www.noticiasradioreflejos.com.ar\/2021\/?s={search_term_string}"},"query-input":{"@type":"PropertyValueSpecification","valueRequired":true,"valueName":"search_term_string"}}],"inLanguage":"es"},{"@type":"Person","@id":"https:\/\/www.noticiasradioreflejos.com.ar\/2021\/#\/schema\/person\/ad82545263dcc5ec0996818884fd5fb1","name":"Arnaldo Botto","image":{"@type":"ImageObject","inLanguage":"es","@id":"https:\/\/www.noticiasradioreflejos.com.ar\/2021\/#\/schema\/person\/image\/","url":"https:\/\/secure.gravatar.com\/avatar\/55cb5e37c1efa326397366e6974cb338056df65cb50e7d64d1cf314e87504837?s=96&d=mm&r=g","contentUrl":"https:\/\/secure.gravatar.com\/avatar\/55cb5e37c1efa326397366e6974cb338056df65cb50e7d64d1cf314e87504837?s=96&d=mm&r=g","caption":"Arnaldo Botto"},"url":"https:\/\/www.noticiasradioreflejos.com.ar\/2021\/author\/arnaldo\/"}]}},"_links":{"self":[{"href":"https:\/\/www.noticiasradioreflejos.com.ar\/2021\/wp-json\/wp\/v2\/posts\/4075","targetHints":{"allow":["GET"]}}],"collection":[{"href":"https:\/\/www.noticiasradioreflejos.com.ar\/2021\/wp-json\/wp\/v2\/posts"}],"about":[{"href":"https:\/\/www.noticiasradioreflejos.com.ar\/2021\/wp-json\/wp\/v2\/types\/post"}],"author":[{"embeddable":true,"href":"https:\/\/www.noticiasradioreflejos.com.ar\/2021\/wp-json\/wp\/v2\/users\/3"}],"replies":[{"embeddable":true,"href":"https:\/\/www.noticiasradioreflejos.com.ar\/2021\/wp-json\/wp\/v2\/comments?post=4075"}],"version-history":[{"count":0,"href":"https:\/\/www.noticiasradioreflejos.com.ar\/2021\/wp-json\/wp\/v2\/posts\/4075\/revisions"}],"wp:attachment":[{"href":"https:\/\/www.noticiasradioreflejos.com.ar\/2021\/wp-json\/wp\/v2\/media?parent=4075"}],"wp:term":[{"taxonomy":"category","embeddable":true,"href":"https:\/\/www.noticiasradioreflejos.com.ar\/2021\/wp-json\/wp\/v2\/categories?post=4075"},{"taxonomy":"post_tag","embeddable":true,"href":"https:\/\/www.noticiasradioreflejos.com.ar\/2021\/wp-json\/wp\/v2\/tags?post=4075"}],"curies":[{"name":"wp","href":"https:\/\/api.w.org\/{rel}","templated":true}]}}