{"id":4072,"date":"2016-11-24T15:09:48","date_gmt":"2016-11-24T15:09:48","guid":{"rendered":"http:\/\/noticiasradioreflejos.com.ar\/noticias\/?p=4072"},"modified":"2016-11-24T15:09:48","modified_gmt":"2016-11-24T15:09:48","slug":"pablo-garate-el-diputado-que-mas-proyectos-de-ley-presento","status":"publish","type":"post","link":"https:\/\/www.noticiasradioreflejos.com.ar\/2021\/pablo-garate-el-diputado-que-mas-proyectos-de-ley-presento\/","title":{"rendered":"Pablo Garate, el diputado que m\u00e1s proyectos de ley present\u00f3"},"content":{"rendered":"<div id=\"m_-8932672307251854894yui_3_16_0_1_1479989471172_12067\"><span id=\"m_-8932672307251854894yui_3_16_0_1_1479989471172_12066\" lang=\"ES-AR\">Finalizando el per\u00edodo legislativo n\u00famero 144 de la C\u00e1mara de Diputados bonaerense, que comenz\u00f3 el 1 de marzo y finaliza este 30 de noviembre analizamos el trabajo realizado por sus integrantes que se traduce en la cantidad de proyectos de Ley presentados.<\/span><\/div>\n<p><!--more--><\/p>\n<div><span lang=\"ES-AR\">En este sentido, el diputado m\u00e1s laborioso ha sido el representante de la sexta secci\u00f3n<span class=\"m_-8932672307251854894yiv8942876905apple-converted-space\">\u00a0<\/span><strong>Pablo Garate<\/strong><span class=\"m_-8932672307251854894yiv8942876905apple-converted-space\">\u00a0<\/span>\u2013<b>Frente Renovador-<\/b> con un total de 72 proyectos de Ley, de los cuales s\u00f3lo uno es reproducci\u00f3n de un proyecto anterior, es decir, de un proyecto que ha perdido estado parlamentario al no haber sido tratado durante dos per\u00edodos legislativos.<\/span><\/div>\n<div><\/div>\n<div><span lang=\"ES-AR\">El segundo lugar es compartido entre<span class=\"m_-8932672307251854894yiv8942876905apple-converted-space\">\u00a0<\/span><strong>Jorge Santiago<\/strong><span class=\"m_-8932672307251854894yiv8942876905apple-converted-space\">\u00a0<\/span>del FAP y <b>Ricardo Lissalde del FR<\/b> con 46 proyectos de Ley cada uno, en el caso de Santiago 21 de ellos son reproducciones y en el de Lissalde 31.<\/span><\/div>\n<div><span lang=\"ES-AR\">El cuarto lugar es ocupado por la diputada<span class=\"m_-8932672307251854894yiv8942876905apple-converted-space\">\u00a0<\/span><strong>Alejandra Lorden<\/strong><span class=\"m_-8932672307251854894yiv8942876905apple-converted-space\">\u00a0<\/span>de Cambiemos con 33 proyectos de Ley presentados y ninguno de ellos es reproducci\u00f3n.<\/span><\/div>\n<div><\/div>\n<div id=\"m_-8932672307251854894yui_3_16_0_1_1479989471172_12069\"><span lang=\"ES-AR\">Luego se ubican entre los \u201ctop ten\u201d<span class=\"m_-8932672307251854894yiv8942876905apple-converted-space\">\u00a0<\/span><strong>M\u00f3nica L\u00f3pez<\/strong>, Mar\u00eda del Huerto Ratto,<span class=\"m_-8932672307251854894yiv8942876905apple-converted-space\">\u00a0<\/span><strong>Roc\u00edo Giaccone<\/strong>,<span class=\"m_-8932672307251854894yiv8942876905apple-converted-space\">\u00a0<\/span><strong>Jorge Mancini<\/strong>,<span class=\"m_-8932672307251854894yiv8942876905apple-converted-space\">\u00a0<\/span><strong>Luc\u00eda Portos<\/strong><span class=\"m_-8932672307251854894yiv8942876905apple-converted-space\"><b>\u00a0<\/b><\/span>y<span class=\"m_-8932672307251854894yiv8942876905apple-converted-space\"><b>\u00a0<\/b><\/span><strong>Lisandro Bonelli.<\/strong><\/span><\/div>\n<div><span lang=\"ES-AR\">Esta es la lista de los diez diputados que m\u00e1s proyectos de Ley presentaron durante el actual per\u00edodo legislativo:<\/span><\/div>\n<div><strong><u><span lang=\"ES-AR\">Diputados<\/span><\/u><\/strong><strong><span lang=\"ES-AR\">\u00a0\u00a0\u00a0\u00a0\u00a0<\/span><\/strong><em><b><span lang=\"ES-AR\">\u00a0\u00a0\u00a0\u00a0\u00a0\u00a0\u00a0\u00a0\u00a0\u00a0\u00a0\u00a0\u00a0\u00a0\u00a0\u00a0<wbr \/>\u00a0\u00a0\u00a0\u00a0\u00a0\u00a0\u00a0\u00a0\u00a0\u00a0\u00a0\u00a0\u00a0\u00a0\u00a0\u00a0\u00a0\u00a0\u00a0<\/span><\/b><\/em><span class=\"m_-8932672307251854894yiv8942876905apple-converted-space\"><b><i><span lang=\"ES-AR\">\u00a0<\/span><\/i><\/b><\/span><strong><span lang=\"ES-AR\">\u00a0 <u>Proyectos de Ley<\/u><\/span><\/strong><u><\/u><\/div>\n<div><span lang=\"ES-AR\">1.-\u00a0Pablo Garate\u00a0\u00a0\u00a0\u00a0\u00a0\u00a0\u00a0\u00a0\u00a0\u00a0\u00a0\u00a0\u00a0\u00a0\u00a0\u00a0\u00a0\u00a0\u00a0\u00a0\u00a0\u00a0\u00a0\u00a0<wbr \/>\u00a0\u00a0\u00a0\u00a0\u00a0\u00a0\u00a0\u00a0\u00a0\u00a0\u00a0\u00a0\u00a0\u00a0\u00a0\u00a0\u00a0 \u00a0\u00a0\u00a072<br \/>\n2.-\u00a0Jorge Santiago\u00a0\u00a0\u00a0\u00a0\u00a0\u00a0\u00a0\u00a0\u00a0\u00a0\u00a0\u00a0\u00a0\u00a0\u00a0\u00a0\u00a0\u00a0\u00a0\u00a0\u00a0\u00a0<wbr \/>\u00a0\u00a0\u00a0\u00a0\u00a0\u00a0\u00a0\u00a0\u00a0\u00a0\u00a0\u00a0\u00a0\u00a0\u00a0\u00a0 \u00a0\u00a0\u00a046<br \/>\n3.-\u00a0Ricardo Lissalde\u00a0\u00a0\u00a0\u00a0\u00a0\u00a0\u00a0\u00a0\u00a0\u00a0\u00a0\u00a0\u00a0\u00a0\u00a0\u00a0\u00a0\u00a0\u00a0\u00a0\u00a0\u00a0<wbr \/>\u00a0\u00a0\u00a0\u00a0\u00a0\u00a0\u00a0\u00a0\u00a0\u00a0\u00a0\u00a0\u00a0 \u00a0\u00a0\u00a0 46<br \/>\n4.-Alejandro Lorden\u00a0\u00a0\u00a0\u00a0\u00a0\u00a0\u00a0\u00a0\u00a0\u00a0\u00a0\u00a0\u00a0\u00a0\u00a0\u00a0\u00a0\u00a0\u00a0\u00a0\u00a0\u00a0\u00a0\u00a0<wbr \/>\u00a0\u00a0\u00a0\u00a0\u00a0\u00a0\u00a0\u00a0\u00a0\u00a0\u00a0\u00a0\u00a0\u00a0\u00a033<br \/>\n5.-M\u00f3nica L\u00f3pez\u00a0\u00a0\u00a0\u00a0\u00a0\u00a0\u00a0\u00a0\u00a0\u00a0\u00a0\u00a0\u00a0\u00a0\u00a0\u00a0\u00a0\u00a0\u00a0\u00a0\u00a0\u00a0\u00a0\u00a0\u00a0<wbr \/>\u00a0\u00a0\u00a0\u00a0\u00a0\u00a0\u00a0\u00a0\u00a0\u00a0\u00a0\u00a0\u00a0\u00a0\u00a0\u00a0\u00a0\u00a0\u00a0 32<br \/>\n6.-\u00a0Mar\u00eda de Huerto Ratto\u00a0\u00a0\u00a0\u00a0\u00a0\u00a0\u00a0\u00a0\u00a0\u00a0\u00a0\u00a0\u00a0\u00a0\u00a0\u00a0\u00a0\u00a0\u00a0\u00a0\u00a0\u00a0\u00a0\u00a0\u00a0<wbr \/>\u00a0\u00a0 31<br \/>\n7.-\u00a0Roc\u00edo Giaccone\u00a0\u00a0\u00a0\u00a0\u00a0\u00a0\u00a0\u00a0\u00a0\u00a0\u00a0\u00a0\u00a0\u00a0\u00a0\u00a0\u00a0\u00a0\u00a0\u00a0\u00a0\u00a0<wbr \/>\u00a0\u00a0\u00a0\u00a0\u00a0\u00a0\u00a0\u00a0\u00a0\u00a0\u00a0\u00a0\u00a0\u00a0\u00a0\u00a0\u00a0 \u00a0\u00a026<br \/>\n8.-\u00a0Jorge Mancini\u00a0\u00a0\u00a0\u00a0\u00a0\u00a0\u00a0\u00a0\u00a0\u00a0\u00a0\u00a0\u00a0\u00a0\u00a0\u00a0\u00a0\u00a0\u00a0\u00a0\u00a0\u00a0\u00a0<wbr \/>\u00a0\u00a0\u00a0\u00a0\u00a0\u00a0\u00a0\u00a0\u00a0\u00a0\u00a0\u00a0\u00a0\u00a0\u00a0\u00a0\u00a0\u00a0\u00a0 \u00a0 26<br \/>\n9.-\u00a0Lisandro Bonelli\u00a0\u00a0\u00a0\u00a0\u00a0\u00a0\u00a0\u00a0\u00a0\u00a0\u00a0\u00a0\u00a0\u00a0\u00a0\u00a0\u00a0\u00a0\u00a0\u00a0\u00a0\u00a0\u00a0<wbr \/>\u00a0\u00a0\u00a0\u00a0\u00a0\u00a0\u00a0\u00a0\u00a0\u00a0\u00a0\u00a0\u00a0\u00a0\u00a0 \u00a0\u00a024<br \/>\n10.-Luc\u00eda Portos\u00a0\u00a0\u00a0\u00a0\u00a0\u00a0\u00a0\u00a0\u00a0\u00a0\u00a0\u00a0\u00a0\u00a0\u00a0\u00a0\u00a0\u00a0\u00a0\u00a0\u00a0\u00a0\u00a0\u00a0<wbr \/>\u00a0\u00a0\u00a0\u00a0\u00a0\u00a0\u00a0\u00a0\u00a0\u00a0\u00a0\u00a0\u00a0\u00a0\u00a0\u00a0\u00a0\u00a0\u00a0 \u00a0 24<\/span><\/div>\n<div><\/div>\n<div id=\"m_-8932672307251854894yui_3_16_0_1_1479989471172_12071\"><span id=\"m_-8932672307251854894yui_3_16_0_1_1479989471172_12070\" lang=\"ES-AR\">Como se observa, de los diez diputados m\u00e1s laboriosos, cinco son mujeres, lo que es un tema a destacar como un fundamento m\u00e1s para quienes han avalado la ley de paridad de g\u00e9nero para cargos electivos.<\/span><\/div>\n<div><span lang=\"ES-AR\">Cabe se\u00f1alar que en este an\u00e1lisis del trabajo de los diputados bonaerenses durante el a\u00f1o 2016 hemos tomado los proyectos de Ley, puesto que son los que realmente cambian en algo la vida de los ciudadanos y entendemos que para mejor. Hemos dejado de lado el resto de los proyectos puesto que en su mayor\u00eda son meras expresiones de deseos, benepl\u00e1citos por fiestas de pueblos o aniversarios de instituciones que se repiten a\u00f1o tras a\u00f1o, y hasta declarando de inter\u00e9s las distintas efem\u00e9rides, lo que menoscaba el trabajo legislativo por su repetici\u00f3n e inocuidad y tambi\u00e9n afecta la calidad democr\u00e1tica.<\/span><\/div>\n<div><span lang=\"ES-AR\">En momentos en que se cuestiona lo que cobran los legisladores en concepto de dieta, <\/span><span lang=\"ES-AR\">es un buen ejercicio ciudadano ingresar peri\u00f3dicamente al sitio web de la C\u00e1mara de Diputados (<a id=\"m_-8932672307251854894yiv8942876905LPlnk403660\" href=\"http:\/\/www.hcdiputados-ba.gov.ar\/\" target=\"_blank\" rel=\"nofollow noopener\" data-saferedirecturl=\"https:\/\/www.google.com\/url?hl=es&amp;q=http:\/\/www.hcdiputados-ba.gov.ar\/&amp;source=gmail&amp;ust=1480085871532000&amp;usg=AFQjCNF0wR7wIOXe6Kjz0wZvGkM03amu1Q\">www.hcdiputados-ba.gov.ar<\/a>)hacer click en le foto del representante de su pueblo e interiorizarse sobre los proyectos que ha presentado durante este a\u00f1o y durante lo que va de su mandato. Y si tiene alguna sugerencia u observaci\u00f3n tiene la posibilidad de enviarle un mail al correo que figura en el portal.<\/span><\/div>\n<div>\n<div dir=\"ltr\">\n<div>\n<div dir=\"ltr\">\n<div class=\"m_-8932672307251854894yiv8942876905MsoNormal\"><\/div>\n<div class=\"m_-8932672307251854894yiv8942876905MsoNormal\">BLOQUE\u00a0CORRIENTE RENOVADORA<\/div>\n<div class=\"m_-8932672307251854894yiv8942876905MsoNormal\">FRENTE RENOVADOR<\/div>\n<\/div>\n<\/div>\n<\/div>\n<\/div>\n","protected":false},"excerpt":{"rendered":"<p>Finalizando el per\u00edodo legislativo n\u00famero 144 de la C\u00e1mara de Diputados bonaerense, que comenz\u00f3 el 1 de marzo y finaliza este 30 de noviembre analizamos el trabajo realizado por sus integrantes que se traduce en la cantidad de proyectos de Ley presentados.<\/p>\n","protected":false},"author":3,"featured_media":0,"comment_status":"closed","ping_status":"open","sticky":false,"template":"","format":"standard","meta":{"footnotes":""},"categories":[24],"tags":[],"class_list":["post-4072","post","type-post","status-publish","format-standard","hentry","category-politica"],"yoast_head":"<!-- This site is optimized with the Yoast SEO plugin v25.9 - https:\/\/yoast.com\/wordpress\/plugins\/seo\/ -->\n<title>Pablo Garate, el diputado que m\u00e1s proyectos de ley present\u00f3 - Noticias Radio Reflejos<\/title>\n<meta name=\"robots\" content=\"index, follow, max-snippet:-1, max-image-preview:large, max-video-preview:-1\" \/>\n<link rel=\"canonical\" href=\"https:\/\/www.noticiasradioreflejos.com.ar\/2021\/pablo-garate-el-diputado-que-mas-proyectos-de-ley-presento\/\" \/>\n<meta property=\"og:locale\" content=\"es_ES\" \/>\n<meta property=\"og:type\" content=\"article\" \/>\n<meta property=\"og:title\" content=\"Pablo Garate, el diputado que m\u00e1s proyectos de ley present\u00f3 - Noticias Radio Reflejos\" \/>\n<meta property=\"og:description\" content=\"Finalizando el per\u00edodo legislativo n\u00famero 144 de la C\u00e1mara de Diputados bonaerense, que comenz\u00f3 el 1 de marzo y finaliza este 30 de noviembre analizamos el trabajo realizado por sus integrantes que se traduce en la cantidad de proyectos de Ley presentados.\" \/>\n<meta property=\"og:url\" content=\"https:\/\/www.noticiasradioreflejos.com.ar\/2021\/pablo-garate-el-diputado-que-mas-proyectos-de-ley-presento\/\" \/>\n<meta property=\"og:site_name\" content=\"Noticias Radio Reflejos\" \/>\n<meta property=\"article:published_time\" content=\"2016-11-24T15:09:48+00:00\" \/>\n<meta property=\"og:image\" content=\"https:\/\/www.noticiasradioreflejos.com.ar\/2021\/wp-content\/uploads\/2021\/07\/logosol300x200.png\" \/>\n\t<meta property=\"og:image:width\" content=\"300\" \/>\n\t<meta property=\"og:image:height\" content=\"200\" \/>\n\t<meta property=\"og:image:type\" content=\"image\/png\" \/>\n<meta name=\"author\" content=\"Arnaldo Botto\" \/>\n<meta name=\"twitter:card\" content=\"summary_large_image\" \/>\n<script type=\"application\/ld+json\" class=\"yoast-schema-graph\">{\"@context\":\"https:\/\/schema.org\",\"@graph\":[{\"@type\":\"WebPage\",\"@id\":\"https:\/\/www.noticiasradioreflejos.com.ar\/2021\/pablo-garate-el-diputado-que-mas-proyectos-de-ley-presento\/\",\"url\":\"https:\/\/www.noticiasradioreflejos.com.ar\/2021\/pablo-garate-el-diputado-que-mas-proyectos-de-ley-presento\/\",\"name\":\"Pablo Garate, el diputado que m\u00e1s proyectos de ley present\u00f3 - Noticias Radio Reflejos\",\"isPartOf\":{\"@id\":\"https:\/\/www.noticiasradioreflejos.com.ar\/2021\/#website\"},\"datePublished\":\"2016-11-24T15:09:48+00:00\",\"author\":{\"@id\":\"https:\/\/www.noticiasradioreflejos.com.ar\/2021\/#\/schema\/person\/ad82545263dcc5ec0996818884fd5fb1\"},\"breadcrumb\":{\"@id\":\"https:\/\/www.noticiasradioreflejos.com.ar\/2021\/pablo-garate-el-diputado-que-mas-proyectos-de-ley-presento\/#breadcrumb\"},\"inLanguage\":\"es\",\"potentialAction\":[{\"@type\":\"ReadAction\",\"target\":[\"https:\/\/www.noticiasradioreflejos.com.ar\/2021\/pablo-garate-el-diputado-que-mas-proyectos-de-ley-presento\/\"]}]},{\"@type\":\"BreadcrumbList\",\"@id\":\"https:\/\/www.noticiasradioreflejos.com.ar\/2021\/pablo-garate-el-diputado-que-mas-proyectos-de-ley-presento\/#breadcrumb\",\"itemListElement\":[{\"@type\":\"ListItem\",\"position\":1,\"name\":\"Portada\",\"item\":\"https:\/\/www.noticiasradioreflejos.com.ar\/2021\/\"},{\"@type\":\"ListItem\",\"position\":2,\"name\":\"Pablo Garate, el diputado que m\u00e1s proyectos de ley present\u00f3\"}]},{\"@type\":\"WebSite\",\"@id\":\"https:\/\/www.noticiasradioreflejos.com.ar\/2021\/#website\",\"url\":\"https:\/\/www.noticiasradioreflejos.com.ar\/2021\/\",\"name\":\"Noticias Radio Reflejos\",\"description\":\"Las noticias de mi comarca\",\"potentialAction\":[{\"@type\":\"SearchAction\",\"target\":{\"@type\":\"EntryPoint\",\"urlTemplate\":\"https:\/\/www.noticiasradioreflejos.com.ar\/2021\/?s={search_term_string}\"},\"query-input\":{\"@type\":\"PropertyValueSpecification\",\"valueRequired\":true,\"valueName\":\"search_term_string\"}}],\"inLanguage\":\"es\"},{\"@type\":\"Person\",\"@id\":\"https:\/\/www.noticiasradioreflejos.com.ar\/2021\/#\/schema\/person\/ad82545263dcc5ec0996818884fd5fb1\",\"name\":\"Arnaldo Botto\",\"image\":{\"@type\":\"ImageObject\",\"inLanguage\":\"es\",\"@id\":\"https:\/\/www.noticiasradioreflejos.com.ar\/2021\/#\/schema\/person\/image\/\",\"url\":\"https:\/\/secure.gravatar.com\/avatar\/55cb5e37c1efa326397366e6974cb338056df65cb50e7d64d1cf314e87504837?s=96&d=mm&r=g\",\"contentUrl\":\"https:\/\/secure.gravatar.com\/avatar\/55cb5e37c1efa326397366e6974cb338056df65cb50e7d64d1cf314e87504837?s=96&d=mm&r=g\",\"caption\":\"Arnaldo Botto\"},\"url\":\"https:\/\/www.noticiasradioreflejos.com.ar\/2021\/author\/arnaldo\/\"}]}<\/script>\n<!-- \/ Yoast SEO plugin. -->","yoast_head_json":{"title":"Pablo Garate, el diputado que m\u00e1s proyectos de ley present\u00f3 - Noticias Radio Reflejos","robots":{"index":"index","follow":"follow","max-snippet":"max-snippet:-1","max-image-preview":"max-image-preview:large","max-video-preview":"max-video-preview:-1"},"canonical":"https:\/\/www.noticiasradioreflejos.com.ar\/2021\/pablo-garate-el-diputado-que-mas-proyectos-de-ley-presento\/","og_locale":"es_ES","og_type":"article","og_title":"Pablo Garate, el diputado que m\u00e1s proyectos de ley present\u00f3 - Noticias Radio Reflejos","og_description":"Finalizando el per\u00edodo legislativo n\u00famero 144 de la C\u00e1mara de Diputados bonaerense, que comenz\u00f3 el 1 de marzo y finaliza este 30 de noviembre analizamos el trabajo realizado por sus integrantes que se traduce en la cantidad de proyectos de Ley presentados.","og_url":"https:\/\/www.noticiasradioreflejos.com.ar\/2021\/pablo-garate-el-diputado-que-mas-proyectos-de-ley-presento\/","og_site_name":"Noticias Radio Reflejos","article_published_time":"2016-11-24T15:09:48+00:00","og_image":[{"width":300,"height":200,"url":"https:\/\/www.noticiasradioreflejos.com.ar\/2021\/wp-content\/uploads\/2021\/07\/logosol300x200.png","type":"image\/png"}],"author":"Arnaldo Botto","twitter_card":"summary_large_image","schema":{"@context":"https:\/\/schema.org","@graph":[{"@type":"WebPage","@id":"https:\/\/www.noticiasradioreflejos.com.ar\/2021\/pablo-garate-el-diputado-que-mas-proyectos-de-ley-presento\/","url":"https:\/\/www.noticiasradioreflejos.com.ar\/2021\/pablo-garate-el-diputado-que-mas-proyectos-de-ley-presento\/","name":"Pablo Garate, el diputado que m\u00e1s proyectos de ley present\u00f3 - Noticias Radio Reflejos","isPartOf":{"@id":"https:\/\/www.noticiasradioreflejos.com.ar\/2021\/#website"},"datePublished":"2016-11-24T15:09:48+00:00","author":{"@id":"https:\/\/www.noticiasradioreflejos.com.ar\/2021\/#\/schema\/person\/ad82545263dcc5ec0996818884fd5fb1"},"breadcrumb":{"@id":"https:\/\/www.noticiasradioreflejos.com.ar\/2021\/pablo-garate-el-diputado-que-mas-proyectos-de-ley-presento\/#breadcrumb"},"inLanguage":"es","potentialAction":[{"@type":"ReadAction","target":["https:\/\/www.noticiasradioreflejos.com.ar\/2021\/pablo-garate-el-diputado-que-mas-proyectos-de-ley-presento\/"]}]},{"@type":"BreadcrumbList","@id":"https:\/\/www.noticiasradioreflejos.com.ar\/2021\/pablo-garate-el-diputado-que-mas-proyectos-de-ley-presento\/#breadcrumb","itemListElement":[{"@type":"ListItem","position":1,"name":"Portada","item":"https:\/\/www.noticiasradioreflejos.com.ar\/2021\/"},{"@type":"ListItem","position":2,"name":"Pablo Garate, el diputado que m\u00e1s proyectos de ley present\u00f3"}]},{"@type":"WebSite","@id":"https:\/\/www.noticiasradioreflejos.com.ar\/2021\/#website","url":"https:\/\/www.noticiasradioreflejos.com.ar\/2021\/","name":"Noticias Radio Reflejos","description":"Las noticias de mi comarca","potentialAction":[{"@type":"SearchAction","target":{"@type":"EntryPoint","urlTemplate":"https:\/\/www.noticiasradioreflejos.com.ar\/2021\/?s={search_term_string}"},"query-input":{"@type":"PropertyValueSpecification","valueRequired":true,"valueName":"search_term_string"}}],"inLanguage":"es"},{"@type":"Person","@id":"https:\/\/www.noticiasradioreflejos.com.ar\/2021\/#\/schema\/person\/ad82545263dcc5ec0996818884fd5fb1","name":"Arnaldo Botto","image":{"@type":"ImageObject","inLanguage":"es","@id":"https:\/\/www.noticiasradioreflejos.com.ar\/2021\/#\/schema\/person\/image\/","url":"https:\/\/secure.gravatar.com\/avatar\/55cb5e37c1efa326397366e6974cb338056df65cb50e7d64d1cf314e87504837?s=96&d=mm&r=g","contentUrl":"https:\/\/secure.gravatar.com\/avatar\/55cb5e37c1efa326397366e6974cb338056df65cb50e7d64d1cf314e87504837?s=96&d=mm&r=g","caption":"Arnaldo Botto"},"url":"https:\/\/www.noticiasradioreflejos.com.ar\/2021\/author\/arnaldo\/"}]}},"_links":{"self":[{"href":"https:\/\/www.noticiasradioreflejos.com.ar\/2021\/wp-json\/wp\/v2\/posts\/4072","targetHints":{"allow":["GET"]}}],"collection":[{"href":"https:\/\/www.noticiasradioreflejos.com.ar\/2021\/wp-json\/wp\/v2\/posts"}],"about":[{"href":"https:\/\/www.noticiasradioreflejos.com.ar\/2021\/wp-json\/wp\/v2\/types\/post"}],"author":[{"embeddable":true,"href":"https:\/\/www.noticiasradioreflejos.com.ar\/2021\/wp-json\/wp\/v2\/users\/3"}],"replies":[{"embeddable":true,"href":"https:\/\/www.noticiasradioreflejos.com.ar\/2021\/wp-json\/wp\/v2\/comments?post=4072"}],"version-history":[{"count":0,"href":"https:\/\/www.noticiasradioreflejos.com.ar\/2021\/wp-json\/wp\/v2\/posts\/4072\/revisions"}],"wp:attachment":[{"href":"https:\/\/www.noticiasradioreflejos.com.ar\/2021\/wp-json\/wp\/v2\/media?parent=4072"}],"wp:term":[{"taxonomy":"category","embeddable":true,"href":"https:\/\/www.noticiasradioreflejos.com.ar\/2021\/wp-json\/wp\/v2\/categories?post=4072"},{"taxonomy":"post_tag","embeddable":true,"href":"https:\/\/www.noticiasradioreflejos.com.ar\/2021\/wp-json\/wp\/v2\/tags?post=4072"}],"curies":[{"name":"wp","href":"https:\/\/api.w.org\/{rel}","templated":true}]}}