{"id":40709,"date":"2020-04-13T11:47:27","date_gmt":"2020-04-13T14:47:27","guid":{"rendered":"http:\/\/www.noticiasradioreflejos.com.ar\/noticias\/?p=40709"},"modified":"2020-04-13T11:47:27","modified_gmt":"2020-04-13T14:47:27","slug":"vacunas-antigripales-inmunizaran-desde-el-miercoles-15-de-abril-a-mayores-de-65-anos","status":"publish","type":"post","link":"https:\/\/www.noticiasradioreflejos.com.ar\/2021\/vacunas-antigripales-inmunizaran-desde-el-miercoles-15-de-abril-a-mayores-de-65-anos\/","title":{"rendered":"Vacunas antigripales: inmunizar\u00e1n desde el mi\u00e9rcoles 15 de abril a Mayores de 65 a\u00f1os."},"content":{"rendered":"<p>La Secretaria de Salud municipal a trav\u00e9s del \u00e1rea de inmunizaciones comunica a la poblaci\u00f3n que el d\u00eda de hoy se estar\u00e1 recepcionando un nuevo lote de vacuna antigripal cepa 2020, que ser\u00e1n distribuidas en la localidad de Tornquist, Sierra de la Ventana, Saldungaray, Villa Ventana y Chasic\u00f3.<br \/>\nLa inmunizaci\u00f3n comenzar\u00e1 efectuarse a partir del mi\u00e9rcoles 15, \u00fanicamente para adultos mayores (mayores de 65 a\u00f1os) y personal de salud que no haya recibido la dosis correspondiente al a\u00f1o 2020. <!--more--><\/p>\n<p>Recordamos los distintos tel\u00e9fonos de los CAPS para consultas, y el cronograma de vacunaci\u00f3n:<br \/>\n\u2022 Tornquist: de 7 a 14hs.<br \/>\nSala Norte: lunes mi\u00e9rcoles y viernes: pacientes adultos<br \/>\nMartes y jueves: pacientes pedi\u00e1tricos<br \/>\nTel: 4940.812<br \/>\nSala Sur: lunes y Mi\u00e9rcoles: pacientes pedi\u00e1tricos<br \/>\nMartes, jueves y viernes: pacientes adultos<br \/>\nTel: 4940.400<br \/>\n\u2022 Sierra de la ventana: de 9 a 14hs<br \/>\nLunes, mi\u00e9rcoles y viernes: pacientes adultos<br \/>\nMartes y jueves: pacientes pedi\u00e1tricos<br \/>\nTel: 4915.030<br \/>\n\u2022 Chasic\u00f3: de 14 a 17hs Comunicarse con la sala para solicitar turnos<br \/>\nTel: 4961.010<br \/>\n\u2022 Villa Ventana: Comunicarse con la sala para solicitar turnos<br \/>\nTel: 4910.250<br \/>\n\u2022 Saldungaray: Comunicarse con la sala para solicitar turnos<br \/>\nTel: 4916.035<\/p>\n<p>Asimismo informamos que en las pr\u00f3ximas semanas llegar\u00e1n nuevos lotes de vacunas, que permitir\u00e1n inmunizar a pacientes que no sean de riesgo.<br \/>\nRecordamos que solo se llevar\u00e1 a cabo dicha tarea en los d\u00edas y lugares establecidos, para evitar la saturaci\u00f3n de los espacios y la aglomeraci\u00f3n de personas. Seamos responsables con el personal de salud y con nuestros vecinos.<\/p>\n","protected":false},"excerpt":{"rendered":"<p>La Secretaria de Salud municipal a trav\u00e9s del \u00e1rea de inmunizaciones comunica a la poblaci\u00f3n que el d\u00eda de hoy se estar\u00e1 recepcionando un nuevo lote de vacuna antigripal cepa 2020, que ser\u00e1n distribuidas en la localidad de Tornquist, Sierra de la Ventana, Saldungaray, Villa Ventana y Chasic\u00f3. La inmunizaci\u00f3n comenzar\u00e1 efectuarse a partir del [&hellip;]<\/p>\n","protected":false},"author":3,"featured_media":0,"comment_status":"closed","ping_status":"open","sticky":false,"template":"","format":"standard","meta":{"footnotes":""},"categories":[30],"tags":[],"class_list":["post-40709","post","type-post","status-publish","format-standard","hentry","category-salud"],"yoast_head":"<!-- This site is optimized with the Yoast SEO plugin v25.9 - https:\/\/yoast.com\/wordpress\/plugins\/seo\/ -->\n<title>Vacunas antigripales: inmunizar\u00e1n desde el mi\u00e9rcoles 15 de abril a Mayores de 65 a\u00f1os. - Noticias Radio Reflejos<\/title>\n<meta name=\"robots\" content=\"index, follow, max-snippet:-1, max-image-preview:large, max-video-preview:-1\" \/>\n<link rel=\"canonical\" href=\"https:\/\/www.noticiasradioreflejos.com.ar\/2021\/vacunas-antigripales-inmunizaran-desde-el-miercoles-15-de-abril-a-mayores-de-65-anos\/\" \/>\n<meta property=\"og:locale\" content=\"es_ES\" \/>\n<meta property=\"og:type\" content=\"article\" \/>\n<meta property=\"og:title\" content=\"Vacunas antigripales: inmunizar\u00e1n desde el mi\u00e9rcoles 15 de abril a Mayores de 65 a\u00f1os. - Noticias Radio Reflejos\" \/>\n<meta property=\"og:description\" content=\"La Secretaria de Salud municipal a trav\u00e9s del \u00e1rea de inmunizaciones comunica a la poblaci\u00f3n que el d\u00eda de hoy se estar\u00e1 recepcionando un nuevo lote de vacuna antigripal cepa 2020, que ser\u00e1n distribuidas en la localidad de Tornquist, Sierra de la Ventana, Saldungaray, Villa Ventana y Chasic\u00f3. La inmunizaci\u00f3n comenzar\u00e1 efectuarse a partir del [&hellip;]\" \/>\n<meta property=\"og:url\" content=\"https:\/\/www.noticiasradioreflejos.com.ar\/2021\/vacunas-antigripales-inmunizaran-desde-el-miercoles-15-de-abril-a-mayores-de-65-anos\/\" \/>\n<meta property=\"og:site_name\" content=\"Noticias Radio Reflejos\" \/>\n<meta property=\"article:published_time\" content=\"2020-04-13T14:47:27+00:00\" \/>\n<meta property=\"og:image\" content=\"https:\/\/www.noticiasradioreflejos.com.ar\/2021\/wp-content\/uploads\/2021\/07\/logosol300x200.png\" \/>\n\t<meta property=\"og:image:width\" content=\"300\" \/>\n\t<meta property=\"og:image:height\" content=\"200\" \/>\n\t<meta property=\"og:image:type\" content=\"image\/png\" \/>\n<meta name=\"author\" content=\"Arnaldo Botto\" \/>\n<meta name=\"twitter:card\" content=\"summary_large_image\" \/>\n<script type=\"application\/ld+json\" class=\"yoast-schema-graph\">{\"@context\":\"https:\/\/schema.org\",\"@graph\":[{\"@type\":\"WebPage\",\"@id\":\"https:\/\/www.noticiasradioreflejos.com.ar\/2021\/vacunas-antigripales-inmunizaran-desde-el-miercoles-15-de-abril-a-mayores-de-65-anos\/\",\"url\":\"https:\/\/www.noticiasradioreflejos.com.ar\/2021\/vacunas-antigripales-inmunizaran-desde-el-miercoles-15-de-abril-a-mayores-de-65-anos\/\",\"name\":\"Vacunas antigripales: inmunizar\u00e1n desde el mi\u00e9rcoles 15 de abril a Mayores de 65 a\u00f1os. - Noticias Radio Reflejos\",\"isPartOf\":{\"@id\":\"https:\/\/www.noticiasradioreflejos.com.ar\/2021\/#website\"},\"datePublished\":\"2020-04-13T14:47:27+00:00\",\"author\":{\"@id\":\"https:\/\/www.noticiasradioreflejos.com.ar\/2021\/#\/schema\/person\/ad82545263dcc5ec0996818884fd5fb1\"},\"breadcrumb\":{\"@id\":\"https:\/\/www.noticiasradioreflejos.com.ar\/2021\/vacunas-antigripales-inmunizaran-desde-el-miercoles-15-de-abril-a-mayores-de-65-anos\/#breadcrumb\"},\"inLanguage\":\"es\",\"potentialAction\":[{\"@type\":\"ReadAction\",\"target\":[\"https:\/\/www.noticiasradioreflejos.com.ar\/2021\/vacunas-antigripales-inmunizaran-desde-el-miercoles-15-de-abril-a-mayores-de-65-anos\/\"]}]},{\"@type\":\"BreadcrumbList\",\"@id\":\"https:\/\/www.noticiasradioreflejos.com.ar\/2021\/vacunas-antigripales-inmunizaran-desde-el-miercoles-15-de-abril-a-mayores-de-65-anos\/#breadcrumb\",\"itemListElement\":[{\"@type\":\"ListItem\",\"position\":1,\"name\":\"Portada\",\"item\":\"https:\/\/www.noticiasradioreflejos.com.ar\/2021\/\"},{\"@type\":\"ListItem\",\"position\":2,\"name\":\"Vacunas antigripales: inmunizar\u00e1n desde el mi\u00e9rcoles 15 de abril a Mayores de 65 a\u00f1os.\"}]},{\"@type\":\"WebSite\",\"@id\":\"https:\/\/www.noticiasradioreflejos.com.ar\/2021\/#website\",\"url\":\"https:\/\/www.noticiasradioreflejos.com.ar\/2021\/\",\"name\":\"Noticias Radio Reflejos\",\"description\":\"Las noticias de mi comarca\",\"potentialAction\":[{\"@type\":\"SearchAction\",\"target\":{\"@type\":\"EntryPoint\",\"urlTemplate\":\"https:\/\/www.noticiasradioreflejos.com.ar\/2021\/?s={search_term_string}\"},\"query-input\":{\"@type\":\"PropertyValueSpecification\",\"valueRequired\":true,\"valueName\":\"search_term_string\"}}],\"inLanguage\":\"es\"},{\"@type\":\"Person\",\"@id\":\"https:\/\/www.noticiasradioreflejos.com.ar\/2021\/#\/schema\/person\/ad82545263dcc5ec0996818884fd5fb1\",\"name\":\"Arnaldo Botto\",\"image\":{\"@type\":\"ImageObject\",\"inLanguage\":\"es\",\"@id\":\"https:\/\/www.noticiasradioreflejos.com.ar\/2021\/#\/schema\/person\/image\/\",\"url\":\"https:\/\/secure.gravatar.com\/avatar\/55cb5e37c1efa326397366e6974cb338056df65cb50e7d64d1cf314e87504837?s=96&d=mm&r=g\",\"contentUrl\":\"https:\/\/secure.gravatar.com\/avatar\/55cb5e37c1efa326397366e6974cb338056df65cb50e7d64d1cf314e87504837?s=96&d=mm&r=g\",\"caption\":\"Arnaldo Botto\"},\"url\":\"https:\/\/www.noticiasradioreflejos.com.ar\/2021\/author\/arnaldo\/\"}]}<\/script>\n<!-- \/ Yoast SEO plugin. -->","yoast_head_json":{"title":"Vacunas antigripales: inmunizar\u00e1n desde el mi\u00e9rcoles 15 de abril a Mayores de 65 a\u00f1os. - Noticias Radio Reflejos","robots":{"index":"index","follow":"follow","max-snippet":"max-snippet:-1","max-image-preview":"max-image-preview:large","max-video-preview":"max-video-preview:-1"},"canonical":"https:\/\/www.noticiasradioreflejos.com.ar\/2021\/vacunas-antigripales-inmunizaran-desde-el-miercoles-15-de-abril-a-mayores-de-65-anos\/","og_locale":"es_ES","og_type":"article","og_title":"Vacunas antigripales: inmunizar\u00e1n desde el mi\u00e9rcoles 15 de abril a Mayores de 65 a\u00f1os. - Noticias Radio Reflejos","og_description":"La Secretaria de Salud municipal a trav\u00e9s del \u00e1rea de inmunizaciones comunica a la poblaci\u00f3n que el d\u00eda de hoy se estar\u00e1 recepcionando un nuevo lote de vacuna antigripal cepa 2020, que ser\u00e1n distribuidas en la localidad de Tornquist, Sierra de la Ventana, Saldungaray, Villa Ventana y Chasic\u00f3. La inmunizaci\u00f3n comenzar\u00e1 efectuarse a partir del [&hellip;]","og_url":"https:\/\/www.noticiasradioreflejos.com.ar\/2021\/vacunas-antigripales-inmunizaran-desde-el-miercoles-15-de-abril-a-mayores-de-65-anos\/","og_site_name":"Noticias Radio Reflejos","article_published_time":"2020-04-13T14:47:27+00:00","og_image":[{"width":300,"height":200,"url":"https:\/\/www.noticiasradioreflejos.com.ar\/2021\/wp-content\/uploads\/2021\/07\/logosol300x200.png","type":"image\/png"}],"author":"Arnaldo Botto","twitter_card":"summary_large_image","schema":{"@context":"https:\/\/schema.org","@graph":[{"@type":"WebPage","@id":"https:\/\/www.noticiasradioreflejos.com.ar\/2021\/vacunas-antigripales-inmunizaran-desde-el-miercoles-15-de-abril-a-mayores-de-65-anos\/","url":"https:\/\/www.noticiasradioreflejos.com.ar\/2021\/vacunas-antigripales-inmunizaran-desde-el-miercoles-15-de-abril-a-mayores-de-65-anos\/","name":"Vacunas antigripales: inmunizar\u00e1n desde el mi\u00e9rcoles 15 de abril a Mayores de 65 a\u00f1os. - Noticias Radio Reflejos","isPartOf":{"@id":"https:\/\/www.noticiasradioreflejos.com.ar\/2021\/#website"},"datePublished":"2020-04-13T14:47:27+00:00","author":{"@id":"https:\/\/www.noticiasradioreflejos.com.ar\/2021\/#\/schema\/person\/ad82545263dcc5ec0996818884fd5fb1"},"breadcrumb":{"@id":"https:\/\/www.noticiasradioreflejos.com.ar\/2021\/vacunas-antigripales-inmunizaran-desde-el-miercoles-15-de-abril-a-mayores-de-65-anos\/#breadcrumb"},"inLanguage":"es","potentialAction":[{"@type":"ReadAction","target":["https:\/\/www.noticiasradioreflejos.com.ar\/2021\/vacunas-antigripales-inmunizaran-desde-el-miercoles-15-de-abril-a-mayores-de-65-anos\/"]}]},{"@type":"BreadcrumbList","@id":"https:\/\/www.noticiasradioreflejos.com.ar\/2021\/vacunas-antigripales-inmunizaran-desde-el-miercoles-15-de-abril-a-mayores-de-65-anos\/#breadcrumb","itemListElement":[{"@type":"ListItem","position":1,"name":"Portada","item":"https:\/\/www.noticiasradioreflejos.com.ar\/2021\/"},{"@type":"ListItem","position":2,"name":"Vacunas antigripales: inmunizar\u00e1n desde el mi\u00e9rcoles 15 de abril a Mayores de 65 a\u00f1os."}]},{"@type":"WebSite","@id":"https:\/\/www.noticiasradioreflejos.com.ar\/2021\/#website","url":"https:\/\/www.noticiasradioreflejos.com.ar\/2021\/","name":"Noticias Radio Reflejos","description":"Las noticias de mi comarca","potentialAction":[{"@type":"SearchAction","target":{"@type":"EntryPoint","urlTemplate":"https:\/\/www.noticiasradioreflejos.com.ar\/2021\/?s={search_term_string}"},"query-input":{"@type":"PropertyValueSpecification","valueRequired":true,"valueName":"search_term_string"}}],"inLanguage":"es"},{"@type":"Person","@id":"https:\/\/www.noticiasradioreflejos.com.ar\/2021\/#\/schema\/person\/ad82545263dcc5ec0996818884fd5fb1","name":"Arnaldo Botto","image":{"@type":"ImageObject","inLanguage":"es","@id":"https:\/\/www.noticiasradioreflejos.com.ar\/2021\/#\/schema\/person\/image\/","url":"https:\/\/secure.gravatar.com\/avatar\/55cb5e37c1efa326397366e6974cb338056df65cb50e7d64d1cf314e87504837?s=96&d=mm&r=g","contentUrl":"https:\/\/secure.gravatar.com\/avatar\/55cb5e37c1efa326397366e6974cb338056df65cb50e7d64d1cf314e87504837?s=96&d=mm&r=g","caption":"Arnaldo Botto"},"url":"https:\/\/www.noticiasradioreflejos.com.ar\/2021\/author\/arnaldo\/"}]}},"_links":{"self":[{"href":"https:\/\/www.noticiasradioreflejos.com.ar\/2021\/wp-json\/wp\/v2\/posts\/40709","targetHints":{"allow":["GET"]}}],"collection":[{"href":"https:\/\/www.noticiasradioreflejos.com.ar\/2021\/wp-json\/wp\/v2\/posts"}],"about":[{"href":"https:\/\/www.noticiasradioreflejos.com.ar\/2021\/wp-json\/wp\/v2\/types\/post"}],"author":[{"embeddable":true,"href":"https:\/\/www.noticiasradioreflejos.com.ar\/2021\/wp-json\/wp\/v2\/users\/3"}],"replies":[{"embeddable":true,"href":"https:\/\/www.noticiasradioreflejos.com.ar\/2021\/wp-json\/wp\/v2\/comments?post=40709"}],"version-history":[{"count":0,"href":"https:\/\/www.noticiasradioreflejos.com.ar\/2021\/wp-json\/wp\/v2\/posts\/40709\/revisions"}],"wp:attachment":[{"href":"https:\/\/www.noticiasradioreflejos.com.ar\/2021\/wp-json\/wp\/v2\/media?parent=40709"}],"wp:term":[{"taxonomy":"category","embeddable":true,"href":"https:\/\/www.noticiasradioreflejos.com.ar\/2021\/wp-json\/wp\/v2\/categories?post=40709"},{"taxonomy":"post_tag","embeddable":true,"href":"https:\/\/www.noticiasradioreflejos.com.ar\/2021\/wp-json\/wp\/v2\/tags?post=40709"}],"curies":[{"name":"wp","href":"https:\/\/api.w.org\/{rel}","templated":true}]}}