{"id":40706,"date":"2020-04-13T10:43:21","date_gmt":"2020-04-13T13:43:21","guid":{"rendered":"http:\/\/www.noticiasradioreflejos.com.ar\/noticias\/?p=40706"},"modified":"2020-04-13T10:43:21","modified_gmt":"2020-04-13T13:43:21","slug":"gollan-confirmo-que-se-estudia-obligatoriedad-del-uso-del-tapabocas-en-la-provincia-de-buenos-aires","status":"publish","type":"post","link":"https:\/\/www.noticiasradioreflejos.com.ar\/2021\/gollan-confirmo-que-se-estudia-obligatoriedad-del-uso-del-tapabocas-en-la-provincia-de-buenos-aires\/","title":{"rendered":"Gollan confirm\u00f3 que se estudia obligatoriedad del uso del tapabocas en la provincia de Buenos Aires"},"content":{"rendered":"<p>El ministro de Salud bonaerense, Daniel Gollan, confirm\u00f3 hoy que la provincia de Buenos Aires analiza la posibilidad de disponer la obligatoriedad del uso de tapabocas para evitar la propagaci\u00f3n del coronavirus y destac\u00f3 que se definir\u00e1 \u00abentre hoy y ma\u00f1ana\u00bb. El funcionario expuso que desde la semana pasada se estudia la posibilidad de implementar el uso social del tapaboca y lo diferenci\u00f3 del barbijo \u00abque hace falta para el personal de salud\u201d.<!--more--><\/p>\n<p>\u201cSe le ha puesto tapaboca, porque en realidad se debe tapar los dos lugares por los que se accede a las v\u00edas respiratorias\u201d, explic\u00f3.<\/p>\n<p>Gollan dijo que, \u00aben estos d\u00edas, ya est\u00e1n una serie de distintos sectores sociales abocados a la construcci\u00f3n de eso que llamamos el tapaboca o barbijo casero que, siguiendo las recomendaciones del Conicet y del INTI, tiene determinadas caracter\u00edsticas\u201d.<\/p>\n<p>\u201cAlgunos son muy sencillos de construir, otros los har\u00e1n en talleres de costura pero siguiendo esas recomendaciones: tipo de tela, generalmente de algod\u00f3n; si se puede a modo de filtro colocar en el medio de las capas alg\u00fan tipo de servilletas, de carilinas, de pa\u00f1uelitos, que eso es recambiable\u00bb, manifest\u00f3.<\/p>\n<p>Goll\u00e1n expres\u00f3 que, con la llegada del fr\u00edo, se ingresa en una \u00e9poca en la que habr\u00e1 \u00abun 20, 25 o 30% de las personas que empiezan a estornudar o a toser\u00bb, detall\u00f3 que, como \u00abuna gota puede llegar a 7 metros\u00bb, se torna necesario \u00abagregar barreras\u201d.<\/p>\n<p>\u201cLo estamos conversando para ver si hoy o ma\u00f1ana va a ser de car\u00e1cter obligatorio, pero s\u00ed puedo asegurar que va a ser de car\u00e1cter masivo y fundamentalmente vinculado a los sectores de mayor riesgo\u201d, apunt\u00f3 el ministro de Salud bonaerense.<\/p>\n<p>\u00abVamos a ver si es una cuesti\u00f3n obligatoria legal o si va a ser la masividad de que la gente empiece a tomar conciencia de la necesidad de usarlo\u201d, remarc\u00f3 en di\u00e1logo con canal 13.<\/p>\n<p>Gollan puntualiz\u00f3 que \u00abun responsable por cada barrio o por cada manzana va a estar con estos tapabocas\u00bb y destac\u00f3 que se busca proteger, sobre todo, \u00aba los grupos de mayor vulnerabilidad casa por casa haciendo este trabajo de entregar este material a quien no pueda o al abuelo que est\u00e9 solo\u00bb.<\/p>\n","protected":false},"excerpt":{"rendered":"<p>El ministro de Salud bonaerense, Daniel Gollan, confirm\u00f3 hoy que la provincia de Buenos Aires analiza la posibilidad de disponer la obligatoriedad del uso de tapabocas para evitar la propagaci\u00f3n del coronavirus y destac\u00f3 que se definir\u00e1 \u00abentre hoy y ma\u00f1ana\u00bb. El funcionario expuso que desde la semana pasada se estudia la posibilidad de implementar [&hellip;]<\/p>\n","protected":false},"author":3,"featured_media":0,"comment_status":"closed","ping_status":"open","sticky":false,"template":"","format":"standard","meta":{"footnotes":""},"categories":[30],"tags":[],"class_list":["post-40706","post","type-post","status-publish","format-standard","hentry","category-salud"],"yoast_head":"<!-- This site is optimized with the Yoast SEO plugin v25.9 - https:\/\/yoast.com\/wordpress\/plugins\/seo\/ -->\n<title>Gollan confirm\u00f3 que se estudia obligatoriedad del uso del tapabocas en la provincia de Buenos Aires - Noticias Radio Reflejos<\/title>\n<meta name=\"robots\" content=\"index, follow, max-snippet:-1, max-image-preview:large, max-video-preview:-1\" \/>\n<link rel=\"canonical\" href=\"https:\/\/www.noticiasradioreflejos.com.ar\/2021\/gollan-confirmo-que-se-estudia-obligatoriedad-del-uso-del-tapabocas-en-la-provincia-de-buenos-aires\/\" \/>\n<meta property=\"og:locale\" content=\"es_ES\" \/>\n<meta property=\"og:type\" content=\"article\" \/>\n<meta property=\"og:title\" content=\"Gollan confirm\u00f3 que se estudia obligatoriedad del uso del tapabocas en la provincia de Buenos Aires - Noticias Radio Reflejos\" \/>\n<meta property=\"og:description\" content=\"El ministro de Salud bonaerense, Daniel Gollan, confirm\u00f3 hoy que la provincia de Buenos Aires analiza la posibilidad de disponer la obligatoriedad del uso de tapabocas para evitar la propagaci\u00f3n del coronavirus y destac\u00f3 que se definir\u00e1 \u00abentre hoy y ma\u00f1ana\u00bb. El funcionario expuso que desde la semana pasada se estudia la posibilidad de implementar [&hellip;]\" \/>\n<meta property=\"og:url\" content=\"https:\/\/www.noticiasradioreflejos.com.ar\/2021\/gollan-confirmo-que-se-estudia-obligatoriedad-del-uso-del-tapabocas-en-la-provincia-de-buenos-aires\/\" \/>\n<meta property=\"og:site_name\" content=\"Noticias Radio Reflejos\" \/>\n<meta property=\"article:published_time\" content=\"2020-04-13T13:43:21+00:00\" \/>\n<meta property=\"og:image\" content=\"https:\/\/www.noticiasradioreflejos.com.ar\/2021\/wp-content\/uploads\/2021\/07\/logosol300x200.png\" \/>\n\t<meta property=\"og:image:width\" content=\"300\" \/>\n\t<meta property=\"og:image:height\" content=\"200\" \/>\n\t<meta property=\"og:image:type\" content=\"image\/png\" \/>\n<meta name=\"author\" content=\"Arnaldo Botto\" \/>\n<meta name=\"twitter:card\" content=\"summary_large_image\" \/>\n<script type=\"application\/ld+json\" class=\"yoast-schema-graph\">{\"@context\":\"https:\/\/schema.org\",\"@graph\":[{\"@type\":\"WebPage\",\"@id\":\"https:\/\/www.noticiasradioreflejos.com.ar\/2021\/gollan-confirmo-que-se-estudia-obligatoriedad-del-uso-del-tapabocas-en-la-provincia-de-buenos-aires\/\",\"url\":\"https:\/\/www.noticiasradioreflejos.com.ar\/2021\/gollan-confirmo-que-se-estudia-obligatoriedad-del-uso-del-tapabocas-en-la-provincia-de-buenos-aires\/\",\"name\":\"Gollan confirm\u00f3 que se estudia obligatoriedad del uso del tapabocas en la provincia de Buenos Aires - Noticias Radio Reflejos\",\"isPartOf\":{\"@id\":\"https:\/\/www.noticiasradioreflejos.com.ar\/2021\/#website\"},\"datePublished\":\"2020-04-13T13:43:21+00:00\",\"author\":{\"@id\":\"https:\/\/www.noticiasradioreflejos.com.ar\/2021\/#\/schema\/person\/ad82545263dcc5ec0996818884fd5fb1\"},\"breadcrumb\":{\"@id\":\"https:\/\/www.noticiasradioreflejos.com.ar\/2021\/gollan-confirmo-que-se-estudia-obligatoriedad-del-uso-del-tapabocas-en-la-provincia-de-buenos-aires\/#breadcrumb\"},\"inLanguage\":\"es\",\"potentialAction\":[{\"@type\":\"ReadAction\",\"target\":[\"https:\/\/www.noticiasradioreflejos.com.ar\/2021\/gollan-confirmo-que-se-estudia-obligatoriedad-del-uso-del-tapabocas-en-la-provincia-de-buenos-aires\/\"]}]},{\"@type\":\"BreadcrumbList\",\"@id\":\"https:\/\/www.noticiasradioreflejos.com.ar\/2021\/gollan-confirmo-que-se-estudia-obligatoriedad-del-uso-del-tapabocas-en-la-provincia-de-buenos-aires\/#breadcrumb\",\"itemListElement\":[{\"@type\":\"ListItem\",\"position\":1,\"name\":\"Portada\",\"item\":\"https:\/\/www.noticiasradioreflejos.com.ar\/2021\/\"},{\"@type\":\"ListItem\",\"position\":2,\"name\":\"Gollan confirm\u00f3 que se estudia obligatoriedad del uso del tapabocas en la provincia de Buenos Aires\"}]},{\"@type\":\"WebSite\",\"@id\":\"https:\/\/www.noticiasradioreflejos.com.ar\/2021\/#website\",\"url\":\"https:\/\/www.noticiasradioreflejos.com.ar\/2021\/\",\"name\":\"Noticias Radio Reflejos\",\"description\":\"Las noticias de mi comarca\",\"potentialAction\":[{\"@type\":\"SearchAction\",\"target\":{\"@type\":\"EntryPoint\",\"urlTemplate\":\"https:\/\/www.noticiasradioreflejos.com.ar\/2021\/?s={search_term_string}\"},\"query-input\":{\"@type\":\"PropertyValueSpecification\",\"valueRequired\":true,\"valueName\":\"search_term_string\"}}],\"inLanguage\":\"es\"},{\"@type\":\"Person\",\"@id\":\"https:\/\/www.noticiasradioreflejos.com.ar\/2021\/#\/schema\/person\/ad82545263dcc5ec0996818884fd5fb1\",\"name\":\"Arnaldo Botto\",\"image\":{\"@type\":\"ImageObject\",\"inLanguage\":\"es\",\"@id\":\"https:\/\/www.noticiasradioreflejos.com.ar\/2021\/#\/schema\/person\/image\/\",\"url\":\"https:\/\/secure.gravatar.com\/avatar\/55cb5e37c1efa326397366e6974cb338056df65cb50e7d64d1cf314e87504837?s=96&d=mm&r=g\",\"contentUrl\":\"https:\/\/secure.gravatar.com\/avatar\/55cb5e37c1efa326397366e6974cb338056df65cb50e7d64d1cf314e87504837?s=96&d=mm&r=g\",\"caption\":\"Arnaldo Botto\"},\"url\":\"https:\/\/www.noticiasradioreflejos.com.ar\/2021\/author\/arnaldo\/\"}]}<\/script>\n<!-- \/ Yoast SEO plugin. -->","yoast_head_json":{"title":"Gollan confirm\u00f3 que se estudia obligatoriedad del uso del tapabocas en la provincia de Buenos Aires - Noticias Radio Reflejos","robots":{"index":"index","follow":"follow","max-snippet":"max-snippet:-1","max-image-preview":"max-image-preview:large","max-video-preview":"max-video-preview:-1"},"canonical":"https:\/\/www.noticiasradioreflejos.com.ar\/2021\/gollan-confirmo-que-se-estudia-obligatoriedad-del-uso-del-tapabocas-en-la-provincia-de-buenos-aires\/","og_locale":"es_ES","og_type":"article","og_title":"Gollan confirm\u00f3 que se estudia obligatoriedad del uso del tapabocas en la provincia de Buenos Aires - Noticias Radio Reflejos","og_description":"El ministro de Salud bonaerense, Daniel Gollan, confirm\u00f3 hoy que la provincia de Buenos Aires analiza la posibilidad de disponer la obligatoriedad del uso de tapabocas para evitar la propagaci\u00f3n del coronavirus y destac\u00f3 que se definir\u00e1 \u00abentre hoy y ma\u00f1ana\u00bb. El funcionario expuso que desde la semana pasada se estudia la posibilidad de implementar [&hellip;]","og_url":"https:\/\/www.noticiasradioreflejos.com.ar\/2021\/gollan-confirmo-que-se-estudia-obligatoriedad-del-uso-del-tapabocas-en-la-provincia-de-buenos-aires\/","og_site_name":"Noticias Radio Reflejos","article_published_time":"2020-04-13T13:43:21+00:00","og_image":[{"width":300,"height":200,"url":"https:\/\/www.noticiasradioreflejos.com.ar\/2021\/wp-content\/uploads\/2021\/07\/logosol300x200.png","type":"image\/png"}],"author":"Arnaldo Botto","twitter_card":"summary_large_image","schema":{"@context":"https:\/\/schema.org","@graph":[{"@type":"WebPage","@id":"https:\/\/www.noticiasradioreflejos.com.ar\/2021\/gollan-confirmo-que-se-estudia-obligatoriedad-del-uso-del-tapabocas-en-la-provincia-de-buenos-aires\/","url":"https:\/\/www.noticiasradioreflejos.com.ar\/2021\/gollan-confirmo-que-se-estudia-obligatoriedad-del-uso-del-tapabocas-en-la-provincia-de-buenos-aires\/","name":"Gollan confirm\u00f3 que se estudia obligatoriedad del uso del tapabocas en la provincia de Buenos Aires - Noticias Radio Reflejos","isPartOf":{"@id":"https:\/\/www.noticiasradioreflejos.com.ar\/2021\/#website"},"datePublished":"2020-04-13T13:43:21+00:00","author":{"@id":"https:\/\/www.noticiasradioreflejos.com.ar\/2021\/#\/schema\/person\/ad82545263dcc5ec0996818884fd5fb1"},"breadcrumb":{"@id":"https:\/\/www.noticiasradioreflejos.com.ar\/2021\/gollan-confirmo-que-se-estudia-obligatoriedad-del-uso-del-tapabocas-en-la-provincia-de-buenos-aires\/#breadcrumb"},"inLanguage":"es","potentialAction":[{"@type":"ReadAction","target":["https:\/\/www.noticiasradioreflejos.com.ar\/2021\/gollan-confirmo-que-se-estudia-obligatoriedad-del-uso-del-tapabocas-en-la-provincia-de-buenos-aires\/"]}]},{"@type":"BreadcrumbList","@id":"https:\/\/www.noticiasradioreflejos.com.ar\/2021\/gollan-confirmo-que-se-estudia-obligatoriedad-del-uso-del-tapabocas-en-la-provincia-de-buenos-aires\/#breadcrumb","itemListElement":[{"@type":"ListItem","position":1,"name":"Portada","item":"https:\/\/www.noticiasradioreflejos.com.ar\/2021\/"},{"@type":"ListItem","position":2,"name":"Gollan confirm\u00f3 que se estudia obligatoriedad del uso del tapabocas en la provincia de Buenos Aires"}]},{"@type":"WebSite","@id":"https:\/\/www.noticiasradioreflejos.com.ar\/2021\/#website","url":"https:\/\/www.noticiasradioreflejos.com.ar\/2021\/","name":"Noticias Radio Reflejos","description":"Las noticias de mi comarca","potentialAction":[{"@type":"SearchAction","target":{"@type":"EntryPoint","urlTemplate":"https:\/\/www.noticiasradioreflejos.com.ar\/2021\/?s={search_term_string}"},"query-input":{"@type":"PropertyValueSpecification","valueRequired":true,"valueName":"search_term_string"}}],"inLanguage":"es"},{"@type":"Person","@id":"https:\/\/www.noticiasradioreflejos.com.ar\/2021\/#\/schema\/person\/ad82545263dcc5ec0996818884fd5fb1","name":"Arnaldo Botto","image":{"@type":"ImageObject","inLanguage":"es","@id":"https:\/\/www.noticiasradioreflejos.com.ar\/2021\/#\/schema\/person\/image\/","url":"https:\/\/secure.gravatar.com\/avatar\/55cb5e37c1efa326397366e6974cb338056df65cb50e7d64d1cf314e87504837?s=96&d=mm&r=g","contentUrl":"https:\/\/secure.gravatar.com\/avatar\/55cb5e37c1efa326397366e6974cb338056df65cb50e7d64d1cf314e87504837?s=96&d=mm&r=g","caption":"Arnaldo Botto"},"url":"https:\/\/www.noticiasradioreflejos.com.ar\/2021\/author\/arnaldo\/"}]}},"_links":{"self":[{"href":"https:\/\/www.noticiasradioreflejos.com.ar\/2021\/wp-json\/wp\/v2\/posts\/40706","targetHints":{"allow":["GET"]}}],"collection":[{"href":"https:\/\/www.noticiasradioreflejos.com.ar\/2021\/wp-json\/wp\/v2\/posts"}],"about":[{"href":"https:\/\/www.noticiasradioreflejos.com.ar\/2021\/wp-json\/wp\/v2\/types\/post"}],"author":[{"embeddable":true,"href":"https:\/\/www.noticiasradioreflejos.com.ar\/2021\/wp-json\/wp\/v2\/users\/3"}],"replies":[{"embeddable":true,"href":"https:\/\/www.noticiasradioreflejos.com.ar\/2021\/wp-json\/wp\/v2\/comments?post=40706"}],"version-history":[{"count":0,"href":"https:\/\/www.noticiasradioreflejos.com.ar\/2021\/wp-json\/wp\/v2\/posts\/40706\/revisions"}],"wp:attachment":[{"href":"https:\/\/www.noticiasradioreflejos.com.ar\/2021\/wp-json\/wp\/v2\/media?parent=40706"}],"wp:term":[{"taxonomy":"category","embeddable":true,"href":"https:\/\/www.noticiasradioreflejos.com.ar\/2021\/wp-json\/wp\/v2\/categories?post=40706"},{"taxonomy":"post_tag","embeddable":true,"href":"https:\/\/www.noticiasradioreflejos.com.ar\/2021\/wp-json\/wp\/v2\/tags?post=40706"}],"curies":[{"name":"wp","href":"https:\/\/api.w.org\/{rel}","templated":true}]}}