{"id":40697,"date":"2020-04-13T08:42:29","date_gmt":"2020-04-13T11:42:29","guid":{"rendered":"http:\/\/www.noticiasradioreflejos.com.ar\/noticias\/?p=40697"},"modified":"2020-04-13T08:42:29","modified_gmt":"2020-04-13T11:42:29","slug":"camcotisas-envia-propuestas-para-considerar-a-raiz-de-la-cuarentena-administrativa","status":"publish","type":"post","link":"https:\/\/www.noticiasradioreflejos.com.ar\/2021\/camcotisas-envia-propuestas-para-considerar-a-raiz-de-la-cuarentena-administrativa\/","title":{"rendered":"CAMCOTISAS env\u00eda propuestas para considerar a ra\u00edz de la Cuarentena Administrativa."},"content":{"rendered":"<p>La <strong>C\u00e1mara de Comercio, Turismo e Industria de Sierra de la Ventana, Villa la Arcadia y Saldungaray<\/strong>, CAMCOTISAS, envi\u00f3 notas con propuestas para considerar a ra\u00edz de la nueva modalidad de Cuarentena Administrada presentada por el Presidente de la Naci\u00f3n el \u00faltimo viernes. Notas que fueron emitidas al Intendente Municipal, al Secretario de Gobierno y a la Secretar\u00eda de Turismo, Producci\u00f3n, Comercio e Industria del distrito.\u00a0<!--more--><\/p>\n<p>De nuestra consideraci\u00f3n:<\/p>\n<p>Nos dirigimos a usted en virtud de la situaci\u00f3n que est\u00e1n viviendo los comercios de Sierra de la Ventana y la econom\u00eda del distrito en su conjunto a ra\u00edz del Aislamiento Social, Preventivo y Obligatorio, a fin de aportar soluciones que permitan amortiguar la ca\u00edda en las ventas, as\u00ed como brindar servicios y abastecimiento a todos los habitantes priorizando el compre local. Siempre bajo la premisa de cuidar la salud de nuestros vecinos. Teniendo en cuenta la nueva fase de \u201cCuarentena Administrada\u201d, tal como mencion\u00f3 el se\u00f1or presidente en la rueda de prensa del pasado viernes 10 de abril, otorgando poder a los gobiernos provinciales para solicitar la flexibilizaci\u00f3n de algunos rubros o zonas geogr\u00e1ficas, y teniendo que:<\/p>\n<p>&#8211; que cada una de las localidades que la c\u00e1mara representa cuentan con una poblaci\u00f3n inferior a 6.000 habitantes. &#8211; que hasta el d\u00eda de la fecha no se han presentado infectados con COVID-19 en el distrito. &#8211; que TODOS los trabajadores y comerciantes pertenecen a la localidad donde desempe\u00f1an sus trabajos. &#8211; que la movilidad de cada trabajador no requiere el uso de transporte p\u00fablico ni el contacto con otros vecinos mientras desarrollan su actividad laboral. &#8211; que la mayor\u00eda de los trabajadores son INDEPENDIENTES y que su remuneraci\u00f3n laboral es por d\u00eda de trabajo. &#8211; que la mayor\u00eda de los comerciantes dependen econ\u00f3micamente del turismo y hoy solo pueden SALVAR gastos (alquiler, empleados, servicios, etc.) con el comercio local. &#8211; que se implementar\u00e1 la modalidad \u201cENTREGA A DOMICILIO\u201d en muchos de los comercios, evitando la circulaci\u00f3n de vecinos.<\/p>\n<p>es que le solicitamos eleve esta propuesta que consideramos de mucha importancia para la econom\u00eda de la localidad extensible al distrito. Consideramos que a medida que pasa el tiempo, son cada vez m\u00e1s los productos que se vuelven esenciales, debido a la necesidad de reposici\u00f3n por<\/p>\n<p>roturas, agotamiento de productos, y aparici\u00f3n de nuevas necesidades. Por este motivo la entrega de productos a domicilio permitir\u00e1 hacer frente a las necesidades mencionadas. Con lo expuesto, deseamos acompa\u00f1ar a nuestros representados, y adem\u00e1s colaborar con las autoridades municipales, provinciales y nacionales, en el cuidado de la salud de nuestros conciudadanos. Adjuntamos propuesta con fundamentos y protocolo de actuaci\u00f3n.<\/p>\n<p>Quedando a disposici\u00f3n para cualquier aclaraci\u00f3n o ampliaci\u00f3n que considere, saludamos atentamente. &#8211;<\/p>\n<p><strong>Comisi\u00f3n directiva Camcotisas<\/strong><br \/>\n<strong> Presidente Micaela Costas<\/strong><\/p>\n<p><a href=\"https:\/\/es.scribd.com\/document\/456210728\/NOTA-Cuarentena-Administrada\"><strong>Nota al Intendente<\/strong><\/a><\/p>\n<p><a href=\"https:\/\/es.scribd.com\/document\/456210731\/Presentacion-Protocolo-Obras-Civiles\"><strong>Nota Protocolo para obras civiles<\/strong><\/a><\/p>\n","protected":false},"excerpt":{"rendered":"<p>La C\u00e1mara de Comercio, Turismo e Industria de Sierra de la Ventana, Villa la Arcadia y Saldungaray, CAMCOTISAS, envi\u00f3 notas con propuestas para considerar a ra\u00edz de la nueva modalidad de Cuarentena Administrada presentada por el Presidente de la Naci\u00f3n el \u00faltimo viernes. Notas que fueron emitidas al Intendente Municipal, al Secretario de Gobierno y [&hellip;]<\/p>\n","protected":false},"author":3,"featured_media":1563,"comment_status":"closed","ping_status":"open","sticky":false,"template":"","format":"standard","meta":{"footnotes":""},"categories":[30],"tags":[],"class_list":["post-40697","post","type-post","status-publish","format-standard","has-post-thumbnail","hentry","category-salud"],"yoast_head":"<!-- This site is optimized with the Yoast SEO plugin v25.9 - https:\/\/yoast.com\/wordpress\/plugins\/seo\/ -->\n<title>CAMCOTISAS env\u00eda propuestas para considerar a ra\u00edz de la Cuarentena Administrativa. - Noticias Radio Reflejos<\/title>\n<meta name=\"robots\" content=\"index, follow, max-snippet:-1, max-image-preview:large, max-video-preview:-1\" \/>\n<link rel=\"canonical\" href=\"https:\/\/www.noticiasradioreflejos.com.ar\/2021\/camcotisas-envia-propuestas-para-considerar-a-raiz-de-la-cuarentena-administrativa\/\" \/>\n<meta property=\"og:locale\" content=\"es_ES\" \/>\n<meta property=\"og:type\" content=\"article\" \/>\n<meta property=\"og:title\" content=\"CAMCOTISAS env\u00eda propuestas para considerar a ra\u00edz de la Cuarentena Administrativa. - Noticias Radio Reflejos\" \/>\n<meta property=\"og:description\" content=\"La C\u00e1mara de Comercio, Turismo e Industria de Sierra de la Ventana, Villa la Arcadia y Saldungaray, CAMCOTISAS, envi\u00f3 notas con propuestas para considerar a ra\u00edz de la nueva modalidad de Cuarentena Administrada presentada por el Presidente de la Naci\u00f3n el \u00faltimo viernes. Notas que fueron emitidas al Intendente Municipal, al Secretario de Gobierno y [&hellip;]\" \/>\n<meta property=\"og:url\" content=\"https:\/\/www.noticiasradioreflejos.com.ar\/2021\/camcotisas-envia-propuestas-para-considerar-a-raiz-de-la-cuarentena-administrativa\/\" \/>\n<meta property=\"og:site_name\" content=\"Noticias Radio Reflejos\" \/>\n<meta property=\"article:published_time\" content=\"2020-04-13T11:42:29+00:00\" \/>\n<meta property=\"og:image\" content=\"https:\/\/www.noticiasradioreflejos.com.ar\/2021\/wp-content\/uploads\/2016\/09\/14224929_1735247520072044_1338829202773733397_n-1.jpg\" \/>\n\t<meta property=\"og:image:width\" content=\"457\" \/>\n\t<meta property=\"og:image:height\" content=\"200\" \/>\n\t<meta property=\"og:image:type\" content=\"image\/jpeg\" \/>\n<meta name=\"author\" content=\"Arnaldo Botto\" \/>\n<meta name=\"twitter:card\" content=\"summary_large_image\" \/>\n<script type=\"application\/ld+json\" class=\"yoast-schema-graph\">{\"@context\":\"https:\/\/schema.org\",\"@graph\":[{\"@type\":\"WebPage\",\"@id\":\"https:\/\/www.noticiasradioreflejos.com.ar\/2021\/camcotisas-envia-propuestas-para-considerar-a-raiz-de-la-cuarentena-administrativa\/\",\"url\":\"https:\/\/www.noticiasradioreflejos.com.ar\/2021\/camcotisas-envia-propuestas-para-considerar-a-raiz-de-la-cuarentena-administrativa\/\",\"name\":\"CAMCOTISAS env\u00eda propuestas para considerar a ra\u00edz de la Cuarentena Administrativa. - Noticias Radio Reflejos\",\"isPartOf\":{\"@id\":\"https:\/\/www.noticiasradioreflejos.com.ar\/2021\/#website\"},\"primaryImageOfPage\":{\"@id\":\"https:\/\/www.noticiasradioreflejos.com.ar\/2021\/camcotisas-envia-propuestas-para-considerar-a-raiz-de-la-cuarentena-administrativa\/#primaryimage\"},\"image\":{\"@id\":\"https:\/\/www.noticiasradioreflejos.com.ar\/2021\/camcotisas-envia-propuestas-para-considerar-a-raiz-de-la-cuarentena-administrativa\/#primaryimage\"},\"thumbnailUrl\":\"https:\/\/www.noticiasradioreflejos.com.ar\/2021\/wp-content\/uploads\/2016\/09\/14224929_1735247520072044_1338829202773733397_n-1.jpg\",\"datePublished\":\"2020-04-13T11:42:29+00:00\",\"author\":{\"@id\":\"https:\/\/www.noticiasradioreflejos.com.ar\/2021\/#\/schema\/person\/ad82545263dcc5ec0996818884fd5fb1\"},\"breadcrumb\":{\"@id\":\"https:\/\/www.noticiasradioreflejos.com.ar\/2021\/camcotisas-envia-propuestas-para-considerar-a-raiz-de-la-cuarentena-administrativa\/#breadcrumb\"},\"inLanguage\":\"es\",\"potentialAction\":[{\"@type\":\"ReadAction\",\"target\":[\"https:\/\/www.noticiasradioreflejos.com.ar\/2021\/camcotisas-envia-propuestas-para-considerar-a-raiz-de-la-cuarentena-administrativa\/\"]}]},{\"@type\":\"ImageObject\",\"inLanguage\":\"es\",\"@id\":\"https:\/\/www.noticiasradioreflejos.com.ar\/2021\/camcotisas-envia-propuestas-para-considerar-a-raiz-de-la-cuarentena-administrativa\/#primaryimage\",\"url\":\"https:\/\/www.noticiasradioreflejos.com.ar\/2021\/wp-content\/uploads\/2016\/09\/14224929_1735247520072044_1338829202773733397_n-1.jpg\",\"contentUrl\":\"https:\/\/www.noticiasradioreflejos.com.ar\/2021\/wp-content\/uploads\/2016\/09\/14224929_1735247520072044_1338829202773733397_n-1.jpg\",\"width\":457,\"height\":200},{\"@type\":\"BreadcrumbList\",\"@id\":\"https:\/\/www.noticiasradioreflejos.com.ar\/2021\/camcotisas-envia-propuestas-para-considerar-a-raiz-de-la-cuarentena-administrativa\/#breadcrumb\",\"itemListElement\":[{\"@type\":\"ListItem\",\"position\":1,\"name\":\"Portada\",\"item\":\"https:\/\/www.noticiasradioreflejos.com.ar\/2021\/\"},{\"@type\":\"ListItem\",\"position\":2,\"name\":\"CAMCOTISAS env\u00eda propuestas para considerar a ra\u00edz de la Cuarentena Administrativa.\"}]},{\"@type\":\"WebSite\",\"@id\":\"https:\/\/www.noticiasradioreflejos.com.ar\/2021\/#website\",\"url\":\"https:\/\/www.noticiasradioreflejos.com.ar\/2021\/\",\"name\":\"Noticias Radio Reflejos\",\"description\":\"Las noticias de mi comarca\",\"potentialAction\":[{\"@type\":\"SearchAction\",\"target\":{\"@type\":\"EntryPoint\",\"urlTemplate\":\"https:\/\/www.noticiasradioreflejos.com.ar\/2021\/?s={search_term_string}\"},\"query-input\":{\"@type\":\"PropertyValueSpecification\",\"valueRequired\":true,\"valueName\":\"search_term_string\"}}],\"inLanguage\":\"es\"},{\"@type\":\"Person\",\"@id\":\"https:\/\/www.noticiasradioreflejos.com.ar\/2021\/#\/schema\/person\/ad82545263dcc5ec0996818884fd5fb1\",\"name\":\"Arnaldo Botto\",\"image\":{\"@type\":\"ImageObject\",\"inLanguage\":\"es\",\"@id\":\"https:\/\/www.noticiasradioreflejos.com.ar\/2021\/#\/schema\/person\/image\/\",\"url\":\"https:\/\/secure.gravatar.com\/avatar\/55cb5e37c1efa326397366e6974cb338056df65cb50e7d64d1cf314e87504837?s=96&d=mm&r=g\",\"contentUrl\":\"https:\/\/secure.gravatar.com\/avatar\/55cb5e37c1efa326397366e6974cb338056df65cb50e7d64d1cf314e87504837?s=96&d=mm&r=g\",\"caption\":\"Arnaldo Botto\"},\"url\":\"https:\/\/www.noticiasradioreflejos.com.ar\/2021\/author\/arnaldo\/\"}]}<\/script>\n<!-- \/ Yoast SEO plugin. -->","yoast_head_json":{"title":"CAMCOTISAS env\u00eda propuestas para considerar a ra\u00edz de la Cuarentena Administrativa. - Noticias Radio Reflejos","robots":{"index":"index","follow":"follow","max-snippet":"max-snippet:-1","max-image-preview":"max-image-preview:large","max-video-preview":"max-video-preview:-1"},"canonical":"https:\/\/www.noticiasradioreflejos.com.ar\/2021\/camcotisas-envia-propuestas-para-considerar-a-raiz-de-la-cuarentena-administrativa\/","og_locale":"es_ES","og_type":"article","og_title":"CAMCOTISAS env\u00eda propuestas para considerar a ra\u00edz de la Cuarentena Administrativa. - Noticias Radio Reflejos","og_description":"La C\u00e1mara de Comercio, Turismo e Industria de Sierra de la Ventana, Villa la Arcadia y Saldungaray, CAMCOTISAS, envi\u00f3 notas con propuestas para considerar a ra\u00edz de la nueva modalidad de Cuarentena Administrada presentada por el Presidente de la Naci\u00f3n el \u00faltimo viernes. Notas que fueron emitidas al Intendente Municipal, al Secretario de Gobierno y [&hellip;]","og_url":"https:\/\/www.noticiasradioreflejos.com.ar\/2021\/camcotisas-envia-propuestas-para-considerar-a-raiz-de-la-cuarentena-administrativa\/","og_site_name":"Noticias Radio Reflejos","article_published_time":"2020-04-13T11:42:29+00:00","og_image":[{"width":457,"height":200,"url":"https:\/\/www.noticiasradioreflejos.com.ar\/2021\/wp-content\/uploads\/2016\/09\/14224929_1735247520072044_1338829202773733397_n-1.jpg","type":"image\/jpeg"}],"author":"Arnaldo Botto","twitter_card":"summary_large_image","schema":{"@context":"https:\/\/schema.org","@graph":[{"@type":"WebPage","@id":"https:\/\/www.noticiasradioreflejos.com.ar\/2021\/camcotisas-envia-propuestas-para-considerar-a-raiz-de-la-cuarentena-administrativa\/","url":"https:\/\/www.noticiasradioreflejos.com.ar\/2021\/camcotisas-envia-propuestas-para-considerar-a-raiz-de-la-cuarentena-administrativa\/","name":"CAMCOTISAS env\u00eda propuestas para considerar a ra\u00edz de la Cuarentena Administrativa. - Noticias Radio Reflejos","isPartOf":{"@id":"https:\/\/www.noticiasradioreflejos.com.ar\/2021\/#website"},"primaryImageOfPage":{"@id":"https:\/\/www.noticiasradioreflejos.com.ar\/2021\/camcotisas-envia-propuestas-para-considerar-a-raiz-de-la-cuarentena-administrativa\/#primaryimage"},"image":{"@id":"https:\/\/www.noticiasradioreflejos.com.ar\/2021\/camcotisas-envia-propuestas-para-considerar-a-raiz-de-la-cuarentena-administrativa\/#primaryimage"},"thumbnailUrl":"https:\/\/www.noticiasradioreflejos.com.ar\/2021\/wp-content\/uploads\/2016\/09\/14224929_1735247520072044_1338829202773733397_n-1.jpg","datePublished":"2020-04-13T11:42:29+00:00","author":{"@id":"https:\/\/www.noticiasradioreflejos.com.ar\/2021\/#\/schema\/person\/ad82545263dcc5ec0996818884fd5fb1"},"breadcrumb":{"@id":"https:\/\/www.noticiasradioreflejos.com.ar\/2021\/camcotisas-envia-propuestas-para-considerar-a-raiz-de-la-cuarentena-administrativa\/#breadcrumb"},"inLanguage":"es","potentialAction":[{"@type":"ReadAction","target":["https:\/\/www.noticiasradioreflejos.com.ar\/2021\/camcotisas-envia-propuestas-para-considerar-a-raiz-de-la-cuarentena-administrativa\/"]}]},{"@type":"ImageObject","inLanguage":"es","@id":"https:\/\/www.noticiasradioreflejos.com.ar\/2021\/camcotisas-envia-propuestas-para-considerar-a-raiz-de-la-cuarentena-administrativa\/#primaryimage","url":"https:\/\/www.noticiasradioreflejos.com.ar\/2021\/wp-content\/uploads\/2016\/09\/14224929_1735247520072044_1338829202773733397_n-1.jpg","contentUrl":"https:\/\/www.noticiasradioreflejos.com.ar\/2021\/wp-content\/uploads\/2016\/09\/14224929_1735247520072044_1338829202773733397_n-1.jpg","width":457,"height":200},{"@type":"BreadcrumbList","@id":"https:\/\/www.noticiasradioreflejos.com.ar\/2021\/camcotisas-envia-propuestas-para-considerar-a-raiz-de-la-cuarentena-administrativa\/#breadcrumb","itemListElement":[{"@type":"ListItem","position":1,"name":"Portada","item":"https:\/\/www.noticiasradioreflejos.com.ar\/2021\/"},{"@type":"ListItem","position":2,"name":"CAMCOTISAS env\u00eda propuestas para considerar a ra\u00edz de la Cuarentena Administrativa."}]},{"@type":"WebSite","@id":"https:\/\/www.noticiasradioreflejos.com.ar\/2021\/#website","url":"https:\/\/www.noticiasradioreflejos.com.ar\/2021\/","name":"Noticias Radio Reflejos","description":"Las noticias de mi comarca","potentialAction":[{"@type":"SearchAction","target":{"@type":"EntryPoint","urlTemplate":"https:\/\/www.noticiasradioreflejos.com.ar\/2021\/?s={search_term_string}"},"query-input":{"@type":"PropertyValueSpecification","valueRequired":true,"valueName":"search_term_string"}}],"inLanguage":"es"},{"@type":"Person","@id":"https:\/\/www.noticiasradioreflejos.com.ar\/2021\/#\/schema\/person\/ad82545263dcc5ec0996818884fd5fb1","name":"Arnaldo Botto","image":{"@type":"ImageObject","inLanguage":"es","@id":"https:\/\/www.noticiasradioreflejos.com.ar\/2021\/#\/schema\/person\/image\/","url":"https:\/\/secure.gravatar.com\/avatar\/55cb5e37c1efa326397366e6974cb338056df65cb50e7d64d1cf314e87504837?s=96&d=mm&r=g","contentUrl":"https:\/\/secure.gravatar.com\/avatar\/55cb5e37c1efa326397366e6974cb338056df65cb50e7d64d1cf314e87504837?s=96&d=mm&r=g","caption":"Arnaldo Botto"},"url":"https:\/\/www.noticiasradioreflejos.com.ar\/2021\/author\/arnaldo\/"}]}},"_links":{"self":[{"href":"https:\/\/www.noticiasradioreflejos.com.ar\/2021\/wp-json\/wp\/v2\/posts\/40697","targetHints":{"allow":["GET"]}}],"collection":[{"href":"https:\/\/www.noticiasradioreflejos.com.ar\/2021\/wp-json\/wp\/v2\/posts"}],"about":[{"href":"https:\/\/www.noticiasradioreflejos.com.ar\/2021\/wp-json\/wp\/v2\/types\/post"}],"author":[{"embeddable":true,"href":"https:\/\/www.noticiasradioreflejos.com.ar\/2021\/wp-json\/wp\/v2\/users\/3"}],"replies":[{"embeddable":true,"href":"https:\/\/www.noticiasradioreflejos.com.ar\/2021\/wp-json\/wp\/v2\/comments?post=40697"}],"version-history":[{"count":0,"href":"https:\/\/www.noticiasradioreflejos.com.ar\/2021\/wp-json\/wp\/v2\/posts\/40697\/revisions"}],"wp:featuredmedia":[{"embeddable":true,"href":"https:\/\/www.noticiasradioreflejos.com.ar\/2021\/wp-json\/wp\/v2\/media\/1563"}],"wp:attachment":[{"href":"https:\/\/www.noticiasradioreflejos.com.ar\/2021\/wp-json\/wp\/v2\/media?parent=40697"}],"wp:term":[{"taxonomy":"category","embeddable":true,"href":"https:\/\/www.noticiasradioreflejos.com.ar\/2021\/wp-json\/wp\/v2\/categories?post=40697"},{"taxonomy":"post_tag","embeddable":true,"href":"https:\/\/www.noticiasradioreflejos.com.ar\/2021\/wp-json\/wp\/v2\/tags?post=40697"}],"curies":[{"name":"wp","href":"https:\/\/api.w.org\/{rel}","templated":true}]}}