{"id":40685,"date":"2020-04-12T17:41:21","date_gmt":"2020-04-12T20:41:21","guid":{"rendered":"http:\/\/www.noticiasradioreflejos.com.ar\/noticias\/?p=40685"},"modified":"2020-04-12T17:41:21","modified_gmt":"2020-04-12T20:41:21","slug":"funcionamiento-de-coopersive-durante-la-extension-de-la-cuarentena","status":"publish","type":"post","link":"https:\/\/www.noticiasradioreflejos.com.ar\/2021\/funcionamiento-de-coopersive-durante-la-extension-de-la-cuarentena\/","title":{"rendered":"Funcionamiento de Coopersive durante la extensi\u00f3n de la cuarentena."},"content":{"rendered":"<p>Se informa a los asociados que, en concordancia con lo dispuesto en el DNU 335\/2020 sobre la extensi\u00f3n del  \u201cAislamiento preventivo social y obligatorio\u201d hasta el d\u00eda 26-abr-2020, esta Cooperativa NO HA SIDO AUTORIZADA POR LAS AUTORIDADES GUBERNAMENTALES PARA LA ATENCI\u00d3N DIRECTA AL P\u00daBLICO,<!--more--><\/p>\n<p> por lo que resolver\u00e1 todas las situaciones administrativas en forma remota, manteniendo cerradas las oficinas, y continuando con todas aquellas cuestiones operativas a trav\u00e9s de la guardia de Redes.<\/p>\n<p>A estos efectos, recordamos los distintos medios habilitados para canalizar cualquier tema mientras dure esta situaci\u00f3n:<br \/>\nAdministrativas (de 08 a 13 h, d\u00edas h\u00e1biles):<br \/>\nTel\u00e9fonos: (0291) 491-5001 \/ 5081<br \/>\n      (291) (15) 504-7284<br \/>\n          (291) (15) 407-5007<br \/>\nMails:     info@coopersive.coop<br \/>\n    administracion@coopersive.coop<br \/>\n    facturacion@coopersive.coop<br \/>\n    gerencia@coopersive.coop<br \/>\nP\u00e1gina web: http:\/\/coopersive.coop\/index.php\/contacto\/<br \/>\nFacebook: Coopersive Ltda.<\/p>\n<p>Operativas (Redes) (de 00 a 24 h, todos los d\u00edas):<br \/>\nTel\u00e9fonos: (291) (15) 441-3921<br \/>\nMail:    redes@coopersive.coop<\/p>\n<p>Medios de pago habilitados (durante la duraci\u00f3n de la cuarentena):<br \/>\nHome Banking:<br \/>\nRed Link<br \/>\nRed Banelco (Pago mis Cuentas)<br \/>\nTransferencias a nuestras cuentas (si se utiliza este m\u00e9todo, enviar comprobante por mail, con indicaci\u00f3n de suministro abonado, a info@coopersive.coop ):<br \/>\nCBU Banco Credicoop    19101271 55012706318000<br \/>\nCBU Banco Provincia    01404658 01624400006595<\/p>\n<p>Para atacar al coronavirus, nos cuidamos entre todos. <\/p>\n<p>Consejo de Administraci\u00f3n<br \/>\n12-abr-2020<\/p>\n","protected":false},"excerpt":{"rendered":"<p>Se informa a los asociados que, en concordancia con lo dispuesto en el DNU 335\/2020 sobre la extensi\u00f3n del \u201cAislamiento preventivo social y obligatorio\u201d hasta el d\u00eda 26-abr-2020, esta Cooperativa NO HA SIDO AUTORIZADA POR LAS AUTORIDADES GUBERNAMENTALES PARA LA ATENCI\u00d3N DIRECTA AL P\u00daBLICO,<\/p>\n","protected":false},"author":3,"featured_media":0,"comment_status":"closed","ping_status":"open","sticky":false,"template":"","format":"standard","meta":{"footnotes":""},"categories":[26],"tags":[],"class_list":["post-40685","post","type-post","status-publish","format-standard","hentry","category-sociedad"],"yoast_head":"<!-- This site is optimized with the Yoast SEO plugin v25.9 - https:\/\/yoast.com\/wordpress\/plugins\/seo\/ -->\n<title>Funcionamiento de Coopersive durante la extensi\u00f3n de la cuarentena. - Noticias Radio Reflejos<\/title>\n<meta name=\"robots\" content=\"index, follow, max-snippet:-1, max-image-preview:large, max-video-preview:-1\" \/>\n<link rel=\"canonical\" href=\"https:\/\/www.noticiasradioreflejos.com.ar\/2021\/funcionamiento-de-coopersive-durante-la-extension-de-la-cuarentena\/\" \/>\n<meta property=\"og:locale\" content=\"es_ES\" \/>\n<meta property=\"og:type\" content=\"article\" \/>\n<meta property=\"og:title\" content=\"Funcionamiento de Coopersive durante la extensi\u00f3n de la cuarentena. - Noticias Radio Reflejos\" \/>\n<meta property=\"og:description\" content=\"Se informa a los asociados que, en concordancia con lo dispuesto en el DNU 335\/2020 sobre la extensi\u00f3n del \u201cAislamiento preventivo social y obligatorio\u201d hasta el d\u00eda 26-abr-2020, esta Cooperativa NO HA SIDO AUTORIZADA POR LAS AUTORIDADES GUBERNAMENTALES PARA LA ATENCI\u00d3N DIRECTA AL P\u00daBLICO,\" \/>\n<meta property=\"og:url\" content=\"https:\/\/www.noticiasradioreflejos.com.ar\/2021\/funcionamiento-de-coopersive-durante-la-extension-de-la-cuarentena\/\" \/>\n<meta property=\"og:site_name\" content=\"Noticias Radio Reflejos\" \/>\n<meta property=\"article:published_time\" content=\"2020-04-12T20:41:21+00:00\" \/>\n<meta property=\"og:image\" content=\"https:\/\/www.noticiasradioreflejos.com.ar\/2021\/wp-content\/uploads\/2020\/03\/Coopersive-web.png\" \/>\n\t<meta property=\"og:image:width\" content=\"573\" \/>\n\t<meta property=\"og:image:height\" content=\"385\" \/>\n\t<meta property=\"og:image:type\" content=\"image\/png\" \/>\n<meta name=\"author\" content=\"Arnaldo Botto\" \/>\n<meta name=\"twitter:card\" content=\"summary_large_image\" \/>\n<script type=\"application\/ld+json\" class=\"yoast-schema-graph\">{\"@context\":\"https:\/\/schema.org\",\"@graph\":[{\"@type\":\"WebPage\",\"@id\":\"https:\/\/www.noticiasradioreflejos.com.ar\/2021\/funcionamiento-de-coopersive-durante-la-extension-de-la-cuarentena\/\",\"url\":\"https:\/\/www.noticiasradioreflejos.com.ar\/2021\/funcionamiento-de-coopersive-durante-la-extension-de-la-cuarentena\/\",\"name\":\"Funcionamiento de Coopersive durante la extensi\u00f3n de la cuarentena. - Noticias Radio Reflejos\",\"isPartOf\":{\"@id\":\"https:\/\/www.noticiasradioreflejos.com.ar\/2021\/#website\"},\"datePublished\":\"2020-04-12T20:41:21+00:00\",\"author\":{\"@id\":\"https:\/\/www.noticiasradioreflejos.com.ar\/2021\/#\/schema\/person\/ad82545263dcc5ec0996818884fd5fb1\"},\"breadcrumb\":{\"@id\":\"https:\/\/www.noticiasradioreflejos.com.ar\/2021\/funcionamiento-de-coopersive-durante-la-extension-de-la-cuarentena\/#breadcrumb\"},\"inLanguage\":\"es\",\"potentialAction\":[{\"@type\":\"ReadAction\",\"target\":[\"https:\/\/www.noticiasradioreflejos.com.ar\/2021\/funcionamiento-de-coopersive-durante-la-extension-de-la-cuarentena\/\"]}]},{\"@type\":\"BreadcrumbList\",\"@id\":\"https:\/\/www.noticiasradioreflejos.com.ar\/2021\/funcionamiento-de-coopersive-durante-la-extension-de-la-cuarentena\/#breadcrumb\",\"itemListElement\":[{\"@type\":\"ListItem\",\"position\":1,\"name\":\"Portada\",\"item\":\"https:\/\/www.noticiasradioreflejos.com.ar\/2021\/\"},{\"@type\":\"ListItem\",\"position\":2,\"name\":\"Funcionamiento de Coopersive durante la extensi\u00f3n de la cuarentena.\"}]},{\"@type\":\"WebSite\",\"@id\":\"https:\/\/www.noticiasradioreflejos.com.ar\/2021\/#website\",\"url\":\"https:\/\/www.noticiasradioreflejos.com.ar\/2021\/\",\"name\":\"Noticias Radio Reflejos\",\"description\":\"Las noticias de mi comarca\",\"potentialAction\":[{\"@type\":\"SearchAction\",\"target\":{\"@type\":\"EntryPoint\",\"urlTemplate\":\"https:\/\/www.noticiasradioreflejos.com.ar\/2021\/?s={search_term_string}\"},\"query-input\":{\"@type\":\"PropertyValueSpecification\",\"valueRequired\":true,\"valueName\":\"search_term_string\"}}],\"inLanguage\":\"es\"},{\"@type\":\"Person\",\"@id\":\"https:\/\/www.noticiasradioreflejos.com.ar\/2021\/#\/schema\/person\/ad82545263dcc5ec0996818884fd5fb1\",\"name\":\"Arnaldo Botto\",\"image\":{\"@type\":\"ImageObject\",\"inLanguage\":\"es\",\"@id\":\"https:\/\/www.noticiasradioreflejos.com.ar\/2021\/#\/schema\/person\/image\/\",\"url\":\"https:\/\/secure.gravatar.com\/avatar\/55cb5e37c1efa326397366e6974cb338056df65cb50e7d64d1cf314e87504837?s=96&d=mm&r=g\",\"contentUrl\":\"https:\/\/secure.gravatar.com\/avatar\/55cb5e37c1efa326397366e6974cb338056df65cb50e7d64d1cf314e87504837?s=96&d=mm&r=g\",\"caption\":\"Arnaldo Botto\"},\"url\":\"https:\/\/www.noticiasradioreflejos.com.ar\/2021\/author\/arnaldo\/\"}]}<\/script>\n<!-- \/ Yoast SEO plugin. -->","yoast_head_json":{"title":"Funcionamiento de Coopersive durante la extensi\u00f3n de la cuarentena. - Noticias Radio Reflejos","robots":{"index":"index","follow":"follow","max-snippet":"max-snippet:-1","max-image-preview":"max-image-preview:large","max-video-preview":"max-video-preview:-1"},"canonical":"https:\/\/www.noticiasradioreflejos.com.ar\/2021\/funcionamiento-de-coopersive-durante-la-extension-de-la-cuarentena\/","og_locale":"es_ES","og_type":"article","og_title":"Funcionamiento de Coopersive durante la extensi\u00f3n de la cuarentena. - Noticias Radio Reflejos","og_description":"Se informa a los asociados que, en concordancia con lo dispuesto en el DNU 335\/2020 sobre la extensi\u00f3n del \u201cAislamiento preventivo social y obligatorio\u201d hasta el d\u00eda 26-abr-2020, esta Cooperativa NO HA SIDO AUTORIZADA POR LAS AUTORIDADES GUBERNAMENTALES PARA LA ATENCI\u00d3N DIRECTA AL P\u00daBLICO,","og_url":"https:\/\/www.noticiasradioreflejos.com.ar\/2021\/funcionamiento-de-coopersive-durante-la-extension-de-la-cuarentena\/","og_site_name":"Noticias Radio Reflejos","article_published_time":"2020-04-12T20:41:21+00:00","og_image":[{"width":573,"height":385,"url":"https:\/\/www.noticiasradioreflejos.com.ar\/2021\/wp-content\/uploads\/2020\/03\/Coopersive-web.png","type":"image\/png"}],"author":"Arnaldo Botto","twitter_card":"summary_large_image","schema":{"@context":"https:\/\/schema.org","@graph":[{"@type":"WebPage","@id":"https:\/\/www.noticiasradioreflejos.com.ar\/2021\/funcionamiento-de-coopersive-durante-la-extension-de-la-cuarentena\/","url":"https:\/\/www.noticiasradioreflejos.com.ar\/2021\/funcionamiento-de-coopersive-durante-la-extension-de-la-cuarentena\/","name":"Funcionamiento de Coopersive durante la extensi\u00f3n de la cuarentena. - Noticias Radio Reflejos","isPartOf":{"@id":"https:\/\/www.noticiasradioreflejos.com.ar\/2021\/#website"},"datePublished":"2020-04-12T20:41:21+00:00","author":{"@id":"https:\/\/www.noticiasradioreflejos.com.ar\/2021\/#\/schema\/person\/ad82545263dcc5ec0996818884fd5fb1"},"breadcrumb":{"@id":"https:\/\/www.noticiasradioreflejos.com.ar\/2021\/funcionamiento-de-coopersive-durante-la-extension-de-la-cuarentena\/#breadcrumb"},"inLanguage":"es","potentialAction":[{"@type":"ReadAction","target":["https:\/\/www.noticiasradioreflejos.com.ar\/2021\/funcionamiento-de-coopersive-durante-la-extension-de-la-cuarentena\/"]}]},{"@type":"BreadcrumbList","@id":"https:\/\/www.noticiasradioreflejos.com.ar\/2021\/funcionamiento-de-coopersive-durante-la-extension-de-la-cuarentena\/#breadcrumb","itemListElement":[{"@type":"ListItem","position":1,"name":"Portada","item":"https:\/\/www.noticiasradioreflejos.com.ar\/2021\/"},{"@type":"ListItem","position":2,"name":"Funcionamiento de Coopersive durante la extensi\u00f3n de la cuarentena."}]},{"@type":"WebSite","@id":"https:\/\/www.noticiasradioreflejos.com.ar\/2021\/#website","url":"https:\/\/www.noticiasradioreflejos.com.ar\/2021\/","name":"Noticias Radio Reflejos","description":"Las noticias de mi comarca","potentialAction":[{"@type":"SearchAction","target":{"@type":"EntryPoint","urlTemplate":"https:\/\/www.noticiasradioreflejos.com.ar\/2021\/?s={search_term_string}"},"query-input":{"@type":"PropertyValueSpecification","valueRequired":true,"valueName":"search_term_string"}}],"inLanguage":"es"},{"@type":"Person","@id":"https:\/\/www.noticiasradioreflejos.com.ar\/2021\/#\/schema\/person\/ad82545263dcc5ec0996818884fd5fb1","name":"Arnaldo Botto","image":{"@type":"ImageObject","inLanguage":"es","@id":"https:\/\/www.noticiasradioreflejos.com.ar\/2021\/#\/schema\/person\/image\/","url":"https:\/\/secure.gravatar.com\/avatar\/55cb5e37c1efa326397366e6974cb338056df65cb50e7d64d1cf314e87504837?s=96&d=mm&r=g","contentUrl":"https:\/\/secure.gravatar.com\/avatar\/55cb5e37c1efa326397366e6974cb338056df65cb50e7d64d1cf314e87504837?s=96&d=mm&r=g","caption":"Arnaldo Botto"},"url":"https:\/\/www.noticiasradioreflejos.com.ar\/2021\/author\/arnaldo\/"}]}},"_links":{"self":[{"href":"https:\/\/www.noticiasradioreflejos.com.ar\/2021\/wp-json\/wp\/v2\/posts\/40685","targetHints":{"allow":["GET"]}}],"collection":[{"href":"https:\/\/www.noticiasradioreflejos.com.ar\/2021\/wp-json\/wp\/v2\/posts"}],"about":[{"href":"https:\/\/www.noticiasradioreflejos.com.ar\/2021\/wp-json\/wp\/v2\/types\/post"}],"author":[{"embeddable":true,"href":"https:\/\/www.noticiasradioreflejos.com.ar\/2021\/wp-json\/wp\/v2\/users\/3"}],"replies":[{"embeddable":true,"href":"https:\/\/www.noticiasradioreflejos.com.ar\/2021\/wp-json\/wp\/v2\/comments?post=40685"}],"version-history":[{"count":0,"href":"https:\/\/www.noticiasradioreflejos.com.ar\/2021\/wp-json\/wp\/v2\/posts\/40685\/revisions"}],"wp:attachment":[{"href":"https:\/\/www.noticiasradioreflejos.com.ar\/2021\/wp-json\/wp\/v2\/media?parent=40685"}],"wp:term":[{"taxonomy":"category","embeddable":true,"href":"https:\/\/www.noticiasradioreflejos.com.ar\/2021\/wp-json\/wp\/v2\/categories?post=40685"},{"taxonomy":"post_tag","embeddable":true,"href":"https:\/\/www.noticiasradioreflejos.com.ar\/2021\/wp-json\/wp\/v2\/tags?post=40685"}],"curies":[{"name":"wp","href":"https:\/\/api.w.org\/{rel}","templated":true}]}}