{"id":40678,"date":"2020-04-12T12:23:52","date_gmt":"2020-04-12T15:23:52","guid":{"rendered":"http:\/\/www.noticiasradioreflejos.com.ar\/noticias\/?p=40678"},"modified":"2020-04-12T12:23:52","modified_gmt":"2020-04-12T15:23:52","slug":"domingo-de-pascuas-con-lluvias-en-la-comarca-continuara-el-timepo-inestable-hasta-manana","status":"publish","type":"post","link":"https:\/\/www.noticiasradioreflejos.com.ar\/2021\/domingo-de-pascuas-con-lluvias-en-la-comarca-continuara-el-timepo-inestable-hasta-manana\/","title":{"rendered":"Domingo de Pascuas con lluvias en la comarca. Continuar\u00e1 el tiempo inestable hasta ma\u00f1ana."},"content":{"rendered":"<p>Como se ven\u00eda anticipando, desde la madrugada de este domingo 12 de abril se registran precipitaciones en toda la regi\u00f3n sudoeste de la Pcia de Buenos Aires. En la zona serrana llueve desde las primeras horas de este domingo y los registros son parejos, con apenas 4 mm en Sierra de la Ventana; en Tornquist se registraron 12 mm y en las cumbres del cord\u00f3n de Ventana 6.8 mm.\u00a0<!--more--><\/p>\n<p>El pron\u00f3stico anticipa para este domingo cielos cubiertos y chaparrones aislados, con una m\u00e1xima de 17\u00b0, para ma\u00f1ana lunes 13, chaparrones por la ma\u00f1ana, mejorando para la tarde, Vientos moderados del Sur, m\u00ednima 13\u00b0 m\u00e1ximas de 18\u00b0.<\/p>\n<p>&nbsp;<\/p>\n<p><strong>Totales de la zona<\/strong><br \/>\n4 mm en Sierra de la Ventana<br \/>\n3\u00a0\u00a0mm en Calqu\u00edn<br \/>\n6.7 mm en Villa Ventana<br \/>\n12\u00a0mm en Tornquist<br \/>\n10 mm en Tres Picos<br \/>\n1.5 mm en Funke<br \/>\n6.8 mm en Cerro Napost\u00e1 Oeste<br \/>\n5.6 mm en Cord\u00f3n Cerro Ventana<br \/>\n19 mm en Chasic\u00f3<br \/>\n3.5 mm. en Pig\u00fc\u00e9<br \/>\n7 mm. en Saavedra<br \/>\n15 mm. en Goyena<br \/>\n8.2 mm en Dufaur<br \/>\n2.5 mm en El Pantanoso<br \/>\n2.4 mm en Cnel Pringles<br \/>\n4.6 mm en Cabildo<br \/>\n10 mm en Frapal<br \/>\n1.8 mm en Cura Malal<br \/>\n1.8 mm en Cnel Dorrego<br \/>\n1.6 mm en Carhu\u00e9<br \/>\n7.2 en Tte Origone<br \/>\n13.2 mm en Punta alta<\/p>\n<p>Share on FacebookShare on TwitterShare on Google+Share on LinkedinShare on Pinterest<\/p>\n","protected":false},"excerpt":{"rendered":"<p>Como se ven\u00eda anticipando, desde la madrugada de este domingo 12 de abril se registran precipitaciones en toda la regi\u00f3n sudoeste de la Pcia de Buenos Aires. En la zona serrana llueve desde las primeras horas de este domingo y los registros son parejos, con apenas 4 mm en Sierra de la Ventana; en Tornquist [&hellip;]<\/p>\n","protected":false},"author":3,"featured_media":40679,"comment_status":"closed","ping_status":"open","sticky":false,"template":"","format":"standard","meta":{"footnotes":""},"categories":[26],"tags":[],"class_list":["post-40678","post","type-post","status-publish","format-standard","has-post-thumbnail","hentry","category-sociedad"],"yoast_head":"<!-- This site is optimized with the Yoast SEO plugin v25.9 - https:\/\/yoast.com\/wordpress\/plugins\/seo\/ -->\n<title>Domingo de Pascuas con lluvias en la comarca. Continuar\u00e1 el tiempo inestable hasta ma\u00f1ana. - Noticias Radio Reflejos<\/title>\n<meta name=\"robots\" content=\"index, follow, max-snippet:-1, max-image-preview:large, max-video-preview:-1\" \/>\n<link rel=\"canonical\" href=\"https:\/\/www.noticiasradioreflejos.com.ar\/2021\/domingo-de-pascuas-con-lluvias-en-la-comarca-continuara-el-timepo-inestable-hasta-manana\/\" \/>\n<meta property=\"og:locale\" content=\"es_ES\" \/>\n<meta property=\"og:type\" content=\"article\" \/>\n<meta property=\"og:title\" content=\"Domingo de Pascuas con lluvias en la comarca. Continuar\u00e1 el tiempo inestable hasta ma\u00f1ana. - Noticias Radio Reflejos\" \/>\n<meta property=\"og:description\" content=\"Como se ven\u00eda anticipando, desde la madrugada de este domingo 12 de abril se registran precipitaciones en toda la regi\u00f3n sudoeste de la Pcia de Buenos Aires. En la zona serrana llueve desde las primeras horas de este domingo y los registros son parejos, con apenas 4 mm en Sierra de la Ventana; en Tornquist [&hellip;]\" \/>\n<meta property=\"og:url\" content=\"https:\/\/www.noticiasradioreflejos.com.ar\/2021\/domingo-de-pascuas-con-lluvias-en-la-comarca-continuara-el-timepo-inestable-hasta-manana\/\" \/>\n<meta property=\"og:site_name\" content=\"Noticias Radio Reflejos\" \/>\n<meta property=\"article:published_time\" content=\"2020-04-12T15:23:52+00:00\" \/>\n<meta property=\"og:image\" content=\"https:\/\/www.noticiasradioreflejos.com.ar\/2021\/wp-content\/uploads\/2020\/04\/Lluvias-en-la-comarca.jpg\" \/>\n\t<meta property=\"og:image:width\" content=\"400\" \/>\n\t<meta property=\"og:image:height\" content=\"224\" \/>\n\t<meta property=\"og:image:type\" content=\"image\/jpeg\" \/>\n<meta name=\"author\" content=\"Arnaldo Botto\" \/>\n<meta name=\"twitter:card\" content=\"summary_large_image\" \/>\n<script type=\"application\/ld+json\" class=\"yoast-schema-graph\">{\"@context\":\"https:\/\/schema.org\",\"@graph\":[{\"@type\":\"WebPage\",\"@id\":\"https:\/\/www.noticiasradioreflejos.com.ar\/2021\/domingo-de-pascuas-con-lluvias-en-la-comarca-continuara-el-timepo-inestable-hasta-manana\/\",\"url\":\"https:\/\/www.noticiasradioreflejos.com.ar\/2021\/domingo-de-pascuas-con-lluvias-en-la-comarca-continuara-el-timepo-inestable-hasta-manana\/\",\"name\":\"Domingo de Pascuas con lluvias en la comarca. Continuar\u00e1 el tiempo inestable hasta ma\u00f1ana. - Noticias Radio Reflejos\",\"isPartOf\":{\"@id\":\"https:\/\/www.noticiasradioreflejos.com.ar\/2021\/#website\"},\"primaryImageOfPage\":{\"@id\":\"https:\/\/www.noticiasradioreflejos.com.ar\/2021\/domingo-de-pascuas-con-lluvias-en-la-comarca-continuara-el-timepo-inestable-hasta-manana\/#primaryimage\"},\"image\":{\"@id\":\"https:\/\/www.noticiasradioreflejos.com.ar\/2021\/domingo-de-pascuas-con-lluvias-en-la-comarca-continuara-el-timepo-inestable-hasta-manana\/#primaryimage\"},\"thumbnailUrl\":\"https:\/\/www.noticiasradioreflejos.com.ar\/2021\/wp-content\/uploads\/2020\/04\/Lluvias-en-la-comarca.jpg\",\"datePublished\":\"2020-04-12T15:23:52+00:00\",\"author\":{\"@id\":\"https:\/\/www.noticiasradioreflejos.com.ar\/2021\/#\/schema\/person\/ad82545263dcc5ec0996818884fd5fb1\"},\"breadcrumb\":{\"@id\":\"https:\/\/www.noticiasradioreflejos.com.ar\/2021\/domingo-de-pascuas-con-lluvias-en-la-comarca-continuara-el-timepo-inestable-hasta-manana\/#breadcrumb\"},\"inLanguage\":\"es\",\"potentialAction\":[{\"@type\":\"ReadAction\",\"target\":[\"https:\/\/www.noticiasradioreflejos.com.ar\/2021\/domingo-de-pascuas-con-lluvias-en-la-comarca-continuara-el-timepo-inestable-hasta-manana\/\"]}]},{\"@type\":\"ImageObject\",\"inLanguage\":\"es\",\"@id\":\"https:\/\/www.noticiasradioreflejos.com.ar\/2021\/domingo-de-pascuas-con-lluvias-en-la-comarca-continuara-el-timepo-inestable-hasta-manana\/#primaryimage\",\"url\":\"https:\/\/www.noticiasradioreflejos.com.ar\/2021\/wp-content\/uploads\/2020\/04\/Lluvias-en-la-comarca.jpg\",\"contentUrl\":\"https:\/\/www.noticiasradioreflejos.com.ar\/2021\/wp-content\/uploads\/2020\/04\/Lluvias-en-la-comarca.jpg\",\"width\":400,\"height\":224},{\"@type\":\"BreadcrumbList\",\"@id\":\"https:\/\/www.noticiasradioreflejos.com.ar\/2021\/domingo-de-pascuas-con-lluvias-en-la-comarca-continuara-el-timepo-inestable-hasta-manana\/#breadcrumb\",\"itemListElement\":[{\"@type\":\"ListItem\",\"position\":1,\"name\":\"Portada\",\"item\":\"https:\/\/www.noticiasradioreflejos.com.ar\/2021\/\"},{\"@type\":\"ListItem\",\"position\":2,\"name\":\"Domingo de Pascuas con lluvias en la comarca. Continuar\u00e1 el tiempo inestable hasta ma\u00f1ana.\"}]},{\"@type\":\"WebSite\",\"@id\":\"https:\/\/www.noticiasradioreflejos.com.ar\/2021\/#website\",\"url\":\"https:\/\/www.noticiasradioreflejos.com.ar\/2021\/\",\"name\":\"Noticias Radio Reflejos\",\"description\":\"Las noticias de mi comarca\",\"potentialAction\":[{\"@type\":\"SearchAction\",\"target\":{\"@type\":\"EntryPoint\",\"urlTemplate\":\"https:\/\/www.noticiasradioreflejos.com.ar\/2021\/?s={search_term_string}\"},\"query-input\":{\"@type\":\"PropertyValueSpecification\",\"valueRequired\":true,\"valueName\":\"search_term_string\"}}],\"inLanguage\":\"es\"},{\"@type\":\"Person\",\"@id\":\"https:\/\/www.noticiasradioreflejos.com.ar\/2021\/#\/schema\/person\/ad82545263dcc5ec0996818884fd5fb1\",\"name\":\"Arnaldo Botto\",\"image\":{\"@type\":\"ImageObject\",\"inLanguage\":\"es\",\"@id\":\"https:\/\/www.noticiasradioreflejos.com.ar\/2021\/#\/schema\/person\/image\/\",\"url\":\"https:\/\/secure.gravatar.com\/avatar\/55cb5e37c1efa326397366e6974cb338056df65cb50e7d64d1cf314e87504837?s=96&d=mm&r=g\",\"contentUrl\":\"https:\/\/secure.gravatar.com\/avatar\/55cb5e37c1efa326397366e6974cb338056df65cb50e7d64d1cf314e87504837?s=96&d=mm&r=g\",\"caption\":\"Arnaldo Botto\"},\"url\":\"https:\/\/www.noticiasradioreflejos.com.ar\/2021\/author\/arnaldo\/\"}]}<\/script>\n<!-- \/ Yoast SEO plugin. -->","yoast_head_json":{"title":"Domingo de Pascuas con lluvias en la comarca. Continuar\u00e1 el tiempo inestable hasta ma\u00f1ana. - Noticias Radio Reflejos","robots":{"index":"index","follow":"follow","max-snippet":"max-snippet:-1","max-image-preview":"max-image-preview:large","max-video-preview":"max-video-preview:-1"},"canonical":"https:\/\/www.noticiasradioreflejos.com.ar\/2021\/domingo-de-pascuas-con-lluvias-en-la-comarca-continuara-el-timepo-inestable-hasta-manana\/","og_locale":"es_ES","og_type":"article","og_title":"Domingo de Pascuas con lluvias en la comarca. Continuar\u00e1 el tiempo inestable hasta ma\u00f1ana. - Noticias Radio Reflejos","og_description":"Como se ven\u00eda anticipando, desde la madrugada de este domingo 12 de abril se registran precipitaciones en toda la regi\u00f3n sudoeste de la Pcia de Buenos Aires. En la zona serrana llueve desde las primeras horas de este domingo y los registros son parejos, con apenas 4 mm en Sierra de la Ventana; en Tornquist [&hellip;]","og_url":"https:\/\/www.noticiasradioreflejos.com.ar\/2021\/domingo-de-pascuas-con-lluvias-en-la-comarca-continuara-el-timepo-inestable-hasta-manana\/","og_site_name":"Noticias Radio Reflejos","article_published_time":"2020-04-12T15:23:52+00:00","og_image":[{"width":400,"height":224,"url":"https:\/\/www.noticiasradioreflejos.com.ar\/2021\/wp-content\/uploads\/2020\/04\/Lluvias-en-la-comarca.jpg","type":"image\/jpeg"}],"author":"Arnaldo Botto","twitter_card":"summary_large_image","schema":{"@context":"https:\/\/schema.org","@graph":[{"@type":"WebPage","@id":"https:\/\/www.noticiasradioreflejos.com.ar\/2021\/domingo-de-pascuas-con-lluvias-en-la-comarca-continuara-el-timepo-inestable-hasta-manana\/","url":"https:\/\/www.noticiasradioreflejos.com.ar\/2021\/domingo-de-pascuas-con-lluvias-en-la-comarca-continuara-el-timepo-inestable-hasta-manana\/","name":"Domingo de Pascuas con lluvias en la comarca. Continuar\u00e1 el tiempo inestable hasta ma\u00f1ana. - Noticias Radio Reflejos","isPartOf":{"@id":"https:\/\/www.noticiasradioreflejos.com.ar\/2021\/#website"},"primaryImageOfPage":{"@id":"https:\/\/www.noticiasradioreflejos.com.ar\/2021\/domingo-de-pascuas-con-lluvias-en-la-comarca-continuara-el-timepo-inestable-hasta-manana\/#primaryimage"},"image":{"@id":"https:\/\/www.noticiasradioreflejos.com.ar\/2021\/domingo-de-pascuas-con-lluvias-en-la-comarca-continuara-el-timepo-inestable-hasta-manana\/#primaryimage"},"thumbnailUrl":"https:\/\/www.noticiasradioreflejos.com.ar\/2021\/wp-content\/uploads\/2020\/04\/Lluvias-en-la-comarca.jpg","datePublished":"2020-04-12T15:23:52+00:00","author":{"@id":"https:\/\/www.noticiasradioreflejos.com.ar\/2021\/#\/schema\/person\/ad82545263dcc5ec0996818884fd5fb1"},"breadcrumb":{"@id":"https:\/\/www.noticiasradioreflejos.com.ar\/2021\/domingo-de-pascuas-con-lluvias-en-la-comarca-continuara-el-timepo-inestable-hasta-manana\/#breadcrumb"},"inLanguage":"es","potentialAction":[{"@type":"ReadAction","target":["https:\/\/www.noticiasradioreflejos.com.ar\/2021\/domingo-de-pascuas-con-lluvias-en-la-comarca-continuara-el-timepo-inestable-hasta-manana\/"]}]},{"@type":"ImageObject","inLanguage":"es","@id":"https:\/\/www.noticiasradioreflejos.com.ar\/2021\/domingo-de-pascuas-con-lluvias-en-la-comarca-continuara-el-timepo-inestable-hasta-manana\/#primaryimage","url":"https:\/\/www.noticiasradioreflejos.com.ar\/2021\/wp-content\/uploads\/2020\/04\/Lluvias-en-la-comarca.jpg","contentUrl":"https:\/\/www.noticiasradioreflejos.com.ar\/2021\/wp-content\/uploads\/2020\/04\/Lluvias-en-la-comarca.jpg","width":400,"height":224},{"@type":"BreadcrumbList","@id":"https:\/\/www.noticiasradioreflejos.com.ar\/2021\/domingo-de-pascuas-con-lluvias-en-la-comarca-continuara-el-timepo-inestable-hasta-manana\/#breadcrumb","itemListElement":[{"@type":"ListItem","position":1,"name":"Portada","item":"https:\/\/www.noticiasradioreflejos.com.ar\/2021\/"},{"@type":"ListItem","position":2,"name":"Domingo de Pascuas con lluvias en la comarca. Continuar\u00e1 el tiempo inestable hasta ma\u00f1ana."}]},{"@type":"WebSite","@id":"https:\/\/www.noticiasradioreflejos.com.ar\/2021\/#website","url":"https:\/\/www.noticiasradioreflejos.com.ar\/2021\/","name":"Noticias Radio Reflejos","description":"Las noticias de mi comarca","potentialAction":[{"@type":"SearchAction","target":{"@type":"EntryPoint","urlTemplate":"https:\/\/www.noticiasradioreflejos.com.ar\/2021\/?s={search_term_string}"},"query-input":{"@type":"PropertyValueSpecification","valueRequired":true,"valueName":"search_term_string"}}],"inLanguage":"es"},{"@type":"Person","@id":"https:\/\/www.noticiasradioreflejos.com.ar\/2021\/#\/schema\/person\/ad82545263dcc5ec0996818884fd5fb1","name":"Arnaldo Botto","image":{"@type":"ImageObject","inLanguage":"es","@id":"https:\/\/www.noticiasradioreflejos.com.ar\/2021\/#\/schema\/person\/image\/","url":"https:\/\/secure.gravatar.com\/avatar\/55cb5e37c1efa326397366e6974cb338056df65cb50e7d64d1cf314e87504837?s=96&d=mm&r=g","contentUrl":"https:\/\/secure.gravatar.com\/avatar\/55cb5e37c1efa326397366e6974cb338056df65cb50e7d64d1cf314e87504837?s=96&d=mm&r=g","caption":"Arnaldo Botto"},"url":"https:\/\/www.noticiasradioreflejos.com.ar\/2021\/author\/arnaldo\/"}]}},"_links":{"self":[{"href":"https:\/\/www.noticiasradioreflejos.com.ar\/2021\/wp-json\/wp\/v2\/posts\/40678","targetHints":{"allow":["GET"]}}],"collection":[{"href":"https:\/\/www.noticiasradioreflejos.com.ar\/2021\/wp-json\/wp\/v2\/posts"}],"about":[{"href":"https:\/\/www.noticiasradioreflejos.com.ar\/2021\/wp-json\/wp\/v2\/types\/post"}],"author":[{"embeddable":true,"href":"https:\/\/www.noticiasradioreflejos.com.ar\/2021\/wp-json\/wp\/v2\/users\/3"}],"replies":[{"embeddable":true,"href":"https:\/\/www.noticiasradioreflejos.com.ar\/2021\/wp-json\/wp\/v2\/comments?post=40678"}],"version-history":[{"count":0,"href":"https:\/\/www.noticiasradioreflejos.com.ar\/2021\/wp-json\/wp\/v2\/posts\/40678\/revisions"}],"wp:featuredmedia":[{"embeddable":true,"href":"https:\/\/www.noticiasradioreflejos.com.ar\/2021\/wp-json\/wp\/v2\/media\/40679"}],"wp:attachment":[{"href":"https:\/\/www.noticiasradioreflejos.com.ar\/2021\/wp-json\/wp\/v2\/media?parent=40678"}],"wp:term":[{"taxonomy":"category","embeddable":true,"href":"https:\/\/www.noticiasradioreflejos.com.ar\/2021\/wp-json\/wp\/v2\/categories?post=40678"},{"taxonomy":"post_tag","embeddable":true,"href":"https:\/\/www.noticiasradioreflejos.com.ar\/2021\/wp-json\/wp\/v2\/tags?post=40678"}],"curies":[{"name":"wp","href":"https:\/\/api.w.org\/{rel}","templated":true}]}}