{"id":40669,"date":"2020-04-11T22:02:03","date_gmt":"2020-04-12T01:02:03","guid":{"rendered":"http:\/\/www.noticiasradioreflejos.com.ar\/noticias\/?p=40669"},"modified":"2020-04-11T22:02:03","modified_gmt":"2020-04-12T01:02:03","slug":"el-gobierno-oficializo-la-prorroga-del-aislamiento-cierre-de-fronteras-y-amplio-excepciones","status":"publish","type":"post","link":"https:\/\/www.noticiasradioreflejos.com.ar\/2021\/el-gobierno-oficializo-la-prorroga-del-aislamiento-cierre-de-fronteras-y-amplio-excepciones\/","title":{"rendered":"El Gobierno oficializ\u00f3 la pr\u00f3rroga del aislamiento, cierre de fronteras y ampli\u00f3 excepciones."},"content":{"rendered":"<p>El Gobierno nacional oficializ\u00f3 esta noche la pr\u00f3rroga hasta el pr\u00f3ximo 26 de abril inclusive del aislamiento social, preventivo y obligatorio por la pandemia de coronavirus, y del cierre de las fronteras, y estableci\u00f3 un mecanismo para evaluar y establecer eventuales nuevas excepciones a pedido de los gobernadores y bajo determinados protocolos, a cargo del jefe de Gabinete, Santiago Cafiero.<!--more--><br \/>\nAdem\u00e1s, ampli\u00f3 el listado de servicios y actividades esenciales vigente, con la incorporaci\u00f3n de actividades tales como bancos, talleres de reparaci\u00f3n de veh\u00edculos, ventas de repuestos, fabricaci\u00f3n y reparaci\u00f3n de neum\u00e1ticos y art\u00edculos de librer\u00eda, entre otras, todas ellas de manera regulada y administrada.<br \/>\nAs\u00ed lo hizo a trav\u00e9s de dos decretos de necesidad y urgencia, y una decisi\u00f3n administrativa de la Jefatura de Gabinete, incluidos en una edici\u00f3n del Bolet\u00edn Oficial publicada cerca de las 21 de este s\u00e1bado.<br \/>\nA trav\u00e9s del DNU 335\/2020, el presidente Alberto Fern\u00e1ndez prorrog\u00f3 el aislamiento social, preventivo y obligatorio vigente, que venc\u00eda ma\u00f1ana a la medianoche, y estableci\u00f3 \u00abexcepciones\u00bb a las medidas de prevenci\u00f3n vigentes.<br \/>\nEn su art\u00edculo 2, la norma establece que el jefe de Gabinete de Ministros, en su car\u00e1cter de Coordinador de la \u00abUnidad de Coordinaci\u00f3n General del Plan Integral para la Prevenci\u00f3n de Eventos de Salud P\u00fablica de Importancia Internacional\u00bb podr\u00e1, previa intervenci\u00f3n de la autoridad sanitaria nacional, y a pedido de los gobernadores y jefe de gobierno porte\u00f1o, disponer excepciones del cumplimiento del \u00abaislamiento social, preventivo y obligatorio\u00bb.<br \/>\nCafiero tendr\u00e1 la posibilidad de \u00abexceptuar la prohibici\u00f3n de circular, al personal afectado a determinadas actividades y servicios o a las personas que habiten en \u00e1reas geogr\u00e1ficas espec\u00edficas y delimitadas\u00bb, siempre que \u00abmedien\u00bb determinadas \u00abcircunstancias\u00bb.<br \/>\nEn ese sentido, fija que los mandatarios provinciales deber\u00e1n hacer sus requerimientos \u00abpor escrito, previa intervenci\u00f3n y asentimiento de la m\u00e1xima autoridad sanitaria local, en atenci\u00f3n a la situaci\u00f3n epidemiol\u00f3gica respectiva\u00bb.<\/p>\n<p>En otro orden, la Jefatura de Gabinete de Ministros, a cargo de Santiago Cafiero, resolvi\u00f3 hoy, a trav\u00e9s de la Decisi\u00f3n Administrativa 490\/2020, ampliar el listado de actividades y servicios exceptuados, y permitir la circulaci\u00f3n, acotada en tiempo y espacio, de personas con discapacidad, autismo y quienes las asistan.<\/p>\n<p>Asimismo, la resoluci\u00f3n autoriza actividades de bancos, talleres de reparaci\u00f3n de veh\u00edculos, ventas de repuestos, fabricaci\u00f3n y reparaci\u00f3n de neum\u00e1ticos y art\u00edculos de librer\u00eda, todos ellas de forma regulada y administrada.<\/p>\n<p>\u00abLas personas con discapacidad y aquellas comprendidas en el colectivo de trastorno del espectro autista, para realizar breves salidas en la cercan\u00eda de su residencia, junto con un familiar o conviviente\u00bb, indica la Decisi\u00f3n Administrativa.<\/p>\n<p>La normativa, publicada esta noche en el Bolet\u00edn Oficial, establece que, \u00aben tales casos, las personas asistidas y su acompa\u00f1ante deber\u00e1n portar sus respectivos Documentos Nacionales de Identidad (DNI) y el Certificado \u00danico de Discapacidad (CUD) o la prescripci\u00f3n m\u00e9dica donde se indique el diagn\u00f3stico y la necesidad de salidas, la cual podr\u00e1 ser confeccionada en forma digital\u00bb.<\/p>\n<p>Tambi\u00e9n est\u00e1 comprendida \u00abla actividad bancaria con atenci\u00f3n al p\u00fablico, exclusivamente con sistema de turnos\u00bb, y se se\u00f1ala que el Banco Central \u00abestablecer\u00e1, mientras dure el aislamiento social, los t\u00e9rminos y condiciones en los cuales se realizar\u00e1 la actividad bancaria, pudiendo ampliar o restringir d\u00edas y horarios de atenci\u00f3n\u00bb.<\/p>\n<p>Tambi\u00e9n, indica que el BCRA establecer\u00e1 \u00ablos servicios a ser prestados y grupos exclusivos o prioritarios de personas a ser atendidas, as\u00ed como todo otro aspecto necesario para dar cumplimiento a las instrucciones y recomendaciones de la autoridad sanitaria\u00bb.<\/p>\n<p>En tanto, a trav\u00e9s del DNU 365\/2020, Alberto Fern\u00e1ndez formaliz\u00f3 tambi\u00e9n la pr\u00f3rroga al cierre de fronteras del pa\u00eds hasta el 26 de abril inclusive, seg\u00fan el texto de la norma, al que tuvo acceso T\u00e9lam.<\/p>\n<p>All\u00ed, se prorroga \u00abhasta el d\u00eda 26 de abril de 2020 inclusive\u00bb la vigencia del Decreto N\u00b0 274\/20, que hab\u00eda sido extendido a un segundo per\u00edodo hasta ma\u00f1ana a trav\u00e9s del Decreto N\u00b0 331\/20, que establecieron los cierres de frontera.<\/p>\n<p>\u00abLa pr\u00f3rroga referida resulta necesaria, razonable y proporcionada con relaci\u00f3n a la amenaza y al riesgo sanitario que enfrenta el pa\u00eds y se enmarca en el conjunto de medidas y acciones que el Estado Nacional ha llevado adelante con el fin de contener la propagaci\u00f3n de Covid-19, siendo congruente con las limitaciones que han establecido otros pa\u00edses y que permanecen vigentes a la fecha\u00bb, se indica en los considerandos del decreto.<\/p>\n<p>Del mismo modo en que lo hab\u00eda resaltado ayer el mandatario en la conferencia de prensa que ofreci\u00f3 en la residencia de Olivos tras una reuni\u00f3n que mantuvo con el comit\u00e9 de expertos, los considerandos del DNU 335\/2020 subrayan que, \u00abcomparando el tiempo de duplicaci\u00f3n de casos en Argentina antes y despu\u00e9s de haber implementado la medida de aislamiento social preventivo y obligatorio y otras complementarias, se observ\u00f3 que pas\u00f3 de 3,3 d\u00edas a 10,3 d\u00edas\u00bb.<\/p>\n<p>Adem\u00e1s, remarcan que, \u00abdado que no se cuenta con un tratamiento antiviral efectivo ni con vacunas que prevengan el contagio de SARS-CoV-2, las medidas de aislamiento y distanciamiento social siguen revistiendo un rol de vital importancia para hacer frente a la situaci\u00f3n<\/p>\n<p>epidemiol\u00f3gica y mitigar el impacto sanitario de Covid-19\u00bb.<\/p>\n<p>Por otro lado, los considerandos se\u00f1alan que la Argentina implement\u00f3 \u00abnumerosas medidas tempranas para la contenci\u00f3n de la epidemia\u00bb y que eso deriv\u00f3 en \u00abmenor cantidad de casos y de d\u00edas de evoluci\u00f3n, en comparaci\u00f3n con otros pa\u00edses\u00bb.<\/p>\n","protected":false},"excerpt":{"rendered":"<p>El Gobierno nacional oficializ\u00f3 esta noche la pr\u00f3rroga hasta el pr\u00f3ximo 26 de abril inclusive del aislamiento social, preventivo y obligatorio por la pandemia de coronavirus, y del cierre de las fronteras, y estableci\u00f3 un mecanismo para evaluar y establecer eventuales nuevas excepciones a pedido de los gobernadores y bajo determinados protocolos, a cargo del [&hellip;]<\/p>\n","protected":false},"author":3,"featured_media":0,"comment_status":"closed","ping_status":"open","sticky":false,"template":"","format":"standard","meta":{"footnotes":""},"categories":[26],"tags":[],"class_list":["post-40669","post","type-post","status-publish","format-standard","hentry","category-sociedad"],"yoast_head":"<!-- This site is optimized with the Yoast SEO plugin v25.9 - https:\/\/yoast.com\/wordpress\/plugins\/seo\/ -->\n<title>El Gobierno oficializ\u00f3 la pr\u00f3rroga del aislamiento, cierre de fronteras y ampli\u00f3 excepciones. - Noticias Radio Reflejos<\/title>\n<meta name=\"robots\" content=\"index, follow, max-snippet:-1, max-image-preview:large, max-video-preview:-1\" \/>\n<link rel=\"canonical\" href=\"https:\/\/www.noticiasradioreflejos.com.ar\/2021\/el-gobierno-oficializo-la-prorroga-del-aislamiento-cierre-de-fronteras-y-amplio-excepciones\/\" \/>\n<meta property=\"og:locale\" content=\"es_ES\" \/>\n<meta property=\"og:type\" content=\"article\" \/>\n<meta property=\"og:title\" content=\"El Gobierno oficializ\u00f3 la pr\u00f3rroga del aislamiento, cierre de fronteras y ampli\u00f3 excepciones. - Noticias Radio Reflejos\" \/>\n<meta property=\"og:description\" content=\"El Gobierno nacional oficializ\u00f3 esta noche la pr\u00f3rroga hasta el pr\u00f3ximo 26 de abril inclusive del aislamiento social, preventivo y obligatorio por la pandemia de coronavirus, y del cierre de las fronteras, y estableci\u00f3 un mecanismo para evaluar y establecer eventuales nuevas excepciones a pedido de los gobernadores y bajo determinados protocolos, a cargo del [&hellip;]\" \/>\n<meta property=\"og:url\" content=\"https:\/\/www.noticiasradioreflejos.com.ar\/2021\/el-gobierno-oficializo-la-prorroga-del-aislamiento-cierre-de-fronteras-y-amplio-excepciones\/\" \/>\n<meta property=\"og:site_name\" content=\"Noticias Radio Reflejos\" \/>\n<meta property=\"article:published_time\" content=\"2020-04-12T01:02:03+00:00\" \/>\n<meta property=\"og:image\" content=\"https:\/\/www.noticiasradioreflejos.com.ar\/2021\/wp-content\/uploads\/2021\/07\/logosol300x200.png\" \/>\n\t<meta property=\"og:image:width\" content=\"300\" \/>\n\t<meta property=\"og:image:height\" content=\"200\" \/>\n\t<meta property=\"og:image:type\" content=\"image\/png\" \/>\n<meta name=\"author\" content=\"Arnaldo Botto\" \/>\n<meta name=\"twitter:card\" content=\"summary_large_image\" \/>\n<script type=\"application\/ld+json\" class=\"yoast-schema-graph\">{\"@context\":\"https:\/\/schema.org\",\"@graph\":[{\"@type\":\"WebPage\",\"@id\":\"https:\/\/www.noticiasradioreflejos.com.ar\/2021\/el-gobierno-oficializo-la-prorroga-del-aislamiento-cierre-de-fronteras-y-amplio-excepciones\/\",\"url\":\"https:\/\/www.noticiasradioreflejos.com.ar\/2021\/el-gobierno-oficializo-la-prorroga-del-aislamiento-cierre-de-fronteras-y-amplio-excepciones\/\",\"name\":\"El Gobierno oficializ\u00f3 la pr\u00f3rroga del aislamiento, cierre de fronteras y ampli\u00f3 excepciones. - Noticias Radio Reflejos\",\"isPartOf\":{\"@id\":\"https:\/\/www.noticiasradioreflejos.com.ar\/2021\/#website\"},\"datePublished\":\"2020-04-12T01:02:03+00:00\",\"author\":{\"@id\":\"https:\/\/www.noticiasradioreflejos.com.ar\/2021\/#\/schema\/person\/ad82545263dcc5ec0996818884fd5fb1\"},\"breadcrumb\":{\"@id\":\"https:\/\/www.noticiasradioreflejos.com.ar\/2021\/el-gobierno-oficializo-la-prorroga-del-aislamiento-cierre-de-fronteras-y-amplio-excepciones\/#breadcrumb\"},\"inLanguage\":\"es\",\"potentialAction\":[{\"@type\":\"ReadAction\",\"target\":[\"https:\/\/www.noticiasradioreflejos.com.ar\/2021\/el-gobierno-oficializo-la-prorroga-del-aislamiento-cierre-de-fronteras-y-amplio-excepciones\/\"]}]},{\"@type\":\"BreadcrumbList\",\"@id\":\"https:\/\/www.noticiasradioreflejos.com.ar\/2021\/el-gobierno-oficializo-la-prorroga-del-aislamiento-cierre-de-fronteras-y-amplio-excepciones\/#breadcrumb\",\"itemListElement\":[{\"@type\":\"ListItem\",\"position\":1,\"name\":\"Portada\",\"item\":\"https:\/\/www.noticiasradioreflejos.com.ar\/2021\/\"},{\"@type\":\"ListItem\",\"position\":2,\"name\":\"El Gobierno oficializ\u00f3 la pr\u00f3rroga del aislamiento, cierre de fronteras y ampli\u00f3 excepciones.\"}]},{\"@type\":\"WebSite\",\"@id\":\"https:\/\/www.noticiasradioreflejos.com.ar\/2021\/#website\",\"url\":\"https:\/\/www.noticiasradioreflejos.com.ar\/2021\/\",\"name\":\"Noticias Radio Reflejos\",\"description\":\"Las noticias de mi comarca\",\"potentialAction\":[{\"@type\":\"SearchAction\",\"target\":{\"@type\":\"EntryPoint\",\"urlTemplate\":\"https:\/\/www.noticiasradioreflejos.com.ar\/2021\/?s={search_term_string}\"},\"query-input\":{\"@type\":\"PropertyValueSpecification\",\"valueRequired\":true,\"valueName\":\"search_term_string\"}}],\"inLanguage\":\"es\"},{\"@type\":\"Person\",\"@id\":\"https:\/\/www.noticiasradioreflejos.com.ar\/2021\/#\/schema\/person\/ad82545263dcc5ec0996818884fd5fb1\",\"name\":\"Arnaldo Botto\",\"image\":{\"@type\":\"ImageObject\",\"inLanguage\":\"es\",\"@id\":\"https:\/\/www.noticiasradioreflejos.com.ar\/2021\/#\/schema\/person\/image\/\",\"url\":\"https:\/\/secure.gravatar.com\/avatar\/55cb5e37c1efa326397366e6974cb338056df65cb50e7d64d1cf314e87504837?s=96&d=mm&r=g\",\"contentUrl\":\"https:\/\/secure.gravatar.com\/avatar\/55cb5e37c1efa326397366e6974cb338056df65cb50e7d64d1cf314e87504837?s=96&d=mm&r=g\",\"caption\":\"Arnaldo Botto\"},\"url\":\"https:\/\/www.noticiasradioreflejos.com.ar\/2021\/author\/arnaldo\/\"}]}<\/script>\n<!-- \/ Yoast SEO plugin. -->","yoast_head_json":{"title":"El Gobierno oficializ\u00f3 la pr\u00f3rroga del aislamiento, cierre de fronteras y ampli\u00f3 excepciones. - Noticias Radio Reflejos","robots":{"index":"index","follow":"follow","max-snippet":"max-snippet:-1","max-image-preview":"max-image-preview:large","max-video-preview":"max-video-preview:-1"},"canonical":"https:\/\/www.noticiasradioreflejos.com.ar\/2021\/el-gobierno-oficializo-la-prorroga-del-aislamiento-cierre-de-fronteras-y-amplio-excepciones\/","og_locale":"es_ES","og_type":"article","og_title":"El Gobierno oficializ\u00f3 la pr\u00f3rroga del aislamiento, cierre de fronteras y ampli\u00f3 excepciones. - Noticias Radio Reflejos","og_description":"El Gobierno nacional oficializ\u00f3 esta noche la pr\u00f3rroga hasta el pr\u00f3ximo 26 de abril inclusive del aislamiento social, preventivo y obligatorio por la pandemia de coronavirus, y del cierre de las fronteras, y estableci\u00f3 un mecanismo para evaluar y establecer eventuales nuevas excepciones a pedido de los gobernadores y bajo determinados protocolos, a cargo del [&hellip;]","og_url":"https:\/\/www.noticiasradioreflejos.com.ar\/2021\/el-gobierno-oficializo-la-prorroga-del-aislamiento-cierre-de-fronteras-y-amplio-excepciones\/","og_site_name":"Noticias Radio Reflejos","article_published_time":"2020-04-12T01:02:03+00:00","og_image":[{"width":300,"height":200,"url":"https:\/\/www.noticiasradioreflejos.com.ar\/2021\/wp-content\/uploads\/2021\/07\/logosol300x200.png","type":"image\/png"}],"author":"Arnaldo Botto","twitter_card":"summary_large_image","schema":{"@context":"https:\/\/schema.org","@graph":[{"@type":"WebPage","@id":"https:\/\/www.noticiasradioreflejos.com.ar\/2021\/el-gobierno-oficializo-la-prorroga-del-aislamiento-cierre-de-fronteras-y-amplio-excepciones\/","url":"https:\/\/www.noticiasradioreflejos.com.ar\/2021\/el-gobierno-oficializo-la-prorroga-del-aislamiento-cierre-de-fronteras-y-amplio-excepciones\/","name":"El Gobierno oficializ\u00f3 la pr\u00f3rroga del aislamiento, cierre de fronteras y ampli\u00f3 excepciones. - Noticias Radio Reflejos","isPartOf":{"@id":"https:\/\/www.noticiasradioreflejos.com.ar\/2021\/#website"},"datePublished":"2020-04-12T01:02:03+00:00","author":{"@id":"https:\/\/www.noticiasradioreflejos.com.ar\/2021\/#\/schema\/person\/ad82545263dcc5ec0996818884fd5fb1"},"breadcrumb":{"@id":"https:\/\/www.noticiasradioreflejos.com.ar\/2021\/el-gobierno-oficializo-la-prorroga-del-aislamiento-cierre-de-fronteras-y-amplio-excepciones\/#breadcrumb"},"inLanguage":"es","potentialAction":[{"@type":"ReadAction","target":["https:\/\/www.noticiasradioreflejos.com.ar\/2021\/el-gobierno-oficializo-la-prorroga-del-aislamiento-cierre-de-fronteras-y-amplio-excepciones\/"]}]},{"@type":"BreadcrumbList","@id":"https:\/\/www.noticiasradioreflejos.com.ar\/2021\/el-gobierno-oficializo-la-prorroga-del-aislamiento-cierre-de-fronteras-y-amplio-excepciones\/#breadcrumb","itemListElement":[{"@type":"ListItem","position":1,"name":"Portada","item":"https:\/\/www.noticiasradioreflejos.com.ar\/2021\/"},{"@type":"ListItem","position":2,"name":"El Gobierno oficializ\u00f3 la pr\u00f3rroga del aislamiento, cierre de fronteras y ampli\u00f3 excepciones."}]},{"@type":"WebSite","@id":"https:\/\/www.noticiasradioreflejos.com.ar\/2021\/#website","url":"https:\/\/www.noticiasradioreflejos.com.ar\/2021\/","name":"Noticias Radio Reflejos","description":"Las noticias de mi comarca","potentialAction":[{"@type":"SearchAction","target":{"@type":"EntryPoint","urlTemplate":"https:\/\/www.noticiasradioreflejos.com.ar\/2021\/?s={search_term_string}"},"query-input":{"@type":"PropertyValueSpecification","valueRequired":true,"valueName":"search_term_string"}}],"inLanguage":"es"},{"@type":"Person","@id":"https:\/\/www.noticiasradioreflejos.com.ar\/2021\/#\/schema\/person\/ad82545263dcc5ec0996818884fd5fb1","name":"Arnaldo Botto","image":{"@type":"ImageObject","inLanguage":"es","@id":"https:\/\/www.noticiasradioreflejos.com.ar\/2021\/#\/schema\/person\/image\/","url":"https:\/\/secure.gravatar.com\/avatar\/55cb5e37c1efa326397366e6974cb338056df65cb50e7d64d1cf314e87504837?s=96&d=mm&r=g","contentUrl":"https:\/\/secure.gravatar.com\/avatar\/55cb5e37c1efa326397366e6974cb338056df65cb50e7d64d1cf314e87504837?s=96&d=mm&r=g","caption":"Arnaldo Botto"},"url":"https:\/\/www.noticiasradioreflejos.com.ar\/2021\/author\/arnaldo\/"}]}},"_links":{"self":[{"href":"https:\/\/www.noticiasradioreflejos.com.ar\/2021\/wp-json\/wp\/v2\/posts\/40669","targetHints":{"allow":["GET"]}}],"collection":[{"href":"https:\/\/www.noticiasradioreflejos.com.ar\/2021\/wp-json\/wp\/v2\/posts"}],"about":[{"href":"https:\/\/www.noticiasradioreflejos.com.ar\/2021\/wp-json\/wp\/v2\/types\/post"}],"author":[{"embeddable":true,"href":"https:\/\/www.noticiasradioreflejos.com.ar\/2021\/wp-json\/wp\/v2\/users\/3"}],"replies":[{"embeddable":true,"href":"https:\/\/www.noticiasradioreflejos.com.ar\/2021\/wp-json\/wp\/v2\/comments?post=40669"}],"version-history":[{"count":0,"href":"https:\/\/www.noticiasradioreflejos.com.ar\/2021\/wp-json\/wp\/v2\/posts\/40669\/revisions"}],"wp:attachment":[{"href":"https:\/\/www.noticiasradioreflejos.com.ar\/2021\/wp-json\/wp\/v2\/media?parent=40669"}],"wp:term":[{"taxonomy":"category","embeddable":true,"href":"https:\/\/www.noticiasradioreflejos.com.ar\/2021\/wp-json\/wp\/v2\/categories?post=40669"},{"taxonomy":"post_tag","embeddable":true,"href":"https:\/\/www.noticiasradioreflejos.com.ar\/2021\/wp-json\/wp\/v2\/tags?post=40669"}],"curies":[{"name":"wp","href":"https:\/\/api.w.org\/{rel}","templated":true}]}}