{"id":40666,"date":"2020-04-11T21:56:43","date_gmt":"2020-04-12T00:56:43","guid":{"rendered":"http:\/\/www.noticiasradioreflejos.com.ar\/noticias\/?p=40666"},"modified":"2020-04-11T21:56:43","modified_gmt":"2020-04-12T00:56:43","slug":"el-21-de-abril-comenzaran-los-apgos-del-ingreso-familiar-de-emergencia","status":"publish","type":"post","link":"https:\/\/www.noticiasradioreflejos.com.ar\/2021\/el-21-de-abril-comenzaran-los-apgos-del-ingreso-familiar-de-emergencia\/","title":{"rendered":"El 21 de Abril comenzaran los pagos del ingreso familiar de emergencia."},"content":{"rendered":"<p>La ANSES informa que los beneficiarios del Ingreso Familiar de Emergencia (IFE) que est\u00e1n comunicando desde hoy su n\u00famero de Clave Bancaria Uniforme (CBU), comenzar\u00e1n a cobrar los 10.000 pesos a partir del pr\u00f3ximo 21 de abril y hasta el 5 de mayo inclusive. Cabe destacar que las acreditaciones se realizar\u00e1n todos los d\u00edas h\u00e1biles del per\u00edodo indicado en los CBU aportados por los titulares del beneficio extraordinario creado por el Gobierno nacional.<!--more--><br \/>\nEl orden de acreditaciones se har\u00e1 por n\u00famero de DNI: el 21 cobrar\u00e1n los terminados en 0; el 22, los terminados en 1; el 23, los terminados en 2; el 24, los 3; el 27, los terminados en 4; el 28, los 5; el 29, los 6 y el 30, los finalizados en 7.<br \/>\nTras el fin de semana largo del viernes 1 de mayo, las acreditaciones en las cuentas se retomar\u00e1n el 4 de mayo, fecha en la que cobrar\u00e1n los titulares con DNI terminados en 8 y, finalmente, el 5 de mayo los que terminen en 9.<br \/>\nEl resto de los beneficiarios que opten por otro medio de pago a partir del jueves 16 de abril en las opciones que ofrezca la p\u00e1gina Web de la ANSES, cobrar\u00e1n en las fechas que se indicar\u00e1n durante la semana pr\u00f3xima.<\/p>\n","protected":false},"excerpt":{"rendered":"<p>La ANSES informa que los beneficiarios del Ingreso Familiar de Emergencia (IFE) que est\u00e1n comunicando desde hoy su n\u00famero de Clave Bancaria Uniforme (CBU), comenzar\u00e1n a cobrar los 10.000 pesos a partir del pr\u00f3ximo 21 de abril y hasta el 5 de mayo inclusive. Cabe destacar que las acreditaciones se realizar\u00e1n todos los d\u00edas h\u00e1biles [&hellip;]<\/p>\n","protected":false},"author":3,"featured_media":0,"comment_status":"closed","ping_status":"open","sticky":false,"template":"","format":"standard","meta":{"footnotes":""},"categories":[36],"tags":[],"class_list":["post-40666","post","type-post","status-publish","format-standard","hentry","category-economia"],"yoast_head":"<!-- This site is optimized with the Yoast SEO plugin v25.9 - https:\/\/yoast.com\/wordpress\/plugins\/seo\/ -->\n<title>El 21 de Abril comenzaran los pagos del ingreso familiar de emergencia. - Noticias Radio Reflejos<\/title>\n<meta name=\"robots\" content=\"index, follow, max-snippet:-1, max-image-preview:large, max-video-preview:-1\" \/>\n<link rel=\"canonical\" href=\"https:\/\/www.noticiasradioreflejos.com.ar\/2021\/el-21-de-abril-comenzaran-los-apgos-del-ingreso-familiar-de-emergencia\/\" \/>\n<meta property=\"og:locale\" content=\"es_ES\" \/>\n<meta property=\"og:type\" content=\"article\" \/>\n<meta property=\"og:title\" content=\"El 21 de Abril comenzaran los pagos del ingreso familiar de emergencia. - Noticias Radio Reflejos\" \/>\n<meta property=\"og:description\" content=\"La ANSES informa que los beneficiarios del Ingreso Familiar de Emergencia (IFE) que est\u00e1n comunicando desde hoy su n\u00famero de Clave Bancaria Uniforme (CBU), comenzar\u00e1n a cobrar los 10.000 pesos a partir del pr\u00f3ximo 21 de abril y hasta el 5 de mayo inclusive. Cabe destacar que las acreditaciones se realizar\u00e1n todos los d\u00edas h\u00e1biles [&hellip;]\" \/>\n<meta property=\"og:url\" content=\"https:\/\/www.noticiasradioreflejos.com.ar\/2021\/el-21-de-abril-comenzaran-los-apgos-del-ingreso-familiar-de-emergencia\/\" \/>\n<meta property=\"og:site_name\" content=\"Noticias Radio Reflejos\" \/>\n<meta property=\"article:published_time\" content=\"2020-04-12T00:56:43+00:00\" \/>\n<meta property=\"og:image\" content=\"https:\/\/www.noticiasradioreflejos.com.ar\/2021\/wp-content\/uploads\/2021\/07\/logosol300x200.png\" \/>\n\t<meta property=\"og:image:width\" content=\"300\" \/>\n\t<meta property=\"og:image:height\" content=\"200\" \/>\n\t<meta property=\"og:image:type\" content=\"image\/png\" \/>\n<meta name=\"author\" content=\"Arnaldo Botto\" \/>\n<meta name=\"twitter:card\" content=\"summary_large_image\" \/>\n<script type=\"application\/ld+json\" class=\"yoast-schema-graph\">{\"@context\":\"https:\/\/schema.org\",\"@graph\":[{\"@type\":\"WebPage\",\"@id\":\"https:\/\/www.noticiasradioreflejos.com.ar\/2021\/el-21-de-abril-comenzaran-los-apgos-del-ingreso-familiar-de-emergencia\/\",\"url\":\"https:\/\/www.noticiasradioreflejos.com.ar\/2021\/el-21-de-abril-comenzaran-los-apgos-del-ingreso-familiar-de-emergencia\/\",\"name\":\"El 21 de Abril comenzaran los pagos del ingreso familiar de emergencia. - Noticias Radio Reflejos\",\"isPartOf\":{\"@id\":\"https:\/\/www.noticiasradioreflejos.com.ar\/2021\/#website\"},\"datePublished\":\"2020-04-12T00:56:43+00:00\",\"author\":{\"@id\":\"https:\/\/www.noticiasradioreflejos.com.ar\/2021\/#\/schema\/person\/ad82545263dcc5ec0996818884fd5fb1\"},\"breadcrumb\":{\"@id\":\"https:\/\/www.noticiasradioreflejos.com.ar\/2021\/el-21-de-abril-comenzaran-los-apgos-del-ingreso-familiar-de-emergencia\/#breadcrumb\"},\"inLanguage\":\"es\",\"potentialAction\":[{\"@type\":\"ReadAction\",\"target\":[\"https:\/\/www.noticiasradioreflejos.com.ar\/2021\/el-21-de-abril-comenzaran-los-apgos-del-ingreso-familiar-de-emergencia\/\"]}]},{\"@type\":\"BreadcrumbList\",\"@id\":\"https:\/\/www.noticiasradioreflejos.com.ar\/2021\/el-21-de-abril-comenzaran-los-apgos-del-ingreso-familiar-de-emergencia\/#breadcrumb\",\"itemListElement\":[{\"@type\":\"ListItem\",\"position\":1,\"name\":\"Portada\",\"item\":\"https:\/\/www.noticiasradioreflejos.com.ar\/2021\/\"},{\"@type\":\"ListItem\",\"position\":2,\"name\":\"El 21 de Abril comenzaran los pagos del ingreso familiar de emergencia.\"}]},{\"@type\":\"WebSite\",\"@id\":\"https:\/\/www.noticiasradioreflejos.com.ar\/2021\/#website\",\"url\":\"https:\/\/www.noticiasradioreflejos.com.ar\/2021\/\",\"name\":\"Noticias Radio Reflejos\",\"description\":\"Las noticias de mi comarca\",\"potentialAction\":[{\"@type\":\"SearchAction\",\"target\":{\"@type\":\"EntryPoint\",\"urlTemplate\":\"https:\/\/www.noticiasradioreflejos.com.ar\/2021\/?s={search_term_string}\"},\"query-input\":{\"@type\":\"PropertyValueSpecification\",\"valueRequired\":true,\"valueName\":\"search_term_string\"}}],\"inLanguage\":\"es\"},{\"@type\":\"Person\",\"@id\":\"https:\/\/www.noticiasradioreflejos.com.ar\/2021\/#\/schema\/person\/ad82545263dcc5ec0996818884fd5fb1\",\"name\":\"Arnaldo Botto\",\"image\":{\"@type\":\"ImageObject\",\"inLanguage\":\"es\",\"@id\":\"https:\/\/www.noticiasradioreflejos.com.ar\/2021\/#\/schema\/person\/image\/\",\"url\":\"https:\/\/secure.gravatar.com\/avatar\/55cb5e37c1efa326397366e6974cb338056df65cb50e7d64d1cf314e87504837?s=96&d=mm&r=g\",\"contentUrl\":\"https:\/\/secure.gravatar.com\/avatar\/55cb5e37c1efa326397366e6974cb338056df65cb50e7d64d1cf314e87504837?s=96&d=mm&r=g\",\"caption\":\"Arnaldo Botto\"},\"url\":\"https:\/\/www.noticiasradioreflejos.com.ar\/2021\/author\/arnaldo\/\"}]}<\/script>\n<!-- \/ Yoast SEO plugin. -->","yoast_head_json":{"title":"El 21 de Abril comenzaran los pagos del ingreso familiar de emergencia. - Noticias Radio Reflejos","robots":{"index":"index","follow":"follow","max-snippet":"max-snippet:-1","max-image-preview":"max-image-preview:large","max-video-preview":"max-video-preview:-1"},"canonical":"https:\/\/www.noticiasradioreflejos.com.ar\/2021\/el-21-de-abril-comenzaran-los-apgos-del-ingreso-familiar-de-emergencia\/","og_locale":"es_ES","og_type":"article","og_title":"El 21 de Abril comenzaran los pagos del ingreso familiar de emergencia. - Noticias Radio Reflejos","og_description":"La ANSES informa que los beneficiarios del Ingreso Familiar de Emergencia (IFE) que est\u00e1n comunicando desde hoy su n\u00famero de Clave Bancaria Uniforme (CBU), comenzar\u00e1n a cobrar los 10.000 pesos a partir del pr\u00f3ximo 21 de abril y hasta el 5 de mayo inclusive. Cabe destacar que las acreditaciones se realizar\u00e1n todos los d\u00edas h\u00e1biles [&hellip;]","og_url":"https:\/\/www.noticiasradioreflejos.com.ar\/2021\/el-21-de-abril-comenzaran-los-apgos-del-ingreso-familiar-de-emergencia\/","og_site_name":"Noticias Radio Reflejos","article_published_time":"2020-04-12T00:56:43+00:00","og_image":[{"width":300,"height":200,"url":"https:\/\/www.noticiasradioreflejos.com.ar\/2021\/wp-content\/uploads\/2021\/07\/logosol300x200.png","type":"image\/png"}],"author":"Arnaldo Botto","twitter_card":"summary_large_image","schema":{"@context":"https:\/\/schema.org","@graph":[{"@type":"WebPage","@id":"https:\/\/www.noticiasradioreflejos.com.ar\/2021\/el-21-de-abril-comenzaran-los-apgos-del-ingreso-familiar-de-emergencia\/","url":"https:\/\/www.noticiasradioreflejos.com.ar\/2021\/el-21-de-abril-comenzaran-los-apgos-del-ingreso-familiar-de-emergencia\/","name":"El 21 de Abril comenzaran los pagos del ingreso familiar de emergencia. - Noticias Radio Reflejos","isPartOf":{"@id":"https:\/\/www.noticiasradioreflejos.com.ar\/2021\/#website"},"datePublished":"2020-04-12T00:56:43+00:00","author":{"@id":"https:\/\/www.noticiasradioreflejos.com.ar\/2021\/#\/schema\/person\/ad82545263dcc5ec0996818884fd5fb1"},"breadcrumb":{"@id":"https:\/\/www.noticiasradioreflejos.com.ar\/2021\/el-21-de-abril-comenzaran-los-apgos-del-ingreso-familiar-de-emergencia\/#breadcrumb"},"inLanguage":"es","potentialAction":[{"@type":"ReadAction","target":["https:\/\/www.noticiasradioreflejos.com.ar\/2021\/el-21-de-abril-comenzaran-los-apgos-del-ingreso-familiar-de-emergencia\/"]}]},{"@type":"BreadcrumbList","@id":"https:\/\/www.noticiasradioreflejos.com.ar\/2021\/el-21-de-abril-comenzaran-los-apgos-del-ingreso-familiar-de-emergencia\/#breadcrumb","itemListElement":[{"@type":"ListItem","position":1,"name":"Portada","item":"https:\/\/www.noticiasradioreflejos.com.ar\/2021\/"},{"@type":"ListItem","position":2,"name":"El 21 de Abril comenzaran los pagos del ingreso familiar de emergencia."}]},{"@type":"WebSite","@id":"https:\/\/www.noticiasradioreflejos.com.ar\/2021\/#website","url":"https:\/\/www.noticiasradioreflejos.com.ar\/2021\/","name":"Noticias Radio Reflejos","description":"Las noticias de mi comarca","potentialAction":[{"@type":"SearchAction","target":{"@type":"EntryPoint","urlTemplate":"https:\/\/www.noticiasradioreflejos.com.ar\/2021\/?s={search_term_string}"},"query-input":{"@type":"PropertyValueSpecification","valueRequired":true,"valueName":"search_term_string"}}],"inLanguage":"es"},{"@type":"Person","@id":"https:\/\/www.noticiasradioreflejos.com.ar\/2021\/#\/schema\/person\/ad82545263dcc5ec0996818884fd5fb1","name":"Arnaldo Botto","image":{"@type":"ImageObject","inLanguage":"es","@id":"https:\/\/www.noticiasradioreflejos.com.ar\/2021\/#\/schema\/person\/image\/","url":"https:\/\/secure.gravatar.com\/avatar\/55cb5e37c1efa326397366e6974cb338056df65cb50e7d64d1cf314e87504837?s=96&d=mm&r=g","contentUrl":"https:\/\/secure.gravatar.com\/avatar\/55cb5e37c1efa326397366e6974cb338056df65cb50e7d64d1cf314e87504837?s=96&d=mm&r=g","caption":"Arnaldo Botto"},"url":"https:\/\/www.noticiasradioreflejos.com.ar\/2021\/author\/arnaldo\/"}]}},"_links":{"self":[{"href":"https:\/\/www.noticiasradioreflejos.com.ar\/2021\/wp-json\/wp\/v2\/posts\/40666","targetHints":{"allow":["GET"]}}],"collection":[{"href":"https:\/\/www.noticiasradioreflejos.com.ar\/2021\/wp-json\/wp\/v2\/posts"}],"about":[{"href":"https:\/\/www.noticiasradioreflejos.com.ar\/2021\/wp-json\/wp\/v2\/types\/post"}],"author":[{"embeddable":true,"href":"https:\/\/www.noticiasradioreflejos.com.ar\/2021\/wp-json\/wp\/v2\/users\/3"}],"replies":[{"embeddable":true,"href":"https:\/\/www.noticiasradioreflejos.com.ar\/2021\/wp-json\/wp\/v2\/comments?post=40666"}],"version-history":[{"count":0,"href":"https:\/\/www.noticiasradioreflejos.com.ar\/2021\/wp-json\/wp\/v2\/posts\/40666\/revisions"}],"wp:attachment":[{"href":"https:\/\/www.noticiasradioreflejos.com.ar\/2021\/wp-json\/wp\/v2\/media?parent=40666"}],"wp:term":[{"taxonomy":"category","embeddable":true,"href":"https:\/\/www.noticiasradioreflejos.com.ar\/2021\/wp-json\/wp\/v2\/categories?post=40666"},{"taxonomy":"post_tag","embeddable":true,"href":"https:\/\/www.noticiasradioreflejos.com.ar\/2021\/wp-json\/wp\/v2\/tags?post=40666"}],"curies":[{"name":"wp","href":"https:\/\/api.w.org\/{rel}","templated":true}]}}