{"id":40657,"date":"2020-04-11T14:53:45","date_gmt":"2020-04-11T17:53:45","guid":{"rendered":"http:\/\/www.noticiasradioreflejos.com.ar\/noticias\/?p=40657"},"modified":"2020-04-11T14:53:45","modified_gmt":"2020-04-11T17:53:45","slug":"estiman-que-el-sector-hotelero-y-gastronomico-perdera-28-500-millones-de-dolares-este-ano","status":"publish","type":"post","link":"https:\/\/www.noticiasradioreflejos.com.ar\/2021\/estiman-que-el-sector-hotelero-y-gastronomico-perdera-28-500-millones-de-dolares-este-ano\/","title":{"rendered":"Estiman que el sector hotelero y gastron\u00f3mico perder\u00e1 28.500 millones de d\u00f3lares este a\u00f1o"},"content":{"rendered":"<p>Los 50.000 establecimientos hoteleros y gastron\u00f3micos de todo el pa\u00eds, donde trabajan algo m\u00e1s de 500.000 personas, perder\u00e1n unos 28.500 millones de d\u00f3lares este a\u00f1o a ra\u00edz de un 45% en la ca\u00edda de su facturaci\u00f3n por la pandemia de coronavirus, inform\u00f3 hoy la Federaci\u00f3n Empresaria Hotelera y Gastron\u00f3mica de la Rep\u00fablica Argentina (Fehgra).<!--more--><\/p>\n<p>La presidenta de esa entidad, Graciela Fresno, remarc\u00f3 que \u00abel sector ligado a la actividad tur\u00edstica enfrenta una crisis terminal\u00bb y dijo que por ese motivo necesitan \u00abla ayuda del Gobierno nacional para evitar el cierre de miles de establecimientos\u00bb.<\/p>\n<p>La Fehgra le solicit\u00f3 al Gobierno cr\u00e9ditos a tasa 0, asistencia para el pago de salarios, eximici\u00f3n del pago del impuesto a los d\u00e9bitos y cr\u00e9ditos bancarios, pr\u00f3rrogas de los vencimientos de impuestos y servicios p\u00fablicos y una moratoria impositiva para las deudas generadas durante estos meses de crisis.<\/p>\n<p>Fresno subray\u00f3 que \u00absomos un sector que nunca recibi\u00f3 subsidios y que se encuentra sin actividad desde mediados de marzo\u00bb, y asegur\u00f3 que esta situaci\u00f3n \u00abnos enfrenta con la imposibilidad de pagar los salarios y los servicios\u00bb.<\/p>\n<p>\u00abLa crisis por el coronavirus har\u00e1 que muchas empresas no puedan seguir adelante, lo que provocar\u00e1 el cierre de miles de PyMEs del sector con la consecuente desaparici\u00f3n de fuentes de empleo para los argentinos\u00bb, enfatiz\u00f3 la presidenta de la Fehgra en un comunicado.<\/p>\n<p>Adem\u00e1s, record\u00f3 que \u00abla mayor\u00eda de los establecimientos hoteleros y gastron\u00f3micos dependen en gran parte de los 15 millones de turistas por a\u00f1o que recorren el pa\u00eds\u00bb y estim\u00f3 que ese flujo de viajeros \u00abno se recuperar\u00e1 en mucho tiempo\u00bb.<\/p>\n<p>\u00abEso motivar\u00e1 que la mejora en la actividad de este sector, a diferencia de otros, no se ver\u00e1 este a\u00f1o\u00bb, afirm\u00f3 por \u00faltimo Fresno.<\/p>\n<p>Argentina tuvo un importante crecimiento en la demanda de empleo en el turismo en 2019, cuando el sector registraba m\u00e1s de 1.300.000 de los puestos de trabajo, el 10% del total.<\/p>\n<p>En los primeros ocho meses de 2019, la demanda de empleo en el sector hotelero creci\u00f3 un 70% en relaci\u00f3n a 2018, lo que convirti\u00f3 al turismo en el principal generador de empleo en Argentina, con 13,1 puestos de trabajo por cada mill\u00f3n de d\u00f3lares que se invierte.<\/p>\n<p>La actividad tur\u00edstica gener\u00f3 el a\u00f1o pasado 15 mil millones de d\u00f3lares de ingresos por el movimiento de unos 15 millones de turistas por todo el pa\u00eds, 8 millones de los cuales fueron extranjeros.<\/p>\n","protected":false},"excerpt":{"rendered":"<p>Los 50.000 establecimientos hoteleros y gastron\u00f3micos de todo el pa\u00eds, donde trabajan algo m\u00e1s de 500.000 personas, perder\u00e1n unos 28.500 millones de d\u00f3lares este a\u00f1o a ra\u00edz de un 45% en la ca\u00edda de su facturaci\u00f3n por la pandemia de coronavirus, inform\u00f3 hoy la Federaci\u00f3n Empresaria Hotelera y Gastron\u00f3mica de la Rep\u00fablica Argentina (Fehgra).<\/p>\n","protected":false},"author":3,"featured_media":0,"comment_status":"closed","ping_status":"open","sticky":false,"template":"","format":"standard","meta":{"footnotes":""},"categories":[33],"tags":[],"class_list":["post-40657","post","type-post","status-publish","format-standard","hentry","category-turismo"],"yoast_head":"<!-- This site is optimized with the Yoast SEO plugin v25.9 - https:\/\/yoast.com\/wordpress\/plugins\/seo\/ -->\n<title>Estiman que el sector hotelero y gastron\u00f3mico perder\u00e1 28.500 millones de d\u00f3lares este a\u00f1o - Noticias Radio Reflejos<\/title>\n<meta name=\"robots\" content=\"index, follow, max-snippet:-1, max-image-preview:large, max-video-preview:-1\" \/>\n<link rel=\"canonical\" href=\"https:\/\/www.noticiasradioreflejos.com.ar\/2021\/estiman-que-el-sector-hotelero-y-gastronomico-perdera-28-500-millones-de-dolares-este-ano\/\" \/>\n<meta property=\"og:locale\" content=\"es_ES\" \/>\n<meta property=\"og:type\" content=\"article\" \/>\n<meta property=\"og:title\" content=\"Estiman que el sector hotelero y gastron\u00f3mico perder\u00e1 28.500 millones de d\u00f3lares este a\u00f1o - Noticias Radio Reflejos\" \/>\n<meta property=\"og:description\" content=\"Los 50.000 establecimientos hoteleros y gastron\u00f3micos de todo el pa\u00eds, donde trabajan algo m\u00e1s de 500.000 personas, perder\u00e1n unos 28.500 millones de d\u00f3lares este a\u00f1o a ra\u00edz de un 45% en la ca\u00edda de su facturaci\u00f3n por la pandemia de coronavirus, inform\u00f3 hoy la Federaci\u00f3n Empresaria Hotelera y Gastron\u00f3mica de la Rep\u00fablica Argentina (Fehgra).\" \/>\n<meta property=\"og:url\" content=\"https:\/\/www.noticiasradioreflejos.com.ar\/2021\/estiman-que-el-sector-hotelero-y-gastronomico-perdera-28-500-millones-de-dolares-este-ano\/\" \/>\n<meta property=\"og:site_name\" content=\"Noticias Radio Reflejos\" \/>\n<meta property=\"article:published_time\" content=\"2020-04-11T17:53:45+00:00\" \/>\n<meta property=\"og:image\" content=\"https:\/\/www.noticiasradioreflejos.com.ar\/2021\/wp-content\/uploads\/2021\/07\/logosol300x200.png\" \/>\n\t<meta property=\"og:image:width\" content=\"300\" \/>\n\t<meta property=\"og:image:height\" content=\"200\" \/>\n\t<meta property=\"og:image:type\" content=\"image\/png\" \/>\n<meta name=\"author\" content=\"Arnaldo Botto\" \/>\n<meta name=\"twitter:card\" content=\"summary_large_image\" \/>\n<script type=\"application\/ld+json\" class=\"yoast-schema-graph\">{\"@context\":\"https:\/\/schema.org\",\"@graph\":[{\"@type\":\"WebPage\",\"@id\":\"https:\/\/www.noticiasradioreflejos.com.ar\/2021\/estiman-que-el-sector-hotelero-y-gastronomico-perdera-28-500-millones-de-dolares-este-ano\/\",\"url\":\"https:\/\/www.noticiasradioreflejos.com.ar\/2021\/estiman-que-el-sector-hotelero-y-gastronomico-perdera-28-500-millones-de-dolares-este-ano\/\",\"name\":\"Estiman que el sector hotelero y gastron\u00f3mico perder\u00e1 28.500 millones de d\u00f3lares este a\u00f1o - Noticias Radio Reflejos\",\"isPartOf\":{\"@id\":\"https:\/\/www.noticiasradioreflejos.com.ar\/2021\/#website\"},\"datePublished\":\"2020-04-11T17:53:45+00:00\",\"author\":{\"@id\":\"https:\/\/www.noticiasradioreflejos.com.ar\/2021\/#\/schema\/person\/ad82545263dcc5ec0996818884fd5fb1\"},\"breadcrumb\":{\"@id\":\"https:\/\/www.noticiasradioreflejos.com.ar\/2021\/estiman-que-el-sector-hotelero-y-gastronomico-perdera-28-500-millones-de-dolares-este-ano\/#breadcrumb\"},\"inLanguage\":\"es\",\"potentialAction\":[{\"@type\":\"ReadAction\",\"target\":[\"https:\/\/www.noticiasradioreflejos.com.ar\/2021\/estiman-que-el-sector-hotelero-y-gastronomico-perdera-28-500-millones-de-dolares-este-ano\/\"]}]},{\"@type\":\"BreadcrumbList\",\"@id\":\"https:\/\/www.noticiasradioreflejos.com.ar\/2021\/estiman-que-el-sector-hotelero-y-gastronomico-perdera-28-500-millones-de-dolares-este-ano\/#breadcrumb\",\"itemListElement\":[{\"@type\":\"ListItem\",\"position\":1,\"name\":\"Portada\",\"item\":\"https:\/\/www.noticiasradioreflejos.com.ar\/2021\/\"},{\"@type\":\"ListItem\",\"position\":2,\"name\":\"Estiman que el sector hotelero y gastron\u00f3mico perder\u00e1 28.500 millones de d\u00f3lares este a\u00f1o\"}]},{\"@type\":\"WebSite\",\"@id\":\"https:\/\/www.noticiasradioreflejos.com.ar\/2021\/#website\",\"url\":\"https:\/\/www.noticiasradioreflejos.com.ar\/2021\/\",\"name\":\"Noticias Radio Reflejos\",\"description\":\"Las noticias de mi comarca\",\"potentialAction\":[{\"@type\":\"SearchAction\",\"target\":{\"@type\":\"EntryPoint\",\"urlTemplate\":\"https:\/\/www.noticiasradioreflejos.com.ar\/2021\/?s={search_term_string}\"},\"query-input\":{\"@type\":\"PropertyValueSpecification\",\"valueRequired\":true,\"valueName\":\"search_term_string\"}}],\"inLanguage\":\"es\"},{\"@type\":\"Person\",\"@id\":\"https:\/\/www.noticiasradioreflejos.com.ar\/2021\/#\/schema\/person\/ad82545263dcc5ec0996818884fd5fb1\",\"name\":\"Arnaldo Botto\",\"image\":{\"@type\":\"ImageObject\",\"inLanguage\":\"es\",\"@id\":\"https:\/\/www.noticiasradioreflejos.com.ar\/2021\/#\/schema\/person\/image\/\",\"url\":\"https:\/\/secure.gravatar.com\/avatar\/55cb5e37c1efa326397366e6974cb338056df65cb50e7d64d1cf314e87504837?s=96&d=mm&r=g\",\"contentUrl\":\"https:\/\/secure.gravatar.com\/avatar\/55cb5e37c1efa326397366e6974cb338056df65cb50e7d64d1cf314e87504837?s=96&d=mm&r=g\",\"caption\":\"Arnaldo Botto\"},\"url\":\"https:\/\/www.noticiasradioreflejos.com.ar\/2021\/author\/arnaldo\/\"}]}<\/script>\n<!-- \/ Yoast SEO plugin. -->","yoast_head_json":{"title":"Estiman que el sector hotelero y gastron\u00f3mico perder\u00e1 28.500 millones de d\u00f3lares este a\u00f1o - Noticias Radio Reflejos","robots":{"index":"index","follow":"follow","max-snippet":"max-snippet:-1","max-image-preview":"max-image-preview:large","max-video-preview":"max-video-preview:-1"},"canonical":"https:\/\/www.noticiasradioreflejos.com.ar\/2021\/estiman-que-el-sector-hotelero-y-gastronomico-perdera-28-500-millones-de-dolares-este-ano\/","og_locale":"es_ES","og_type":"article","og_title":"Estiman que el sector hotelero y gastron\u00f3mico perder\u00e1 28.500 millones de d\u00f3lares este a\u00f1o - Noticias Radio Reflejos","og_description":"Los 50.000 establecimientos hoteleros y gastron\u00f3micos de todo el pa\u00eds, donde trabajan algo m\u00e1s de 500.000 personas, perder\u00e1n unos 28.500 millones de d\u00f3lares este a\u00f1o a ra\u00edz de un 45% en la ca\u00edda de su facturaci\u00f3n por la pandemia de coronavirus, inform\u00f3 hoy la Federaci\u00f3n Empresaria Hotelera y Gastron\u00f3mica de la Rep\u00fablica Argentina (Fehgra).","og_url":"https:\/\/www.noticiasradioreflejos.com.ar\/2021\/estiman-que-el-sector-hotelero-y-gastronomico-perdera-28-500-millones-de-dolares-este-ano\/","og_site_name":"Noticias Radio Reflejos","article_published_time":"2020-04-11T17:53:45+00:00","og_image":[{"width":300,"height":200,"url":"https:\/\/www.noticiasradioreflejos.com.ar\/2021\/wp-content\/uploads\/2021\/07\/logosol300x200.png","type":"image\/png"}],"author":"Arnaldo Botto","twitter_card":"summary_large_image","schema":{"@context":"https:\/\/schema.org","@graph":[{"@type":"WebPage","@id":"https:\/\/www.noticiasradioreflejos.com.ar\/2021\/estiman-que-el-sector-hotelero-y-gastronomico-perdera-28-500-millones-de-dolares-este-ano\/","url":"https:\/\/www.noticiasradioreflejos.com.ar\/2021\/estiman-que-el-sector-hotelero-y-gastronomico-perdera-28-500-millones-de-dolares-este-ano\/","name":"Estiman que el sector hotelero y gastron\u00f3mico perder\u00e1 28.500 millones de d\u00f3lares este a\u00f1o - Noticias Radio Reflejos","isPartOf":{"@id":"https:\/\/www.noticiasradioreflejos.com.ar\/2021\/#website"},"datePublished":"2020-04-11T17:53:45+00:00","author":{"@id":"https:\/\/www.noticiasradioreflejos.com.ar\/2021\/#\/schema\/person\/ad82545263dcc5ec0996818884fd5fb1"},"breadcrumb":{"@id":"https:\/\/www.noticiasradioreflejos.com.ar\/2021\/estiman-que-el-sector-hotelero-y-gastronomico-perdera-28-500-millones-de-dolares-este-ano\/#breadcrumb"},"inLanguage":"es","potentialAction":[{"@type":"ReadAction","target":["https:\/\/www.noticiasradioreflejos.com.ar\/2021\/estiman-que-el-sector-hotelero-y-gastronomico-perdera-28-500-millones-de-dolares-este-ano\/"]}]},{"@type":"BreadcrumbList","@id":"https:\/\/www.noticiasradioreflejos.com.ar\/2021\/estiman-que-el-sector-hotelero-y-gastronomico-perdera-28-500-millones-de-dolares-este-ano\/#breadcrumb","itemListElement":[{"@type":"ListItem","position":1,"name":"Portada","item":"https:\/\/www.noticiasradioreflejos.com.ar\/2021\/"},{"@type":"ListItem","position":2,"name":"Estiman que el sector hotelero y gastron\u00f3mico perder\u00e1 28.500 millones de d\u00f3lares este a\u00f1o"}]},{"@type":"WebSite","@id":"https:\/\/www.noticiasradioreflejos.com.ar\/2021\/#website","url":"https:\/\/www.noticiasradioreflejos.com.ar\/2021\/","name":"Noticias Radio Reflejos","description":"Las noticias de mi comarca","potentialAction":[{"@type":"SearchAction","target":{"@type":"EntryPoint","urlTemplate":"https:\/\/www.noticiasradioreflejos.com.ar\/2021\/?s={search_term_string}"},"query-input":{"@type":"PropertyValueSpecification","valueRequired":true,"valueName":"search_term_string"}}],"inLanguage":"es"},{"@type":"Person","@id":"https:\/\/www.noticiasradioreflejos.com.ar\/2021\/#\/schema\/person\/ad82545263dcc5ec0996818884fd5fb1","name":"Arnaldo Botto","image":{"@type":"ImageObject","inLanguage":"es","@id":"https:\/\/www.noticiasradioreflejos.com.ar\/2021\/#\/schema\/person\/image\/","url":"https:\/\/secure.gravatar.com\/avatar\/55cb5e37c1efa326397366e6974cb338056df65cb50e7d64d1cf314e87504837?s=96&d=mm&r=g","contentUrl":"https:\/\/secure.gravatar.com\/avatar\/55cb5e37c1efa326397366e6974cb338056df65cb50e7d64d1cf314e87504837?s=96&d=mm&r=g","caption":"Arnaldo Botto"},"url":"https:\/\/www.noticiasradioreflejos.com.ar\/2021\/author\/arnaldo\/"}]}},"_links":{"self":[{"href":"https:\/\/www.noticiasradioreflejos.com.ar\/2021\/wp-json\/wp\/v2\/posts\/40657","targetHints":{"allow":["GET"]}}],"collection":[{"href":"https:\/\/www.noticiasradioreflejos.com.ar\/2021\/wp-json\/wp\/v2\/posts"}],"about":[{"href":"https:\/\/www.noticiasradioreflejos.com.ar\/2021\/wp-json\/wp\/v2\/types\/post"}],"author":[{"embeddable":true,"href":"https:\/\/www.noticiasradioreflejos.com.ar\/2021\/wp-json\/wp\/v2\/users\/3"}],"replies":[{"embeddable":true,"href":"https:\/\/www.noticiasradioreflejos.com.ar\/2021\/wp-json\/wp\/v2\/comments?post=40657"}],"version-history":[{"count":0,"href":"https:\/\/www.noticiasradioreflejos.com.ar\/2021\/wp-json\/wp\/v2\/posts\/40657\/revisions"}],"wp:attachment":[{"href":"https:\/\/www.noticiasradioreflejos.com.ar\/2021\/wp-json\/wp\/v2\/media?parent=40657"}],"wp:term":[{"taxonomy":"category","embeddable":true,"href":"https:\/\/www.noticiasradioreflejos.com.ar\/2021\/wp-json\/wp\/v2\/categories?post=40657"},{"taxonomy":"post_tag","embeddable":true,"href":"https:\/\/www.noticiasradioreflejos.com.ar\/2021\/wp-json\/wp\/v2\/tags?post=40657"}],"curies":[{"name":"wp","href":"https:\/\/api.w.org\/{rel}","templated":true}]}}