{"id":40637,"date":"2020-04-11T09:58:36","date_gmt":"2020-04-11T12:58:36","guid":{"rendered":"http:\/\/www.noticiasradioreflejos.com.ar\/noticias\/?p=40637"},"modified":"2020-04-11T09:58:36","modified_gmt":"2020-04-11T12:58:36","slug":"desde-le-lunes-bancos-talleres-mecanicos-y-gomerias-vuelven-al-trabajo","status":"publish","type":"post","link":"https:\/\/www.noticiasradioreflejos.com.ar\/2021\/desde-le-lunes-bancos-talleres-mecanicos-y-gomerias-vuelven-al-trabajo\/","title":{"rendered":"Desde le Lunes, bancos talleres mec\u00e1nicos y gomerias vuelven al trabajo."},"content":{"rendered":"<p>Los bancos funcionar\u00e1n con un cronograma especial que demandar\u00e1 sacar turnos por internet. Se analiza permitir la salida de personas con discapacidad.<br \/>\nEn medio del anuncio de la continuidad de la cuarentena para evitar la propagaci\u00f3n del coronavirus, el presidente Alberto Fern\u00e1ndez adelant\u00f3 este viernes que habr\u00e1 actividades que podr\u00e1n volver a desarrollarse.<!--more--><br \/>\nEl mandatario se\u00f1al\u00f3 que a esta nueva etapa, que continuar\u00e1 al menos hasta el 26 de abril, la llama \u00abcuarentena administrada\u00bb, y entre las actividades que volver\u00e1n a desarrollarse se refiri\u00f3 al trabajo de los talleres de auto y las gomer\u00edas, por ejemplo, porque se necesitan para \u00abreparar los veh\u00edculos de polic\u00eda, ambulancias\u00bb.<\/p>\n<p>Tambi\u00e9n destac\u00f3 que se analiza \u00abpermitir la salida de personas con discapacidad solo en el \u00e1rea de su domicilio, para lograr un tiempo de dispersi\u00f3n. Eso incluye a las personas autistas. El resto lo vamos a esperar a que lo digan los gobernadores\u00bb, precis\u00f3.<\/p>\n<p>\u00abA cada gobernador que venga con una propuesta, nosotros le vamos a proponer que adem\u00e1s de la propuesta nos traiga un protocolo de acci\u00f3n de c\u00f3mo se va a administrar esa cuarentena abierta. Y las autoridades municipales y provinciales ser\u00e1n las que se comprometan a hacer cumplir ese protocolo\u00bb, detall\u00f3 Fern\u00e1ndez.<\/p>\n<p>Adem\u00e1s, asegur\u00f3 el presidente que \u00aba partir del lunes los bancos van a funcionar\u00bb. Ser\u00e1 con un cronograma especial de atenci\u00f3n al p\u00fablico que demandar\u00e1 la tramitaci\u00f3n previa de un turno v\u00eda internet.<\/p>\n<p>De ese modo, el aislamiento social preventivo y obligatorio continuar\u00e1 al menos hasta el 26 de este mes, pero con el regreso de algunas actividades y otras posibles licencias que estudiar\u00e1n en los pr\u00f3ximos d\u00edas a partir de los casos particulares que se eval\u00faen con los gobernadores de las distintas provincias.<\/p>\n<p>El jefe de Gabinete Santiago Cafiero y el ministro del Interior, Eduardo \u00abWado\u00bb De Pedro cumplir\u00e1n un rol clave en el v\u00ednculo con los gobernadores para darle aun m\u00e1s sentido a la \u00abcuarentena administrada\u00bb que propone Fern\u00e1ndez.<\/p>\n<p>Es que ser\u00e1 seg\u00fan la realidad de cada provincia, teniendo en cuenta que no es lo mismo el riesgo de contagio en zonas muy densamente pobladas como la regi\u00f3n metropolitana o las capitales, al resto del interior del pa\u00eds.<\/p>\n<p>(Fuente: Clar\u00edn e Infobae)<\/p>\n","protected":false},"excerpt":{"rendered":"<p>Los bancos funcionar\u00e1n con un cronograma especial que demandar\u00e1 sacar turnos por internet. Se analiza permitir la salida de personas con discapacidad. En medio del anuncio de la continuidad de la cuarentena para evitar la propagaci\u00f3n del coronavirus, el presidente Alberto Fern\u00e1ndez adelant\u00f3 este viernes que habr\u00e1 actividades que podr\u00e1n volver a desarrollarse.<\/p>\n","protected":false},"author":3,"featured_media":0,"comment_status":"closed","ping_status":"open","sticky":false,"template":"","format":"standard","meta":{"footnotes":""},"categories":[36],"tags":[],"class_list":["post-40637","post","type-post","status-publish","format-standard","hentry","category-economia"],"yoast_head":"<!-- This site is optimized with the Yoast SEO plugin v25.9 - https:\/\/yoast.com\/wordpress\/plugins\/seo\/ -->\n<title>Desde le Lunes, bancos talleres mec\u00e1nicos y gomerias vuelven al trabajo. - Noticias Radio Reflejos<\/title>\n<meta name=\"robots\" content=\"index, follow, max-snippet:-1, max-image-preview:large, max-video-preview:-1\" \/>\n<link rel=\"canonical\" href=\"https:\/\/www.noticiasradioreflejos.com.ar\/2021\/desde-le-lunes-bancos-talleres-mecanicos-y-gomerias-vuelven-al-trabajo\/\" \/>\n<meta property=\"og:locale\" content=\"es_ES\" \/>\n<meta property=\"og:type\" content=\"article\" \/>\n<meta property=\"og:title\" content=\"Desde le Lunes, bancos talleres mec\u00e1nicos y gomerias vuelven al trabajo. - Noticias Radio Reflejos\" \/>\n<meta property=\"og:description\" content=\"Los bancos funcionar\u00e1n con un cronograma especial que demandar\u00e1 sacar turnos por internet. Se analiza permitir la salida de personas con discapacidad. En medio del anuncio de la continuidad de la cuarentena para evitar la propagaci\u00f3n del coronavirus, el presidente Alberto Fern\u00e1ndez adelant\u00f3 este viernes que habr\u00e1 actividades que podr\u00e1n volver a desarrollarse.\" \/>\n<meta property=\"og:url\" content=\"https:\/\/www.noticiasradioreflejos.com.ar\/2021\/desde-le-lunes-bancos-talleres-mecanicos-y-gomerias-vuelven-al-trabajo\/\" \/>\n<meta property=\"og:site_name\" content=\"Noticias Radio Reflejos\" \/>\n<meta property=\"article:published_time\" content=\"2020-04-11T12:58:36+00:00\" \/>\n<meta property=\"og:image\" content=\"https:\/\/www.noticiasradioreflejos.com.ar\/2021\/wp-content\/uploads\/2021\/07\/logosol300x200.png\" \/>\n\t<meta property=\"og:image:width\" content=\"300\" \/>\n\t<meta property=\"og:image:height\" content=\"200\" \/>\n\t<meta property=\"og:image:type\" content=\"image\/png\" \/>\n<meta name=\"author\" content=\"Arnaldo Botto\" \/>\n<meta name=\"twitter:card\" content=\"summary_large_image\" \/>\n<script type=\"application\/ld+json\" class=\"yoast-schema-graph\">{\"@context\":\"https:\/\/schema.org\",\"@graph\":[{\"@type\":\"WebPage\",\"@id\":\"https:\/\/www.noticiasradioreflejos.com.ar\/2021\/desde-le-lunes-bancos-talleres-mecanicos-y-gomerias-vuelven-al-trabajo\/\",\"url\":\"https:\/\/www.noticiasradioreflejos.com.ar\/2021\/desde-le-lunes-bancos-talleres-mecanicos-y-gomerias-vuelven-al-trabajo\/\",\"name\":\"Desde le Lunes, bancos talleres mec\u00e1nicos y gomerias vuelven al trabajo. - Noticias Radio Reflejos\",\"isPartOf\":{\"@id\":\"https:\/\/www.noticiasradioreflejos.com.ar\/2021\/#website\"},\"datePublished\":\"2020-04-11T12:58:36+00:00\",\"author\":{\"@id\":\"https:\/\/www.noticiasradioreflejos.com.ar\/2021\/#\/schema\/person\/ad82545263dcc5ec0996818884fd5fb1\"},\"breadcrumb\":{\"@id\":\"https:\/\/www.noticiasradioreflejos.com.ar\/2021\/desde-le-lunes-bancos-talleres-mecanicos-y-gomerias-vuelven-al-trabajo\/#breadcrumb\"},\"inLanguage\":\"es\",\"potentialAction\":[{\"@type\":\"ReadAction\",\"target\":[\"https:\/\/www.noticiasradioreflejos.com.ar\/2021\/desde-le-lunes-bancos-talleres-mecanicos-y-gomerias-vuelven-al-trabajo\/\"]}]},{\"@type\":\"BreadcrumbList\",\"@id\":\"https:\/\/www.noticiasradioreflejos.com.ar\/2021\/desde-le-lunes-bancos-talleres-mecanicos-y-gomerias-vuelven-al-trabajo\/#breadcrumb\",\"itemListElement\":[{\"@type\":\"ListItem\",\"position\":1,\"name\":\"Portada\",\"item\":\"https:\/\/www.noticiasradioreflejos.com.ar\/2021\/\"},{\"@type\":\"ListItem\",\"position\":2,\"name\":\"Desde le Lunes, bancos talleres mec\u00e1nicos y gomerias vuelven al trabajo.\"}]},{\"@type\":\"WebSite\",\"@id\":\"https:\/\/www.noticiasradioreflejos.com.ar\/2021\/#website\",\"url\":\"https:\/\/www.noticiasradioreflejos.com.ar\/2021\/\",\"name\":\"Noticias Radio Reflejos\",\"description\":\"Las noticias de mi comarca\",\"potentialAction\":[{\"@type\":\"SearchAction\",\"target\":{\"@type\":\"EntryPoint\",\"urlTemplate\":\"https:\/\/www.noticiasradioreflejos.com.ar\/2021\/?s={search_term_string}\"},\"query-input\":{\"@type\":\"PropertyValueSpecification\",\"valueRequired\":true,\"valueName\":\"search_term_string\"}}],\"inLanguage\":\"es\"},{\"@type\":\"Person\",\"@id\":\"https:\/\/www.noticiasradioreflejos.com.ar\/2021\/#\/schema\/person\/ad82545263dcc5ec0996818884fd5fb1\",\"name\":\"Arnaldo Botto\",\"image\":{\"@type\":\"ImageObject\",\"inLanguage\":\"es\",\"@id\":\"https:\/\/www.noticiasradioreflejos.com.ar\/2021\/#\/schema\/person\/image\/\",\"url\":\"https:\/\/secure.gravatar.com\/avatar\/55cb5e37c1efa326397366e6974cb338056df65cb50e7d64d1cf314e87504837?s=96&d=mm&r=g\",\"contentUrl\":\"https:\/\/secure.gravatar.com\/avatar\/55cb5e37c1efa326397366e6974cb338056df65cb50e7d64d1cf314e87504837?s=96&d=mm&r=g\",\"caption\":\"Arnaldo Botto\"},\"url\":\"https:\/\/www.noticiasradioreflejos.com.ar\/2021\/author\/arnaldo\/\"}]}<\/script>\n<!-- \/ Yoast SEO plugin. -->","yoast_head_json":{"title":"Desde le Lunes, bancos talleres mec\u00e1nicos y gomerias vuelven al trabajo. - Noticias Radio Reflejos","robots":{"index":"index","follow":"follow","max-snippet":"max-snippet:-1","max-image-preview":"max-image-preview:large","max-video-preview":"max-video-preview:-1"},"canonical":"https:\/\/www.noticiasradioreflejos.com.ar\/2021\/desde-le-lunes-bancos-talleres-mecanicos-y-gomerias-vuelven-al-trabajo\/","og_locale":"es_ES","og_type":"article","og_title":"Desde le Lunes, bancos talleres mec\u00e1nicos y gomerias vuelven al trabajo. - Noticias Radio Reflejos","og_description":"Los bancos funcionar\u00e1n con un cronograma especial que demandar\u00e1 sacar turnos por internet. Se analiza permitir la salida de personas con discapacidad. En medio del anuncio de la continuidad de la cuarentena para evitar la propagaci\u00f3n del coronavirus, el presidente Alberto Fern\u00e1ndez adelant\u00f3 este viernes que habr\u00e1 actividades que podr\u00e1n volver a desarrollarse.","og_url":"https:\/\/www.noticiasradioreflejos.com.ar\/2021\/desde-le-lunes-bancos-talleres-mecanicos-y-gomerias-vuelven-al-trabajo\/","og_site_name":"Noticias Radio Reflejos","article_published_time":"2020-04-11T12:58:36+00:00","og_image":[{"width":300,"height":200,"url":"https:\/\/www.noticiasradioreflejos.com.ar\/2021\/wp-content\/uploads\/2021\/07\/logosol300x200.png","type":"image\/png"}],"author":"Arnaldo Botto","twitter_card":"summary_large_image","schema":{"@context":"https:\/\/schema.org","@graph":[{"@type":"WebPage","@id":"https:\/\/www.noticiasradioreflejos.com.ar\/2021\/desde-le-lunes-bancos-talleres-mecanicos-y-gomerias-vuelven-al-trabajo\/","url":"https:\/\/www.noticiasradioreflejos.com.ar\/2021\/desde-le-lunes-bancos-talleres-mecanicos-y-gomerias-vuelven-al-trabajo\/","name":"Desde le Lunes, bancos talleres mec\u00e1nicos y gomerias vuelven al trabajo. - Noticias Radio Reflejos","isPartOf":{"@id":"https:\/\/www.noticiasradioreflejos.com.ar\/2021\/#website"},"datePublished":"2020-04-11T12:58:36+00:00","author":{"@id":"https:\/\/www.noticiasradioreflejos.com.ar\/2021\/#\/schema\/person\/ad82545263dcc5ec0996818884fd5fb1"},"breadcrumb":{"@id":"https:\/\/www.noticiasradioreflejos.com.ar\/2021\/desde-le-lunes-bancos-talleres-mecanicos-y-gomerias-vuelven-al-trabajo\/#breadcrumb"},"inLanguage":"es","potentialAction":[{"@type":"ReadAction","target":["https:\/\/www.noticiasradioreflejos.com.ar\/2021\/desde-le-lunes-bancos-talleres-mecanicos-y-gomerias-vuelven-al-trabajo\/"]}]},{"@type":"BreadcrumbList","@id":"https:\/\/www.noticiasradioreflejos.com.ar\/2021\/desde-le-lunes-bancos-talleres-mecanicos-y-gomerias-vuelven-al-trabajo\/#breadcrumb","itemListElement":[{"@type":"ListItem","position":1,"name":"Portada","item":"https:\/\/www.noticiasradioreflejos.com.ar\/2021\/"},{"@type":"ListItem","position":2,"name":"Desde le Lunes, bancos talleres mec\u00e1nicos y gomerias vuelven al trabajo."}]},{"@type":"WebSite","@id":"https:\/\/www.noticiasradioreflejos.com.ar\/2021\/#website","url":"https:\/\/www.noticiasradioreflejos.com.ar\/2021\/","name":"Noticias Radio Reflejos","description":"Las noticias de mi comarca","potentialAction":[{"@type":"SearchAction","target":{"@type":"EntryPoint","urlTemplate":"https:\/\/www.noticiasradioreflejos.com.ar\/2021\/?s={search_term_string}"},"query-input":{"@type":"PropertyValueSpecification","valueRequired":true,"valueName":"search_term_string"}}],"inLanguage":"es"},{"@type":"Person","@id":"https:\/\/www.noticiasradioreflejos.com.ar\/2021\/#\/schema\/person\/ad82545263dcc5ec0996818884fd5fb1","name":"Arnaldo Botto","image":{"@type":"ImageObject","inLanguage":"es","@id":"https:\/\/www.noticiasradioreflejos.com.ar\/2021\/#\/schema\/person\/image\/","url":"https:\/\/secure.gravatar.com\/avatar\/55cb5e37c1efa326397366e6974cb338056df65cb50e7d64d1cf314e87504837?s=96&d=mm&r=g","contentUrl":"https:\/\/secure.gravatar.com\/avatar\/55cb5e37c1efa326397366e6974cb338056df65cb50e7d64d1cf314e87504837?s=96&d=mm&r=g","caption":"Arnaldo Botto"},"url":"https:\/\/www.noticiasradioreflejos.com.ar\/2021\/author\/arnaldo\/"}]}},"_links":{"self":[{"href":"https:\/\/www.noticiasradioreflejos.com.ar\/2021\/wp-json\/wp\/v2\/posts\/40637","targetHints":{"allow":["GET"]}}],"collection":[{"href":"https:\/\/www.noticiasradioreflejos.com.ar\/2021\/wp-json\/wp\/v2\/posts"}],"about":[{"href":"https:\/\/www.noticiasradioreflejos.com.ar\/2021\/wp-json\/wp\/v2\/types\/post"}],"author":[{"embeddable":true,"href":"https:\/\/www.noticiasradioreflejos.com.ar\/2021\/wp-json\/wp\/v2\/users\/3"}],"replies":[{"embeddable":true,"href":"https:\/\/www.noticiasradioreflejos.com.ar\/2021\/wp-json\/wp\/v2\/comments?post=40637"}],"version-history":[{"count":0,"href":"https:\/\/www.noticiasradioreflejos.com.ar\/2021\/wp-json\/wp\/v2\/posts\/40637\/revisions"}],"wp:attachment":[{"href":"https:\/\/www.noticiasradioreflejos.com.ar\/2021\/wp-json\/wp\/v2\/media?parent=40637"}],"wp:term":[{"taxonomy":"category","embeddable":true,"href":"https:\/\/www.noticiasradioreflejos.com.ar\/2021\/wp-json\/wp\/v2\/categories?post=40637"},{"taxonomy":"post_tag","embeddable":true,"href":"https:\/\/www.noticiasradioreflejos.com.ar\/2021\/wp-json\/wp\/v2\/tags?post=40637"}],"curies":[{"name":"wp","href":"https:\/\/api.w.org\/{rel}","templated":true}]}}