{"id":40631,"date":"2020-04-11T09:46:21","date_gmt":"2020-04-11T12:46:21","guid":{"rendered":"http:\/\/www.noticiasradioreflejos.com.ar\/noticias\/?p=40631"},"modified":"2020-04-11T09:46:21","modified_gmt":"2020-04-11T12:46:21","slug":"los-beneficiarios-del-ife-con-tramite-aprobado-ya-pueden-ingresar-a-la-pagina-web-de-anses","status":"publish","type":"post","link":"https:\/\/www.noticiasradioreflejos.com.ar\/2021\/los-beneficiarios-del-ife-con-tramite-aprobado-ya-pueden-ingresar-a-la-pagina-web-de-anses\/","title":{"rendered":"Los beneficiarios del IFE con tr\u00e1mite aprobado ya pueden ingresar a la p\u00e1gina web de Anses"},"content":{"rendered":"<p>Los beneficiarios del Ingreso Familiar de Emergencia (IFE), cuyo tr\u00e1mite haya sido aprobado, pueden desde hoy entrar en la p\u00e1gina web de la Anses para ingresar su n\u00famero de cuenta bancaria y su Clave Bancaria Uniforme (CBU) y, de esta manera, acceder al cobro de este beneficio.<br \/>\nLos ingresos deber\u00e1n hacerse por terminaci\u00f3n de DNI en la p\u00e1gina www.anses.gob.ar con la Clave de la Seguridad Social, y seguir las instrucciones para anotar su n\u00famero de CBU y cuenta bancaria.<!--more--><\/p>\n<p>El orden de ingreso ser\u00e1 el siguiente: s\u00e1bado 11, los titulares de DNI terminados en 0 y 1; domingo 12, los beneficiarios de DNI finalizados en 2 y 3; el lunes 13, los terminados en 4 y 5; el martes 14, los finalizados en 6 y 7; y el mi\u00e9rcoles 15 deber\u00e1n ingresar los titulares de los DNI terminados en 8 y 9.<\/p>\n<p>En el caso de aquellas personas que prefieran cobrar por otros medios de pago, la Anses inform\u00f3 que \u201cpodr\u00e1n elegirlos a partir del jueves 16 entrando tambi\u00e9n en la p\u00e1gina web y siguiendo una serie de instrucciones que se dar\u00e1n a conocer esta semana\u201d.<\/p>\n<p>A comienzos de la pr\u00f3xima semana se precisar\u00e1 la fecha de cierre para este tr\u00e1mite.<\/p>\n<p>La Anses advirti\u00f3 que quienes no puedan llegar a inscribirse con CBU en la primera fase de inscripciones del 11 al 15 de abril, podr\u00e1n hacerlo igualmente en la fase de inscripci\u00f3n para los beneficiarios no bancarizados.<\/p>\n<p>El organismo inform\u00f3 adem\u00e1s que dar\u00e1 a conocer en los pr\u00f3ximos d\u00edas el cronograma de pagos del IFE con todas las fechas y opciones de cobro.<\/p>\n<p>Por otra parte, y terminado el pago del Ingreso Familiar a los solicitantes ya aprobados, la Anses abrir\u00e1 una instancia para volver a considerar aquellos casos que no fueron aprobados, por haberse producido cambios no informados al organismo en la situaci\u00f3n laboral o familiar de esas personas o, tambi\u00e9n, por falta de datos.<\/p>\n<p>La Administraci\u00f3n record\u00f3 que los solicitantes est\u00e1n en condiciones de acceder a este beneficio siempre que \u00e9l o alg\u00fan miembro de su grupo familiar no perciban ingresos provenientes de un trabajo en relaci\u00f3n de dependencia p\u00fablico o privado; o de ser monotributista de categor\u00eda \u201cC\u201d o superior, o del r\u00e9gimen de aut\u00f3nomos; o de una prestaci\u00f3n de desempleo.<\/p>\n<p>Tampoco se incluye a quienes cobran jubilaciones, pensiones o retiros contributivos o no contributivos nacionales, provinciales, municipales o de la Ciudad Aut\u00f3noma de Buenos Aires (CABA); o planes sociales, salario social complementario, Hacemos Futuro, Potenciar Trabajo u otros programas sociales nacionales, provinciales o municipales, a excepci\u00f3n de los de la Asignaci\u00f3n Universal por Hijo o Embarazo<\/p>\n","protected":false},"excerpt":{"rendered":"<p>Los beneficiarios del Ingreso Familiar de Emergencia (IFE), cuyo tr\u00e1mite haya sido aprobado, pueden desde hoy entrar en la p\u00e1gina web de la Anses para ingresar su n\u00famero de cuenta bancaria y su Clave Bancaria Uniforme (CBU) y, de esta manera, acceder al cobro de este beneficio. Los ingresos deber\u00e1n hacerse por terminaci\u00f3n de DNI [&hellip;]<\/p>\n","protected":false},"author":3,"featured_media":0,"comment_status":"closed","ping_status":"open","sticky":false,"template":"","format":"standard","meta":{"footnotes":""},"categories":[36],"tags":[],"class_list":["post-40631","post","type-post","status-publish","format-standard","hentry","category-economia"],"yoast_head":"<!-- This site is optimized with the Yoast SEO plugin v25.9 - https:\/\/yoast.com\/wordpress\/plugins\/seo\/ -->\n<title>Los beneficiarios del IFE con tr\u00e1mite aprobado ya pueden ingresar a la p\u00e1gina web de Anses - Noticias Radio Reflejos<\/title>\n<meta name=\"robots\" content=\"index, follow, max-snippet:-1, max-image-preview:large, max-video-preview:-1\" \/>\n<link rel=\"canonical\" href=\"https:\/\/www.noticiasradioreflejos.com.ar\/2021\/los-beneficiarios-del-ife-con-tramite-aprobado-ya-pueden-ingresar-a-la-pagina-web-de-anses\/\" \/>\n<meta property=\"og:locale\" content=\"es_ES\" \/>\n<meta property=\"og:type\" content=\"article\" \/>\n<meta property=\"og:title\" content=\"Los beneficiarios del IFE con tr\u00e1mite aprobado ya pueden ingresar a la p\u00e1gina web de Anses - Noticias Radio Reflejos\" \/>\n<meta property=\"og:description\" content=\"Los beneficiarios del Ingreso Familiar de Emergencia (IFE), cuyo tr\u00e1mite haya sido aprobado, pueden desde hoy entrar en la p\u00e1gina web de la Anses para ingresar su n\u00famero de cuenta bancaria y su Clave Bancaria Uniforme (CBU) y, de esta manera, acceder al cobro de este beneficio. Los ingresos deber\u00e1n hacerse por terminaci\u00f3n de DNI [&hellip;]\" \/>\n<meta property=\"og:url\" content=\"https:\/\/www.noticiasradioreflejos.com.ar\/2021\/los-beneficiarios-del-ife-con-tramite-aprobado-ya-pueden-ingresar-a-la-pagina-web-de-anses\/\" \/>\n<meta property=\"og:site_name\" content=\"Noticias Radio Reflejos\" \/>\n<meta property=\"article:published_time\" content=\"2020-04-11T12:46:21+00:00\" \/>\n<meta property=\"og:image\" content=\"https:\/\/www.noticiasradioreflejos.com.ar\/2021\/wp-content\/uploads\/2021\/07\/logosol300x200.png\" \/>\n\t<meta property=\"og:image:width\" content=\"300\" \/>\n\t<meta property=\"og:image:height\" content=\"200\" \/>\n\t<meta property=\"og:image:type\" content=\"image\/png\" \/>\n<meta name=\"author\" content=\"Arnaldo Botto\" \/>\n<meta name=\"twitter:card\" content=\"summary_large_image\" \/>\n<script type=\"application\/ld+json\" class=\"yoast-schema-graph\">{\"@context\":\"https:\/\/schema.org\",\"@graph\":[{\"@type\":\"WebPage\",\"@id\":\"https:\/\/www.noticiasradioreflejos.com.ar\/2021\/los-beneficiarios-del-ife-con-tramite-aprobado-ya-pueden-ingresar-a-la-pagina-web-de-anses\/\",\"url\":\"https:\/\/www.noticiasradioreflejos.com.ar\/2021\/los-beneficiarios-del-ife-con-tramite-aprobado-ya-pueden-ingresar-a-la-pagina-web-de-anses\/\",\"name\":\"Los beneficiarios del IFE con tr\u00e1mite aprobado ya pueden ingresar a la p\u00e1gina web de Anses - Noticias Radio Reflejos\",\"isPartOf\":{\"@id\":\"https:\/\/www.noticiasradioreflejos.com.ar\/2021\/#website\"},\"datePublished\":\"2020-04-11T12:46:21+00:00\",\"author\":{\"@id\":\"https:\/\/www.noticiasradioreflejos.com.ar\/2021\/#\/schema\/person\/ad82545263dcc5ec0996818884fd5fb1\"},\"breadcrumb\":{\"@id\":\"https:\/\/www.noticiasradioreflejos.com.ar\/2021\/los-beneficiarios-del-ife-con-tramite-aprobado-ya-pueden-ingresar-a-la-pagina-web-de-anses\/#breadcrumb\"},\"inLanguage\":\"es\",\"potentialAction\":[{\"@type\":\"ReadAction\",\"target\":[\"https:\/\/www.noticiasradioreflejos.com.ar\/2021\/los-beneficiarios-del-ife-con-tramite-aprobado-ya-pueden-ingresar-a-la-pagina-web-de-anses\/\"]}]},{\"@type\":\"BreadcrumbList\",\"@id\":\"https:\/\/www.noticiasradioreflejos.com.ar\/2021\/los-beneficiarios-del-ife-con-tramite-aprobado-ya-pueden-ingresar-a-la-pagina-web-de-anses\/#breadcrumb\",\"itemListElement\":[{\"@type\":\"ListItem\",\"position\":1,\"name\":\"Portada\",\"item\":\"https:\/\/www.noticiasradioreflejos.com.ar\/2021\/\"},{\"@type\":\"ListItem\",\"position\":2,\"name\":\"Los beneficiarios del IFE con tr\u00e1mite aprobado ya pueden ingresar a la p\u00e1gina web de Anses\"}]},{\"@type\":\"WebSite\",\"@id\":\"https:\/\/www.noticiasradioreflejos.com.ar\/2021\/#website\",\"url\":\"https:\/\/www.noticiasradioreflejos.com.ar\/2021\/\",\"name\":\"Noticias Radio Reflejos\",\"description\":\"Las noticias de mi comarca\",\"potentialAction\":[{\"@type\":\"SearchAction\",\"target\":{\"@type\":\"EntryPoint\",\"urlTemplate\":\"https:\/\/www.noticiasradioreflejos.com.ar\/2021\/?s={search_term_string}\"},\"query-input\":{\"@type\":\"PropertyValueSpecification\",\"valueRequired\":true,\"valueName\":\"search_term_string\"}}],\"inLanguage\":\"es\"},{\"@type\":\"Person\",\"@id\":\"https:\/\/www.noticiasradioreflejos.com.ar\/2021\/#\/schema\/person\/ad82545263dcc5ec0996818884fd5fb1\",\"name\":\"Arnaldo Botto\",\"image\":{\"@type\":\"ImageObject\",\"inLanguage\":\"es\",\"@id\":\"https:\/\/www.noticiasradioreflejos.com.ar\/2021\/#\/schema\/person\/image\/\",\"url\":\"https:\/\/secure.gravatar.com\/avatar\/55cb5e37c1efa326397366e6974cb338056df65cb50e7d64d1cf314e87504837?s=96&d=mm&r=g\",\"contentUrl\":\"https:\/\/secure.gravatar.com\/avatar\/55cb5e37c1efa326397366e6974cb338056df65cb50e7d64d1cf314e87504837?s=96&d=mm&r=g\",\"caption\":\"Arnaldo Botto\"},\"url\":\"https:\/\/www.noticiasradioreflejos.com.ar\/2021\/author\/arnaldo\/\"}]}<\/script>\n<!-- \/ Yoast SEO plugin. -->","yoast_head_json":{"title":"Los beneficiarios del IFE con tr\u00e1mite aprobado ya pueden ingresar a la p\u00e1gina web de Anses - Noticias Radio Reflejos","robots":{"index":"index","follow":"follow","max-snippet":"max-snippet:-1","max-image-preview":"max-image-preview:large","max-video-preview":"max-video-preview:-1"},"canonical":"https:\/\/www.noticiasradioreflejos.com.ar\/2021\/los-beneficiarios-del-ife-con-tramite-aprobado-ya-pueden-ingresar-a-la-pagina-web-de-anses\/","og_locale":"es_ES","og_type":"article","og_title":"Los beneficiarios del IFE con tr\u00e1mite aprobado ya pueden ingresar a la p\u00e1gina web de Anses - Noticias Radio Reflejos","og_description":"Los beneficiarios del Ingreso Familiar de Emergencia (IFE), cuyo tr\u00e1mite haya sido aprobado, pueden desde hoy entrar en la p\u00e1gina web de la Anses para ingresar su n\u00famero de cuenta bancaria y su Clave Bancaria Uniforme (CBU) y, de esta manera, acceder al cobro de este beneficio. Los ingresos deber\u00e1n hacerse por terminaci\u00f3n de DNI [&hellip;]","og_url":"https:\/\/www.noticiasradioreflejos.com.ar\/2021\/los-beneficiarios-del-ife-con-tramite-aprobado-ya-pueden-ingresar-a-la-pagina-web-de-anses\/","og_site_name":"Noticias Radio Reflejos","article_published_time":"2020-04-11T12:46:21+00:00","og_image":[{"width":300,"height":200,"url":"https:\/\/www.noticiasradioreflejos.com.ar\/2021\/wp-content\/uploads\/2021\/07\/logosol300x200.png","type":"image\/png"}],"author":"Arnaldo Botto","twitter_card":"summary_large_image","schema":{"@context":"https:\/\/schema.org","@graph":[{"@type":"WebPage","@id":"https:\/\/www.noticiasradioreflejos.com.ar\/2021\/los-beneficiarios-del-ife-con-tramite-aprobado-ya-pueden-ingresar-a-la-pagina-web-de-anses\/","url":"https:\/\/www.noticiasradioreflejos.com.ar\/2021\/los-beneficiarios-del-ife-con-tramite-aprobado-ya-pueden-ingresar-a-la-pagina-web-de-anses\/","name":"Los beneficiarios del IFE con tr\u00e1mite aprobado ya pueden ingresar a la p\u00e1gina web de Anses - Noticias Radio Reflejos","isPartOf":{"@id":"https:\/\/www.noticiasradioreflejos.com.ar\/2021\/#website"},"datePublished":"2020-04-11T12:46:21+00:00","author":{"@id":"https:\/\/www.noticiasradioreflejos.com.ar\/2021\/#\/schema\/person\/ad82545263dcc5ec0996818884fd5fb1"},"breadcrumb":{"@id":"https:\/\/www.noticiasradioreflejos.com.ar\/2021\/los-beneficiarios-del-ife-con-tramite-aprobado-ya-pueden-ingresar-a-la-pagina-web-de-anses\/#breadcrumb"},"inLanguage":"es","potentialAction":[{"@type":"ReadAction","target":["https:\/\/www.noticiasradioreflejos.com.ar\/2021\/los-beneficiarios-del-ife-con-tramite-aprobado-ya-pueden-ingresar-a-la-pagina-web-de-anses\/"]}]},{"@type":"BreadcrumbList","@id":"https:\/\/www.noticiasradioreflejos.com.ar\/2021\/los-beneficiarios-del-ife-con-tramite-aprobado-ya-pueden-ingresar-a-la-pagina-web-de-anses\/#breadcrumb","itemListElement":[{"@type":"ListItem","position":1,"name":"Portada","item":"https:\/\/www.noticiasradioreflejos.com.ar\/2021\/"},{"@type":"ListItem","position":2,"name":"Los beneficiarios del IFE con tr\u00e1mite aprobado ya pueden ingresar a la p\u00e1gina web de Anses"}]},{"@type":"WebSite","@id":"https:\/\/www.noticiasradioreflejos.com.ar\/2021\/#website","url":"https:\/\/www.noticiasradioreflejos.com.ar\/2021\/","name":"Noticias Radio Reflejos","description":"Las noticias de mi comarca","potentialAction":[{"@type":"SearchAction","target":{"@type":"EntryPoint","urlTemplate":"https:\/\/www.noticiasradioreflejos.com.ar\/2021\/?s={search_term_string}"},"query-input":{"@type":"PropertyValueSpecification","valueRequired":true,"valueName":"search_term_string"}}],"inLanguage":"es"},{"@type":"Person","@id":"https:\/\/www.noticiasradioreflejos.com.ar\/2021\/#\/schema\/person\/ad82545263dcc5ec0996818884fd5fb1","name":"Arnaldo Botto","image":{"@type":"ImageObject","inLanguage":"es","@id":"https:\/\/www.noticiasradioreflejos.com.ar\/2021\/#\/schema\/person\/image\/","url":"https:\/\/secure.gravatar.com\/avatar\/55cb5e37c1efa326397366e6974cb338056df65cb50e7d64d1cf314e87504837?s=96&d=mm&r=g","contentUrl":"https:\/\/secure.gravatar.com\/avatar\/55cb5e37c1efa326397366e6974cb338056df65cb50e7d64d1cf314e87504837?s=96&d=mm&r=g","caption":"Arnaldo Botto"},"url":"https:\/\/www.noticiasradioreflejos.com.ar\/2021\/author\/arnaldo\/"}]}},"_links":{"self":[{"href":"https:\/\/www.noticiasradioreflejos.com.ar\/2021\/wp-json\/wp\/v2\/posts\/40631","targetHints":{"allow":["GET"]}}],"collection":[{"href":"https:\/\/www.noticiasradioreflejos.com.ar\/2021\/wp-json\/wp\/v2\/posts"}],"about":[{"href":"https:\/\/www.noticiasradioreflejos.com.ar\/2021\/wp-json\/wp\/v2\/types\/post"}],"author":[{"embeddable":true,"href":"https:\/\/www.noticiasradioreflejos.com.ar\/2021\/wp-json\/wp\/v2\/users\/3"}],"replies":[{"embeddable":true,"href":"https:\/\/www.noticiasradioreflejos.com.ar\/2021\/wp-json\/wp\/v2\/comments?post=40631"}],"version-history":[{"count":0,"href":"https:\/\/www.noticiasradioreflejos.com.ar\/2021\/wp-json\/wp\/v2\/posts\/40631\/revisions"}],"wp:attachment":[{"href":"https:\/\/www.noticiasradioreflejos.com.ar\/2021\/wp-json\/wp\/v2\/media?parent=40631"}],"wp:term":[{"taxonomy":"category","embeddable":true,"href":"https:\/\/www.noticiasradioreflejos.com.ar\/2021\/wp-json\/wp\/v2\/categories?post=40631"},{"taxonomy":"post_tag","embeddable":true,"href":"https:\/\/www.noticiasradioreflejos.com.ar\/2021\/wp-json\/wp\/v2\/tags?post=40631"}],"curies":[{"name":"wp","href":"https:\/\/api.w.org\/{rel}","templated":true}]}}