{"id":4063,"date":"2016-11-24T14:58:21","date_gmt":"2016-11-24T14:58:21","guid":{"rendered":"http:\/\/noticiasradioreflejos.com.ar\/noticias\/?p=4063"},"modified":"2016-11-24T14:58:21","modified_gmt":"2016-11-24T14:58:21","slug":"villa-ventana-es-felicidad-me-emociono-porque-yo-me-crie-aca","status":"publish","type":"post","link":"https:\/\/www.noticiasradioreflejos.com.ar\/2021\/villa-ventana-es-felicidad-me-emociono-porque-yo-me-crie-aca\/","title":{"rendered":"&quot;Villa Ventana es felicidad, me emociono porque yo me cri\u00e9 ac\u00e1&quot;"},"content":{"rendered":"<p>Natalia Molina dialog\u00f3 con Fm Reflejos y se permiti\u00f3 emocionarse por el significado que tiene Villa Ventana en su vida.<!--more--><br \/>\nNatalia hace 20 a\u00f1os que vive en estas tierras y recuerda que la conoci\u00f3 por su padre: \u00abPor mi viejo conoc\u00ed este lugar, es polic\u00eda y le dieron el traslado; y si bien \u00e9l sigui\u00f3 para Saldungaray, nosotros nos quedamos ac\u00e1\u00bb.<br \/>\n\u00abMe cost\u00f3 el proceso, pero enseguida hice de amigas y es hasta el d\u00eda de hoy seguimos todas juntas. Me gusta la tranquilidad, sobre todo para las chicas que s\u00e9 que las puedo criar tranquilas\u00bb agrega Molina, qui\u00e9n recuerda \u00e9pocas anteriores.<br \/>\nNatalia adem\u00e1s trabaja con los chicos en el jard\u00edn \u00abSapitos de las Sierras\u00bb como portera: \u00abDisfruto mi trabajo, adoro trabajar ac\u00e1, me llevo re bien con los chicos\u00bb<br \/>\n\u00abVengo de Tornquist pero este lugar es distinto\u00bb, sintetiza Natalia de forma contundente.<br \/>\n<iframe loading=\"lazy\" src=\"https:\/\/w.soundcloud.com\/player\/?url=https%3A\/\/api.soundcloud.com\/tracks\/294574467&amp;color=ff5500&amp;auto_play=false&amp;hide_related=false&amp;show_comments=true&amp;show_user=true&amp;show_reposts=false\" width=\"100%\" height=\"166\" frameborder=\"no\" scrolling=\"no\"><\/iframe><br \/>\n<a title=\"IMG-20161123-WA0062\" href=\"http:\/\/farm6.staticflickr.com\/5609\/30847292640_c1c6f96745.jpg\" rel=\"\"><img loading=\"lazy\" decoding=\"async\" class=\"aligncenter\" title=\"IMG-20161123-WA0062\" src=\"http:\/\/farm6.staticflickr.com\/5609\/30847292640_c1c6f96745.jpg\" alt=\"IMG-20161123-WA0062\" width=\"480\" height=\"480\" \/><\/a><br \/>\n<a title=\"IMG-20161123-WA0074\" href=\"http:\/\/farm6.staticflickr.com\/5730\/31070946682_2d3101d318_z.jpg\" rel=\"\"><img loading=\"lazy\" decoding=\"async\" class=\"aligncenter\" title=\"IMG-20161123-WA0074\" src=\"http:\/\/farm6.staticflickr.com\/5730\/31070946682_2d3101d318_z.jpg\" alt=\"IMG-20161123-WA0074\" width=\"480\" height=\"640\" \/><\/a><br \/>\n<a title=\"IMG-20161123-WA0063\" href=\"http:\/\/farm6.staticflickr.com\/5832\/31070948272_d2b8faf7c5_c.jpg\" rel=\"\"><img loading=\"lazy\" decoding=\"async\" class=\"aligncenter\" title=\"IMG-20161123-WA0063\" src=\"http:\/\/farm6.staticflickr.com\/5832\/31070948272_d2b8faf7c5_c.jpg\" alt=\"IMG-20161123-WA0063\" width=\"450\" height=\"800\" \/><\/a><\/p>\n","protected":false},"excerpt":{"rendered":"<p>Natalia Molina dialog\u00f3 con Fm Reflejos y se permiti\u00f3 emocionarse por el significado que tiene Villa Ventana en su vida.<\/p>\n","protected":false},"author":3,"featured_media":0,"comment_status":"closed","ping_status":"open","sticky":false,"template":"","format":"standard","meta":{"footnotes":""},"categories":[26],"tags":[],"class_list":["post-4063","post","type-post","status-publish","format-standard","hentry","category-sociedad"],"yoast_head":"<!-- This site is optimized with the Yoast SEO plugin v25.9 - https:\/\/yoast.com\/wordpress\/plugins\/seo\/ -->\n<title>&quot;Villa Ventana es felicidad, me emociono porque yo me cri\u00e9 ac\u00e1&quot; - Noticias Radio Reflejos<\/title>\n<meta name=\"robots\" content=\"index, follow, max-snippet:-1, max-image-preview:large, max-video-preview:-1\" \/>\n<link rel=\"canonical\" href=\"https:\/\/www.noticiasradioreflejos.com.ar\/2021\/villa-ventana-es-felicidad-me-emociono-porque-yo-me-crie-aca\/\" \/>\n<meta property=\"og:locale\" content=\"es_ES\" \/>\n<meta property=\"og:type\" content=\"article\" \/>\n<meta property=\"og:title\" content=\"&quot;Villa Ventana es felicidad, me emociono porque yo me cri\u00e9 ac\u00e1&quot; - Noticias Radio Reflejos\" \/>\n<meta property=\"og:description\" content=\"Natalia Molina dialog\u00f3 con Fm Reflejos y se permiti\u00f3 emocionarse por el significado que tiene Villa Ventana en su vida.\" \/>\n<meta property=\"og:url\" content=\"https:\/\/www.noticiasradioreflejos.com.ar\/2021\/villa-ventana-es-felicidad-me-emociono-porque-yo-me-crie-aca\/\" \/>\n<meta property=\"og:site_name\" content=\"Noticias Radio Reflejos\" \/>\n<meta property=\"article:published_time\" content=\"2016-11-24T14:58:21+00:00\" \/>\n<meta property=\"og:image\" content=\"http:\/\/farm6.staticflickr.com\/5609\/30847292640_c1c6f96745.jpg\" \/>\n<meta name=\"author\" content=\"Arnaldo Botto\" \/>\n<meta name=\"twitter:card\" content=\"summary_large_image\" \/>\n<script type=\"application\/ld+json\" class=\"yoast-schema-graph\">{\"@context\":\"https:\/\/schema.org\",\"@graph\":[{\"@type\":\"WebPage\",\"@id\":\"https:\/\/www.noticiasradioreflejos.com.ar\/2021\/villa-ventana-es-felicidad-me-emociono-porque-yo-me-crie-aca\/\",\"url\":\"https:\/\/www.noticiasradioreflejos.com.ar\/2021\/villa-ventana-es-felicidad-me-emociono-porque-yo-me-crie-aca\/\",\"name\":\"&quot;Villa Ventana es felicidad, me emociono porque yo me cri\u00e9 ac\u00e1&quot; - Noticias Radio Reflejos\",\"isPartOf\":{\"@id\":\"https:\/\/www.noticiasradioreflejos.com.ar\/2021\/#website\"},\"primaryImageOfPage\":{\"@id\":\"https:\/\/www.noticiasradioreflejos.com.ar\/2021\/villa-ventana-es-felicidad-me-emociono-porque-yo-me-crie-aca\/#primaryimage\"},\"image\":{\"@id\":\"https:\/\/www.noticiasradioreflejos.com.ar\/2021\/villa-ventana-es-felicidad-me-emociono-porque-yo-me-crie-aca\/#primaryimage\"},\"thumbnailUrl\":\"http:\/\/farm6.staticflickr.com\/5609\/30847292640_c1c6f96745.jpg\",\"datePublished\":\"2016-11-24T14:58:21+00:00\",\"author\":{\"@id\":\"https:\/\/www.noticiasradioreflejos.com.ar\/2021\/#\/schema\/person\/ad82545263dcc5ec0996818884fd5fb1\"},\"breadcrumb\":{\"@id\":\"https:\/\/www.noticiasradioreflejos.com.ar\/2021\/villa-ventana-es-felicidad-me-emociono-porque-yo-me-crie-aca\/#breadcrumb\"},\"inLanguage\":\"es\",\"potentialAction\":[{\"@type\":\"ReadAction\",\"target\":[\"https:\/\/www.noticiasradioreflejos.com.ar\/2021\/villa-ventana-es-felicidad-me-emociono-porque-yo-me-crie-aca\/\"]}]},{\"@type\":\"ImageObject\",\"inLanguage\":\"es\",\"@id\":\"https:\/\/www.noticiasradioreflejos.com.ar\/2021\/villa-ventana-es-felicidad-me-emociono-porque-yo-me-crie-aca\/#primaryimage\",\"url\":\"http:\/\/farm6.staticflickr.com\/5609\/30847292640_c1c6f96745.jpg\",\"contentUrl\":\"http:\/\/farm6.staticflickr.com\/5609\/30847292640_c1c6f96745.jpg\"},{\"@type\":\"BreadcrumbList\",\"@id\":\"https:\/\/www.noticiasradioreflejos.com.ar\/2021\/villa-ventana-es-felicidad-me-emociono-porque-yo-me-crie-aca\/#breadcrumb\",\"itemListElement\":[{\"@type\":\"ListItem\",\"position\":1,\"name\":\"Portada\",\"item\":\"https:\/\/www.noticiasradioreflejos.com.ar\/2021\/\"},{\"@type\":\"ListItem\",\"position\":2,\"name\":\"&quot;Villa Ventana es felicidad, me emociono porque yo me cri\u00e9 ac\u00e1&quot;\"}]},{\"@type\":\"WebSite\",\"@id\":\"https:\/\/www.noticiasradioreflejos.com.ar\/2021\/#website\",\"url\":\"https:\/\/www.noticiasradioreflejos.com.ar\/2021\/\",\"name\":\"Noticias Radio Reflejos\",\"description\":\"Las noticias de mi comarca\",\"potentialAction\":[{\"@type\":\"SearchAction\",\"target\":{\"@type\":\"EntryPoint\",\"urlTemplate\":\"https:\/\/www.noticiasradioreflejos.com.ar\/2021\/?s={search_term_string}\"},\"query-input\":{\"@type\":\"PropertyValueSpecification\",\"valueRequired\":true,\"valueName\":\"search_term_string\"}}],\"inLanguage\":\"es\"},{\"@type\":\"Person\",\"@id\":\"https:\/\/www.noticiasradioreflejos.com.ar\/2021\/#\/schema\/person\/ad82545263dcc5ec0996818884fd5fb1\",\"name\":\"Arnaldo Botto\",\"image\":{\"@type\":\"ImageObject\",\"inLanguage\":\"es\",\"@id\":\"https:\/\/www.noticiasradioreflejos.com.ar\/2021\/#\/schema\/person\/image\/\",\"url\":\"https:\/\/secure.gravatar.com\/avatar\/55cb5e37c1efa326397366e6974cb338056df65cb50e7d64d1cf314e87504837?s=96&d=mm&r=g\",\"contentUrl\":\"https:\/\/secure.gravatar.com\/avatar\/55cb5e37c1efa326397366e6974cb338056df65cb50e7d64d1cf314e87504837?s=96&d=mm&r=g\",\"caption\":\"Arnaldo Botto\"},\"url\":\"https:\/\/www.noticiasradioreflejos.com.ar\/2021\/author\/arnaldo\/\"}]}<\/script>\n<!-- \/ Yoast SEO plugin. -->","yoast_head_json":{"title":"&quot;Villa Ventana es felicidad, me emociono porque yo me cri\u00e9 ac\u00e1&quot; - Noticias Radio Reflejos","robots":{"index":"index","follow":"follow","max-snippet":"max-snippet:-1","max-image-preview":"max-image-preview:large","max-video-preview":"max-video-preview:-1"},"canonical":"https:\/\/www.noticiasradioreflejos.com.ar\/2021\/villa-ventana-es-felicidad-me-emociono-porque-yo-me-crie-aca\/","og_locale":"es_ES","og_type":"article","og_title":"&quot;Villa Ventana es felicidad, me emociono porque yo me cri\u00e9 ac\u00e1&quot; - Noticias Radio Reflejos","og_description":"Natalia Molina dialog\u00f3 con Fm Reflejos y se permiti\u00f3 emocionarse por el significado que tiene Villa Ventana en su vida.","og_url":"https:\/\/www.noticiasradioreflejos.com.ar\/2021\/villa-ventana-es-felicidad-me-emociono-porque-yo-me-crie-aca\/","og_site_name":"Noticias Radio Reflejos","article_published_time":"2016-11-24T14:58:21+00:00","og_image":[{"url":"http:\/\/farm6.staticflickr.com\/5609\/30847292640_c1c6f96745.jpg","type":"","width":"","height":""}],"author":"Arnaldo Botto","twitter_card":"summary_large_image","schema":{"@context":"https:\/\/schema.org","@graph":[{"@type":"WebPage","@id":"https:\/\/www.noticiasradioreflejos.com.ar\/2021\/villa-ventana-es-felicidad-me-emociono-porque-yo-me-crie-aca\/","url":"https:\/\/www.noticiasradioreflejos.com.ar\/2021\/villa-ventana-es-felicidad-me-emociono-porque-yo-me-crie-aca\/","name":"&quot;Villa Ventana es felicidad, me emociono porque yo me cri\u00e9 ac\u00e1&quot; - Noticias Radio Reflejos","isPartOf":{"@id":"https:\/\/www.noticiasradioreflejos.com.ar\/2021\/#website"},"primaryImageOfPage":{"@id":"https:\/\/www.noticiasradioreflejos.com.ar\/2021\/villa-ventana-es-felicidad-me-emociono-porque-yo-me-crie-aca\/#primaryimage"},"image":{"@id":"https:\/\/www.noticiasradioreflejos.com.ar\/2021\/villa-ventana-es-felicidad-me-emociono-porque-yo-me-crie-aca\/#primaryimage"},"thumbnailUrl":"http:\/\/farm6.staticflickr.com\/5609\/30847292640_c1c6f96745.jpg","datePublished":"2016-11-24T14:58:21+00:00","author":{"@id":"https:\/\/www.noticiasradioreflejos.com.ar\/2021\/#\/schema\/person\/ad82545263dcc5ec0996818884fd5fb1"},"breadcrumb":{"@id":"https:\/\/www.noticiasradioreflejos.com.ar\/2021\/villa-ventana-es-felicidad-me-emociono-porque-yo-me-crie-aca\/#breadcrumb"},"inLanguage":"es","potentialAction":[{"@type":"ReadAction","target":["https:\/\/www.noticiasradioreflejos.com.ar\/2021\/villa-ventana-es-felicidad-me-emociono-porque-yo-me-crie-aca\/"]}]},{"@type":"ImageObject","inLanguage":"es","@id":"https:\/\/www.noticiasradioreflejos.com.ar\/2021\/villa-ventana-es-felicidad-me-emociono-porque-yo-me-crie-aca\/#primaryimage","url":"http:\/\/farm6.staticflickr.com\/5609\/30847292640_c1c6f96745.jpg","contentUrl":"http:\/\/farm6.staticflickr.com\/5609\/30847292640_c1c6f96745.jpg"},{"@type":"BreadcrumbList","@id":"https:\/\/www.noticiasradioreflejos.com.ar\/2021\/villa-ventana-es-felicidad-me-emociono-porque-yo-me-crie-aca\/#breadcrumb","itemListElement":[{"@type":"ListItem","position":1,"name":"Portada","item":"https:\/\/www.noticiasradioreflejos.com.ar\/2021\/"},{"@type":"ListItem","position":2,"name":"&quot;Villa Ventana es felicidad, me emociono porque yo me cri\u00e9 ac\u00e1&quot;"}]},{"@type":"WebSite","@id":"https:\/\/www.noticiasradioreflejos.com.ar\/2021\/#website","url":"https:\/\/www.noticiasradioreflejos.com.ar\/2021\/","name":"Noticias Radio Reflejos","description":"Las noticias de mi comarca","potentialAction":[{"@type":"SearchAction","target":{"@type":"EntryPoint","urlTemplate":"https:\/\/www.noticiasradioreflejos.com.ar\/2021\/?s={search_term_string}"},"query-input":{"@type":"PropertyValueSpecification","valueRequired":true,"valueName":"search_term_string"}}],"inLanguage":"es"},{"@type":"Person","@id":"https:\/\/www.noticiasradioreflejos.com.ar\/2021\/#\/schema\/person\/ad82545263dcc5ec0996818884fd5fb1","name":"Arnaldo Botto","image":{"@type":"ImageObject","inLanguage":"es","@id":"https:\/\/www.noticiasradioreflejos.com.ar\/2021\/#\/schema\/person\/image\/","url":"https:\/\/secure.gravatar.com\/avatar\/55cb5e37c1efa326397366e6974cb338056df65cb50e7d64d1cf314e87504837?s=96&d=mm&r=g","contentUrl":"https:\/\/secure.gravatar.com\/avatar\/55cb5e37c1efa326397366e6974cb338056df65cb50e7d64d1cf314e87504837?s=96&d=mm&r=g","caption":"Arnaldo Botto"},"url":"https:\/\/www.noticiasradioreflejos.com.ar\/2021\/author\/arnaldo\/"}]}},"_links":{"self":[{"href":"https:\/\/www.noticiasradioreflejos.com.ar\/2021\/wp-json\/wp\/v2\/posts\/4063","targetHints":{"allow":["GET"]}}],"collection":[{"href":"https:\/\/www.noticiasradioreflejos.com.ar\/2021\/wp-json\/wp\/v2\/posts"}],"about":[{"href":"https:\/\/www.noticiasradioreflejos.com.ar\/2021\/wp-json\/wp\/v2\/types\/post"}],"author":[{"embeddable":true,"href":"https:\/\/www.noticiasradioreflejos.com.ar\/2021\/wp-json\/wp\/v2\/users\/3"}],"replies":[{"embeddable":true,"href":"https:\/\/www.noticiasradioreflejos.com.ar\/2021\/wp-json\/wp\/v2\/comments?post=4063"}],"version-history":[{"count":0,"href":"https:\/\/www.noticiasradioreflejos.com.ar\/2021\/wp-json\/wp\/v2\/posts\/4063\/revisions"}],"wp:attachment":[{"href":"https:\/\/www.noticiasradioreflejos.com.ar\/2021\/wp-json\/wp\/v2\/media?parent=4063"}],"wp:term":[{"taxonomy":"category","embeddable":true,"href":"https:\/\/www.noticiasradioreflejos.com.ar\/2021\/wp-json\/wp\/v2\/categories?post=4063"},{"taxonomy":"post_tag","embeddable":true,"href":"https:\/\/www.noticiasradioreflejos.com.ar\/2021\/wp-json\/wp\/v2\/tags?post=4063"}],"curies":[{"name":"wp","href":"https:\/\/api.w.org\/{rel}","templated":true}]}}