{"id":40588,"date":"2020-04-09T08:44:12","date_gmt":"2020-04-09T11:44:12","guid":{"rendered":"http:\/\/www.noticiasradioreflejos.com.ar\/noticias\/?p=40588"},"modified":"2020-04-09T08:44:12","modified_gmt":"2020-04-09T11:44:12","slug":"guia-de-atencion-en-los-bancos-entre-el-13-y-el-17-de-abril","status":"publish","type":"post","link":"https:\/\/www.noticiasradioreflejos.com.ar\/2021\/guia-de-atencion-en-los-bancos-entre-el-13-y-el-17-de-abril\/","title":{"rendered":"Gu\u00eda de atenci\u00f3n en los bancos entre el 13 y el 17 de abril."},"content":{"rendered":"<p>El Banco Central de la Rep\u00fablica Argentina public\u00f3 en su p\u00e1gina web la modalidad de atenci\u00f3n que aplicaran las entidades bancarias para la atenci\u00f3n al p\u00fablico de la semana venidera. Desde el Mi\u00e9rcoles 8 de abril de 2020. Las entidades abren para el p\u00fablico general, pero con limitaciones. Qui\u00e9nes pueden ir, qu\u00e9 d\u00edas, cu\u00e1les son los requisitos, qu\u00e9 operaciones pueden realizar.<!--more--><\/p>\n<p>\u00bfLos bancos abren para el p\u00fablico general?<\/p>\n<p>S\u00ed, pero con algunas limitaciones y restricciones. Durante la semana del 13 al 17 de abril podr\u00e1n asistir las personas con turno previo para realizar diferentes operaciones que no sean por ventanilla, tanto para cuentas de personas humanas como personas jur\u00eddicas.<\/p>\n<p>Si soy una persona jubilada\/pensionada \u00bfpuedo operar por ventanilla?<\/p>\n<p>S\u00ed. La atenci\u00f3n por ventanilla queda exclusivamente reservada para el pago de jubilaciones y pensiones. Pero s\u00f3lo los d\u00edas que indica el calendario de la ANSeS. Si sos jubilado o pensionado, no necesit\u00e1s turno, pero ten\u00e9s que consultar a la ANSeS antes de acercarte a una sucursal.<\/p>\n<p>\u00bfSolo las personas jubiladas\/pensionadas pueden operar por a la ventanilla?<\/p>\n<p>Solo los jubilados ser\u00e1n atendidos en las ventanillas.<\/p>\n<p>\u00bfEn qu\u00e9 horario estar\u00e1n abiertos los bancos?<\/p>\n<p>El horario de atenci\u00f3n ser\u00e1 de 10 a 17 en CABA y GBA, y en otras jurisdicciones se ampl\u00eda dos horas luego del horario habitual del cierre.<\/p>\n<p>\u00bfQu\u00e9 requisito necesito para ir al banco?<\/p>\n<p>Necesit\u00e1s sacar un turno por los canales que el banco ponga a disposici\u00f3n (el sitio web y otros canales). El banco te otorgar\u00e1 un turno seg\u00fan el \u00faltimo n\u00famero del DNI si sos una persona humana o del d\u00edgito verificador CUIT si represent\u00e1s a personas jur\u00eddicas.<\/p>\n<p>\u00bfQu\u00e9 d\u00eda puedo ir al banco?<\/p>\n<p>S\u00f3lo con el turno y el d\u00eda que tengas asignado seg\u00fan la terminaci\u00f3n de tu DNI (si sos persona humana) o el d\u00edgito verificador (si represent\u00e1s a una persona jur\u00eddica)<\/p>\n<p>El calendario es el siguiente:<\/p>\n<p>El lunes 13, los terminados en 0 y 1<\/p>\n<p>El martes 14, los terminados en 2 y 3<\/p>\n<p>El mi\u00e9rcoles 15, los terminados en 4 y 5<\/p>\n<p>El jueves 16, los terminados en 6 y 7<\/p>\n<p>El viernes 17, los terminados en 8 y 9.<\/p>\n<p>*Las personas humanas se rigen por DNI y las personas jur\u00eddicas se rigen por CUIT<\/p>\n<p>\u00bfA partir de cu\u00e1ndo puedo pedir el turno?<\/p>\n<p>A partir del mi\u00e9rcoles 8 de abril.<\/p>\n<p>\u00bfPuedo ir al banco sin turno? \u00bfMe atender\u00e1n igual?<\/p>\n<p>No. Solamente podr\u00e1s ir al banco si cont\u00e1s con un turno previo.<\/p>\n<p>\u00bfTengo que tramitar un permiso para circular para acercarme a la sucursal?<\/p>\n<p>El comprobante del turno gestionado previamente servir\u00e1 como permiso de circulaci\u00f3n y se te solicitar\u00e1 para ingresar al banco.<\/p>\n<p>\u00bfPuedo ir al banco a abrir una cuenta bancaria?<\/p>\n<p>S\u00ed, pero record\u00e1 primero sacar un turno con tu banco reservando fecha para el d\u00eda que te corresponda.<\/p>\n<p>\u00bfQu\u00e9 operaciones puedo realizar que no requieran atenci\u00f3n por ventanilla?<\/p>\n<p>Pod\u00e9s gestionar un pr\u00e9stamo, presentar documentaci\u00f3n, ir a tu caja de seguridad, hacer gestiones vinculadas a tus cuentas, tanto como persona humana como jur\u00eddica.<\/p>\n<p>Record\u00e1 que para cualquiera de estos casos, deb\u00e9s gestionar el turno de manera anticipada y respetando el cronograma establecido de fechas seg\u00fan termina tu DNI o CUIT, seg\u00fan el caso.<\/p>\n<p>Necesito retirar dinero del cajero autom\u00e1tico, \u00bfpuedo ir cualquier d\u00eda?<\/p>\n<p>Si. Pod\u00e9s ir al cajero autom\u00e1tico cualquier d\u00eda y a cualquier hora que se encuentre m\u00e1s cerca de tu casa. Adem\u00e1s, las operaciones por cajero autom\u00e1tico no generan cargos ni comisiones, seas o no cliente de la entidad financiera, hasta el 30 de junio.<\/p>\n<p>Tambi\u00e9n pod\u00e9s retirar dinero en comercios o puntos de extracci\u00f3n adheridos, como supermercados o farmacias m\u00e1s cercano.<\/p>\n<p>No soy cliente habitual del cajero autom\u00e1tico m\u00e1s cerca de casa, \u00bfpuedo retirar dinero igual?<\/p>\n<p>S\u00ed. Todas las personas humanas y jur\u00eddicas podr\u00e1n efectuar extracciones de al menos 15.000 pesos diarios, sin importar si son cliente o no de la entidad propietaria del dispositivo y la red que lo administra. NO podr\u00e1n cobrarte comisiones ni cargos en ning\u00fan caso.<\/p>\n<p>\u00bfPuedo ir a una casa de cambio?<\/p>\n<p>No. Las casas de cambio permanecer\u00e1n cerradas para la atenci\u00f3n al p\u00fablico presencial. No obstante, podr\u00e1n operar en forma remota.<\/p>\n","protected":false},"excerpt":{"rendered":"<p>El Banco Central de la Rep\u00fablica Argentina public\u00f3 en su p\u00e1gina web la modalidad de atenci\u00f3n que aplicaran las entidades bancarias para la atenci\u00f3n al p\u00fablico de la semana venidera. Desde el Mi\u00e9rcoles 8 de abril de 2020. Las entidades abren para el p\u00fablico general, pero con limitaciones. Qui\u00e9nes pueden ir, qu\u00e9 d\u00edas, cu\u00e1les son [&hellip;]<\/p>\n","protected":false},"author":3,"featured_media":0,"comment_status":"closed","ping_status":"open","sticky":false,"template":"","format":"standard","meta":{"footnotes":""},"categories":[36],"tags":[],"class_list":["post-40588","post","type-post","status-publish","format-standard","hentry","category-economia"],"yoast_head":"<!-- This site is optimized with the Yoast SEO plugin v25.9 - https:\/\/yoast.com\/wordpress\/plugins\/seo\/ -->\n<title>Gu\u00eda de atenci\u00f3n en los bancos entre el 13 y el 17 de abril. - Noticias Radio Reflejos<\/title>\n<meta name=\"robots\" content=\"index, follow, max-snippet:-1, max-image-preview:large, max-video-preview:-1\" \/>\n<link rel=\"canonical\" href=\"https:\/\/www.noticiasradioreflejos.com.ar\/2021\/guia-de-atencion-en-los-bancos-entre-el-13-y-el-17-de-abril\/\" \/>\n<meta property=\"og:locale\" content=\"es_ES\" \/>\n<meta property=\"og:type\" content=\"article\" \/>\n<meta property=\"og:title\" content=\"Gu\u00eda de atenci\u00f3n en los bancos entre el 13 y el 17 de abril. - Noticias Radio Reflejos\" \/>\n<meta property=\"og:description\" content=\"El Banco Central de la Rep\u00fablica Argentina public\u00f3 en su p\u00e1gina web la modalidad de atenci\u00f3n que aplicaran las entidades bancarias para la atenci\u00f3n al p\u00fablico de la semana venidera. Desde el Mi\u00e9rcoles 8 de abril de 2020. Las entidades abren para el p\u00fablico general, pero con limitaciones. Qui\u00e9nes pueden ir, qu\u00e9 d\u00edas, cu\u00e1les son [&hellip;]\" \/>\n<meta property=\"og:url\" content=\"https:\/\/www.noticiasradioreflejos.com.ar\/2021\/guia-de-atencion-en-los-bancos-entre-el-13-y-el-17-de-abril\/\" \/>\n<meta property=\"og:site_name\" content=\"Noticias Radio Reflejos\" \/>\n<meta property=\"article:published_time\" content=\"2020-04-09T11:44:12+00:00\" \/>\n<meta property=\"og:image\" content=\"https:\/\/www.noticiasradioreflejos.com.ar\/2021\/wp-content\/uploads\/2021\/07\/logosol300x200.png\" \/>\n\t<meta property=\"og:image:width\" content=\"300\" \/>\n\t<meta property=\"og:image:height\" content=\"200\" \/>\n\t<meta property=\"og:image:type\" content=\"image\/png\" \/>\n<meta name=\"author\" content=\"Arnaldo Botto\" \/>\n<meta name=\"twitter:card\" content=\"summary_large_image\" \/>\n<script type=\"application\/ld+json\" class=\"yoast-schema-graph\">{\"@context\":\"https:\/\/schema.org\",\"@graph\":[{\"@type\":\"WebPage\",\"@id\":\"https:\/\/www.noticiasradioreflejos.com.ar\/2021\/guia-de-atencion-en-los-bancos-entre-el-13-y-el-17-de-abril\/\",\"url\":\"https:\/\/www.noticiasradioreflejos.com.ar\/2021\/guia-de-atencion-en-los-bancos-entre-el-13-y-el-17-de-abril\/\",\"name\":\"Gu\u00eda de atenci\u00f3n en los bancos entre el 13 y el 17 de abril. - Noticias Radio Reflejos\",\"isPartOf\":{\"@id\":\"https:\/\/www.noticiasradioreflejos.com.ar\/2021\/#website\"},\"datePublished\":\"2020-04-09T11:44:12+00:00\",\"author\":{\"@id\":\"https:\/\/www.noticiasradioreflejos.com.ar\/2021\/#\/schema\/person\/ad82545263dcc5ec0996818884fd5fb1\"},\"breadcrumb\":{\"@id\":\"https:\/\/www.noticiasradioreflejos.com.ar\/2021\/guia-de-atencion-en-los-bancos-entre-el-13-y-el-17-de-abril\/#breadcrumb\"},\"inLanguage\":\"es\",\"potentialAction\":[{\"@type\":\"ReadAction\",\"target\":[\"https:\/\/www.noticiasradioreflejos.com.ar\/2021\/guia-de-atencion-en-los-bancos-entre-el-13-y-el-17-de-abril\/\"]}]},{\"@type\":\"BreadcrumbList\",\"@id\":\"https:\/\/www.noticiasradioreflejos.com.ar\/2021\/guia-de-atencion-en-los-bancos-entre-el-13-y-el-17-de-abril\/#breadcrumb\",\"itemListElement\":[{\"@type\":\"ListItem\",\"position\":1,\"name\":\"Portada\",\"item\":\"https:\/\/www.noticiasradioreflejos.com.ar\/2021\/\"},{\"@type\":\"ListItem\",\"position\":2,\"name\":\"Gu\u00eda de atenci\u00f3n en los bancos entre el 13 y el 17 de abril.\"}]},{\"@type\":\"WebSite\",\"@id\":\"https:\/\/www.noticiasradioreflejos.com.ar\/2021\/#website\",\"url\":\"https:\/\/www.noticiasradioreflejos.com.ar\/2021\/\",\"name\":\"Noticias Radio Reflejos\",\"description\":\"Las noticias de mi comarca\",\"potentialAction\":[{\"@type\":\"SearchAction\",\"target\":{\"@type\":\"EntryPoint\",\"urlTemplate\":\"https:\/\/www.noticiasradioreflejos.com.ar\/2021\/?s={search_term_string}\"},\"query-input\":{\"@type\":\"PropertyValueSpecification\",\"valueRequired\":true,\"valueName\":\"search_term_string\"}}],\"inLanguage\":\"es\"},{\"@type\":\"Person\",\"@id\":\"https:\/\/www.noticiasradioreflejos.com.ar\/2021\/#\/schema\/person\/ad82545263dcc5ec0996818884fd5fb1\",\"name\":\"Arnaldo Botto\",\"image\":{\"@type\":\"ImageObject\",\"inLanguage\":\"es\",\"@id\":\"https:\/\/www.noticiasradioreflejos.com.ar\/2021\/#\/schema\/person\/image\/\",\"url\":\"https:\/\/secure.gravatar.com\/avatar\/55cb5e37c1efa326397366e6974cb338056df65cb50e7d64d1cf314e87504837?s=96&d=mm&r=g\",\"contentUrl\":\"https:\/\/secure.gravatar.com\/avatar\/55cb5e37c1efa326397366e6974cb338056df65cb50e7d64d1cf314e87504837?s=96&d=mm&r=g\",\"caption\":\"Arnaldo Botto\"},\"url\":\"https:\/\/www.noticiasradioreflejos.com.ar\/2021\/author\/arnaldo\/\"}]}<\/script>\n<!-- \/ Yoast SEO plugin. -->","yoast_head_json":{"title":"Gu\u00eda de atenci\u00f3n en los bancos entre el 13 y el 17 de abril. - Noticias Radio Reflejos","robots":{"index":"index","follow":"follow","max-snippet":"max-snippet:-1","max-image-preview":"max-image-preview:large","max-video-preview":"max-video-preview:-1"},"canonical":"https:\/\/www.noticiasradioreflejos.com.ar\/2021\/guia-de-atencion-en-los-bancos-entre-el-13-y-el-17-de-abril\/","og_locale":"es_ES","og_type":"article","og_title":"Gu\u00eda de atenci\u00f3n en los bancos entre el 13 y el 17 de abril. - Noticias Radio Reflejos","og_description":"El Banco Central de la Rep\u00fablica Argentina public\u00f3 en su p\u00e1gina web la modalidad de atenci\u00f3n que aplicaran las entidades bancarias para la atenci\u00f3n al p\u00fablico de la semana venidera. Desde el Mi\u00e9rcoles 8 de abril de 2020. Las entidades abren para el p\u00fablico general, pero con limitaciones. Qui\u00e9nes pueden ir, qu\u00e9 d\u00edas, cu\u00e1les son [&hellip;]","og_url":"https:\/\/www.noticiasradioreflejos.com.ar\/2021\/guia-de-atencion-en-los-bancos-entre-el-13-y-el-17-de-abril\/","og_site_name":"Noticias Radio Reflejos","article_published_time":"2020-04-09T11:44:12+00:00","og_image":[{"width":300,"height":200,"url":"https:\/\/www.noticiasradioreflejos.com.ar\/2021\/wp-content\/uploads\/2021\/07\/logosol300x200.png","type":"image\/png"}],"author":"Arnaldo Botto","twitter_card":"summary_large_image","schema":{"@context":"https:\/\/schema.org","@graph":[{"@type":"WebPage","@id":"https:\/\/www.noticiasradioreflejos.com.ar\/2021\/guia-de-atencion-en-los-bancos-entre-el-13-y-el-17-de-abril\/","url":"https:\/\/www.noticiasradioreflejos.com.ar\/2021\/guia-de-atencion-en-los-bancos-entre-el-13-y-el-17-de-abril\/","name":"Gu\u00eda de atenci\u00f3n en los bancos entre el 13 y el 17 de abril. - Noticias Radio Reflejos","isPartOf":{"@id":"https:\/\/www.noticiasradioreflejos.com.ar\/2021\/#website"},"datePublished":"2020-04-09T11:44:12+00:00","author":{"@id":"https:\/\/www.noticiasradioreflejos.com.ar\/2021\/#\/schema\/person\/ad82545263dcc5ec0996818884fd5fb1"},"breadcrumb":{"@id":"https:\/\/www.noticiasradioreflejos.com.ar\/2021\/guia-de-atencion-en-los-bancos-entre-el-13-y-el-17-de-abril\/#breadcrumb"},"inLanguage":"es","potentialAction":[{"@type":"ReadAction","target":["https:\/\/www.noticiasradioreflejos.com.ar\/2021\/guia-de-atencion-en-los-bancos-entre-el-13-y-el-17-de-abril\/"]}]},{"@type":"BreadcrumbList","@id":"https:\/\/www.noticiasradioreflejos.com.ar\/2021\/guia-de-atencion-en-los-bancos-entre-el-13-y-el-17-de-abril\/#breadcrumb","itemListElement":[{"@type":"ListItem","position":1,"name":"Portada","item":"https:\/\/www.noticiasradioreflejos.com.ar\/2021\/"},{"@type":"ListItem","position":2,"name":"Gu\u00eda de atenci\u00f3n en los bancos entre el 13 y el 17 de abril."}]},{"@type":"WebSite","@id":"https:\/\/www.noticiasradioreflejos.com.ar\/2021\/#website","url":"https:\/\/www.noticiasradioreflejos.com.ar\/2021\/","name":"Noticias Radio Reflejos","description":"Las noticias de mi comarca","potentialAction":[{"@type":"SearchAction","target":{"@type":"EntryPoint","urlTemplate":"https:\/\/www.noticiasradioreflejos.com.ar\/2021\/?s={search_term_string}"},"query-input":{"@type":"PropertyValueSpecification","valueRequired":true,"valueName":"search_term_string"}}],"inLanguage":"es"},{"@type":"Person","@id":"https:\/\/www.noticiasradioreflejos.com.ar\/2021\/#\/schema\/person\/ad82545263dcc5ec0996818884fd5fb1","name":"Arnaldo Botto","image":{"@type":"ImageObject","inLanguage":"es","@id":"https:\/\/www.noticiasradioreflejos.com.ar\/2021\/#\/schema\/person\/image\/","url":"https:\/\/secure.gravatar.com\/avatar\/55cb5e37c1efa326397366e6974cb338056df65cb50e7d64d1cf314e87504837?s=96&d=mm&r=g","contentUrl":"https:\/\/secure.gravatar.com\/avatar\/55cb5e37c1efa326397366e6974cb338056df65cb50e7d64d1cf314e87504837?s=96&d=mm&r=g","caption":"Arnaldo Botto"},"url":"https:\/\/www.noticiasradioreflejos.com.ar\/2021\/author\/arnaldo\/"}]}},"_links":{"self":[{"href":"https:\/\/www.noticiasradioreflejos.com.ar\/2021\/wp-json\/wp\/v2\/posts\/40588","targetHints":{"allow":["GET"]}}],"collection":[{"href":"https:\/\/www.noticiasradioreflejos.com.ar\/2021\/wp-json\/wp\/v2\/posts"}],"about":[{"href":"https:\/\/www.noticiasradioreflejos.com.ar\/2021\/wp-json\/wp\/v2\/types\/post"}],"author":[{"embeddable":true,"href":"https:\/\/www.noticiasradioreflejos.com.ar\/2021\/wp-json\/wp\/v2\/users\/3"}],"replies":[{"embeddable":true,"href":"https:\/\/www.noticiasradioreflejos.com.ar\/2021\/wp-json\/wp\/v2\/comments?post=40588"}],"version-history":[{"count":0,"href":"https:\/\/www.noticiasradioreflejos.com.ar\/2021\/wp-json\/wp\/v2\/posts\/40588\/revisions"}],"wp:attachment":[{"href":"https:\/\/www.noticiasradioreflejos.com.ar\/2021\/wp-json\/wp\/v2\/media?parent=40588"}],"wp:term":[{"taxonomy":"category","embeddable":true,"href":"https:\/\/www.noticiasradioreflejos.com.ar\/2021\/wp-json\/wp\/v2\/categories?post=40588"},{"taxonomy":"post_tag","embeddable":true,"href":"https:\/\/www.noticiasradioreflejos.com.ar\/2021\/wp-json\/wp\/v2\/tags?post=40588"}],"curies":[{"name":"wp","href":"https:\/\/api.w.org\/{rel}","templated":true}]}}