{"id":40566,"date":"2020-04-08T16:10:16","date_gmt":"2020-04-08T19:10:16","guid":{"rendered":"http:\/\/www.noticiasradioreflejos.com.ar\/noticias\/?p=40566"},"modified":"2020-04-08T16:10:16","modified_gmt":"2020-04-08T19:10:16","slug":"la-ministra-de-trabajo-bonaerense-advirtio-que-no-se-toleraran-despidos-en-la-provincia","status":"publish","type":"post","link":"https:\/\/www.noticiasradioreflejos.com.ar\/2021\/la-ministra-de-trabajo-bonaerense-advirtio-que-no-se-toleraran-despidos-en-la-provincia\/","title":{"rendered":"La ministra de Trabajo bonaerense advirti\u00f3 que \u00abno se tolerar\u00e1n despidos\u00bb en la Provincia"},"content":{"rendered":"<p>La ministra de Trabajo bonaerense, Mara Ruiz Malec, advirti\u00f3 hoy que el Gobierno provincial \u201cno va a tolerar despidos\u201d en las empresas radicadas en el distrito y cuestion\u00f3 a quienes \u201ctienen espalda para sostener a los trabajadores pero cometen abusos\u201d.<br \/>\n\u201cTanto los gobiernos nacional como el de la Provincia fueron enf\u00e1ticos en que no se van a tolerar despidos. Hay que hacer un esfuerzo compartido entre todos porque el trabajador es el que menos acumul\u00f3 para afrontar esta emergencia\u201d, sostuvo.<!--more--><\/p>\n<p>En declaraciones a Led.FM, la titular de la cartera laboral bonaerense asegur\u00f3 que el mayor sacrificio debe darse \u201csobre todo en las grandes empresas que tienen una gran espalda\u00bb, y advirti\u00f3 \u00abno vamos a permitir despidos que adem\u00e1s hoy est\u00e1n prohibidos por decreto\u201d.<\/p>\n<p>Malec advirti\u00f3 que \u201cvemos algunos inconvenientes en las peque\u00f1as empresas o comercios que viven el d\u00eda a d\u00eda\u201d y detall\u00f3 que los gobiernos nacional y provincial \u201cest\u00e1n implementando medidas para que puedan pagar los salarios\u201d.<\/p>\n<p>Explic\u00f3 que por el momento \u201cno hay despidos masivos\u201d aunque cuestion\u00f3 que en el rubro de la construcci\u00f3n \u201chay empresas que pueden sostener a esos trabajadores y cometen algunos abusos\u201d.<\/p>\n<p>En ese aspecto record\u00f3 que el ministerio de Trabajo \u201csigue trabajando para aquellos puedan tener alg\u00fan inconveniente ya que no puede haber despidos ni suspensiones por fuera de la ley\u201d.<\/p>\n<p>Detall\u00f3 que por el momento la mayor\u00eda de los reclamos \u201cse centran en trabajadores a los que les ofrecen pagar el salario en cuotas o por la falta de elementos de higiene y prevenci\u00f3n\u201d frente a la pandemia.<\/p>\n<p>Malec adelant\u00f3 adem\u00e1s que en los pr\u00f3ximos d\u00edas se retomar\u00e1n las paritarias con los sectores de los estatales, m\u00e9dicos y judiciales, aunque aclar\u00f3 que la situaci\u00f3n financiera de la provincia \u201ces compleja\u201d.<\/p>\n<p>\u201cEsta crisis afecta la finanzas provinciales debido a la ca\u00edda de la recaudaci\u00f3n y ese es un tema que tambi\u00e9n deber\u00e1 tenerse en cuenta para la discusi\u00f3n salarial\u201d, concluy\u00f3.<\/p>\n","protected":false},"excerpt":{"rendered":"<p>La ministra de Trabajo bonaerense, Mara Ruiz Malec, advirti\u00f3 hoy que el Gobierno provincial \u201cno va a tolerar despidos\u201d en las empresas radicadas en el distrito y cuestion\u00f3 a quienes \u201ctienen espalda para sostener a los trabajadores pero cometen abusos\u201d. \u201cTanto los gobiernos nacional como el de la Provincia fueron enf\u00e1ticos en que no se [&hellip;]<\/p>\n","protected":false},"author":3,"featured_media":0,"comment_status":"closed","ping_status":"open","sticky":false,"template":"","format":"standard","meta":{"footnotes":""},"categories":[34],"tags":[],"class_list":["post-40566","post","type-post","status-publish","format-standard","hentry","category-educacion"],"yoast_head":"<!-- This site is optimized with the Yoast SEO plugin v25.9 - https:\/\/yoast.com\/wordpress\/plugins\/seo\/ -->\n<title>La ministra de Trabajo bonaerense advirti\u00f3 que &quot;no se tolerar\u00e1n despidos&quot; en la Provincia - Noticias Radio Reflejos<\/title>\n<meta name=\"robots\" content=\"index, follow, max-snippet:-1, max-image-preview:large, max-video-preview:-1\" \/>\n<link rel=\"canonical\" href=\"https:\/\/www.noticiasradioreflejos.com.ar\/2021\/la-ministra-de-trabajo-bonaerense-advirtio-que-no-se-toleraran-despidos-en-la-provincia\/\" \/>\n<meta property=\"og:locale\" content=\"es_ES\" \/>\n<meta property=\"og:type\" content=\"article\" \/>\n<meta property=\"og:title\" content=\"La ministra de Trabajo bonaerense advirti\u00f3 que &quot;no se tolerar\u00e1n despidos&quot; en la Provincia - Noticias Radio Reflejos\" \/>\n<meta property=\"og:description\" content=\"La ministra de Trabajo bonaerense, Mara Ruiz Malec, advirti\u00f3 hoy que el Gobierno provincial \u201cno va a tolerar despidos\u201d en las empresas radicadas en el distrito y cuestion\u00f3 a quienes \u201ctienen espalda para sostener a los trabajadores pero cometen abusos\u201d. \u201cTanto los gobiernos nacional como el de la Provincia fueron enf\u00e1ticos en que no se [&hellip;]\" \/>\n<meta property=\"og:url\" content=\"https:\/\/www.noticiasradioreflejos.com.ar\/2021\/la-ministra-de-trabajo-bonaerense-advirtio-que-no-se-toleraran-despidos-en-la-provincia\/\" \/>\n<meta property=\"og:site_name\" content=\"Noticias Radio Reflejos\" \/>\n<meta property=\"article:published_time\" content=\"2020-04-08T19:10:16+00:00\" \/>\n<meta property=\"og:image\" content=\"https:\/\/www.noticiasradioreflejos.com.ar\/2021\/wp-content\/uploads\/2021\/07\/logosol300x200.png\" \/>\n\t<meta property=\"og:image:width\" content=\"300\" \/>\n\t<meta property=\"og:image:height\" content=\"200\" \/>\n\t<meta property=\"og:image:type\" content=\"image\/png\" \/>\n<meta name=\"author\" content=\"Arnaldo Botto\" \/>\n<meta name=\"twitter:card\" content=\"summary_large_image\" \/>\n<script type=\"application\/ld+json\" class=\"yoast-schema-graph\">{\"@context\":\"https:\/\/schema.org\",\"@graph\":[{\"@type\":\"WebPage\",\"@id\":\"https:\/\/www.noticiasradioreflejos.com.ar\/2021\/la-ministra-de-trabajo-bonaerense-advirtio-que-no-se-toleraran-despidos-en-la-provincia\/\",\"url\":\"https:\/\/www.noticiasradioreflejos.com.ar\/2021\/la-ministra-de-trabajo-bonaerense-advirtio-que-no-se-toleraran-despidos-en-la-provincia\/\",\"name\":\"La ministra de Trabajo bonaerense advirti\u00f3 que \\\"no se tolerar\u00e1n despidos\\\" en la Provincia - Noticias Radio Reflejos\",\"isPartOf\":{\"@id\":\"https:\/\/www.noticiasradioreflejos.com.ar\/2021\/#website\"},\"datePublished\":\"2020-04-08T19:10:16+00:00\",\"author\":{\"@id\":\"https:\/\/www.noticiasradioreflejos.com.ar\/2021\/#\/schema\/person\/ad82545263dcc5ec0996818884fd5fb1\"},\"breadcrumb\":{\"@id\":\"https:\/\/www.noticiasradioreflejos.com.ar\/2021\/la-ministra-de-trabajo-bonaerense-advirtio-que-no-se-toleraran-despidos-en-la-provincia\/#breadcrumb\"},\"inLanguage\":\"es\",\"potentialAction\":[{\"@type\":\"ReadAction\",\"target\":[\"https:\/\/www.noticiasradioreflejos.com.ar\/2021\/la-ministra-de-trabajo-bonaerense-advirtio-que-no-se-toleraran-despidos-en-la-provincia\/\"]}]},{\"@type\":\"BreadcrumbList\",\"@id\":\"https:\/\/www.noticiasradioreflejos.com.ar\/2021\/la-ministra-de-trabajo-bonaerense-advirtio-que-no-se-toleraran-despidos-en-la-provincia\/#breadcrumb\",\"itemListElement\":[{\"@type\":\"ListItem\",\"position\":1,\"name\":\"Portada\",\"item\":\"https:\/\/www.noticiasradioreflejos.com.ar\/2021\/\"},{\"@type\":\"ListItem\",\"position\":2,\"name\":\"La ministra de Trabajo bonaerense advirti\u00f3 que \u00abno se tolerar\u00e1n despidos\u00bb en la Provincia\"}]},{\"@type\":\"WebSite\",\"@id\":\"https:\/\/www.noticiasradioreflejos.com.ar\/2021\/#website\",\"url\":\"https:\/\/www.noticiasradioreflejos.com.ar\/2021\/\",\"name\":\"Noticias Radio Reflejos\",\"description\":\"Las noticias de mi comarca\",\"potentialAction\":[{\"@type\":\"SearchAction\",\"target\":{\"@type\":\"EntryPoint\",\"urlTemplate\":\"https:\/\/www.noticiasradioreflejos.com.ar\/2021\/?s={search_term_string}\"},\"query-input\":{\"@type\":\"PropertyValueSpecification\",\"valueRequired\":true,\"valueName\":\"search_term_string\"}}],\"inLanguage\":\"es\"},{\"@type\":\"Person\",\"@id\":\"https:\/\/www.noticiasradioreflejos.com.ar\/2021\/#\/schema\/person\/ad82545263dcc5ec0996818884fd5fb1\",\"name\":\"Arnaldo Botto\",\"image\":{\"@type\":\"ImageObject\",\"inLanguage\":\"es\",\"@id\":\"https:\/\/www.noticiasradioreflejos.com.ar\/2021\/#\/schema\/person\/image\/\",\"url\":\"https:\/\/secure.gravatar.com\/avatar\/55cb5e37c1efa326397366e6974cb338056df65cb50e7d64d1cf314e87504837?s=96&d=mm&r=g\",\"contentUrl\":\"https:\/\/secure.gravatar.com\/avatar\/55cb5e37c1efa326397366e6974cb338056df65cb50e7d64d1cf314e87504837?s=96&d=mm&r=g\",\"caption\":\"Arnaldo Botto\"},\"url\":\"https:\/\/www.noticiasradioreflejos.com.ar\/2021\/author\/arnaldo\/\"}]}<\/script>\n<!-- \/ Yoast SEO plugin. -->","yoast_head_json":{"title":"La ministra de Trabajo bonaerense advirti\u00f3 que \"no se tolerar\u00e1n despidos\" en la Provincia - Noticias Radio Reflejos","robots":{"index":"index","follow":"follow","max-snippet":"max-snippet:-1","max-image-preview":"max-image-preview:large","max-video-preview":"max-video-preview:-1"},"canonical":"https:\/\/www.noticiasradioreflejos.com.ar\/2021\/la-ministra-de-trabajo-bonaerense-advirtio-que-no-se-toleraran-despidos-en-la-provincia\/","og_locale":"es_ES","og_type":"article","og_title":"La ministra de Trabajo bonaerense advirti\u00f3 que \"no se tolerar\u00e1n despidos\" en la Provincia - Noticias Radio Reflejos","og_description":"La ministra de Trabajo bonaerense, Mara Ruiz Malec, advirti\u00f3 hoy que el Gobierno provincial \u201cno va a tolerar despidos\u201d en las empresas radicadas en el distrito y cuestion\u00f3 a quienes \u201ctienen espalda para sostener a los trabajadores pero cometen abusos\u201d. \u201cTanto los gobiernos nacional como el de la Provincia fueron enf\u00e1ticos en que no se [&hellip;]","og_url":"https:\/\/www.noticiasradioreflejos.com.ar\/2021\/la-ministra-de-trabajo-bonaerense-advirtio-que-no-se-toleraran-despidos-en-la-provincia\/","og_site_name":"Noticias Radio Reflejos","article_published_time":"2020-04-08T19:10:16+00:00","og_image":[{"width":300,"height":200,"url":"https:\/\/www.noticiasradioreflejos.com.ar\/2021\/wp-content\/uploads\/2021\/07\/logosol300x200.png","type":"image\/png"}],"author":"Arnaldo Botto","twitter_card":"summary_large_image","schema":{"@context":"https:\/\/schema.org","@graph":[{"@type":"WebPage","@id":"https:\/\/www.noticiasradioreflejos.com.ar\/2021\/la-ministra-de-trabajo-bonaerense-advirtio-que-no-se-toleraran-despidos-en-la-provincia\/","url":"https:\/\/www.noticiasradioreflejos.com.ar\/2021\/la-ministra-de-trabajo-bonaerense-advirtio-que-no-se-toleraran-despidos-en-la-provincia\/","name":"La ministra de Trabajo bonaerense advirti\u00f3 que \"no se tolerar\u00e1n despidos\" en la Provincia - Noticias Radio Reflejos","isPartOf":{"@id":"https:\/\/www.noticiasradioreflejos.com.ar\/2021\/#website"},"datePublished":"2020-04-08T19:10:16+00:00","author":{"@id":"https:\/\/www.noticiasradioreflejos.com.ar\/2021\/#\/schema\/person\/ad82545263dcc5ec0996818884fd5fb1"},"breadcrumb":{"@id":"https:\/\/www.noticiasradioreflejos.com.ar\/2021\/la-ministra-de-trabajo-bonaerense-advirtio-que-no-se-toleraran-despidos-en-la-provincia\/#breadcrumb"},"inLanguage":"es","potentialAction":[{"@type":"ReadAction","target":["https:\/\/www.noticiasradioreflejos.com.ar\/2021\/la-ministra-de-trabajo-bonaerense-advirtio-que-no-se-toleraran-despidos-en-la-provincia\/"]}]},{"@type":"BreadcrumbList","@id":"https:\/\/www.noticiasradioreflejos.com.ar\/2021\/la-ministra-de-trabajo-bonaerense-advirtio-que-no-se-toleraran-despidos-en-la-provincia\/#breadcrumb","itemListElement":[{"@type":"ListItem","position":1,"name":"Portada","item":"https:\/\/www.noticiasradioreflejos.com.ar\/2021\/"},{"@type":"ListItem","position":2,"name":"La ministra de Trabajo bonaerense advirti\u00f3 que \u00abno se tolerar\u00e1n despidos\u00bb en la Provincia"}]},{"@type":"WebSite","@id":"https:\/\/www.noticiasradioreflejos.com.ar\/2021\/#website","url":"https:\/\/www.noticiasradioreflejos.com.ar\/2021\/","name":"Noticias Radio Reflejos","description":"Las noticias de mi comarca","potentialAction":[{"@type":"SearchAction","target":{"@type":"EntryPoint","urlTemplate":"https:\/\/www.noticiasradioreflejos.com.ar\/2021\/?s={search_term_string}"},"query-input":{"@type":"PropertyValueSpecification","valueRequired":true,"valueName":"search_term_string"}}],"inLanguage":"es"},{"@type":"Person","@id":"https:\/\/www.noticiasradioreflejos.com.ar\/2021\/#\/schema\/person\/ad82545263dcc5ec0996818884fd5fb1","name":"Arnaldo Botto","image":{"@type":"ImageObject","inLanguage":"es","@id":"https:\/\/www.noticiasradioreflejos.com.ar\/2021\/#\/schema\/person\/image\/","url":"https:\/\/secure.gravatar.com\/avatar\/55cb5e37c1efa326397366e6974cb338056df65cb50e7d64d1cf314e87504837?s=96&d=mm&r=g","contentUrl":"https:\/\/secure.gravatar.com\/avatar\/55cb5e37c1efa326397366e6974cb338056df65cb50e7d64d1cf314e87504837?s=96&d=mm&r=g","caption":"Arnaldo Botto"},"url":"https:\/\/www.noticiasradioreflejos.com.ar\/2021\/author\/arnaldo\/"}]}},"_links":{"self":[{"href":"https:\/\/www.noticiasradioreflejos.com.ar\/2021\/wp-json\/wp\/v2\/posts\/40566","targetHints":{"allow":["GET"]}}],"collection":[{"href":"https:\/\/www.noticiasradioreflejos.com.ar\/2021\/wp-json\/wp\/v2\/posts"}],"about":[{"href":"https:\/\/www.noticiasradioreflejos.com.ar\/2021\/wp-json\/wp\/v2\/types\/post"}],"author":[{"embeddable":true,"href":"https:\/\/www.noticiasradioreflejos.com.ar\/2021\/wp-json\/wp\/v2\/users\/3"}],"replies":[{"embeddable":true,"href":"https:\/\/www.noticiasradioreflejos.com.ar\/2021\/wp-json\/wp\/v2\/comments?post=40566"}],"version-history":[{"count":0,"href":"https:\/\/www.noticiasradioreflejos.com.ar\/2021\/wp-json\/wp\/v2\/posts\/40566\/revisions"}],"wp:attachment":[{"href":"https:\/\/www.noticiasradioreflejos.com.ar\/2021\/wp-json\/wp\/v2\/media?parent=40566"}],"wp:term":[{"taxonomy":"category","embeddable":true,"href":"https:\/\/www.noticiasradioreflejos.com.ar\/2021\/wp-json\/wp\/v2\/categories?post=40566"},{"taxonomy":"post_tag","embeddable":true,"href":"https:\/\/www.noticiasradioreflejos.com.ar\/2021\/wp-json\/wp\/v2\/tags?post=40566"}],"curies":[{"name":"wp","href":"https:\/\/api.w.org\/{rel}","templated":true}]}}