{"id":40558,"date":"2020-04-08T16:03:03","date_gmt":"2020-04-08T19:03:03","guid":{"rendered":"http:\/\/www.noticiasradioreflejos.com.ar\/noticias\/?p=40558"},"modified":"2020-04-08T16:03:03","modified_gmt":"2020-04-08T19:03:03","slug":"incorporan-a-unos-9000-policias-de-reserva-para-controlar-cumplimiento-de-la-cuarentena","status":"publish","type":"post","link":"https:\/\/www.noticiasradioreflejos.com.ar\/2021\/incorporan-a-unos-9000-policias-de-reserva-para-controlar-cumplimiento-de-la-cuarentena\/","title":{"rendered":"Incorporan a unos 9000 polic\u00edas de reserva para controlar cumplimiento de la cuarentena"},"content":{"rendered":"<p>El ministro de Seguridad bonaerense, Sergio Berni, destac\u00f3 hoy que fueron incorporados unos 9.000 efectivos de reserva para que participen de los controles para que se cumpla la cuarentena decretada por el coronavirus en el territorio bonaerense. El titular de la cartera de Seguridad provincial tambi\u00e9n adelant\u00f3 que el domingo pr\u00f3ximo se proceder\u00e1 a realizar el \u00abrecambio\u00bb de los efectivos que estuvieron trabajando en estos \u00faltimos 14 d\u00edas.<!--more--><\/p>\n<p>\u00abPusimos en marcha 9.000 efectivos de reserva y el domingo se hace el recambio de polic\u00edas que tenemos acantonados desde hace 14 d\u00edas\u00bb, explic\u00f3 Berni en declaraciones al canal Am\u00e9rica.<\/p>\n<p>Por otra parte, el ministro explic\u00f3 que un efectivo de la polic\u00eda provincial se encuentra en cuarentena y afirm\u00f3 que se trata de un agente que particip\u00f3 de la detenci\u00f3n de un hombre que dijo haber estado en contacto con una persona contagiada de coronavirus.<\/p>\n<p>Adem\u00e1s, Berni destac\u00f3 la log\u00edstica que se puso en marcha para preservar a los pilotos de aviaci\u00f3n de Gobernaci\u00f3n \u00abque est\u00e1n encerrados en el Aeropuerto de La Plata, aislados en una casa, esterilizados, listos para volar llevando \u00f3rgano de trasplante o un reci\u00e9n nacido con dificultades\u00bb.<\/p>\n","protected":false},"excerpt":{"rendered":"<p>El ministro de Seguridad bonaerense, Sergio Berni, destac\u00f3 hoy que fueron incorporados unos 9.000 efectivos de reserva para que participen de los controles para que se cumpla la cuarentena decretada por el coronavirus en el territorio bonaerense. El titular de la cartera de Seguridad provincial tambi\u00e9n adelant\u00f3 que el domingo pr\u00f3ximo se proceder\u00e1 a realizar [&hellip;]<\/p>\n","protected":false},"author":3,"featured_media":0,"comment_status":"closed","ping_status":"open","sticky":false,"template":"","format":"standard","meta":{"footnotes":""},"categories":[29],"tags":[],"class_list":["post-40558","post","type-post","status-publish","format-standard","hentry","category-policiales"],"yoast_head":"<!-- This site is optimized with the Yoast SEO plugin v25.9 - https:\/\/yoast.com\/wordpress\/plugins\/seo\/ -->\n<title>Incorporan a unos 9000 polic\u00edas de reserva para controlar cumplimiento de la cuarentena - Noticias Radio Reflejos<\/title>\n<meta name=\"robots\" content=\"index, follow, max-snippet:-1, max-image-preview:large, max-video-preview:-1\" \/>\n<link rel=\"canonical\" href=\"https:\/\/www.noticiasradioreflejos.com.ar\/2021\/incorporan-a-unos-9000-policias-de-reserva-para-controlar-cumplimiento-de-la-cuarentena\/\" \/>\n<meta property=\"og:locale\" content=\"es_ES\" \/>\n<meta property=\"og:type\" content=\"article\" \/>\n<meta property=\"og:title\" content=\"Incorporan a unos 9000 polic\u00edas de reserva para controlar cumplimiento de la cuarentena - Noticias Radio Reflejos\" \/>\n<meta property=\"og:description\" content=\"El ministro de Seguridad bonaerense, Sergio Berni, destac\u00f3 hoy que fueron incorporados unos 9.000 efectivos de reserva para que participen de los controles para que se cumpla la cuarentena decretada por el coronavirus en el territorio bonaerense. El titular de la cartera de Seguridad provincial tambi\u00e9n adelant\u00f3 que el domingo pr\u00f3ximo se proceder\u00e1 a realizar [&hellip;]\" \/>\n<meta property=\"og:url\" content=\"https:\/\/www.noticiasradioreflejos.com.ar\/2021\/incorporan-a-unos-9000-policias-de-reserva-para-controlar-cumplimiento-de-la-cuarentena\/\" \/>\n<meta property=\"og:site_name\" content=\"Noticias Radio Reflejos\" \/>\n<meta property=\"article:published_time\" content=\"2020-04-08T19:03:03+00:00\" \/>\n<meta property=\"og:image\" content=\"https:\/\/www.noticiasradioreflejos.com.ar\/2021\/wp-content\/uploads\/2021\/07\/logosol300x200.png\" \/>\n\t<meta property=\"og:image:width\" content=\"300\" \/>\n\t<meta property=\"og:image:height\" content=\"200\" \/>\n\t<meta property=\"og:image:type\" content=\"image\/png\" \/>\n<meta name=\"author\" content=\"Arnaldo Botto\" \/>\n<meta name=\"twitter:card\" content=\"summary_large_image\" \/>\n<script type=\"application\/ld+json\" class=\"yoast-schema-graph\">{\"@context\":\"https:\/\/schema.org\",\"@graph\":[{\"@type\":\"WebPage\",\"@id\":\"https:\/\/www.noticiasradioreflejos.com.ar\/2021\/incorporan-a-unos-9000-policias-de-reserva-para-controlar-cumplimiento-de-la-cuarentena\/\",\"url\":\"https:\/\/www.noticiasradioreflejos.com.ar\/2021\/incorporan-a-unos-9000-policias-de-reserva-para-controlar-cumplimiento-de-la-cuarentena\/\",\"name\":\"Incorporan a unos 9000 polic\u00edas de reserva para controlar cumplimiento de la cuarentena - Noticias Radio Reflejos\",\"isPartOf\":{\"@id\":\"https:\/\/www.noticiasradioreflejos.com.ar\/2021\/#website\"},\"datePublished\":\"2020-04-08T19:03:03+00:00\",\"author\":{\"@id\":\"https:\/\/www.noticiasradioreflejos.com.ar\/2021\/#\/schema\/person\/ad82545263dcc5ec0996818884fd5fb1\"},\"breadcrumb\":{\"@id\":\"https:\/\/www.noticiasradioreflejos.com.ar\/2021\/incorporan-a-unos-9000-policias-de-reserva-para-controlar-cumplimiento-de-la-cuarentena\/#breadcrumb\"},\"inLanguage\":\"es\",\"potentialAction\":[{\"@type\":\"ReadAction\",\"target\":[\"https:\/\/www.noticiasradioreflejos.com.ar\/2021\/incorporan-a-unos-9000-policias-de-reserva-para-controlar-cumplimiento-de-la-cuarentena\/\"]}]},{\"@type\":\"BreadcrumbList\",\"@id\":\"https:\/\/www.noticiasradioreflejos.com.ar\/2021\/incorporan-a-unos-9000-policias-de-reserva-para-controlar-cumplimiento-de-la-cuarentena\/#breadcrumb\",\"itemListElement\":[{\"@type\":\"ListItem\",\"position\":1,\"name\":\"Portada\",\"item\":\"https:\/\/www.noticiasradioreflejos.com.ar\/2021\/\"},{\"@type\":\"ListItem\",\"position\":2,\"name\":\"Incorporan a unos 9000 polic\u00edas de reserva para controlar cumplimiento de la cuarentena\"}]},{\"@type\":\"WebSite\",\"@id\":\"https:\/\/www.noticiasradioreflejos.com.ar\/2021\/#website\",\"url\":\"https:\/\/www.noticiasradioreflejos.com.ar\/2021\/\",\"name\":\"Noticias Radio Reflejos\",\"description\":\"Las noticias de mi comarca\",\"potentialAction\":[{\"@type\":\"SearchAction\",\"target\":{\"@type\":\"EntryPoint\",\"urlTemplate\":\"https:\/\/www.noticiasradioreflejos.com.ar\/2021\/?s={search_term_string}\"},\"query-input\":{\"@type\":\"PropertyValueSpecification\",\"valueRequired\":true,\"valueName\":\"search_term_string\"}}],\"inLanguage\":\"es\"},{\"@type\":\"Person\",\"@id\":\"https:\/\/www.noticiasradioreflejos.com.ar\/2021\/#\/schema\/person\/ad82545263dcc5ec0996818884fd5fb1\",\"name\":\"Arnaldo Botto\",\"image\":{\"@type\":\"ImageObject\",\"inLanguage\":\"es\",\"@id\":\"https:\/\/www.noticiasradioreflejos.com.ar\/2021\/#\/schema\/person\/image\/\",\"url\":\"https:\/\/secure.gravatar.com\/avatar\/55cb5e37c1efa326397366e6974cb338056df65cb50e7d64d1cf314e87504837?s=96&d=mm&r=g\",\"contentUrl\":\"https:\/\/secure.gravatar.com\/avatar\/55cb5e37c1efa326397366e6974cb338056df65cb50e7d64d1cf314e87504837?s=96&d=mm&r=g\",\"caption\":\"Arnaldo Botto\"},\"url\":\"https:\/\/www.noticiasradioreflejos.com.ar\/2021\/author\/arnaldo\/\"}]}<\/script>\n<!-- \/ Yoast SEO plugin. -->","yoast_head_json":{"title":"Incorporan a unos 9000 polic\u00edas de reserva para controlar cumplimiento de la cuarentena - Noticias Radio Reflejos","robots":{"index":"index","follow":"follow","max-snippet":"max-snippet:-1","max-image-preview":"max-image-preview:large","max-video-preview":"max-video-preview:-1"},"canonical":"https:\/\/www.noticiasradioreflejos.com.ar\/2021\/incorporan-a-unos-9000-policias-de-reserva-para-controlar-cumplimiento-de-la-cuarentena\/","og_locale":"es_ES","og_type":"article","og_title":"Incorporan a unos 9000 polic\u00edas de reserva para controlar cumplimiento de la cuarentena - Noticias Radio Reflejos","og_description":"El ministro de Seguridad bonaerense, Sergio Berni, destac\u00f3 hoy que fueron incorporados unos 9.000 efectivos de reserva para que participen de los controles para que se cumpla la cuarentena decretada por el coronavirus en el territorio bonaerense. El titular de la cartera de Seguridad provincial tambi\u00e9n adelant\u00f3 que el domingo pr\u00f3ximo se proceder\u00e1 a realizar [&hellip;]","og_url":"https:\/\/www.noticiasradioreflejos.com.ar\/2021\/incorporan-a-unos-9000-policias-de-reserva-para-controlar-cumplimiento-de-la-cuarentena\/","og_site_name":"Noticias Radio Reflejos","article_published_time":"2020-04-08T19:03:03+00:00","og_image":[{"width":300,"height":200,"url":"https:\/\/www.noticiasradioreflejos.com.ar\/2021\/wp-content\/uploads\/2021\/07\/logosol300x200.png","type":"image\/png"}],"author":"Arnaldo Botto","twitter_card":"summary_large_image","schema":{"@context":"https:\/\/schema.org","@graph":[{"@type":"WebPage","@id":"https:\/\/www.noticiasradioreflejos.com.ar\/2021\/incorporan-a-unos-9000-policias-de-reserva-para-controlar-cumplimiento-de-la-cuarentena\/","url":"https:\/\/www.noticiasradioreflejos.com.ar\/2021\/incorporan-a-unos-9000-policias-de-reserva-para-controlar-cumplimiento-de-la-cuarentena\/","name":"Incorporan a unos 9000 polic\u00edas de reserva para controlar cumplimiento de la cuarentena - Noticias Radio Reflejos","isPartOf":{"@id":"https:\/\/www.noticiasradioreflejos.com.ar\/2021\/#website"},"datePublished":"2020-04-08T19:03:03+00:00","author":{"@id":"https:\/\/www.noticiasradioreflejos.com.ar\/2021\/#\/schema\/person\/ad82545263dcc5ec0996818884fd5fb1"},"breadcrumb":{"@id":"https:\/\/www.noticiasradioreflejos.com.ar\/2021\/incorporan-a-unos-9000-policias-de-reserva-para-controlar-cumplimiento-de-la-cuarentena\/#breadcrumb"},"inLanguage":"es","potentialAction":[{"@type":"ReadAction","target":["https:\/\/www.noticiasradioreflejos.com.ar\/2021\/incorporan-a-unos-9000-policias-de-reserva-para-controlar-cumplimiento-de-la-cuarentena\/"]}]},{"@type":"BreadcrumbList","@id":"https:\/\/www.noticiasradioreflejos.com.ar\/2021\/incorporan-a-unos-9000-policias-de-reserva-para-controlar-cumplimiento-de-la-cuarentena\/#breadcrumb","itemListElement":[{"@type":"ListItem","position":1,"name":"Portada","item":"https:\/\/www.noticiasradioreflejos.com.ar\/2021\/"},{"@type":"ListItem","position":2,"name":"Incorporan a unos 9000 polic\u00edas de reserva para controlar cumplimiento de la cuarentena"}]},{"@type":"WebSite","@id":"https:\/\/www.noticiasradioreflejos.com.ar\/2021\/#website","url":"https:\/\/www.noticiasradioreflejos.com.ar\/2021\/","name":"Noticias Radio Reflejos","description":"Las noticias de mi comarca","potentialAction":[{"@type":"SearchAction","target":{"@type":"EntryPoint","urlTemplate":"https:\/\/www.noticiasradioreflejos.com.ar\/2021\/?s={search_term_string}"},"query-input":{"@type":"PropertyValueSpecification","valueRequired":true,"valueName":"search_term_string"}}],"inLanguage":"es"},{"@type":"Person","@id":"https:\/\/www.noticiasradioreflejos.com.ar\/2021\/#\/schema\/person\/ad82545263dcc5ec0996818884fd5fb1","name":"Arnaldo Botto","image":{"@type":"ImageObject","inLanguage":"es","@id":"https:\/\/www.noticiasradioreflejos.com.ar\/2021\/#\/schema\/person\/image\/","url":"https:\/\/secure.gravatar.com\/avatar\/55cb5e37c1efa326397366e6974cb338056df65cb50e7d64d1cf314e87504837?s=96&d=mm&r=g","contentUrl":"https:\/\/secure.gravatar.com\/avatar\/55cb5e37c1efa326397366e6974cb338056df65cb50e7d64d1cf314e87504837?s=96&d=mm&r=g","caption":"Arnaldo Botto"},"url":"https:\/\/www.noticiasradioreflejos.com.ar\/2021\/author\/arnaldo\/"}]}},"_links":{"self":[{"href":"https:\/\/www.noticiasradioreflejos.com.ar\/2021\/wp-json\/wp\/v2\/posts\/40558","targetHints":{"allow":["GET"]}}],"collection":[{"href":"https:\/\/www.noticiasradioreflejos.com.ar\/2021\/wp-json\/wp\/v2\/posts"}],"about":[{"href":"https:\/\/www.noticiasradioreflejos.com.ar\/2021\/wp-json\/wp\/v2\/types\/post"}],"author":[{"embeddable":true,"href":"https:\/\/www.noticiasradioreflejos.com.ar\/2021\/wp-json\/wp\/v2\/users\/3"}],"replies":[{"embeddable":true,"href":"https:\/\/www.noticiasradioreflejos.com.ar\/2021\/wp-json\/wp\/v2\/comments?post=40558"}],"version-history":[{"count":0,"href":"https:\/\/www.noticiasradioreflejos.com.ar\/2021\/wp-json\/wp\/v2\/posts\/40558\/revisions"}],"wp:attachment":[{"href":"https:\/\/www.noticiasradioreflejos.com.ar\/2021\/wp-json\/wp\/v2\/media?parent=40558"}],"wp:term":[{"taxonomy":"category","embeddable":true,"href":"https:\/\/www.noticiasradioreflejos.com.ar\/2021\/wp-json\/wp\/v2\/categories?post=40558"},{"taxonomy":"post_tag","embeddable":true,"href":"https:\/\/www.noticiasradioreflejos.com.ar\/2021\/wp-json\/wp\/v2\/tags?post=40558"}],"curies":[{"name":"wp","href":"https:\/\/api.w.org\/{rel}","templated":true}]}}