{"id":40554,"date":"2020-04-08T15:44:06","date_gmt":"2020-04-08T18:44:06","guid":{"rendered":"http:\/\/www.noticiasradioreflejos.com.ar\/noticias\/?p=40554"},"modified":"2020-04-08T15:44:06","modified_gmt":"2020-04-08T18:44:06","slug":"barbijos-caseros-no-son-igual-de-eficientes-que-los-quirurgicos-genera-una-falsa-seguridad-y-deja-de-lado-medidas-que-si-son-importantes-como-mantener-distancia-y-lavarse-las-manos-dra-lor","status":"publish","type":"post","link":"https:\/\/www.noticiasradioreflejos.com.ar\/2021\/barbijos-caseros-no-son-igual-de-eficientes-que-los-quirurgicos-genera-una-falsa-seguridad-y-deja-de-lado-medidas-que-si-son-importantes-como-mantener-distancia-y-lavarse-las-manos-dra-lor\/","title":{"rendered":"\u00abLos barbijos caseros no son igual de eficientes que los quir\u00fargicos. Genera una falsa seguridad y deja de lado medidas que s\u00ed son importantes, como mantener distancia y lavarse las manos\u201d. Dra Lorena Cabaleiro"},"content":{"rendered":"<p><a title=\"Dra. Lorena Cabaleiro\" href=\"http:\/\/live.staticflickr.com\/65535\/49749976123_6ea42ea8d1_s.jpg\" rel=\"\"><img loading=\"lazy\" decoding=\"async\" class=\"alignleft\" style=\"float: left;\" title=\"Dra. Lorena Cabaleiro\" src=\"http:\/\/live.staticflickr.com\/65535\/49749976123_6ea42ea8d1_w.jpg\" alt=\"Dra. Lorena Cabaleiro\" width=\"383\" height=\"400\" \/><\/a>Durante la ma\u00f1ana de la radio, se entrevist\u00f3 a la Infect\u00f3loga\u00a0 Dra. Lorena Cabaleiro, quien\u00a0brindo definiciones sobre\u00a0la situaci\u00f3n del \u00e1rea de salud del distrito de Tornquist. Destac\u00f3 que el uso del barbijo se recomienda en zonas de transmisi\u00f3n comunitaria, como Capital Federal, C\u00f3rdoba Capital, etc. Si alg\u00fan caso se presentar\u00e1 en la zona, solamente debe utilizarse el barbijo en situaciones donde no se pueda mantener 1 metro de distancia en un lugar cerrado. Adem\u00e1s, aclar\u00f3 que este es un virus que no queda en el aire, que se transmite por gota y que la distancia de contagio debe ser menor a un metro.<br \/>\n<!--more--><br \/>\nHablando sobre la concientizaci\u00f3n de la gente en general, la m\u00e9dica expres\u00f3 \u201cEntiendo que hay mucho temor de parte de la poblaci\u00f3n. El ministerio explico c\u00f3mo realizar barbijos caseros pero no son igual de eficientes que los barbijos quir\u00fargicos. Genera una falsa seguridad y deja de lado medidas que s\u00ed son importantes, como mantener distancia y lavarse las manos\u201d.<br \/>\nTodos hablan de que la curva va a crecer a fines de este mes con caso de infectados. Qu\u00e9 panorama en Tornquist, como est\u00e1n los operativos en los lugares de salud.<br \/>\nCon respecto al crecimiento de la curva de infectados para fines de Abril, Lorena explic\u00f3 que los virus respiratorios en las \u00e9pocas de fr\u00edo se expanden mucho m\u00e1s f\u00e1cilmente, entonces el hecho de que nuevos casos aparezcan en esta \u00e9poca ya estaba previsto. \u201cNuestro problema no son las personas que estuvieron en el exterior\u201d agreg\u00f3, \u201csino las personas que vengan desde Buenos Aires, de Santa Fe, de C\u00f3rdoba, es decir, todos los transportistas, camioneros, son nuestro mayor riesgo en Tornquist\u201d.<br \/>\nLa Infect\u00f3loga coment\u00f3 que los dos centros que van a recibir posibles casos en el distrito ser\u00e1n el Hospital Municipal de Tornquist y la sala m\u00e9dica de Sierra de la Ventana y que los dos est\u00e1n preparados para hacerlo. Tambi\u00e9n inform\u00f3 que en este momento no est\u00e1n recibiendo casos respiratorios, y que nota que, en general, la mayor\u00eda de las personas tomaron mucha conciencia en las guardias. Adem\u00e1s explic\u00f3 que en el momento no est\u00e1n recibiendo respiradores, pero que cuando llegue el momento de recibir casos, la guardia se va a dividir. Por un lado, ingresar\u00e1n los pacientes respiratorios y se habilitar\u00e1 otro sector para el resto de la guardia.<br \/>\nEn caso de tener toz y fiebre, la doctora recomienda llamar al celular de Atenci\u00f3n Ciudadana (4137411) quienes son los que orientar\u00e1n a los pacientes a trav\u00e9s de un protocolo. \u201cEn el caso de haber tos y fiebre siempre se recomienda comunicarse con el m\u00e9dico de cabecera, pero si tienen dificultad respiratoria, directamente yo les dir\u00eda que vayan al hospital\u201d recalc\u00f3.<br \/>\n<iframe loading=\"lazy\" src=\"https:\/\/w.soundcloud.com\/player\/?url=https%3A\/\/api.soundcloud.com\/tracks\/793948453&amp;color=%23ff5500&amp;auto_play=false&amp;hide_related=false&amp;show_comments=true&amp;show_user=true&amp;show_reposts=false&amp;show_teaser=true\" width=\"100%\" height=\"166\" frameborder=\"no\" scrolling=\"no\"><\/iframe><\/p>\n","protected":false},"excerpt":{"rendered":"<p>Durante la ma\u00f1ana de la radio, se entrevist\u00f3 a la Infect\u00f3loga\u00a0 Dra. Lorena Cabaleiro, quien\u00a0brindo definiciones sobre\u00a0la situaci\u00f3n del \u00e1rea de salud del distrito de Tornquist. Destac\u00f3 que el uso del barbijo se recomienda en zonas de transmisi\u00f3n comunitaria, como Capital Federal, C\u00f3rdoba Capital, etc. Si alg\u00fan caso se presentar\u00e1 en la zona, solamente debe [&hellip;]<\/p>\n","protected":false},"author":3,"featured_media":0,"comment_status":"closed","ping_status":"open","sticky":false,"template":"","format":"standard","meta":{"footnotes":""},"categories":[30],"tags":[],"class_list":["post-40554","post","type-post","status-publish","format-standard","hentry","category-salud"],"yoast_head":"<!-- This site is optimized with the Yoast SEO plugin v25.9 - https:\/\/yoast.com\/wordpress\/plugins\/seo\/ -->\n<title>&quot;Los barbijos caseros no son igual de eficientes que los quir\u00fargicos. Genera una falsa seguridad y deja de lado medidas que s\u00ed son importantes, como mantener distancia y lavarse las manos\u201d. Dra Lorena Cabaleiro - Noticias Radio Reflejos<\/title>\n<meta name=\"robots\" content=\"index, follow, max-snippet:-1, max-image-preview:large, max-video-preview:-1\" \/>\n<link rel=\"canonical\" href=\"https:\/\/www.noticiasradioreflejos.com.ar\/2021\/barbijos-caseros-no-son-igual-de-eficientes-que-los-quirurgicos-genera-una-falsa-seguridad-y-deja-de-lado-medidas-que-si-son-importantes-como-mantener-distancia-y-lavarse-las-manos-dra-lor\/\" \/>\n<meta property=\"og:locale\" content=\"es_ES\" \/>\n<meta property=\"og:type\" content=\"article\" \/>\n<meta property=\"og:title\" content=\"&quot;Los barbijos caseros no son igual de eficientes que los quir\u00fargicos. Genera una falsa seguridad y deja de lado medidas que s\u00ed son importantes, como mantener distancia y lavarse las manos\u201d. Dra Lorena Cabaleiro - Noticias Radio Reflejos\" \/>\n<meta property=\"og:description\" content=\"Durante la ma\u00f1ana de la radio, se entrevist\u00f3 a la Infect\u00f3loga\u00a0 Dra. Lorena Cabaleiro, quien\u00a0brindo definiciones sobre\u00a0la situaci\u00f3n del \u00e1rea de salud del distrito de Tornquist. Destac\u00f3 que el uso del barbijo se recomienda en zonas de transmisi\u00f3n comunitaria, como Capital Federal, C\u00f3rdoba Capital, etc. Si alg\u00fan caso se presentar\u00e1 en la zona, solamente debe [&hellip;]\" \/>\n<meta property=\"og:url\" content=\"https:\/\/www.noticiasradioreflejos.com.ar\/2021\/barbijos-caseros-no-son-igual-de-eficientes-que-los-quirurgicos-genera-una-falsa-seguridad-y-deja-de-lado-medidas-que-si-son-importantes-como-mantener-distancia-y-lavarse-las-manos-dra-lor\/\" \/>\n<meta property=\"og:site_name\" content=\"Noticias Radio Reflejos\" \/>\n<meta property=\"article:published_time\" content=\"2020-04-08T18:44:06+00:00\" \/>\n<meta property=\"og:image\" content=\"http:\/\/live.staticflickr.com\/65535\/49749976123_6ea42ea8d1_w.jpg\" \/>\n<meta name=\"author\" content=\"Arnaldo Botto\" \/>\n<meta name=\"twitter:card\" content=\"summary_large_image\" \/>\n<script type=\"application\/ld+json\" class=\"yoast-schema-graph\">{\"@context\":\"https:\/\/schema.org\",\"@graph\":[{\"@type\":\"WebPage\",\"@id\":\"https:\/\/www.noticiasradioreflejos.com.ar\/2021\/barbijos-caseros-no-son-igual-de-eficientes-que-los-quirurgicos-genera-una-falsa-seguridad-y-deja-de-lado-medidas-que-si-son-importantes-como-mantener-distancia-y-lavarse-las-manos-dra-lor\/\",\"url\":\"https:\/\/www.noticiasradioreflejos.com.ar\/2021\/barbijos-caseros-no-son-igual-de-eficientes-que-los-quirurgicos-genera-una-falsa-seguridad-y-deja-de-lado-medidas-que-si-son-importantes-como-mantener-distancia-y-lavarse-las-manos-dra-lor\/\",\"name\":\"\\\"Los barbijos caseros no son igual de eficientes que los quir\u00fargicos. Genera una falsa seguridad y deja de lado medidas que s\u00ed son importantes, como mantener distancia y lavarse las manos\u201d. Dra Lorena Cabaleiro - Noticias Radio Reflejos\",\"isPartOf\":{\"@id\":\"https:\/\/www.noticiasradioreflejos.com.ar\/2021\/#website\"},\"primaryImageOfPage\":{\"@id\":\"https:\/\/www.noticiasradioreflejos.com.ar\/2021\/barbijos-caseros-no-son-igual-de-eficientes-que-los-quirurgicos-genera-una-falsa-seguridad-y-deja-de-lado-medidas-que-si-son-importantes-como-mantener-distancia-y-lavarse-las-manos-dra-lor\/#primaryimage\"},\"image\":{\"@id\":\"https:\/\/www.noticiasradioreflejos.com.ar\/2021\/barbijos-caseros-no-son-igual-de-eficientes-que-los-quirurgicos-genera-una-falsa-seguridad-y-deja-de-lado-medidas-que-si-son-importantes-como-mantener-distancia-y-lavarse-las-manos-dra-lor\/#primaryimage\"},\"thumbnailUrl\":\"http:\/\/live.staticflickr.com\/65535\/49749976123_6ea42ea8d1_w.jpg\",\"datePublished\":\"2020-04-08T18:44:06+00:00\",\"author\":{\"@id\":\"https:\/\/www.noticiasradioreflejos.com.ar\/2021\/#\/schema\/person\/ad82545263dcc5ec0996818884fd5fb1\"},\"breadcrumb\":{\"@id\":\"https:\/\/www.noticiasradioreflejos.com.ar\/2021\/barbijos-caseros-no-son-igual-de-eficientes-que-los-quirurgicos-genera-una-falsa-seguridad-y-deja-de-lado-medidas-que-si-son-importantes-como-mantener-distancia-y-lavarse-las-manos-dra-lor\/#breadcrumb\"},\"inLanguage\":\"es\",\"potentialAction\":[{\"@type\":\"ReadAction\",\"target\":[\"https:\/\/www.noticiasradioreflejos.com.ar\/2021\/barbijos-caseros-no-son-igual-de-eficientes-que-los-quirurgicos-genera-una-falsa-seguridad-y-deja-de-lado-medidas-que-si-son-importantes-como-mantener-distancia-y-lavarse-las-manos-dra-lor\/\"]}]},{\"@type\":\"ImageObject\",\"inLanguage\":\"es\",\"@id\":\"https:\/\/www.noticiasradioreflejos.com.ar\/2021\/barbijos-caseros-no-son-igual-de-eficientes-que-los-quirurgicos-genera-una-falsa-seguridad-y-deja-de-lado-medidas-que-si-son-importantes-como-mantener-distancia-y-lavarse-las-manos-dra-lor\/#primaryimage\",\"url\":\"http:\/\/live.staticflickr.com\/65535\/49749976123_6ea42ea8d1_w.jpg\",\"contentUrl\":\"http:\/\/live.staticflickr.com\/65535\/49749976123_6ea42ea8d1_w.jpg\"},{\"@type\":\"BreadcrumbList\",\"@id\":\"https:\/\/www.noticiasradioreflejos.com.ar\/2021\/barbijos-caseros-no-son-igual-de-eficientes-que-los-quirurgicos-genera-una-falsa-seguridad-y-deja-de-lado-medidas-que-si-son-importantes-como-mantener-distancia-y-lavarse-las-manos-dra-lor\/#breadcrumb\",\"itemListElement\":[{\"@type\":\"ListItem\",\"position\":1,\"name\":\"Portada\",\"item\":\"https:\/\/www.noticiasradioreflejos.com.ar\/2021\/\"},{\"@type\":\"ListItem\",\"position\":2,\"name\":\"\u00abLos barbijos caseros no son igual de eficientes que los quir\u00fargicos. Genera una falsa seguridad y deja de lado medidas que s\u00ed son importantes, como mantener distancia y lavarse las manos\u201d. Dra Lorena Cabaleiro\"}]},{\"@type\":\"WebSite\",\"@id\":\"https:\/\/www.noticiasradioreflejos.com.ar\/2021\/#website\",\"url\":\"https:\/\/www.noticiasradioreflejos.com.ar\/2021\/\",\"name\":\"Noticias Radio Reflejos\",\"description\":\"Las noticias de mi comarca\",\"potentialAction\":[{\"@type\":\"SearchAction\",\"target\":{\"@type\":\"EntryPoint\",\"urlTemplate\":\"https:\/\/www.noticiasradioreflejos.com.ar\/2021\/?s={search_term_string}\"},\"query-input\":{\"@type\":\"PropertyValueSpecification\",\"valueRequired\":true,\"valueName\":\"search_term_string\"}}],\"inLanguage\":\"es\"},{\"@type\":\"Person\",\"@id\":\"https:\/\/www.noticiasradioreflejos.com.ar\/2021\/#\/schema\/person\/ad82545263dcc5ec0996818884fd5fb1\",\"name\":\"Arnaldo Botto\",\"image\":{\"@type\":\"ImageObject\",\"inLanguage\":\"es\",\"@id\":\"https:\/\/www.noticiasradioreflejos.com.ar\/2021\/#\/schema\/person\/image\/\",\"url\":\"https:\/\/secure.gravatar.com\/avatar\/55cb5e37c1efa326397366e6974cb338056df65cb50e7d64d1cf314e87504837?s=96&d=mm&r=g\",\"contentUrl\":\"https:\/\/secure.gravatar.com\/avatar\/55cb5e37c1efa326397366e6974cb338056df65cb50e7d64d1cf314e87504837?s=96&d=mm&r=g\",\"caption\":\"Arnaldo Botto\"},\"url\":\"https:\/\/www.noticiasradioreflejos.com.ar\/2021\/author\/arnaldo\/\"}]}<\/script>\n<!-- \/ Yoast SEO plugin. -->","yoast_head_json":{"title":"\"Los barbijos caseros no son igual de eficientes que los quir\u00fargicos. Genera una falsa seguridad y deja de lado medidas que s\u00ed son importantes, como mantener distancia y lavarse las manos\u201d. Dra Lorena Cabaleiro - Noticias Radio Reflejos","robots":{"index":"index","follow":"follow","max-snippet":"max-snippet:-1","max-image-preview":"max-image-preview:large","max-video-preview":"max-video-preview:-1"},"canonical":"https:\/\/www.noticiasradioreflejos.com.ar\/2021\/barbijos-caseros-no-son-igual-de-eficientes-que-los-quirurgicos-genera-una-falsa-seguridad-y-deja-de-lado-medidas-que-si-son-importantes-como-mantener-distancia-y-lavarse-las-manos-dra-lor\/","og_locale":"es_ES","og_type":"article","og_title":"\"Los barbijos caseros no son igual de eficientes que los quir\u00fargicos. Genera una falsa seguridad y deja de lado medidas que s\u00ed son importantes, como mantener distancia y lavarse las manos\u201d. Dra Lorena Cabaleiro - Noticias Radio Reflejos","og_description":"Durante la ma\u00f1ana de la radio, se entrevist\u00f3 a la Infect\u00f3loga\u00a0 Dra. Lorena Cabaleiro, quien\u00a0brindo definiciones sobre\u00a0la situaci\u00f3n del \u00e1rea de salud del distrito de Tornquist. Destac\u00f3 que el uso del barbijo se recomienda en zonas de transmisi\u00f3n comunitaria, como Capital Federal, C\u00f3rdoba Capital, etc. Si alg\u00fan caso se presentar\u00e1 en la zona, solamente debe [&hellip;]","og_url":"https:\/\/www.noticiasradioreflejos.com.ar\/2021\/barbijos-caseros-no-son-igual-de-eficientes-que-los-quirurgicos-genera-una-falsa-seguridad-y-deja-de-lado-medidas-que-si-son-importantes-como-mantener-distancia-y-lavarse-las-manos-dra-lor\/","og_site_name":"Noticias Radio Reflejos","article_published_time":"2020-04-08T18:44:06+00:00","og_image":[{"url":"http:\/\/live.staticflickr.com\/65535\/49749976123_6ea42ea8d1_w.jpg","type":"","width":"","height":""}],"author":"Arnaldo Botto","twitter_card":"summary_large_image","schema":{"@context":"https:\/\/schema.org","@graph":[{"@type":"WebPage","@id":"https:\/\/www.noticiasradioreflejos.com.ar\/2021\/barbijos-caseros-no-son-igual-de-eficientes-que-los-quirurgicos-genera-una-falsa-seguridad-y-deja-de-lado-medidas-que-si-son-importantes-como-mantener-distancia-y-lavarse-las-manos-dra-lor\/","url":"https:\/\/www.noticiasradioreflejos.com.ar\/2021\/barbijos-caseros-no-son-igual-de-eficientes-que-los-quirurgicos-genera-una-falsa-seguridad-y-deja-de-lado-medidas-que-si-son-importantes-como-mantener-distancia-y-lavarse-las-manos-dra-lor\/","name":"\"Los barbijos caseros no son igual de eficientes que los quir\u00fargicos. Genera una falsa seguridad y deja de lado medidas que s\u00ed son importantes, como mantener distancia y lavarse las manos\u201d. Dra Lorena Cabaleiro - Noticias Radio Reflejos","isPartOf":{"@id":"https:\/\/www.noticiasradioreflejos.com.ar\/2021\/#website"},"primaryImageOfPage":{"@id":"https:\/\/www.noticiasradioreflejos.com.ar\/2021\/barbijos-caseros-no-son-igual-de-eficientes-que-los-quirurgicos-genera-una-falsa-seguridad-y-deja-de-lado-medidas-que-si-son-importantes-como-mantener-distancia-y-lavarse-las-manos-dra-lor\/#primaryimage"},"image":{"@id":"https:\/\/www.noticiasradioreflejos.com.ar\/2021\/barbijos-caseros-no-son-igual-de-eficientes-que-los-quirurgicos-genera-una-falsa-seguridad-y-deja-de-lado-medidas-que-si-son-importantes-como-mantener-distancia-y-lavarse-las-manos-dra-lor\/#primaryimage"},"thumbnailUrl":"http:\/\/live.staticflickr.com\/65535\/49749976123_6ea42ea8d1_w.jpg","datePublished":"2020-04-08T18:44:06+00:00","author":{"@id":"https:\/\/www.noticiasradioreflejos.com.ar\/2021\/#\/schema\/person\/ad82545263dcc5ec0996818884fd5fb1"},"breadcrumb":{"@id":"https:\/\/www.noticiasradioreflejos.com.ar\/2021\/barbijos-caseros-no-son-igual-de-eficientes-que-los-quirurgicos-genera-una-falsa-seguridad-y-deja-de-lado-medidas-que-si-son-importantes-como-mantener-distancia-y-lavarse-las-manos-dra-lor\/#breadcrumb"},"inLanguage":"es","potentialAction":[{"@type":"ReadAction","target":["https:\/\/www.noticiasradioreflejos.com.ar\/2021\/barbijos-caseros-no-son-igual-de-eficientes-que-los-quirurgicos-genera-una-falsa-seguridad-y-deja-de-lado-medidas-que-si-son-importantes-como-mantener-distancia-y-lavarse-las-manos-dra-lor\/"]}]},{"@type":"ImageObject","inLanguage":"es","@id":"https:\/\/www.noticiasradioreflejos.com.ar\/2021\/barbijos-caseros-no-son-igual-de-eficientes-que-los-quirurgicos-genera-una-falsa-seguridad-y-deja-de-lado-medidas-que-si-son-importantes-como-mantener-distancia-y-lavarse-las-manos-dra-lor\/#primaryimage","url":"http:\/\/live.staticflickr.com\/65535\/49749976123_6ea42ea8d1_w.jpg","contentUrl":"http:\/\/live.staticflickr.com\/65535\/49749976123_6ea42ea8d1_w.jpg"},{"@type":"BreadcrumbList","@id":"https:\/\/www.noticiasradioreflejos.com.ar\/2021\/barbijos-caseros-no-son-igual-de-eficientes-que-los-quirurgicos-genera-una-falsa-seguridad-y-deja-de-lado-medidas-que-si-son-importantes-como-mantener-distancia-y-lavarse-las-manos-dra-lor\/#breadcrumb","itemListElement":[{"@type":"ListItem","position":1,"name":"Portada","item":"https:\/\/www.noticiasradioreflejos.com.ar\/2021\/"},{"@type":"ListItem","position":2,"name":"\u00abLos barbijos caseros no son igual de eficientes que los quir\u00fargicos. Genera una falsa seguridad y deja de lado medidas que s\u00ed son importantes, como mantener distancia y lavarse las manos\u201d. Dra Lorena Cabaleiro"}]},{"@type":"WebSite","@id":"https:\/\/www.noticiasradioreflejos.com.ar\/2021\/#website","url":"https:\/\/www.noticiasradioreflejos.com.ar\/2021\/","name":"Noticias Radio Reflejos","description":"Las noticias de mi comarca","potentialAction":[{"@type":"SearchAction","target":{"@type":"EntryPoint","urlTemplate":"https:\/\/www.noticiasradioreflejos.com.ar\/2021\/?s={search_term_string}"},"query-input":{"@type":"PropertyValueSpecification","valueRequired":true,"valueName":"search_term_string"}}],"inLanguage":"es"},{"@type":"Person","@id":"https:\/\/www.noticiasradioreflejos.com.ar\/2021\/#\/schema\/person\/ad82545263dcc5ec0996818884fd5fb1","name":"Arnaldo Botto","image":{"@type":"ImageObject","inLanguage":"es","@id":"https:\/\/www.noticiasradioreflejos.com.ar\/2021\/#\/schema\/person\/image\/","url":"https:\/\/secure.gravatar.com\/avatar\/55cb5e37c1efa326397366e6974cb338056df65cb50e7d64d1cf314e87504837?s=96&d=mm&r=g","contentUrl":"https:\/\/secure.gravatar.com\/avatar\/55cb5e37c1efa326397366e6974cb338056df65cb50e7d64d1cf314e87504837?s=96&d=mm&r=g","caption":"Arnaldo Botto"},"url":"https:\/\/www.noticiasradioreflejos.com.ar\/2021\/author\/arnaldo\/"}]}},"_links":{"self":[{"href":"https:\/\/www.noticiasradioreflejos.com.ar\/2021\/wp-json\/wp\/v2\/posts\/40554","targetHints":{"allow":["GET"]}}],"collection":[{"href":"https:\/\/www.noticiasradioreflejos.com.ar\/2021\/wp-json\/wp\/v2\/posts"}],"about":[{"href":"https:\/\/www.noticiasradioreflejos.com.ar\/2021\/wp-json\/wp\/v2\/types\/post"}],"author":[{"embeddable":true,"href":"https:\/\/www.noticiasradioreflejos.com.ar\/2021\/wp-json\/wp\/v2\/users\/3"}],"replies":[{"embeddable":true,"href":"https:\/\/www.noticiasradioreflejos.com.ar\/2021\/wp-json\/wp\/v2\/comments?post=40554"}],"version-history":[{"count":0,"href":"https:\/\/www.noticiasradioreflejos.com.ar\/2021\/wp-json\/wp\/v2\/posts\/40554\/revisions"}],"wp:attachment":[{"href":"https:\/\/www.noticiasradioreflejos.com.ar\/2021\/wp-json\/wp\/v2\/media?parent=40554"}],"wp:term":[{"taxonomy":"category","embeddable":true,"href":"https:\/\/www.noticiasradioreflejos.com.ar\/2021\/wp-json\/wp\/v2\/categories?post=40554"},{"taxonomy":"post_tag","embeddable":true,"href":"https:\/\/www.noticiasradioreflejos.com.ar\/2021\/wp-json\/wp\/v2\/tags?post=40554"}],"curies":[{"name":"wp","href":"https:\/\/api.w.org\/{rel}","templated":true}]}}