{"id":40545,"date":"2020-04-08T11:48:35","date_gmt":"2020-04-08T14:48:35","guid":{"rendered":"http:\/\/www.noticiasradioreflejos.com.ar\/noticias\/?p=40545"},"modified":"2020-04-08T11:48:35","modified_gmt":"2020-04-08T14:48:35","slug":"el-uso-de-barbijos-caseros-es-una-medida-adicional-y-no-reemplaza-a-las-otras-dijo-vizzotti","status":"publish","type":"post","link":"https:\/\/www.noticiasradioreflejos.com.ar\/2021\/el-uso-de-barbijos-caseros-es-una-medida-adicional-y-no-reemplaza-a-las-otras-dijo-vizzotti\/","title":{"rendered":"El uso de barbijos caseros es una medida \u00abadicional\u00bb y \u00abno reemplaza a las otras\u00bb, dijo Vizzotti"},"content":{"rendered":"<p>Telam &#8211; La secretaria de Acceso a la Salud, Carla Vizzotti, explic\u00f3 hoy que el uso de barbijos caseros es una medida de protecci\u00f3n \u00abadicional\u00bb para evitar difundir el coronavirus en per\u00edodos asintom\u00e1ticos de la enfermedad pero que de ninguna manera \u00abreemplaza\u00bb al lavado de manos y superficies, la ventilaci\u00f3n de ambientes y, sobre todo, no elimina la necesidad del distanciamiento social.<!--more--><\/p>\n<p>En referencia al inicio de la Semana Santa, Vizzotti record\u00f3 que estos d\u00edas \u00abno son vacaciones\u00bb y pidi\u00f3 a la ciudadan\u00eda \u00abseguir en casa\u00bb<\/p>\n<p>Durante la presentaci\u00f3n del reporte diario que realiza la cartera sanitaria, la funcionaria se\u00f1al\u00f3 que los barbijos de \u00abquir\u00fargicos\u00bb o de \u00abalta eficacia\u00bb son \u00abinsumos cr\u00edticos a nivel mundial\u00bb que deben reservarse para los equipos de salud y para personas con s\u00edntomas, casos sospechosos y confirmados de la enfermedad.<\/p>\n<p>M\u00e1s all\u00e1 de estas aclaraciones, Vizzotti reiter\u00f3 que si alguien quiere avanzar con la confecci\u00f3n de un barbijo o cubreboca casero, debe tener en cuenta que su utilizaci\u00f3n es adicional a las medidas ya impartidas y subray\u00f3 que el uso de esos implementos sirve para \u00abminimizar la transmisi\u00f3n\u00bb a otras personas y no como protecci\u00f3n para el portador.<\/p>\n<p>\u00abSi alguien que decide usarlos tienen que saber varios conceptos: debe tener varias capas de tela, tiene que poder ajustarse a la cara, que es de uso individual, y que debe poder lavarse y reutilizarse\u00bb, aclar\u00f3.<\/p>\n<p>Adem\u00e1s pidi\u00f3 desterrar la \u00abfalsa sensaci\u00f3n de seguridad\u00bb que puede derivarse del uso de los cubrebocas y por ello dijo que aquellos que los usen no pueden, por ejemplo, organizar o participar de reuniones.<\/p>\n<p>La funcionaria tambi\u00e9n hizo referencia al inicio de la Semana Santa para expresar que estos d\u00edas \u00abno son vacaciones\u00bb y pidi\u00f3 a la ciudadan\u00eda \u00abseguir en casa\u00bb ya que \u00abla disminuci\u00f3n de la circulaci\u00f3n de las personas se traduce en la disminuci\u00f3n de la transmisi\u00f3n del virus\u00bb.<\/p>\n<p>La poblaci\u00f3n tiene que \u00abseguir haciendo este esfuerzo para seguir teniendo los resultados que estamos teniendo\u00bb, se\u00f1al\u00f3 Vizzotti en relaci\u00f3n al aislamiento.<\/p>\n<p>Por otra parte, el reporte matutino de coronavirus reiter\u00f3 la cantidad de fallecidos suministrada ayer, ubicando esa n\u00f3mina en 60 personas.<\/p>\n<p>El total de casos confirmados es de 1.715, de los cuales 738 (43%) son importados, 588 (34%) son contactos estrechos de casos confirmados, 205 (12%) son casos de circulaci\u00f3n comunitaria.<\/p>\n<p>El 44% de los infectados son mujeres y el 56% son hombres y a la fecha ya se prescribieron altas para 358 personas.<\/p>\n<p>Ayer fueron realizados 1.552 nuevos test y desde el inicio del brote se realizaron 13.330 pruebas diagn\u00f3sticas para esta enfermedad, lo que equivale a 293,8 muestras por mill\u00f3n de habitantes.<\/p>\n<p>Las principales franjas etarias afectadas de los casos registrados corresponden a personas de entre 20 y 59 a\u00f1os, siendo la edad promedio de 45 a\u00f1os.<\/p>\n<p>La Ciudad de Buenos Aires, con 480 casos, encabeza los distritos con mayor cantidad de infectados acumulados desde el inicio de la pandemia, seguida por la Provincia de Buenos Aires con 443 casos y por Santa Fe con 187.<\/p>\n<p>Adem\u00e1s de Vizzotti, del reporte matutino del ministerio participaron Alejandro Costa, subsecretario de Estrategias Sanitarias, y Elsa Baumeister, jefa de Servicio de Virosis Respiratorias Anlis Malbr\u00e1n.<\/p>\n","protected":false},"excerpt":{"rendered":"<p>Telam &#8211; La secretaria de Acceso a la Salud, Carla Vizzotti, explic\u00f3 hoy que el uso de barbijos caseros es una medida de protecci\u00f3n \u00abadicional\u00bb para evitar difundir el coronavirus en per\u00edodos asintom\u00e1ticos de la enfermedad pero que de ninguna manera \u00abreemplaza\u00bb al lavado de manos y superficies, la ventilaci\u00f3n de ambientes y, sobre todo, [&hellip;]<\/p>\n","protected":false},"author":3,"featured_media":0,"comment_status":"closed","ping_status":"open","sticky":false,"template":"","format":"standard","meta":{"footnotes":""},"categories":[30],"tags":[],"class_list":["post-40545","post","type-post","status-publish","format-standard","hentry","category-salud"],"yoast_head":"<!-- This site is optimized with the Yoast SEO plugin v25.9 - https:\/\/yoast.com\/wordpress\/plugins\/seo\/ -->\n<title>El uso de barbijos caseros es una medida &quot;adicional&quot; y &quot;no reemplaza a las otras&quot;, dijo Vizzotti - Noticias Radio Reflejos<\/title>\n<meta name=\"robots\" content=\"index, follow, max-snippet:-1, max-image-preview:large, max-video-preview:-1\" \/>\n<link rel=\"canonical\" href=\"https:\/\/www.noticiasradioreflejos.com.ar\/2021\/el-uso-de-barbijos-caseros-es-una-medida-adicional-y-no-reemplaza-a-las-otras-dijo-vizzotti\/\" \/>\n<meta property=\"og:locale\" content=\"es_ES\" \/>\n<meta property=\"og:type\" content=\"article\" \/>\n<meta property=\"og:title\" content=\"El uso de barbijos caseros es una medida &quot;adicional&quot; y &quot;no reemplaza a las otras&quot;, dijo Vizzotti - Noticias Radio Reflejos\" \/>\n<meta property=\"og:description\" content=\"Telam &#8211; La secretaria de Acceso a la Salud, Carla Vizzotti, explic\u00f3 hoy que el uso de barbijos caseros es una medida de protecci\u00f3n \u00abadicional\u00bb para evitar difundir el coronavirus en per\u00edodos asintom\u00e1ticos de la enfermedad pero que de ninguna manera \u00abreemplaza\u00bb al lavado de manos y superficies, la ventilaci\u00f3n de ambientes y, sobre todo, [&hellip;]\" \/>\n<meta property=\"og:url\" content=\"https:\/\/www.noticiasradioreflejos.com.ar\/2021\/el-uso-de-barbijos-caseros-es-una-medida-adicional-y-no-reemplaza-a-las-otras-dijo-vizzotti\/\" \/>\n<meta property=\"og:site_name\" content=\"Noticias Radio Reflejos\" \/>\n<meta property=\"article:published_time\" content=\"2020-04-08T14:48:35+00:00\" \/>\n<meta property=\"og:image\" content=\"https:\/\/www.noticiasradioreflejos.com.ar\/2021\/wp-content\/uploads\/2021\/07\/logosol300x200.png\" \/>\n\t<meta property=\"og:image:width\" content=\"300\" \/>\n\t<meta property=\"og:image:height\" content=\"200\" \/>\n\t<meta property=\"og:image:type\" content=\"image\/png\" \/>\n<meta name=\"author\" content=\"Arnaldo Botto\" \/>\n<meta name=\"twitter:card\" content=\"summary_large_image\" \/>\n<script type=\"application\/ld+json\" class=\"yoast-schema-graph\">{\"@context\":\"https:\/\/schema.org\",\"@graph\":[{\"@type\":\"WebPage\",\"@id\":\"https:\/\/www.noticiasradioreflejos.com.ar\/2021\/el-uso-de-barbijos-caseros-es-una-medida-adicional-y-no-reemplaza-a-las-otras-dijo-vizzotti\/\",\"url\":\"https:\/\/www.noticiasradioreflejos.com.ar\/2021\/el-uso-de-barbijos-caseros-es-una-medida-adicional-y-no-reemplaza-a-las-otras-dijo-vizzotti\/\",\"name\":\"El uso de barbijos caseros es una medida \\\"adicional\\\" y \\\"no reemplaza a las otras\\\", dijo Vizzotti - Noticias Radio Reflejos\",\"isPartOf\":{\"@id\":\"https:\/\/www.noticiasradioreflejos.com.ar\/2021\/#website\"},\"datePublished\":\"2020-04-08T14:48:35+00:00\",\"author\":{\"@id\":\"https:\/\/www.noticiasradioreflejos.com.ar\/2021\/#\/schema\/person\/ad82545263dcc5ec0996818884fd5fb1\"},\"breadcrumb\":{\"@id\":\"https:\/\/www.noticiasradioreflejos.com.ar\/2021\/el-uso-de-barbijos-caseros-es-una-medida-adicional-y-no-reemplaza-a-las-otras-dijo-vizzotti\/#breadcrumb\"},\"inLanguage\":\"es\",\"potentialAction\":[{\"@type\":\"ReadAction\",\"target\":[\"https:\/\/www.noticiasradioreflejos.com.ar\/2021\/el-uso-de-barbijos-caseros-es-una-medida-adicional-y-no-reemplaza-a-las-otras-dijo-vizzotti\/\"]}]},{\"@type\":\"BreadcrumbList\",\"@id\":\"https:\/\/www.noticiasradioreflejos.com.ar\/2021\/el-uso-de-barbijos-caseros-es-una-medida-adicional-y-no-reemplaza-a-las-otras-dijo-vizzotti\/#breadcrumb\",\"itemListElement\":[{\"@type\":\"ListItem\",\"position\":1,\"name\":\"Portada\",\"item\":\"https:\/\/www.noticiasradioreflejos.com.ar\/2021\/\"},{\"@type\":\"ListItem\",\"position\":2,\"name\":\"El uso de barbijos caseros es una medida \u00abadicional\u00bb y \u00abno reemplaza a las otras\u00bb, dijo Vizzotti\"}]},{\"@type\":\"WebSite\",\"@id\":\"https:\/\/www.noticiasradioreflejos.com.ar\/2021\/#website\",\"url\":\"https:\/\/www.noticiasradioreflejos.com.ar\/2021\/\",\"name\":\"Noticias Radio Reflejos\",\"description\":\"Las noticias de mi comarca\",\"potentialAction\":[{\"@type\":\"SearchAction\",\"target\":{\"@type\":\"EntryPoint\",\"urlTemplate\":\"https:\/\/www.noticiasradioreflejos.com.ar\/2021\/?s={search_term_string}\"},\"query-input\":{\"@type\":\"PropertyValueSpecification\",\"valueRequired\":true,\"valueName\":\"search_term_string\"}}],\"inLanguage\":\"es\"},{\"@type\":\"Person\",\"@id\":\"https:\/\/www.noticiasradioreflejos.com.ar\/2021\/#\/schema\/person\/ad82545263dcc5ec0996818884fd5fb1\",\"name\":\"Arnaldo Botto\",\"image\":{\"@type\":\"ImageObject\",\"inLanguage\":\"es\",\"@id\":\"https:\/\/www.noticiasradioreflejos.com.ar\/2021\/#\/schema\/person\/image\/\",\"url\":\"https:\/\/secure.gravatar.com\/avatar\/55cb5e37c1efa326397366e6974cb338056df65cb50e7d64d1cf314e87504837?s=96&d=mm&r=g\",\"contentUrl\":\"https:\/\/secure.gravatar.com\/avatar\/55cb5e37c1efa326397366e6974cb338056df65cb50e7d64d1cf314e87504837?s=96&d=mm&r=g\",\"caption\":\"Arnaldo Botto\"},\"url\":\"https:\/\/www.noticiasradioreflejos.com.ar\/2021\/author\/arnaldo\/\"}]}<\/script>\n<!-- \/ Yoast SEO plugin. -->","yoast_head_json":{"title":"El uso de barbijos caseros es una medida \"adicional\" y \"no reemplaza a las otras\", dijo Vizzotti - Noticias Radio Reflejos","robots":{"index":"index","follow":"follow","max-snippet":"max-snippet:-1","max-image-preview":"max-image-preview:large","max-video-preview":"max-video-preview:-1"},"canonical":"https:\/\/www.noticiasradioreflejos.com.ar\/2021\/el-uso-de-barbijos-caseros-es-una-medida-adicional-y-no-reemplaza-a-las-otras-dijo-vizzotti\/","og_locale":"es_ES","og_type":"article","og_title":"El uso de barbijos caseros es una medida \"adicional\" y \"no reemplaza a las otras\", dijo Vizzotti - Noticias Radio Reflejos","og_description":"Telam &#8211; La secretaria de Acceso a la Salud, Carla Vizzotti, explic\u00f3 hoy que el uso de barbijos caseros es una medida de protecci\u00f3n \u00abadicional\u00bb para evitar difundir el coronavirus en per\u00edodos asintom\u00e1ticos de la enfermedad pero que de ninguna manera \u00abreemplaza\u00bb al lavado de manos y superficies, la ventilaci\u00f3n de ambientes y, sobre todo, [&hellip;]","og_url":"https:\/\/www.noticiasradioreflejos.com.ar\/2021\/el-uso-de-barbijos-caseros-es-una-medida-adicional-y-no-reemplaza-a-las-otras-dijo-vizzotti\/","og_site_name":"Noticias Radio Reflejos","article_published_time":"2020-04-08T14:48:35+00:00","og_image":[{"width":300,"height":200,"url":"https:\/\/www.noticiasradioreflejos.com.ar\/2021\/wp-content\/uploads\/2021\/07\/logosol300x200.png","type":"image\/png"}],"author":"Arnaldo Botto","twitter_card":"summary_large_image","schema":{"@context":"https:\/\/schema.org","@graph":[{"@type":"WebPage","@id":"https:\/\/www.noticiasradioreflejos.com.ar\/2021\/el-uso-de-barbijos-caseros-es-una-medida-adicional-y-no-reemplaza-a-las-otras-dijo-vizzotti\/","url":"https:\/\/www.noticiasradioreflejos.com.ar\/2021\/el-uso-de-barbijos-caseros-es-una-medida-adicional-y-no-reemplaza-a-las-otras-dijo-vizzotti\/","name":"El uso de barbijos caseros es una medida \"adicional\" y \"no reemplaza a las otras\", dijo Vizzotti - Noticias Radio Reflejos","isPartOf":{"@id":"https:\/\/www.noticiasradioreflejos.com.ar\/2021\/#website"},"datePublished":"2020-04-08T14:48:35+00:00","author":{"@id":"https:\/\/www.noticiasradioreflejos.com.ar\/2021\/#\/schema\/person\/ad82545263dcc5ec0996818884fd5fb1"},"breadcrumb":{"@id":"https:\/\/www.noticiasradioreflejos.com.ar\/2021\/el-uso-de-barbijos-caseros-es-una-medida-adicional-y-no-reemplaza-a-las-otras-dijo-vizzotti\/#breadcrumb"},"inLanguage":"es","potentialAction":[{"@type":"ReadAction","target":["https:\/\/www.noticiasradioreflejos.com.ar\/2021\/el-uso-de-barbijos-caseros-es-una-medida-adicional-y-no-reemplaza-a-las-otras-dijo-vizzotti\/"]}]},{"@type":"BreadcrumbList","@id":"https:\/\/www.noticiasradioreflejos.com.ar\/2021\/el-uso-de-barbijos-caseros-es-una-medida-adicional-y-no-reemplaza-a-las-otras-dijo-vizzotti\/#breadcrumb","itemListElement":[{"@type":"ListItem","position":1,"name":"Portada","item":"https:\/\/www.noticiasradioreflejos.com.ar\/2021\/"},{"@type":"ListItem","position":2,"name":"El uso de barbijos caseros es una medida \u00abadicional\u00bb y \u00abno reemplaza a las otras\u00bb, dijo Vizzotti"}]},{"@type":"WebSite","@id":"https:\/\/www.noticiasradioreflejos.com.ar\/2021\/#website","url":"https:\/\/www.noticiasradioreflejos.com.ar\/2021\/","name":"Noticias Radio Reflejos","description":"Las noticias de mi comarca","potentialAction":[{"@type":"SearchAction","target":{"@type":"EntryPoint","urlTemplate":"https:\/\/www.noticiasradioreflejos.com.ar\/2021\/?s={search_term_string}"},"query-input":{"@type":"PropertyValueSpecification","valueRequired":true,"valueName":"search_term_string"}}],"inLanguage":"es"},{"@type":"Person","@id":"https:\/\/www.noticiasradioreflejos.com.ar\/2021\/#\/schema\/person\/ad82545263dcc5ec0996818884fd5fb1","name":"Arnaldo Botto","image":{"@type":"ImageObject","inLanguage":"es","@id":"https:\/\/www.noticiasradioreflejos.com.ar\/2021\/#\/schema\/person\/image\/","url":"https:\/\/secure.gravatar.com\/avatar\/55cb5e37c1efa326397366e6974cb338056df65cb50e7d64d1cf314e87504837?s=96&d=mm&r=g","contentUrl":"https:\/\/secure.gravatar.com\/avatar\/55cb5e37c1efa326397366e6974cb338056df65cb50e7d64d1cf314e87504837?s=96&d=mm&r=g","caption":"Arnaldo Botto"},"url":"https:\/\/www.noticiasradioreflejos.com.ar\/2021\/author\/arnaldo\/"}]}},"_links":{"self":[{"href":"https:\/\/www.noticiasradioreflejos.com.ar\/2021\/wp-json\/wp\/v2\/posts\/40545","targetHints":{"allow":["GET"]}}],"collection":[{"href":"https:\/\/www.noticiasradioreflejos.com.ar\/2021\/wp-json\/wp\/v2\/posts"}],"about":[{"href":"https:\/\/www.noticiasradioreflejos.com.ar\/2021\/wp-json\/wp\/v2\/types\/post"}],"author":[{"embeddable":true,"href":"https:\/\/www.noticiasradioreflejos.com.ar\/2021\/wp-json\/wp\/v2\/users\/3"}],"replies":[{"embeddable":true,"href":"https:\/\/www.noticiasradioreflejos.com.ar\/2021\/wp-json\/wp\/v2\/comments?post=40545"}],"version-history":[{"count":0,"href":"https:\/\/www.noticiasradioreflejos.com.ar\/2021\/wp-json\/wp\/v2\/posts\/40545\/revisions"}],"wp:attachment":[{"href":"https:\/\/www.noticiasradioreflejos.com.ar\/2021\/wp-json\/wp\/v2\/media?parent=40545"}],"wp:term":[{"taxonomy":"category","embeddable":true,"href":"https:\/\/www.noticiasradioreflejos.com.ar\/2021\/wp-json\/wp\/v2\/categories?post=40545"},{"taxonomy":"post_tag","embeddable":true,"href":"https:\/\/www.noticiasradioreflejos.com.ar\/2021\/wp-json\/wp\/v2\/tags?post=40545"}],"curies":[{"name":"wp","href":"https:\/\/api.w.org\/{rel}","templated":true}]}}