{"id":40524,"date":"2020-04-07T21:04:04","date_gmt":"2020-04-08T00:04:04","guid":{"rendered":"http:\/\/www.noticiasradioreflejos.com.ar\/noticias\/?p=40524"},"modified":"2020-04-07T21:04:04","modified_gmt":"2020-04-08T00:04:04","slug":"la-cac-participo-de-una-reunion-en-casa-rosada","status":"publish","type":"post","link":"https:\/\/www.noticiasradioreflejos.com.ar\/2021\/la-cac-participo-de-una-reunion-en-casa-rosada\/","title":{"rendered":"La CAC particip\u00f3 de una reuni\u00f3n en Casa Rosada."},"content":{"rendered":"<p>Fue encabezada por el Jefe de Gabinete, Santiago Cafiero. La Entidad present\u00f3 un conjunto de propuestas para atender las consecuencias econ\u00f3micas del aislamiento social.<!--more--><\/p>\n<p>Este mediod\u00eda, convocada por el Jefe de Gabinete, Santiago Cafiero, la C\u00e1mara Argentina de Comercio y Servicios (CAC) estuvo presente en un encuentro de trabajo en Casa Rosada, del que participaron tambi\u00e9n los ministros Kulfas, Gin\u00e9s Gonz\u00e1lez Garc\u00eda, Meoni y Moroni, junto a otros representantes del Gobierno nacional y de diversos sectores empresarios y sindicales. En ese marco, la CAC hizo entrega de un documento con propuestas, agrupadas en cuatro ejes tem\u00e1ticos, orientadas a morigerar el impacto negativo que el aislamiento social tiene sobre la actividad econ\u00f3mica y el empleo:<\/p>\n<p>I) Aportes y Contribuciones a la Seguridad Social.<br \/>\no Modificar el Dto. 332\/2020 a fin de que los beneficios de reducci\u00f3n de contribuciones sean otorgados autom\u00e1ticamente y no sujetos a tramites como el Procedimiento Preventivo de Crisis.<br \/>\no Extender la reducci\u00f3n del 95% de las contribuciones a todo el personal que no pudo prestar servicios a partir del 20\/3\/2020 y para el mes de abril, como dispon\u00eda originalmente la Resoluci\u00f3n (MTSS) 219\/2020.<br \/>\no Postergar los vencimientos de las declaraciones juradas de los recursos de la Seguridad Social de los meses de marzo y abril de 2020.<\/p>\n<p>II) Aislamiento social selectivo<br \/>\nEstablecer un esquema ordenado, que permita una reactivaci\u00f3n gradual y selectiva de las actividades econ\u00f3micas, que podr\u00eda incluir los siguientes puntos:<br \/>\no Combinar la comercializaci\u00f3n por internet (e-commerce) con el delivery, realizado por los propios comercios, independientemente de las empresas de log\u00edstica y la apertura de negocios.<br \/>\no Estudiar la experiencia actual desarrollada en los hiper y supermercados, en los distribuidores mayoristas, etc., valiosa por el \u00e9xito obtenido.<br \/>\no Diferenciar territorialmente (seg\u00fan el nivel de riesgo) y por la magnitud del conglomerado urbano; estableciendo pautas para la apertura en funci\u00f3n de distancias, transporte, concentraci\u00f3n urbana, etc.<br \/>\no Intensificar los tests de control, vincul\u00e1ndolos a la apertura de cada rubro comercial.<br \/>\no Estructurar horarios y extensi\u00f3n de las actividades para evitar aglomeraciones y picos de movimiento.<br \/>\no Vedar la asistencia a sus puestos de trabajo de personas mayores de 65 a\u00f1os o de riesgo.<\/p>\n<p>En ese marco, podr\u00eda procederse a la paulatina habilitaci\u00f3n de las siguientes actividades:<br \/>\no Construcci\u00f3n y mantenimiento.<br \/>\no Shoppings, restringiendo la cantidad de personal de cada local al 50% y de consumidores en proporci\u00f3n de 1 persona cada 16 m2.<br \/>\no Comercios en general, atendiendo con 50% de su personal con ingreso gradual de compradores.<br \/>\no Gastronom\u00eda, hasta el 50% de su capacidad, con personal reducido en igual proporci\u00f3n.<br \/>\no Sistema financiero bancario, funcionando en todas sus operatorias, limitando la asistencia.<\/p>\n<p>Esto requiere la implementaci\u00f3n de protocolos en cada actividad, en cuya elaboraci\u00f3n deber\u00edan participar Gobierno, especialistas en salud y representantes de las empresas y los trabajadores.<\/p>\n<p>III) Financiaci\u00f3n a las empresas.<br \/>\nEstablecer medidas que preserven el capital de trabajo y la cadena de pagos en los campos:<br \/>\na) Financiero, mediante el otorgamiento de l\u00edneas de cr\u00e9dito autom\u00e1ticas y a tasa cero, en funci\u00f3n de par\u00e1metros a determinar, con operatividad inmediata.<br \/>\nb) Impositivo, mediante la postergaci\u00f3n de vencimientos, ampliaci\u00f3n de planes de facilidades de pago, ampliaci\u00f3n de la moratoria Ley 27.541 en cuanto a obligaciones regularizables y sujetos alcanzados. Asimismo, podr\u00edan implementarse las siguientes acciones:<br \/>\no Extender autom\u00e1ticamente la vigencia de los certificados de empresa PYME y de los certificados de no retenci\u00f3n y percepci\u00f3n, y otorgar los beneficios PYME a las empresas calificadas como Potencial PYME por la AFIP.<br \/>\no Autorizar la aplicaci\u00f3n de saldos a favor al pago indistinto de impuestos o recursos de la Seguridad Social, acelerar la devoluci\u00f3n de saldos por IVA de exportaciones y el pago de reintegros. Transformar quebrantos en bonos electr\u00f3nicos aplicables al pago de impuestos.<br \/>\no Analizar la aplicaci\u00f3n de t\u00edtulos de la deuda p\u00fablica al pago de impuestos en alguna proporci\u00f3n.<br \/>\no En t\u00e9rminos generales disponer que la mora en pagos, presentaci\u00f3n de informaci\u00f3n o declaraciones juradas, con fecha l\u00edmite a establecer para regularizaci\u00f3n, no genere la ca\u00edda de beneficios actuales.<\/p>\n<p>IV) Temas Laborales<br \/>\no Reglamentar urgentemente el acceso a los beneficios que prev\u00e9 el \u201cPrograma de Asistencia de Emergencia al Trabajo y la Producci\u00f3n\u201d.<br \/>\no Efectuar aclaraciones respecto de la Prohibici\u00f3n de despidos y suspensiones, para el caso de acuerdos entre empleadores y trabajadores.<br \/>\no Establecer un mecanismo autom\u00e1tico para que empleadores con trabajadores con hijos escolarizados, que se vean obligados a permanecer en sus hogares (por la no reanudaci\u00f3n del ciclo escolar) puedan abonar los salarios con car\u00e1cter no remunerativo, excepto para las contribuciones al INSSJP y de Obra Social.<br \/>\no Aclarar si reciben cobertura de la ART quienes se encuentran haciendo \u201chome office\u201d y eventualmente contraigan Covid-19.<br \/>\no Determinar si existe obligaci\u00f3n para los empleadores de abonar por cobertura de ART sobre aquellos trabajadores que se encuentran en sus domicilios sin poder prestar tareas a distancia.<br \/>\no Mediante intervenci\u00f3n del Ministerio de Salud, incorporar al COVID-19 en el listado de enfermedades profesionales.<\/p>\n<p>En la reuni\u00f3n la CAC estuvo representada por su presidente, Jorge Luis Di Fiori, y el vicepresidente Eduardo Eurnekian.<\/p>\n","protected":false},"excerpt":{"rendered":"<p>Fue encabezada por el Jefe de Gabinete, Santiago Cafiero. La Entidad present\u00f3 un conjunto de propuestas para atender las consecuencias econ\u00f3micas del aislamiento social.<\/p>\n","protected":false},"author":3,"featured_media":0,"comment_status":"closed","ping_status":"open","sticky":false,"template":"","format":"standard","meta":{"footnotes":""},"categories":[36],"tags":[],"class_list":["post-40524","post","type-post","status-publish","format-standard","hentry","category-economia"],"yoast_head":"<!-- This site is optimized with the Yoast SEO plugin v25.9 - https:\/\/yoast.com\/wordpress\/plugins\/seo\/ -->\n<title>La CAC particip\u00f3 de una reuni\u00f3n en Casa Rosada. - Noticias Radio Reflejos<\/title>\n<meta name=\"robots\" content=\"index, follow, max-snippet:-1, max-image-preview:large, max-video-preview:-1\" \/>\n<link rel=\"canonical\" href=\"https:\/\/www.noticiasradioreflejos.com.ar\/2021\/la-cac-participo-de-una-reunion-en-casa-rosada\/\" \/>\n<meta property=\"og:locale\" content=\"es_ES\" \/>\n<meta property=\"og:type\" content=\"article\" \/>\n<meta property=\"og:title\" content=\"La CAC particip\u00f3 de una reuni\u00f3n en Casa Rosada. - Noticias Radio Reflejos\" \/>\n<meta property=\"og:description\" content=\"Fue encabezada por el Jefe de Gabinete, Santiago Cafiero. La Entidad present\u00f3 un conjunto de propuestas para atender las consecuencias econ\u00f3micas del aislamiento social.\" \/>\n<meta property=\"og:url\" content=\"https:\/\/www.noticiasradioreflejos.com.ar\/2021\/la-cac-participo-de-una-reunion-en-casa-rosada\/\" \/>\n<meta property=\"og:site_name\" content=\"Noticias Radio Reflejos\" \/>\n<meta property=\"article:published_time\" content=\"2020-04-08T00:04:04+00:00\" \/>\n<meta property=\"og:image\" content=\"https:\/\/www.noticiasradioreflejos.com.ar\/2021\/wp-content\/uploads\/2021\/07\/logosol300x200.png\" \/>\n\t<meta property=\"og:image:width\" content=\"300\" \/>\n\t<meta property=\"og:image:height\" content=\"200\" \/>\n\t<meta property=\"og:image:type\" content=\"image\/png\" \/>\n<meta name=\"author\" content=\"Arnaldo Botto\" \/>\n<meta name=\"twitter:card\" content=\"summary_large_image\" \/>\n<script type=\"application\/ld+json\" class=\"yoast-schema-graph\">{\"@context\":\"https:\/\/schema.org\",\"@graph\":[{\"@type\":\"WebPage\",\"@id\":\"https:\/\/www.noticiasradioreflejos.com.ar\/2021\/la-cac-participo-de-una-reunion-en-casa-rosada\/\",\"url\":\"https:\/\/www.noticiasradioreflejos.com.ar\/2021\/la-cac-participo-de-una-reunion-en-casa-rosada\/\",\"name\":\"La CAC particip\u00f3 de una reuni\u00f3n en Casa Rosada. - Noticias Radio Reflejos\",\"isPartOf\":{\"@id\":\"https:\/\/www.noticiasradioreflejos.com.ar\/2021\/#website\"},\"datePublished\":\"2020-04-08T00:04:04+00:00\",\"author\":{\"@id\":\"https:\/\/www.noticiasradioreflejos.com.ar\/2021\/#\/schema\/person\/ad82545263dcc5ec0996818884fd5fb1\"},\"breadcrumb\":{\"@id\":\"https:\/\/www.noticiasradioreflejos.com.ar\/2021\/la-cac-participo-de-una-reunion-en-casa-rosada\/#breadcrumb\"},\"inLanguage\":\"es\",\"potentialAction\":[{\"@type\":\"ReadAction\",\"target\":[\"https:\/\/www.noticiasradioreflejos.com.ar\/2021\/la-cac-participo-de-una-reunion-en-casa-rosada\/\"]}]},{\"@type\":\"BreadcrumbList\",\"@id\":\"https:\/\/www.noticiasradioreflejos.com.ar\/2021\/la-cac-participo-de-una-reunion-en-casa-rosada\/#breadcrumb\",\"itemListElement\":[{\"@type\":\"ListItem\",\"position\":1,\"name\":\"Portada\",\"item\":\"https:\/\/www.noticiasradioreflejos.com.ar\/2021\/\"},{\"@type\":\"ListItem\",\"position\":2,\"name\":\"La CAC particip\u00f3 de una reuni\u00f3n en Casa Rosada.\"}]},{\"@type\":\"WebSite\",\"@id\":\"https:\/\/www.noticiasradioreflejos.com.ar\/2021\/#website\",\"url\":\"https:\/\/www.noticiasradioreflejos.com.ar\/2021\/\",\"name\":\"Noticias Radio Reflejos\",\"description\":\"Las noticias de mi comarca\",\"potentialAction\":[{\"@type\":\"SearchAction\",\"target\":{\"@type\":\"EntryPoint\",\"urlTemplate\":\"https:\/\/www.noticiasradioreflejos.com.ar\/2021\/?s={search_term_string}\"},\"query-input\":{\"@type\":\"PropertyValueSpecification\",\"valueRequired\":true,\"valueName\":\"search_term_string\"}}],\"inLanguage\":\"es\"},{\"@type\":\"Person\",\"@id\":\"https:\/\/www.noticiasradioreflejos.com.ar\/2021\/#\/schema\/person\/ad82545263dcc5ec0996818884fd5fb1\",\"name\":\"Arnaldo Botto\",\"image\":{\"@type\":\"ImageObject\",\"inLanguage\":\"es\",\"@id\":\"https:\/\/www.noticiasradioreflejos.com.ar\/2021\/#\/schema\/person\/image\/\",\"url\":\"https:\/\/secure.gravatar.com\/avatar\/55cb5e37c1efa326397366e6974cb338056df65cb50e7d64d1cf314e87504837?s=96&d=mm&r=g\",\"contentUrl\":\"https:\/\/secure.gravatar.com\/avatar\/55cb5e37c1efa326397366e6974cb338056df65cb50e7d64d1cf314e87504837?s=96&d=mm&r=g\",\"caption\":\"Arnaldo Botto\"},\"url\":\"https:\/\/www.noticiasradioreflejos.com.ar\/2021\/author\/arnaldo\/\"}]}<\/script>\n<!-- \/ Yoast SEO plugin. -->","yoast_head_json":{"title":"La CAC particip\u00f3 de una reuni\u00f3n en Casa Rosada. - Noticias Radio Reflejos","robots":{"index":"index","follow":"follow","max-snippet":"max-snippet:-1","max-image-preview":"max-image-preview:large","max-video-preview":"max-video-preview:-1"},"canonical":"https:\/\/www.noticiasradioreflejos.com.ar\/2021\/la-cac-participo-de-una-reunion-en-casa-rosada\/","og_locale":"es_ES","og_type":"article","og_title":"La CAC particip\u00f3 de una reuni\u00f3n en Casa Rosada. - Noticias Radio Reflejos","og_description":"Fue encabezada por el Jefe de Gabinete, Santiago Cafiero. La Entidad present\u00f3 un conjunto de propuestas para atender las consecuencias econ\u00f3micas del aislamiento social.","og_url":"https:\/\/www.noticiasradioreflejos.com.ar\/2021\/la-cac-participo-de-una-reunion-en-casa-rosada\/","og_site_name":"Noticias Radio Reflejos","article_published_time":"2020-04-08T00:04:04+00:00","og_image":[{"width":300,"height":200,"url":"https:\/\/www.noticiasradioreflejos.com.ar\/2021\/wp-content\/uploads\/2021\/07\/logosol300x200.png","type":"image\/png"}],"author":"Arnaldo Botto","twitter_card":"summary_large_image","schema":{"@context":"https:\/\/schema.org","@graph":[{"@type":"WebPage","@id":"https:\/\/www.noticiasradioreflejos.com.ar\/2021\/la-cac-participo-de-una-reunion-en-casa-rosada\/","url":"https:\/\/www.noticiasradioreflejos.com.ar\/2021\/la-cac-participo-de-una-reunion-en-casa-rosada\/","name":"La CAC particip\u00f3 de una reuni\u00f3n en Casa Rosada. - Noticias Radio Reflejos","isPartOf":{"@id":"https:\/\/www.noticiasradioreflejos.com.ar\/2021\/#website"},"datePublished":"2020-04-08T00:04:04+00:00","author":{"@id":"https:\/\/www.noticiasradioreflejos.com.ar\/2021\/#\/schema\/person\/ad82545263dcc5ec0996818884fd5fb1"},"breadcrumb":{"@id":"https:\/\/www.noticiasradioreflejos.com.ar\/2021\/la-cac-participo-de-una-reunion-en-casa-rosada\/#breadcrumb"},"inLanguage":"es","potentialAction":[{"@type":"ReadAction","target":["https:\/\/www.noticiasradioreflejos.com.ar\/2021\/la-cac-participo-de-una-reunion-en-casa-rosada\/"]}]},{"@type":"BreadcrumbList","@id":"https:\/\/www.noticiasradioreflejos.com.ar\/2021\/la-cac-participo-de-una-reunion-en-casa-rosada\/#breadcrumb","itemListElement":[{"@type":"ListItem","position":1,"name":"Portada","item":"https:\/\/www.noticiasradioreflejos.com.ar\/2021\/"},{"@type":"ListItem","position":2,"name":"La CAC particip\u00f3 de una reuni\u00f3n en Casa Rosada."}]},{"@type":"WebSite","@id":"https:\/\/www.noticiasradioreflejos.com.ar\/2021\/#website","url":"https:\/\/www.noticiasradioreflejos.com.ar\/2021\/","name":"Noticias Radio Reflejos","description":"Las noticias de mi comarca","potentialAction":[{"@type":"SearchAction","target":{"@type":"EntryPoint","urlTemplate":"https:\/\/www.noticiasradioreflejos.com.ar\/2021\/?s={search_term_string}"},"query-input":{"@type":"PropertyValueSpecification","valueRequired":true,"valueName":"search_term_string"}}],"inLanguage":"es"},{"@type":"Person","@id":"https:\/\/www.noticiasradioreflejos.com.ar\/2021\/#\/schema\/person\/ad82545263dcc5ec0996818884fd5fb1","name":"Arnaldo Botto","image":{"@type":"ImageObject","inLanguage":"es","@id":"https:\/\/www.noticiasradioreflejos.com.ar\/2021\/#\/schema\/person\/image\/","url":"https:\/\/secure.gravatar.com\/avatar\/55cb5e37c1efa326397366e6974cb338056df65cb50e7d64d1cf314e87504837?s=96&d=mm&r=g","contentUrl":"https:\/\/secure.gravatar.com\/avatar\/55cb5e37c1efa326397366e6974cb338056df65cb50e7d64d1cf314e87504837?s=96&d=mm&r=g","caption":"Arnaldo Botto"},"url":"https:\/\/www.noticiasradioreflejos.com.ar\/2021\/author\/arnaldo\/"}]}},"_links":{"self":[{"href":"https:\/\/www.noticiasradioreflejos.com.ar\/2021\/wp-json\/wp\/v2\/posts\/40524","targetHints":{"allow":["GET"]}}],"collection":[{"href":"https:\/\/www.noticiasradioreflejos.com.ar\/2021\/wp-json\/wp\/v2\/posts"}],"about":[{"href":"https:\/\/www.noticiasradioreflejos.com.ar\/2021\/wp-json\/wp\/v2\/types\/post"}],"author":[{"embeddable":true,"href":"https:\/\/www.noticiasradioreflejos.com.ar\/2021\/wp-json\/wp\/v2\/users\/3"}],"replies":[{"embeddable":true,"href":"https:\/\/www.noticiasradioreflejos.com.ar\/2021\/wp-json\/wp\/v2\/comments?post=40524"}],"version-history":[{"count":0,"href":"https:\/\/www.noticiasradioreflejos.com.ar\/2021\/wp-json\/wp\/v2\/posts\/40524\/revisions"}],"wp:attachment":[{"href":"https:\/\/www.noticiasradioreflejos.com.ar\/2021\/wp-json\/wp\/v2\/media?parent=40524"}],"wp:term":[{"taxonomy":"category","embeddable":true,"href":"https:\/\/www.noticiasradioreflejos.com.ar\/2021\/wp-json\/wp\/v2\/categories?post=40524"},{"taxonomy":"post_tag","embeddable":true,"href":"https:\/\/www.noticiasradioreflejos.com.ar\/2021\/wp-json\/wp\/v2\/tags?post=40524"}],"curies":[{"name":"wp","href":"https:\/\/api.w.org\/{rel}","templated":true}]}}