{"id":40510,"date":"2020-04-07T17:12:09","date_gmt":"2020-04-07T20:12:09","guid":{"rendered":"http:\/\/www.noticiasradioreflejos.com.ar\/noticias\/?p=40510"},"modified":"2020-04-07T17:12:09","modified_gmt":"2020-04-07T20:12:09","slug":"estamos-haciendo-los-controles-como-corresponde-se-adopto-una-rigidez-mayor-estamos-trabajando-al-filo-de-la-ley-ezequiel-gabella","status":"publish","type":"post","link":"https:\/\/www.noticiasradioreflejos.com.ar\/2021\/estamos-haciendo-los-controles-como-corresponde-se-adopto-una-rigidez-mayor-estamos-trabajando-al-filo-de-la-ley-ezequiel-gabella\/","title":{"rendered":"\u201cEstamos haciendo los controles como corresponde, se adopt\u00f3 una rigidez mayor, estamos trabajando al filo de la ley.\u201d Ezequiel Gabella."},"content":{"rendered":"<p>La municipalidad del partido de Tornquist reforzar\u00e1 los controles de acceso a las localidades de la Comarca tur\u00edstica de Sierra de la Ventana durante Semana Santa, como parte de las medidas por la pandemia de coronavirus, se inform\u00f3 hoy oficialmente. Hablamos con el Secretario de Gobierno y Seguridad de Tornquist Municipio, sobre las medidas que se llevan adelante en cuanto a controles de acceso a las localidades, autorizaciones a trabajadores, asistencia a los necesitados y el uso obligatorio del barbijo y controles de precios en los comercios del municipio ante el avance de la Pandemia de Coronavirus.<!--more--><\/p>\n<p>Le preguntamos a Ezequiel Gabella, secretario de gobierno y seguridad, cu\u00e1les son los preparativos para prevenir la llegada de algunos posibles contagios del COVID-19. \u201cPreparados ya venimos de antes.\u201d Sentenci\u00f3. Y continu\u00f3 \u201cCreo que la decisi\u00f3n pol\u00edtica de haber decretado la cuarentena de manera tan r\u00e1pida y previa a tener los primeros casos fue una buena medida. La problem\u00e1tica viene por el sostenimiento de esa cuarentena bajo los mismos t\u00e9rminos que se implementaron hasta ahora y c\u00f3mo sostener a aquellas personas que est\u00e1n muy al l\u00edmite en lo econ\u00f3mico. El Estado tiene la obligaci\u00f3n de brindarle las herramientas a la gente para que tenga un sustento m\u00ednimo, aunque los recursos que puede tener un municipio para afrontar esta situaci\u00f3n son limitados. Es por eso que en algunos casos, le estamos dando la posibilidad de trabajar a las personas que brindan servicios sin estar expuestos porque le damos la oportunidad de poder sustentarse.\u201d<\/p>\n<p>Le preguntamos por el miedo que se genera en las calles cuando la gente ve movimiento de parte de quienes trabajan durante la cuarentena, Ezequiel afirm\u00f3 que hay muchas objeciones con respecto a las medidas que se toman sobre el ingreso de personas a las ciudades y los pueblos. \u201cSiempre a la par de la ley tiene que estar el sentido com\u00fan, hay situaciones que no se pueden constatar con un documento, como el residir en una localidad.\u201d Ejemplific\u00f3.<br \/>\nCon respecto a las consultas que recibe de parte de los vecinos del distrito sobre el control de la situaci\u00f3n, explic\u00f3: \u201cEl aporte que nosotros hacemos adem\u00e1s de quedarnos en nuestras casas es lograr la convivencia, que hoy significa no generar malestar a trav\u00e9s de las maneras que uno tiene de comunicarse. \u00bfCu\u00e1les son esas maneras? Las redes sociales, los grupos de WhatsApp.\u201d Y agreg\u00f3 convincentemente: \u201cEstamos haciendo los controles como corresponde, se adopt\u00f3 una rigidez mayor, estamos trabajando al filo de la ley.\u201d Y le transmiti\u00f3 un mensaje a la sociedad: \u201cLes pedimos m\u00e1s paciencia\u201d.<br \/>\nAdem\u00e1s, se refiri\u00f3 al uso del barbijo como un elemento que tiene que ser\u00a0utilizado de manera responsable. \u201cNo nos libera de la posibilidad de contagio, as\u00ed que hay que usarlo con responsabilidad para complementar esta medida de cuidarnos entre todos\u201d afirm\u00f3.<br \/>\nTambi\u00e9n le preguntamos qu\u00e9 suceder\u00e1 con los precios y respondi\u00f3: \u201cEst\u00e1 pasando que las noticias van m\u00e1s r\u00e1pido que la legislaci\u00f3n. A nosotros no nos lleg\u00f3 el bolet\u00edn oficial\u201d comunic\u00f3. Adem\u00e1s explic\u00f3 que lo que sucede con los almacenes y supermercados es que los productos ya les vienen aumentados y ellos deben tener un cierto margen de ganancia que tienen que sumar, por eso el aumento de precios. Pero de todas maneras, para dejar tranquila a la gente, Ezequiel comunic\u00f3 que se va a realizar el control de precios como corresponde.<br \/>\nEl secretario recalc\u00f3 que se est\u00e1n asesorando con especialistas y m\u00e9dicos que les sugieren implementar algunas medidas y algunas otras no, porque no son eficientes. \u201cQueremos dejar a la gente tranquila que estamos preparados para recibir la pandemia\u201d concluy\u00f3.<\/p>\n<p><iframe loading=\"lazy\" src=\"https:\/\/w.soundcloud.com\/player\/?url=https%3A\/\/api.soundcloud.com\/tracks\/793053241&amp;color=%23ff5500&amp;auto_play=false&amp;hide_related=false&amp;show_comments=true&amp;show_user=true&amp;show_reposts=false&amp;show_teaser=true\" width=\"100%\" height=\"166\" frameborder=\"no\" scrolling=\"no\"><\/iframe><\/p>\n","protected":false},"excerpt":{"rendered":"<p>La municipalidad del partido de Tornquist reforzar\u00e1 los controles de acceso a las localidades de la Comarca tur\u00edstica de Sierra de la Ventana durante Semana Santa, como parte de las medidas por la pandemia de coronavirus, se inform\u00f3 hoy oficialmente. Hablamos con el Secretario de Gobierno y Seguridad de Tornquist Municipio, sobre las medidas que [&hellip;]<\/p>\n","protected":false},"author":3,"featured_media":0,"comment_status":"closed","ping_status":"open","sticky":false,"template":"","format":"standard","meta":{"footnotes":""},"categories":[28],"tags":[],"class_list":["post-40510","post","type-post","status-publish","format-standard","hentry","category-municipales"],"yoast_head":"<!-- This site is optimized with the Yoast SEO plugin v25.9 - https:\/\/yoast.com\/wordpress\/plugins\/seo\/ -->\n<title>\u201cEstamos haciendo los controles como corresponde, se adopt\u00f3 una rigidez mayor, estamos trabajando al filo de la ley.\u201d Ezequiel Gabella. - Noticias Radio Reflejos<\/title>\n<meta name=\"robots\" content=\"index, follow, max-snippet:-1, max-image-preview:large, max-video-preview:-1\" \/>\n<link rel=\"canonical\" href=\"https:\/\/www.noticiasradioreflejos.com.ar\/2021\/estamos-haciendo-los-controles-como-corresponde-se-adopto-una-rigidez-mayor-estamos-trabajando-al-filo-de-la-ley-ezequiel-gabella\/\" \/>\n<meta property=\"og:locale\" content=\"es_ES\" \/>\n<meta property=\"og:type\" content=\"article\" \/>\n<meta property=\"og:title\" content=\"\u201cEstamos haciendo los controles como corresponde, se adopt\u00f3 una rigidez mayor, estamos trabajando al filo de la ley.\u201d Ezequiel Gabella. - Noticias Radio Reflejos\" \/>\n<meta property=\"og:description\" content=\"La municipalidad del partido de Tornquist reforzar\u00e1 los controles de acceso a las localidades de la Comarca tur\u00edstica de Sierra de la Ventana durante Semana Santa, como parte de las medidas por la pandemia de coronavirus, se inform\u00f3 hoy oficialmente. Hablamos con el Secretario de Gobierno y Seguridad de Tornquist Municipio, sobre las medidas que [&hellip;]\" \/>\n<meta property=\"og:url\" content=\"https:\/\/www.noticiasradioreflejos.com.ar\/2021\/estamos-haciendo-los-controles-como-corresponde-se-adopto-una-rigidez-mayor-estamos-trabajando-al-filo-de-la-ley-ezequiel-gabella\/\" \/>\n<meta property=\"og:site_name\" content=\"Noticias Radio Reflejos\" \/>\n<meta property=\"article:published_time\" content=\"2020-04-07T20:12:09+00:00\" \/>\n<meta property=\"og:image\" content=\"https:\/\/www.noticiasradioreflejos.com.ar\/2021\/wp-content\/uploads\/2021\/07\/logosol300x200.png\" \/>\n\t<meta property=\"og:image:width\" content=\"300\" \/>\n\t<meta property=\"og:image:height\" content=\"200\" \/>\n\t<meta property=\"og:image:type\" content=\"image\/png\" \/>\n<meta name=\"author\" content=\"Arnaldo Botto\" \/>\n<meta name=\"twitter:card\" content=\"summary_large_image\" \/>\n<script type=\"application\/ld+json\" class=\"yoast-schema-graph\">{\"@context\":\"https:\/\/schema.org\",\"@graph\":[{\"@type\":\"WebPage\",\"@id\":\"https:\/\/www.noticiasradioreflejos.com.ar\/2021\/estamos-haciendo-los-controles-como-corresponde-se-adopto-una-rigidez-mayor-estamos-trabajando-al-filo-de-la-ley-ezequiel-gabella\/\",\"url\":\"https:\/\/www.noticiasradioreflejos.com.ar\/2021\/estamos-haciendo-los-controles-como-corresponde-se-adopto-una-rigidez-mayor-estamos-trabajando-al-filo-de-la-ley-ezequiel-gabella\/\",\"name\":\"\u201cEstamos haciendo los controles como corresponde, se adopt\u00f3 una rigidez mayor, estamos trabajando al filo de la ley.\u201d Ezequiel Gabella. - Noticias Radio Reflejos\",\"isPartOf\":{\"@id\":\"https:\/\/www.noticiasradioreflejos.com.ar\/2021\/#website\"},\"datePublished\":\"2020-04-07T20:12:09+00:00\",\"author\":{\"@id\":\"https:\/\/www.noticiasradioreflejos.com.ar\/2021\/#\/schema\/person\/ad82545263dcc5ec0996818884fd5fb1\"},\"breadcrumb\":{\"@id\":\"https:\/\/www.noticiasradioreflejos.com.ar\/2021\/estamos-haciendo-los-controles-como-corresponde-se-adopto-una-rigidez-mayor-estamos-trabajando-al-filo-de-la-ley-ezequiel-gabella\/#breadcrumb\"},\"inLanguage\":\"es\",\"potentialAction\":[{\"@type\":\"ReadAction\",\"target\":[\"https:\/\/www.noticiasradioreflejos.com.ar\/2021\/estamos-haciendo-los-controles-como-corresponde-se-adopto-una-rigidez-mayor-estamos-trabajando-al-filo-de-la-ley-ezequiel-gabella\/\"]}]},{\"@type\":\"BreadcrumbList\",\"@id\":\"https:\/\/www.noticiasradioreflejos.com.ar\/2021\/estamos-haciendo-los-controles-como-corresponde-se-adopto-una-rigidez-mayor-estamos-trabajando-al-filo-de-la-ley-ezequiel-gabella\/#breadcrumb\",\"itemListElement\":[{\"@type\":\"ListItem\",\"position\":1,\"name\":\"Portada\",\"item\":\"https:\/\/www.noticiasradioreflejos.com.ar\/2021\/\"},{\"@type\":\"ListItem\",\"position\":2,\"name\":\"\u201cEstamos haciendo los controles como corresponde, se adopt\u00f3 una rigidez mayor, estamos trabajando al filo de la ley.\u201d Ezequiel Gabella.\"}]},{\"@type\":\"WebSite\",\"@id\":\"https:\/\/www.noticiasradioreflejos.com.ar\/2021\/#website\",\"url\":\"https:\/\/www.noticiasradioreflejos.com.ar\/2021\/\",\"name\":\"Noticias Radio Reflejos\",\"description\":\"Las noticias de mi comarca\",\"potentialAction\":[{\"@type\":\"SearchAction\",\"target\":{\"@type\":\"EntryPoint\",\"urlTemplate\":\"https:\/\/www.noticiasradioreflejos.com.ar\/2021\/?s={search_term_string}\"},\"query-input\":{\"@type\":\"PropertyValueSpecification\",\"valueRequired\":true,\"valueName\":\"search_term_string\"}}],\"inLanguage\":\"es\"},{\"@type\":\"Person\",\"@id\":\"https:\/\/www.noticiasradioreflejos.com.ar\/2021\/#\/schema\/person\/ad82545263dcc5ec0996818884fd5fb1\",\"name\":\"Arnaldo Botto\",\"image\":{\"@type\":\"ImageObject\",\"inLanguage\":\"es\",\"@id\":\"https:\/\/www.noticiasradioreflejos.com.ar\/2021\/#\/schema\/person\/image\/\",\"url\":\"https:\/\/secure.gravatar.com\/avatar\/55cb5e37c1efa326397366e6974cb338056df65cb50e7d64d1cf314e87504837?s=96&d=mm&r=g\",\"contentUrl\":\"https:\/\/secure.gravatar.com\/avatar\/55cb5e37c1efa326397366e6974cb338056df65cb50e7d64d1cf314e87504837?s=96&d=mm&r=g\",\"caption\":\"Arnaldo Botto\"},\"url\":\"https:\/\/www.noticiasradioreflejos.com.ar\/2021\/author\/arnaldo\/\"}]}<\/script>\n<!-- \/ Yoast SEO plugin. -->","yoast_head_json":{"title":"\u201cEstamos haciendo los controles como corresponde, se adopt\u00f3 una rigidez mayor, estamos trabajando al filo de la ley.\u201d Ezequiel Gabella. - Noticias Radio Reflejos","robots":{"index":"index","follow":"follow","max-snippet":"max-snippet:-1","max-image-preview":"max-image-preview:large","max-video-preview":"max-video-preview:-1"},"canonical":"https:\/\/www.noticiasradioreflejos.com.ar\/2021\/estamos-haciendo-los-controles-como-corresponde-se-adopto-una-rigidez-mayor-estamos-trabajando-al-filo-de-la-ley-ezequiel-gabella\/","og_locale":"es_ES","og_type":"article","og_title":"\u201cEstamos haciendo los controles como corresponde, se adopt\u00f3 una rigidez mayor, estamos trabajando al filo de la ley.\u201d Ezequiel Gabella. - Noticias Radio Reflejos","og_description":"La municipalidad del partido de Tornquist reforzar\u00e1 los controles de acceso a las localidades de la Comarca tur\u00edstica de Sierra de la Ventana durante Semana Santa, como parte de las medidas por la pandemia de coronavirus, se inform\u00f3 hoy oficialmente. Hablamos con el Secretario de Gobierno y Seguridad de Tornquist Municipio, sobre las medidas que [&hellip;]","og_url":"https:\/\/www.noticiasradioreflejos.com.ar\/2021\/estamos-haciendo-los-controles-como-corresponde-se-adopto-una-rigidez-mayor-estamos-trabajando-al-filo-de-la-ley-ezequiel-gabella\/","og_site_name":"Noticias Radio Reflejos","article_published_time":"2020-04-07T20:12:09+00:00","og_image":[{"width":300,"height":200,"url":"https:\/\/www.noticiasradioreflejos.com.ar\/2021\/wp-content\/uploads\/2021\/07\/logosol300x200.png","type":"image\/png"}],"author":"Arnaldo Botto","twitter_card":"summary_large_image","schema":{"@context":"https:\/\/schema.org","@graph":[{"@type":"WebPage","@id":"https:\/\/www.noticiasradioreflejos.com.ar\/2021\/estamos-haciendo-los-controles-como-corresponde-se-adopto-una-rigidez-mayor-estamos-trabajando-al-filo-de-la-ley-ezequiel-gabella\/","url":"https:\/\/www.noticiasradioreflejos.com.ar\/2021\/estamos-haciendo-los-controles-como-corresponde-se-adopto-una-rigidez-mayor-estamos-trabajando-al-filo-de-la-ley-ezequiel-gabella\/","name":"\u201cEstamos haciendo los controles como corresponde, se adopt\u00f3 una rigidez mayor, estamos trabajando al filo de la ley.\u201d Ezequiel Gabella. - Noticias Radio Reflejos","isPartOf":{"@id":"https:\/\/www.noticiasradioreflejos.com.ar\/2021\/#website"},"datePublished":"2020-04-07T20:12:09+00:00","author":{"@id":"https:\/\/www.noticiasradioreflejos.com.ar\/2021\/#\/schema\/person\/ad82545263dcc5ec0996818884fd5fb1"},"breadcrumb":{"@id":"https:\/\/www.noticiasradioreflejos.com.ar\/2021\/estamos-haciendo-los-controles-como-corresponde-se-adopto-una-rigidez-mayor-estamos-trabajando-al-filo-de-la-ley-ezequiel-gabella\/#breadcrumb"},"inLanguage":"es","potentialAction":[{"@type":"ReadAction","target":["https:\/\/www.noticiasradioreflejos.com.ar\/2021\/estamos-haciendo-los-controles-como-corresponde-se-adopto-una-rigidez-mayor-estamos-trabajando-al-filo-de-la-ley-ezequiel-gabella\/"]}]},{"@type":"BreadcrumbList","@id":"https:\/\/www.noticiasradioreflejos.com.ar\/2021\/estamos-haciendo-los-controles-como-corresponde-se-adopto-una-rigidez-mayor-estamos-trabajando-al-filo-de-la-ley-ezequiel-gabella\/#breadcrumb","itemListElement":[{"@type":"ListItem","position":1,"name":"Portada","item":"https:\/\/www.noticiasradioreflejos.com.ar\/2021\/"},{"@type":"ListItem","position":2,"name":"\u201cEstamos haciendo los controles como corresponde, se adopt\u00f3 una rigidez mayor, estamos trabajando al filo de la ley.\u201d Ezequiel Gabella."}]},{"@type":"WebSite","@id":"https:\/\/www.noticiasradioreflejos.com.ar\/2021\/#website","url":"https:\/\/www.noticiasradioreflejos.com.ar\/2021\/","name":"Noticias Radio Reflejos","description":"Las noticias de mi comarca","potentialAction":[{"@type":"SearchAction","target":{"@type":"EntryPoint","urlTemplate":"https:\/\/www.noticiasradioreflejos.com.ar\/2021\/?s={search_term_string}"},"query-input":{"@type":"PropertyValueSpecification","valueRequired":true,"valueName":"search_term_string"}}],"inLanguage":"es"},{"@type":"Person","@id":"https:\/\/www.noticiasradioreflejos.com.ar\/2021\/#\/schema\/person\/ad82545263dcc5ec0996818884fd5fb1","name":"Arnaldo Botto","image":{"@type":"ImageObject","inLanguage":"es","@id":"https:\/\/www.noticiasradioreflejos.com.ar\/2021\/#\/schema\/person\/image\/","url":"https:\/\/secure.gravatar.com\/avatar\/55cb5e37c1efa326397366e6974cb338056df65cb50e7d64d1cf314e87504837?s=96&d=mm&r=g","contentUrl":"https:\/\/secure.gravatar.com\/avatar\/55cb5e37c1efa326397366e6974cb338056df65cb50e7d64d1cf314e87504837?s=96&d=mm&r=g","caption":"Arnaldo Botto"},"url":"https:\/\/www.noticiasradioreflejos.com.ar\/2021\/author\/arnaldo\/"}]}},"_links":{"self":[{"href":"https:\/\/www.noticiasradioreflejos.com.ar\/2021\/wp-json\/wp\/v2\/posts\/40510","targetHints":{"allow":["GET"]}}],"collection":[{"href":"https:\/\/www.noticiasradioreflejos.com.ar\/2021\/wp-json\/wp\/v2\/posts"}],"about":[{"href":"https:\/\/www.noticiasradioreflejos.com.ar\/2021\/wp-json\/wp\/v2\/types\/post"}],"author":[{"embeddable":true,"href":"https:\/\/www.noticiasradioreflejos.com.ar\/2021\/wp-json\/wp\/v2\/users\/3"}],"replies":[{"embeddable":true,"href":"https:\/\/www.noticiasradioreflejos.com.ar\/2021\/wp-json\/wp\/v2\/comments?post=40510"}],"version-history":[{"count":0,"href":"https:\/\/www.noticiasradioreflejos.com.ar\/2021\/wp-json\/wp\/v2\/posts\/40510\/revisions"}],"wp:attachment":[{"href":"https:\/\/www.noticiasradioreflejos.com.ar\/2021\/wp-json\/wp\/v2\/media?parent=40510"}],"wp:term":[{"taxonomy":"category","embeddable":true,"href":"https:\/\/www.noticiasradioreflejos.com.ar\/2021\/wp-json\/wp\/v2\/categories?post=40510"},{"taxonomy":"post_tag","embeddable":true,"href":"https:\/\/www.noticiasradioreflejos.com.ar\/2021\/wp-json\/wp\/v2\/tags?post=40510"}],"curies":[{"name":"wp","href":"https:\/\/api.w.org\/{rel}","templated":true}]}}