{"id":40471,"date":"2020-04-06T14:38:41","date_gmt":"2020-04-06T17:38:41","guid":{"rendered":"http:\/\/www.noticiasradioreflejos.com.ar\/noticias\/?p=40471"},"modified":"2020-04-06T14:38:41","modified_gmt":"2020-04-06T17:38:41","slug":"el-ministerio-de-turismo-le-propuso-a-nacion-capacitaciones-de-gestion-post-coronavirus","status":"publish","type":"post","link":"https:\/\/www.noticiasradioreflejos.com.ar\/2021\/el-ministerio-de-turismo-le-propuso-a-nacion-capacitaciones-de-gestion-post-coronavirus\/","title":{"rendered":"Capacitaciones virtuales para enfrentar la crisis del turismo por el coronavirus."},"content":{"rendered":"<p>Una serie de capacitaciones virtuales para brindar herramientas para el manejo de la crisis que sufre el sector tur\u00edstico a ra\u00edz de la pandemia de coronavirus fueron instrumentadas por el \u00e1rea de Formaci\u00f3n del Ministerio de Turismo y Deportes (Mintur), inform\u00f3 hoy ese organismo oficial. Las capacitaciones, que ya cuentan con m\u00e1s de 6.000 inscriptos, consisten en la realizaci\u00f3n de talleres a distancia y a trav\u00e9s de videoconferencias y otras herramientas de internet, y cuentan con la participaci\u00f3n de representantes de los sectores p\u00fablico y privado de todas las provincias.<!--more--><\/p>\n<p>Los cursos virtuales, que fueron presentados a trav\u00e9s de una videoconferencia, contar\u00e1n con la participaci\u00f3n de los equipos t\u00e9cnicos de la cartera tur\u00edstica a cargo de Mat\u00edas Lammens.<\/p>\n<p>La directora de Formaci\u00f3n en Turismo del Mintur, Gabriela Bar\u00f3n, se\u00f1al\u00f3 que \u00abes importante recurrir al campus virtual, que en el contexto actual a ra\u00edz del coronavirus nos permite continuar y profundizar las actividades de formaci\u00f3n para el sector\u00bb.<\/p>\n<p>Por su parte, la subsecretaria de Calidad, Accesibilidad y Sustentabilidad, In\u00e9s Albergucci, destac\u00f3 que \u00ablas acciones tendr\u00e1n una perspectiva muy relacionada con las pol\u00edticas tur\u00edsticas de cada provincia y con una mirada integral de todas las necesidades\u00bb.<\/p>\n<p>El ministro de Turismo de Chubut, N\u00e9stor Garc\u00eda, subray\u00f3 por su parte que \u00ablas formaciones siempre son consensuadas con los municipios de acuerdo a las necesidades de cada destino\u00bb.<\/p>\n<p>Los cursos son de acceso libre y gratuito destinados a los sectores ligados al rubro tur\u00edstico, y para ingresar se deber\u00e1 completar un formulario de inscripci\u00f3n.<\/p>\n<p>Tienen una duraci\u00f3n estimada de 25 horas, las que pueden ser administradas a criterio de cada usuario en funci\u00f3n de su disponibilidad de tiempo, lo que implica que no poseen fechas de inicio y finalizaci\u00f3n predeterminadas.<\/p>\n<p>El Campus del Mintur, al que se accede a trav\u00e9s de su plataforma virtual https:\/\/campus.yvera.gob.ar\/, pretende dar respuesta a las necesidades de capacitaci\u00f3n de la comunidad tur\u00edstica, con acciones de formaci\u00f3n y capacitaci\u00f3n que promuevan en sus destinatarios el desarrollo de competencias que les permitan mejorar su desempe\u00f1o laboral.<\/p>\n<p>Actualmente, se encuentran a disposici\u00f3n cursos de Turismo y Ciudadan\u00eda; Gesti\u00f3n de la Calidad en Turismo para Agentes P\u00fablicos; Promoci\u00f3n de Destinos Basada en Valores y Calidad en la Atenci\u00f3n al Cliente.<\/p>\n<p>Tambi\u00e9n: Nociones de Higiene y Seguridad para Actividades de Turismo; Derecho aplicado al Turismo; Competitividad y Calidad para Pymes Tur\u00edsticas; Manipulaci\u00f3n de Alimentos y Bebidas; Introducci\u00f3n al Empleo en Turismo; y Gesti\u00f3n de Recursos Humanos en Turismo.<\/p>\n<p>Adem\u00e1s, otros cursos como el de Coordinador como Generador de Experiencias Responsables en los Viajes Estudiantiles; Comunicaci\u00f3n y Creatividad en Situaciones de Crisis; y El ABC del Microemprendimiento.<\/p>\n<p>Las Pr\u00e1cticas Tur\u00edsticas Sustentables; Gesti\u00f3n Integral del Riesgo Tur\u00edstico; la Importancia del Uso de la Informaci\u00f3n Estad\u00edstica; Argentina y el Turista Musulm\u00e1n; y la Responsabilidad Vial, forman parte tambi\u00e9n de esta serie de cursos que se dictan desde el Mintur.<\/p>\n<p>En la misma l\u00ednea, el Ministerio de Turismo de Misiones desarrolla desde el pasado 26 de marzo una serie de capacitaciones virtuales para toda la provincia.<\/p>\n<p>En ese sentido, se ofrecen cinco opciones online y gratuitas: Videoconferencia de Finanzas; Diagn\u00f3stico inicial de calidad tur\u00edstica para organizaciones; Curso con tutor de Atenci\u00f3n al Turista; y Curso con tutor de gesti\u00f3n de quejas.<\/p>\n<p>Por otra parte, varias aplicaciones ofrecen cursos de idiomas para aquellos que quieran aprovechar los d\u00edas de cuarentena, tanto potenciales viajeros como profesionales del turismo.<\/p>\n<p>Destacan entre estas opciones las apps Duolingo, gratuita, que ofrece aprender ingl\u00e9s, franc\u00e9s, italiano, alem\u00e1n y portugu\u00e9s; Babbel, con un total de 14 idiomas con cursos interactivos; y Drops, con m\u00e1s de 30 idiomas, que incluye hebreo y japon\u00e9s, entre otras aplicaciones.<\/p>\n","protected":false},"excerpt":{"rendered":"<p>Una serie de capacitaciones virtuales para brindar herramientas para el manejo de la crisis que sufre el sector tur\u00edstico a ra\u00edz de la pandemia de coronavirus fueron instrumentadas por el \u00e1rea de Formaci\u00f3n del Ministerio de Turismo y Deportes (Mintur), inform\u00f3 hoy ese organismo oficial. Las capacitaciones, que ya cuentan con m\u00e1s de 6.000 inscriptos, [&hellip;]<\/p>\n","protected":false},"author":3,"featured_media":0,"comment_status":"closed","ping_status":"open","sticky":false,"template":"","format":"standard","meta":{"footnotes":""},"categories":[33],"tags":[],"class_list":["post-40471","post","type-post","status-publish","format-standard","hentry","category-turismo"],"yoast_head":"<!-- This site is optimized with the Yoast SEO plugin v25.9 - https:\/\/yoast.com\/wordpress\/plugins\/seo\/ -->\n<title>Capacitaciones virtuales para enfrentar la crisis del turismo por el coronavirus. - Noticias Radio Reflejos<\/title>\n<meta name=\"robots\" content=\"index, follow, max-snippet:-1, max-image-preview:large, max-video-preview:-1\" \/>\n<link rel=\"canonical\" href=\"https:\/\/www.noticiasradioreflejos.com.ar\/2021\/el-ministerio-de-turismo-le-propuso-a-nacion-capacitaciones-de-gestion-post-coronavirus\/\" \/>\n<meta property=\"og:locale\" content=\"es_ES\" \/>\n<meta property=\"og:type\" content=\"article\" \/>\n<meta property=\"og:title\" content=\"Capacitaciones virtuales para enfrentar la crisis del turismo por el coronavirus. - Noticias Radio Reflejos\" \/>\n<meta property=\"og:description\" content=\"Una serie de capacitaciones virtuales para brindar herramientas para el manejo de la crisis que sufre el sector tur\u00edstico a ra\u00edz de la pandemia de coronavirus fueron instrumentadas por el \u00e1rea de Formaci\u00f3n del Ministerio de Turismo y Deportes (Mintur), inform\u00f3 hoy ese organismo oficial. Las capacitaciones, que ya cuentan con m\u00e1s de 6.000 inscriptos, [&hellip;]\" \/>\n<meta property=\"og:url\" content=\"https:\/\/www.noticiasradioreflejos.com.ar\/2021\/el-ministerio-de-turismo-le-propuso-a-nacion-capacitaciones-de-gestion-post-coronavirus\/\" \/>\n<meta property=\"og:site_name\" content=\"Noticias Radio Reflejos\" \/>\n<meta property=\"article:published_time\" content=\"2020-04-06T17:38:41+00:00\" \/>\n<meta property=\"og:image\" content=\"https:\/\/www.noticiasradioreflejos.com.ar\/2021\/wp-content\/uploads\/2021\/07\/logosol300x200.png\" \/>\n\t<meta property=\"og:image:width\" content=\"300\" \/>\n\t<meta property=\"og:image:height\" content=\"200\" \/>\n\t<meta property=\"og:image:type\" content=\"image\/png\" \/>\n<meta name=\"author\" content=\"Arnaldo Botto\" \/>\n<meta name=\"twitter:card\" content=\"summary_large_image\" \/>\n<script type=\"application\/ld+json\" class=\"yoast-schema-graph\">{\"@context\":\"https:\/\/schema.org\",\"@graph\":[{\"@type\":\"WebPage\",\"@id\":\"https:\/\/www.noticiasradioreflejos.com.ar\/2021\/el-ministerio-de-turismo-le-propuso-a-nacion-capacitaciones-de-gestion-post-coronavirus\/\",\"url\":\"https:\/\/www.noticiasradioreflejos.com.ar\/2021\/el-ministerio-de-turismo-le-propuso-a-nacion-capacitaciones-de-gestion-post-coronavirus\/\",\"name\":\"Capacitaciones virtuales para enfrentar la crisis del turismo por el coronavirus. - Noticias Radio Reflejos\",\"isPartOf\":{\"@id\":\"https:\/\/www.noticiasradioreflejos.com.ar\/2021\/#website\"},\"datePublished\":\"2020-04-06T17:38:41+00:00\",\"author\":{\"@id\":\"https:\/\/www.noticiasradioreflejos.com.ar\/2021\/#\/schema\/person\/ad82545263dcc5ec0996818884fd5fb1\"},\"breadcrumb\":{\"@id\":\"https:\/\/www.noticiasradioreflejos.com.ar\/2021\/el-ministerio-de-turismo-le-propuso-a-nacion-capacitaciones-de-gestion-post-coronavirus\/#breadcrumb\"},\"inLanguage\":\"es\",\"potentialAction\":[{\"@type\":\"ReadAction\",\"target\":[\"https:\/\/www.noticiasradioreflejos.com.ar\/2021\/el-ministerio-de-turismo-le-propuso-a-nacion-capacitaciones-de-gestion-post-coronavirus\/\"]}]},{\"@type\":\"BreadcrumbList\",\"@id\":\"https:\/\/www.noticiasradioreflejos.com.ar\/2021\/el-ministerio-de-turismo-le-propuso-a-nacion-capacitaciones-de-gestion-post-coronavirus\/#breadcrumb\",\"itemListElement\":[{\"@type\":\"ListItem\",\"position\":1,\"name\":\"Portada\",\"item\":\"https:\/\/www.noticiasradioreflejos.com.ar\/2021\/\"},{\"@type\":\"ListItem\",\"position\":2,\"name\":\"Capacitaciones virtuales para enfrentar la crisis del turismo por el coronavirus.\"}]},{\"@type\":\"WebSite\",\"@id\":\"https:\/\/www.noticiasradioreflejos.com.ar\/2021\/#website\",\"url\":\"https:\/\/www.noticiasradioreflejos.com.ar\/2021\/\",\"name\":\"Noticias Radio Reflejos\",\"description\":\"Las noticias de mi comarca\",\"potentialAction\":[{\"@type\":\"SearchAction\",\"target\":{\"@type\":\"EntryPoint\",\"urlTemplate\":\"https:\/\/www.noticiasradioreflejos.com.ar\/2021\/?s={search_term_string}\"},\"query-input\":{\"@type\":\"PropertyValueSpecification\",\"valueRequired\":true,\"valueName\":\"search_term_string\"}}],\"inLanguage\":\"es\"},{\"@type\":\"Person\",\"@id\":\"https:\/\/www.noticiasradioreflejos.com.ar\/2021\/#\/schema\/person\/ad82545263dcc5ec0996818884fd5fb1\",\"name\":\"Arnaldo Botto\",\"image\":{\"@type\":\"ImageObject\",\"inLanguage\":\"es\",\"@id\":\"https:\/\/www.noticiasradioreflejos.com.ar\/2021\/#\/schema\/person\/image\/\",\"url\":\"https:\/\/secure.gravatar.com\/avatar\/55cb5e37c1efa326397366e6974cb338056df65cb50e7d64d1cf314e87504837?s=96&d=mm&r=g\",\"contentUrl\":\"https:\/\/secure.gravatar.com\/avatar\/55cb5e37c1efa326397366e6974cb338056df65cb50e7d64d1cf314e87504837?s=96&d=mm&r=g\",\"caption\":\"Arnaldo Botto\"},\"url\":\"https:\/\/www.noticiasradioreflejos.com.ar\/2021\/author\/arnaldo\/\"}]}<\/script>\n<!-- \/ Yoast SEO plugin. -->","yoast_head_json":{"title":"Capacitaciones virtuales para enfrentar la crisis del turismo por el coronavirus. - Noticias Radio Reflejos","robots":{"index":"index","follow":"follow","max-snippet":"max-snippet:-1","max-image-preview":"max-image-preview:large","max-video-preview":"max-video-preview:-1"},"canonical":"https:\/\/www.noticiasradioreflejos.com.ar\/2021\/el-ministerio-de-turismo-le-propuso-a-nacion-capacitaciones-de-gestion-post-coronavirus\/","og_locale":"es_ES","og_type":"article","og_title":"Capacitaciones virtuales para enfrentar la crisis del turismo por el coronavirus. - Noticias Radio Reflejos","og_description":"Una serie de capacitaciones virtuales para brindar herramientas para el manejo de la crisis que sufre el sector tur\u00edstico a ra\u00edz de la pandemia de coronavirus fueron instrumentadas por el \u00e1rea de Formaci\u00f3n del Ministerio de Turismo y Deportes (Mintur), inform\u00f3 hoy ese organismo oficial. Las capacitaciones, que ya cuentan con m\u00e1s de 6.000 inscriptos, [&hellip;]","og_url":"https:\/\/www.noticiasradioreflejos.com.ar\/2021\/el-ministerio-de-turismo-le-propuso-a-nacion-capacitaciones-de-gestion-post-coronavirus\/","og_site_name":"Noticias Radio Reflejos","article_published_time":"2020-04-06T17:38:41+00:00","og_image":[{"width":300,"height":200,"url":"https:\/\/www.noticiasradioreflejos.com.ar\/2021\/wp-content\/uploads\/2021\/07\/logosol300x200.png","type":"image\/png"}],"author":"Arnaldo Botto","twitter_card":"summary_large_image","schema":{"@context":"https:\/\/schema.org","@graph":[{"@type":"WebPage","@id":"https:\/\/www.noticiasradioreflejos.com.ar\/2021\/el-ministerio-de-turismo-le-propuso-a-nacion-capacitaciones-de-gestion-post-coronavirus\/","url":"https:\/\/www.noticiasradioreflejos.com.ar\/2021\/el-ministerio-de-turismo-le-propuso-a-nacion-capacitaciones-de-gestion-post-coronavirus\/","name":"Capacitaciones virtuales para enfrentar la crisis del turismo por el coronavirus. - Noticias Radio Reflejos","isPartOf":{"@id":"https:\/\/www.noticiasradioreflejos.com.ar\/2021\/#website"},"datePublished":"2020-04-06T17:38:41+00:00","author":{"@id":"https:\/\/www.noticiasradioreflejos.com.ar\/2021\/#\/schema\/person\/ad82545263dcc5ec0996818884fd5fb1"},"breadcrumb":{"@id":"https:\/\/www.noticiasradioreflejos.com.ar\/2021\/el-ministerio-de-turismo-le-propuso-a-nacion-capacitaciones-de-gestion-post-coronavirus\/#breadcrumb"},"inLanguage":"es","potentialAction":[{"@type":"ReadAction","target":["https:\/\/www.noticiasradioreflejos.com.ar\/2021\/el-ministerio-de-turismo-le-propuso-a-nacion-capacitaciones-de-gestion-post-coronavirus\/"]}]},{"@type":"BreadcrumbList","@id":"https:\/\/www.noticiasradioreflejos.com.ar\/2021\/el-ministerio-de-turismo-le-propuso-a-nacion-capacitaciones-de-gestion-post-coronavirus\/#breadcrumb","itemListElement":[{"@type":"ListItem","position":1,"name":"Portada","item":"https:\/\/www.noticiasradioreflejos.com.ar\/2021\/"},{"@type":"ListItem","position":2,"name":"Capacitaciones virtuales para enfrentar la crisis del turismo por el coronavirus."}]},{"@type":"WebSite","@id":"https:\/\/www.noticiasradioreflejos.com.ar\/2021\/#website","url":"https:\/\/www.noticiasradioreflejos.com.ar\/2021\/","name":"Noticias Radio Reflejos","description":"Las noticias de mi comarca","potentialAction":[{"@type":"SearchAction","target":{"@type":"EntryPoint","urlTemplate":"https:\/\/www.noticiasradioreflejos.com.ar\/2021\/?s={search_term_string}"},"query-input":{"@type":"PropertyValueSpecification","valueRequired":true,"valueName":"search_term_string"}}],"inLanguage":"es"},{"@type":"Person","@id":"https:\/\/www.noticiasradioreflejos.com.ar\/2021\/#\/schema\/person\/ad82545263dcc5ec0996818884fd5fb1","name":"Arnaldo Botto","image":{"@type":"ImageObject","inLanguage":"es","@id":"https:\/\/www.noticiasradioreflejos.com.ar\/2021\/#\/schema\/person\/image\/","url":"https:\/\/secure.gravatar.com\/avatar\/55cb5e37c1efa326397366e6974cb338056df65cb50e7d64d1cf314e87504837?s=96&d=mm&r=g","contentUrl":"https:\/\/secure.gravatar.com\/avatar\/55cb5e37c1efa326397366e6974cb338056df65cb50e7d64d1cf314e87504837?s=96&d=mm&r=g","caption":"Arnaldo Botto"},"url":"https:\/\/www.noticiasradioreflejos.com.ar\/2021\/author\/arnaldo\/"}]}},"_links":{"self":[{"href":"https:\/\/www.noticiasradioreflejos.com.ar\/2021\/wp-json\/wp\/v2\/posts\/40471","targetHints":{"allow":["GET"]}}],"collection":[{"href":"https:\/\/www.noticiasradioreflejos.com.ar\/2021\/wp-json\/wp\/v2\/posts"}],"about":[{"href":"https:\/\/www.noticiasradioreflejos.com.ar\/2021\/wp-json\/wp\/v2\/types\/post"}],"author":[{"embeddable":true,"href":"https:\/\/www.noticiasradioreflejos.com.ar\/2021\/wp-json\/wp\/v2\/users\/3"}],"replies":[{"embeddable":true,"href":"https:\/\/www.noticiasradioreflejos.com.ar\/2021\/wp-json\/wp\/v2\/comments?post=40471"}],"version-history":[{"count":0,"href":"https:\/\/www.noticiasradioreflejos.com.ar\/2021\/wp-json\/wp\/v2\/posts\/40471\/revisions"}],"wp:attachment":[{"href":"https:\/\/www.noticiasradioreflejos.com.ar\/2021\/wp-json\/wp\/v2\/media?parent=40471"}],"wp:term":[{"taxonomy":"category","embeddable":true,"href":"https:\/\/www.noticiasradioreflejos.com.ar\/2021\/wp-json\/wp\/v2\/categories?post=40471"},{"taxonomy":"post_tag","embeddable":true,"href":"https:\/\/www.noticiasradioreflejos.com.ar\/2021\/wp-json\/wp\/v2\/tags?post=40471"}],"curies":[{"name":"wp","href":"https:\/\/api.w.org\/{rel}","templated":true}]}}