{"id":40468,"date":"2020-04-06T14:23:44","date_gmt":"2020-04-06T17:23:44","guid":{"rendered":"http:\/\/www.noticiasradioreflejos.com.ar\/noticias\/?p=40468"},"modified":"2020-04-06T14:23:44","modified_gmt":"2020-04-06T17:23:44","slug":"el-consejo-federal-de-turismo-considera-que-las-medidas-del-gobierno-beneficiaran-al-sector","status":"publish","type":"post","link":"https:\/\/www.noticiasradioreflejos.com.ar\/2021\/el-consejo-federal-de-turismo-considera-que-las-medidas-del-gobierno-beneficiaran-al-sector\/","title":{"rendered":"El Consejo Federal de Turismo considera que las medidas del gobierno beneficiar\u00e1n al sector"},"content":{"rendered":"<p>La presidenta del Consejo Federal de Turismo (CFT), Claudia Grynszpan, dijo hoy que las medidas adoptadas por el Gobierno nacional para ayudar a las Peque\u00f1as y Medianas empresas (PyMes) ante la crisis por el coronavirus \u00abser\u00e1n muy \u00fatiles para el sector\u00bb, seg\u00fan lo evalu\u00f3 ese organismo en una reuni\u00f3n virtual. Grynszpan, quien tambi\u00e9n es ministra de Turismo y Cultura de San Juan, cont\u00f3 a T\u00e9lam que \u00abya se trabaja para que los prestadores de servicios tur\u00edsticos de todo el pa\u00eds se adapten a las mismas\u00bb.<!--more--><\/p>\n<p>Esas medidas, asegur\u00f3, \u00abcontemplan la situaci\u00f3n de la inmensa mayor\u00eda de empresas vinculadas a la actividad tur\u00edstica, que son PyMes y minipymes de no m\u00e1s de diez personas y monotributistas\u00bb.<\/p>\n<p>La presidenta del CFT remarc\u00f3 que desde ese organismo \u00abse brinda el apoyo para que todos los actores del sector se encuadren en los requerimientos para recibir esa ayuda\u00bb.<\/p>\n<p>Esa tarea no ser\u00e1 dificultosa \u00abporque todos los prestadores trabajan con su personal en blanco y sus cuentas al d\u00eda\u00bb, asegur\u00f3 la jefa del ente que agrupa a los organismos de turismo de todas las provincias y la Ciudad de Buenos Aires.<\/p>\n<p>En ese sentido, destac\u00f3 la ayuda de los equipos t\u00e9cnicos del Ministerio de Turismo y Deportes, que \u00abcumplir\u00e1n un rol clave para asesorar en el plano legal a todas las empresas prestadoras de servicios tur\u00edsticos\u00bb.<\/p>\n<p>La ayuda, seg\u00fan Grynszpan, \u00abser\u00e1 vital, porque a ra\u00edz del coronavirus el primer semestre de la actividad est\u00e1 casi perdido y la reactivaci\u00f3n va a tardar varios meses\u00bb.<\/p>\n<p>Al respecto, explic\u00f3 que \u00abla ca\u00edda de la demanda en otros rubros como la industria, la alimentaci\u00f3n o el textil, se recupera r\u00e1pido, pero en el sector tur\u00edstico ese crecimiento es m\u00e1s lento\u00bb.<\/p>\n<p>\u00abLa gente que posterg\u00f3 un viaje tiene que esperar a volver a tener el tiempo libre para hacerlo y tambi\u00e9n las condiciones econ\u00f3micas, que quiz\u00e1s tambi\u00e9n puedan ser afectadas por el coronavirus\u00bb, agreg\u00f3.<\/p>\n<p>La funcionaria subray\u00f3 que la recuperaci\u00f3n del nivel de actividad \u00abse dar\u00e1 de la mano del turismo interno\u00bb y por ese motivo \u00abya se est\u00e1n trazando estrategias para potenciar ese segmento, que es una gran herramienta para los prestadores del interior del pa\u00eds\u00bb.<\/p>\n<p>Por \u00faltimo, Grynszpan indic\u00f3 que en la reuni\u00f3n virtual del CFT \u00abse acord\u00f3 trabajar en forma conjunta para buscar las soluciones que necesite el sector ante esta crisis de alcances todav\u00eda dif\u00edciles de imaginar\u00bb.<\/p>\n<p>En ese encuentro online tambi\u00e9n participaron, adem\u00e1s de los m\u00e1ximos referentes del sector de los 24 distritos, asesores de las carteras nacionales de Turismo y Deportes y de Econom\u00eda y representantes de los sectores hotelero, gastron\u00f3mico y de las agencias de viajes,<\/p>\n<p>El Gobierno nacional dispuso el 1 de este mes, a trav\u00e9s del Decreto de Necesidad y Urgencia 332\/20, la creaci\u00f3n del Programa de Asistencia de Emergencia al Trabajo y a la Producci\u00f3n.<\/p>\n<p>Esta iniciativa contempla la reducci\u00f3n de hasta un 95% y la postergaci\u00f3n del pago de las tasas patronales y la Asignaci\u00f3n Complementaria del Salario, entre otras medidas fiscales e impositivas destinadas a aliviar la situaci\u00f3n financiera de las empresas con hasta 100 trabajadores.<\/p>\n<p>La actividad tur\u00edstica gener\u00f3 el a\u00f1o pasado en Argentina un impacto econ\u00f3mico de 15 mil millones de d\u00f3lares, por el movimiento de unos 15 millones de turistas por todo el pa\u00eds, entre ellos 8 millones de extranjeros, en tanto unos 11.300.000 turistas viajaron en los fines de semana largos de 2019.<\/p>\n<p>La Argentina subi\u00f3 en 2019 al 7\u00b0 lugar entre los pa\u00edses que m\u00e1s crecieron en actividad tur\u00edstica y se posicion\u00f3 entre los 50 destinos m\u00e1s importantes del mundo, con el turismo como cuarto complejo exportador -con ingresos por unos 3.000 millones de d\u00f3lares- detr\u00e1s del oleaginoso, el cerealero y el automotriz,<\/p>\n","protected":false},"excerpt":{"rendered":"<p>La presidenta del Consejo Federal de Turismo (CFT), Claudia Grynszpan, dijo hoy que las medidas adoptadas por el Gobierno nacional para ayudar a las Peque\u00f1as y Medianas empresas (PyMes) ante la crisis por el coronavirus \u00abser\u00e1n muy \u00fatiles para el sector\u00bb, seg\u00fan lo evalu\u00f3 ese organismo en una reuni\u00f3n virtual. Grynszpan, quien tambi\u00e9n es ministra [&hellip;]<\/p>\n","protected":false},"author":3,"featured_media":0,"comment_status":"closed","ping_status":"open","sticky":false,"template":"","format":"standard","meta":{"footnotes":""},"categories":[33],"tags":[],"class_list":["post-40468","post","type-post","status-publish","format-standard","hentry","category-turismo"],"yoast_head":"<!-- This site is optimized with the Yoast SEO plugin v25.9 - https:\/\/yoast.com\/wordpress\/plugins\/seo\/ -->\n<title>El Consejo Federal de Turismo considera que las medidas del gobierno beneficiar\u00e1n al sector - Noticias Radio Reflejos<\/title>\n<meta name=\"robots\" content=\"index, follow, max-snippet:-1, max-image-preview:large, max-video-preview:-1\" \/>\n<link rel=\"canonical\" href=\"https:\/\/www.noticiasradioreflejos.com.ar\/2021\/el-consejo-federal-de-turismo-considera-que-las-medidas-del-gobierno-beneficiaran-al-sector\/\" \/>\n<meta property=\"og:locale\" content=\"es_ES\" \/>\n<meta property=\"og:type\" content=\"article\" \/>\n<meta property=\"og:title\" content=\"El Consejo Federal de Turismo considera que las medidas del gobierno beneficiar\u00e1n al sector - Noticias Radio Reflejos\" \/>\n<meta property=\"og:description\" content=\"La presidenta del Consejo Federal de Turismo (CFT), Claudia Grynszpan, dijo hoy que las medidas adoptadas por el Gobierno nacional para ayudar a las Peque\u00f1as y Medianas empresas (PyMes) ante la crisis por el coronavirus \u00abser\u00e1n muy \u00fatiles para el sector\u00bb, seg\u00fan lo evalu\u00f3 ese organismo en una reuni\u00f3n virtual. Grynszpan, quien tambi\u00e9n es ministra [&hellip;]\" \/>\n<meta property=\"og:url\" content=\"https:\/\/www.noticiasradioreflejos.com.ar\/2021\/el-consejo-federal-de-turismo-considera-que-las-medidas-del-gobierno-beneficiaran-al-sector\/\" \/>\n<meta property=\"og:site_name\" content=\"Noticias Radio Reflejos\" \/>\n<meta property=\"article:published_time\" content=\"2020-04-06T17:23:44+00:00\" \/>\n<meta property=\"og:image\" content=\"https:\/\/www.noticiasradioreflejos.com.ar\/2021\/wp-content\/uploads\/2021\/07\/logosol300x200.png\" \/>\n\t<meta property=\"og:image:width\" content=\"300\" \/>\n\t<meta property=\"og:image:height\" content=\"200\" \/>\n\t<meta property=\"og:image:type\" content=\"image\/png\" \/>\n<meta name=\"author\" content=\"Arnaldo Botto\" \/>\n<meta name=\"twitter:card\" content=\"summary_large_image\" \/>\n<script type=\"application\/ld+json\" class=\"yoast-schema-graph\">{\"@context\":\"https:\/\/schema.org\",\"@graph\":[{\"@type\":\"WebPage\",\"@id\":\"https:\/\/www.noticiasradioreflejos.com.ar\/2021\/el-consejo-federal-de-turismo-considera-que-las-medidas-del-gobierno-beneficiaran-al-sector\/\",\"url\":\"https:\/\/www.noticiasradioreflejos.com.ar\/2021\/el-consejo-federal-de-turismo-considera-que-las-medidas-del-gobierno-beneficiaran-al-sector\/\",\"name\":\"El Consejo Federal de Turismo considera que las medidas del gobierno beneficiar\u00e1n al sector - Noticias Radio Reflejos\",\"isPartOf\":{\"@id\":\"https:\/\/www.noticiasradioreflejos.com.ar\/2021\/#website\"},\"datePublished\":\"2020-04-06T17:23:44+00:00\",\"author\":{\"@id\":\"https:\/\/www.noticiasradioreflejos.com.ar\/2021\/#\/schema\/person\/ad82545263dcc5ec0996818884fd5fb1\"},\"breadcrumb\":{\"@id\":\"https:\/\/www.noticiasradioreflejos.com.ar\/2021\/el-consejo-federal-de-turismo-considera-que-las-medidas-del-gobierno-beneficiaran-al-sector\/#breadcrumb\"},\"inLanguage\":\"es\",\"potentialAction\":[{\"@type\":\"ReadAction\",\"target\":[\"https:\/\/www.noticiasradioreflejos.com.ar\/2021\/el-consejo-federal-de-turismo-considera-que-las-medidas-del-gobierno-beneficiaran-al-sector\/\"]}]},{\"@type\":\"BreadcrumbList\",\"@id\":\"https:\/\/www.noticiasradioreflejos.com.ar\/2021\/el-consejo-federal-de-turismo-considera-que-las-medidas-del-gobierno-beneficiaran-al-sector\/#breadcrumb\",\"itemListElement\":[{\"@type\":\"ListItem\",\"position\":1,\"name\":\"Portada\",\"item\":\"https:\/\/www.noticiasradioreflejos.com.ar\/2021\/\"},{\"@type\":\"ListItem\",\"position\":2,\"name\":\"El Consejo Federal de Turismo considera que las medidas del gobierno beneficiar\u00e1n al sector\"}]},{\"@type\":\"WebSite\",\"@id\":\"https:\/\/www.noticiasradioreflejos.com.ar\/2021\/#website\",\"url\":\"https:\/\/www.noticiasradioreflejos.com.ar\/2021\/\",\"name\":\"Noticias Radio Reflejos\",\"description\":\"Las noticias de mi comarca\",\"potentialAction\":[{\"@type\":\"SearchAction\",\"target\":{\"@type\":\"EntryPoint\",\"urlTemplate\":\"https:\/\/www.noticiasradioreflejos.com.ar\/2021\/?s={search_term_string}\"},\"query-input\":{\"@type\":\"PropertyValueSpecification\",\"valueRequired\":true,\"valueName\":\"search_term_string\"}}],\"inLanguage\":\"es\"},{\"@type\":\"Person\",\"@id\":\"https:\/\/www.noticiasradioreflejos.com.ar\/2021\/#\/schema\/person\/ad82545263dcc5ec0996818884fd5fb1\",\"name\":\"Arnaldo Botto\",\"image\":{\"@type\":\"ImageObject\",\"inLanguage\":\"es\",\"@id\":\"https:\/\/www.noticiasradioreflejos.com.ar\/2021\/#\/schema\/person\/image\/\",\"url\":\"https:\/\/secure.gravatar.com\/avatar\/55cb5e37c1efa326397366e6974cb338056df65cb50e7d64d1cf314e87504837?s=96&d=mm&r=g\",\"contentUrl\":\"https:\/\/secure.gravatar.com\/avatar\/55cb5e37c1efa326397366e6974cb338056df65cb50e7d64d1cf314e87504837?s=96&d=mm&r=g\",\"caption\":\"Arnaldo Botto\"},\"url\":\"https:\/\/www.noticiasradioreflejos.com.ar\/2021\/author\/arnaldo\/\"}]}<\/script>\n<!-- \/ Yoast SEO plugin. -->","yoast_head_json":{"title":"El Consejo Federal de Turismo considera que las medidas del gobierno beneficiar\u00e1n al sector - Noticias Radio Reflejos","robots":{"index":"index","follow":"follow","max-snippet":"max-snippet:-1","max-image-preview":"max-image-preview:large","max-video-preview":"max-video-preview:-1"},"canonical":"https:\/\/www.noticiasradioreflejos.com.ar\/2021\/el-consejo-federal-de-turismo-considera-que-las-medidas-del-gobierno-beneficiaran-al-sector\/","og_locale":"es_ES","og_type":"article","og_title":"El Consejo Federal de Turismo considera que las medidas del gobierno beneficiar\u00e1n al sector - Noticias Radio Reflejos","og_description":"La presidenta del Consejo Federal de Turismo (CFT), Claudia Grynszpan, dijo hoy que las medidas adoptadas por el Gobierno nacional para ayudar a las Peque\u00f1as y Medianas empresas (PyMes) ante la crisis por el coronavirus \u00abser\u00e1n muy \u00fatiles para el sector\u00bb, seg\u00fan lo evalu\u00f3 ese organismo en una reuni\u00f3n virtual. Grynszpan, quien tambi\u00e9n es ministra [&hellip;]","og_url":"https:\/\/www.noticiasradioreflejos.com.ar\/2021\/el-consejo-federal-de-turismo-considera-que-las-medidas-del-gobierno-beneficiaran-al-sector\/","og_site_name":"Noticias Radio Reflejos","article_published_time":"2020-04-06T17:23:44+00:00","og_image":[{"width":300,"height":200,"url":"https:\/\/www.noticiasradioreflejos.com.ar\/2021\/wp-content\/uploads\/2021\/07\/logosol300x200.png","type":"image\/png"}],"author":"Arnaldo Botto","twitter_card":"summary_large_image","schema":{"@context":"https:\/\/schema.org","@graph":[{"@type":"WebPage","@id":"https:\/\/www.noticiasradioreflejos.com.ar\/2021\/el-consejo-federal-de-turismo-considera-que-las-medidas-del-gobierno-beneficiaran-al-sector\/","url":"https:\/\/www.noticiasradioreflejos.com.ar\/2021\/el-consejo-federal-de-turismo-considera-que-las-medidas-del-gobierno-beneficiaran-al-sector\/","name":"El Consejo Federal de Turismo considera que las medidas del gobierno beneficiar\u00e1n al sector - Noticias Radio Reflejos","isPartOf":{"@id":"https:\/\/www.noticiasradioreflejos.com.ar\/2021\/#website"},"datePublished":"2020-04-06T17:23:44+00:00","author":{"@id":"https:\/\/www.noticiasradioreflejos.com.ar\/2021\/#\/schema\/person\/ad82545263dcc5ec0996818884fd5fb1"},"breadcrumb":{"@id":"https:\/\/www.noticiasradioreflejos.com.ar\/2021\/el-consejo-federal-de-turismo-considera-que-las-medidas-del-gobierno-beneficiaran-al-sector\/#breadcrumb"},"inLanguage":"es","potentialAction":[{"@type":"ReadAction","target":["https:\/\/www.noticiasradioreflejos.com.ar\/2021\/el-consejo-federal-de-turismo-considera-que-las-medidas-del-gobierno-beneficiaran-al-sector\/"]}]},{"@type":"BreadcrumbList","@id":"https:\/\/www.noticiasradioreflejos.com.ar\/2021\/el-consejo-federal-de-turismo-considera-que-las-medidas-del-gobierno-beneficiaran-al-sector\/#breadcrumb","itemListElement":[{"@type":"ListItem","position":1,"name":"Portada","item":"https:\/\/www.noticiasradioreflejos.com.ar\/2021\/"},{"@type":"ListItem","position":2,"name":"El Consejo Federal de Turismo considera que las medidas del gobierno beneficiar\u00e1n al sector"}]},{"@type":"WebSite","@id":"https:\/\/www.noticiasradioreflejos.com.ar\/2021\/#website","url":"https:\/\/www.noticiasradioreflejos.com.ar\/2021\/","name":"Noticias Radio Reflejos","description":"Las noticias de mi comarca","potentialAction":[{"@type":"SearchAction","target":{"@type":"EntryPoint","urlTemplate":"https:\/\/www.noticiasradioreflejos.com.ar\/2021\/?s={search_term_string}"},"query-input":{"@type":"PropertyValueSpecification","valueRequired":true,"valueName":"search_term_string"}}],"inLanguage":"es"},{"@type":"Person","@id":"https:\/\/www.noticiasradioreflejos.com.ar\/2021\/#\/schema\/person\/ad82545263dcc5ec0996818884fd5fb1","name":"Arnaldo Botto","image":{"@type":"ImageObject","inLanguage":"es","@id":"https:\/\/www.noticiasradioreflejos.com.ar\/2021\/#\/schema\/person\/image\/","url":"https:\/\/secure.gravatar.com\/avatar\/55cb5e37c1efa326397366e6974cb338056df65cb50e7d64d1cf314e87504837?s=96&d=mm&r=g","contentUrl":"https:\/\/secure.gravatar.com\/avatar\/55cb5e37c1efa326397366e6974cb338056df65cb50e7d64d1cf314e87504837?s=96&d=mm&r=g","caption":"Arnaldo Botto"},"url":"https:\/\/www.noticiasradioreflejos.com.ar\/2021\/author\/arnaldo\/"}]}},"_links":{"self":[{"href":"https:\/\/www.noticiasradioreflejos.com.ar\/2021\/wp-json\/wp\/v2\/posts\/40468","targetHints":{"allow":["GET"]}}],"collection":[{"href":"https:\/\/www.noticiasradioreflejos.com.ar\/2021\/wp-json\/wp\/v2\/posts"}],"about":[{"href":"https:\/\/www.noticiasradioreflejos.com.ar\/2021\/wp-json\/wp\/v2\/types\/post"}],"author":[{"embeddable":true,"href":"https:\/\/www.noticiasradioreflejos.com.ar\/2021\/wp-json\/wp\/v2\/users\/3"}],"replies":[{"embeddable":true,"href":"https:\/\/www.noticiasradioreflejos.com.ar\/2021\/wp-json\/wp\/v2\/comments?post=40468"}],"version-history":[{"count":0,"href":"https:\/\/www.noticiasradioreflejos.com.ar\/2021\/wp-json\/wp\/v2\/posts\/40468\/revisions"}],"wp:attachment":[{"href":"https:\/\/www.noticiasradioreflejos.com.ar\/2021\/wp-json\/wp\/v2\/media?parent=40468"}],"wp:term":[{"taxonomy":"category","embeddable":true,"href":"https:\/\/www.noticiasradioreflejos.com.ar\/2021\/wp-json\/wp\/v2\/categories?post=40468"},{"taxonomy":"post_tag","embeddable":true,"href":"https:\/\/www.noticiasradioreflejos.com.ar\/2021\/wp-json\/wp\/v2\/tags?post=40468"}],"curies":[{"name":"wp","href":"https:\/\/api.w.org\/{rel}","templated":true}]}}