{"id":40463,"date":"2020-04-06T13:59:09","date_gmt":"2020-04-06T16:59:09","guid":{"rendered":"http:\/\/www.noticiasradioreflejos.com.ar\/noticias\/?p=40463"},"modified":"2020-04-06T13:59:09","modified_gmt":"2020-04-06T16:59:09","slug":"universidad-nacional-del-sur-iniciara-clases-en-modalidad-virtual-el-13-de-abril","status":"publish","type":"post","link":"https:\/\/www.noticiasradioreflejos.com.ar\/2021\/universidad-nacional-del-sur-iniciara-clases-en-modalidad-virtual-el-13-de-abril\/","title":{"rendered":"Universidad Nacional del Sur iniciar\u00e1 clases en modalidad virtual el 13 de abril"},"content":{"rendered":"<p>La Universidad Nacional del Sur (UNS) de Bah\u00eda Blanca ratific\u00f3 que se iniciar\u00e1n las clases del primer cuatrimestre el pr\u00f3ximo 13 de abril bajo la modalidad virtual.<br \/>\n\u00abAnte la resoluci\u00f3n de la Secretar\u00eda de Pol\u00edticas Universitarias que recomienda la readecuaci\u00f3n del calendario acad\u00e9mico 2020 teniendo en cuenta la especificidad de la ense\u00f1anza universitaria, garantizando las cursadas en las modalidades peri\u00f3dicas que normalmente se desarrollan en un a\u00f1o acad\u00e9mico, la Universidad Nacional del Sur confirma el inicio de las clases en modalidad virtual el lunes 13 de abril\u00bb, se\u00f1al\u00f3 el rector Daniel Vega.<!--more--><br \/>\nEn ese contexto Vega sostuvo que \u00abnuestros docentes y estudiantes de las escuelas preuniversitarias han avanzado de manera significativa en la ense\u00f1anza y el aprendizaje virtual, mientras que ya se han creado m\u00e1s de 1000 aulas virtuales a trav\u00e9s de la plataforma Moodle y la gran mayor\u00eda de los docentes ya se han familiarizado con diferentes plataformas tecnol\u00f3gicas\u00bb.<br \/>\n\u00abEn este contexto de emergencia sanitaria, la modalidad de educaci\u00f3n virtual nos ofrece alternativas para el dictado de materias y la posibilidad de que nuestros estudiantes puedan avanzar en sus estudios\u00bb, expres\u00f3 el rector en un comunicado.<br \/>\nPor \u00faltimo, sostuvo que \u00absabemos que esta modalidad de trabajo trae desaf\u00edos importantes, y m\u00e1s a\u00fan en este contexto de incertidumbre\u00bb y asegur\u00f3 que \u00abestamos fuertemente dedicados a acompa\u00f1ar a los estudiantes con dificultades econ\u00f3micas o de conectividad, de modo que puedan comenzar sus actividades acad\u00e9micas de la mejor forma posible\u00bb.<\/p>\n","protected":false},"excerpt":{"rendered":"<p>La Universidad Nacional del Sur (UNS) de Bah\u00eda Blanca ratific\u00f3 que se iniciar\u00e1n las clases del primer cuatrimestre el pr\u00f3ximo 13 de abril bajo la modalidad virtual. \u00abAnte la resoluci\u00f3n de la Secretar\u00eda de Pol\u00edticas Universitarias que recomienda la readecuaci\u00f3n del calendario acad\u00e9mico 2020 teniendo en cuenta la especificidad de la ense\u00f1anza universitaria, garantizando las [&hellip;]<\/p>\n","protected":false},"author":3,"featured_media":0,"comment_status":"closed","ping_status":"open","sticky":false,"template":"","format":"standard","meta":{"footnotes":""},"categories":[34],"tags":[],"class_list":["post-40463","post","type-post","status-publish","format-standard","hentry","category-educacion"],"yoast_head":"<!-- This site is optimized with the Yoast SEO plugin v25.9 - https:\/\/yoast.com\/wordpress\/plugins\/seo\/ -->\n<title>Universidad Nacional del Sur iniciar\u00e1 clases en modalidad virtual el 13 de abril - Noticias Radio Reflejos<\/title>\n<meta name=\"robots\" content=\"index, follow, max-snippet:-1, max-image-preview:large, max-video-preview:-1\" \/>\n<link rel=\"canonical\" href=\"https:\/\/www.noticiasradioreflejos.com.ar\/2021\/universidad-nacional-del-sur-iniciara-clases-en-modalidad-virtual-el-13-de-abril\/\" \/>\n<meta property=\"og:locale\" content=\"es_ES\" \/>\n<meta property=\"og:type\" content=\"article\" \/>\n<meta property=\"og:title\" content=\"Universidad Nacional del Sur iniciar\u00e1 clases en modalidad virtual el 13 de abril - Noticias Radio Reflejos\" \/>\n<meta property=\"og:description\" content=\"La Universidad Nacional del Sur (UNS) de Bah\u00eda Blanca ratific\u00f3 que se iniciar\u00e1n las clases del primer cuatrimestre el pr\u00f3ximo 13 de abril bajo la modalidad virtual. \u00abAnte la resoluci\u00f3n de la Secretar\u00eda de Pol\u00edticas Universitarias que recomienda la readecuaci\u00f3n del calendario acad\u00e9mico 2020 teniendo en cuenta la especificidad de la ense\u00f1anza universitaria, garantizando las [&hellip;]\" \/>\n<meta property=\"og:url\" content=\"https:\/\/www.noticiasradioreflejos.com.ar\/2021\/universidad-nacional-del-sur-iniciara-clases-en-modalidad-virtual-el-13-de-abril\/\" \/>\n<meta property=\"og:site_name\" content=\"Noticias Radio Reflejos\" \/>\n<meta property=\"article:published_time\" content=\"2020-04-06T16:59:09+00:00\" \/>\n<meta property=\"og:image\" content=\"https:\/\/www.noticiasradioreflejos.com.ar\/2021\/wp-content\/uploads\/2021\/07\/logosol300x200.png\" \/>\n\t<meta property=\"og:image:width\" content=\"300\" \/>\n\t<meta property=\"og:image:height\" content=\"200\" \/>\n\t<meta property=\"og:image:type\" content=\"image\/png\" \/>\n<meta name=\"author\" content=\"Arnaldo Botto\" \/>\n<meta name=\"twitter:card\" content=\"summary_large_image\" \/>\n<script type=\"application\/ld+json\" class=\"yoast-schema-graph\">{\"@context\":\"https:\/\/schema.org\",\"@graph\":[{\"@type\":\"WebPage\",\"@id\":\"https:\/\/www.noticiasradioreflejos.com.ar\/2021\/universidad-nacional-del-sur-iniciara-clases-en-modalidad-virtual-el-13-de-abril\/\",\"url\":\"https:\/\/www.noticiasradioreflejos.com.ar\/2021\/universidad-nacional-del-sur-iniciara-clases-en-modalidad-virtual-el-13-de-abril\/\",\"name\":\"Universidad Nacional del Sur iniciar\u00e1 clases en modalidad virtual el 13 de abril - Noticias Radio Reflejos\",\"isPartOf\":{\"@id\":\"https:\/\/www.noticiasradioreflejos.com.ar\/2021\/#website\"},\"datePublished\":\"2020-04-06T16:59:09+00:00\",\"author\":{\"@id\":\"https:\/\/www.noticiasradioreflejos.com.ar\/2021\/#\/schema\/person\/ad82545263dcc5ec0996818884fd5fb1\"},\"breadcrumb\":{\"@id\":\"https:\/\/www.noticiasradioreflejos.com.ar\/2021\/universidad-nacional-del-sur-iniciara-clases-en-modalidad-virtual-el-13-de-abril\/#breadcrumb\"},\"inLanguage\":\"es\",\"potentialAction\":[{\"@type\":\"ReadAction\",\"target\":[\"https:\/\/www.noticiasradioreflejos.com.ar\/2021\/universidad-nacional-del-sur-iniciara-clases-en-modalidad-virtual-el-13-de-abril\/\"]}]},{\"@type\":\"BreadcrumbList\",\"@id\":\"https:\/\/www.noticiasradioreflejos.com.ar\/2021\/universidad-nacional-del-sur-iniciara-clases-en-modalidad-virtual-el-13-de-abril\/#breadcrumb\",\"itemListElement\":[{\"@type\":\"ListItem\",\"position\":1,\"name\":\"Portada\",\"item\":\"https:\/\/www.noticiasradioreflejos.com.ar\/2021\/\"},{\"@type\":\"ListItem\",\"position\":2,\"name\":\"Universidad Nacional del Sur iniciar\u00e1 clases en modalidad virtual el 13 de abril\"}]},{\"@type\":\"WebSite\",\"@id\":\"https:\/\/www.noticiasradioreflejos.com.ar\/2021\/#website\",\"url\":\"https:\/\/www.noticiasradioreflejos.com.ar\/2021\/\",\"name\":\"Noticias Radio Reflejos\",\"description\":\"Las noticias de mi comarca\",\"potentialAction\":[{\"@type\":\"SearchAction\",\"target\":{\"@type\":\"EntryPoint\",\"urlTemplate\":\"https:\/\/www.noticiasradioreflejos.com.ar\/2021\/?s={search_term_string}\"},\"query-input\":{\"@type\":\"PropertyValueSpecification\",\"valueRequired\":true,\"valueName\":\"search_term_string\"}}],\"inLanguage\":\"es\"},{\"@type\":\"Person\",\"@id\":\"https:\/\/www.noticiasradioreflejos.com.ar\/2021\/#\/schema\/person\/ad82545263dcc5ec0996818884fd5fb1\",\"name\":\"Arnaldo Botto\",\"image\":{\"@type\":\"ImageObject\",\"inLanguage\":\"es\",\"@id\":\"https:\/\/www.noticiasradioreflejos.com.ar\/2021\/#\/schema\/person\/image\/\",\"url\":\"https:\/\/secure.gravatar.com\/avatar\/55cb5e37c1efa326397366e6974cb338056df65cb50e7d64d1cf314e87504837?s=96&d=mm&r=g\",\"contentUrl\":\"https:\/\/secure.gravatar.com\/avatar\/55cb5e37c1efa326397366e6974cb338056df65cb50e7d64d1cf314e87504837?s=96&d=mm&r=g\",\"caption\":\"Arnaldo Botto\"},\"url\":\"https:\/\/www.noticiasradioreflejos.com.ar\/2021\/author\/arnaldo\/\"}]}<\/script>\n<!-- \/ Yoast SEO plugin. -->","yoast_head_json":{"title":"Universidad Nacional del Sur iniciar\u00e1 clases en modalidad virtual el 13 de abril - Noticias Radio Reflejos","robots":{"index":"index","follow":"follow","max-snippet":"max-snippet:-1","max-image-preview":"max-image-preview:large","max-video-preview":"max-video-preview:-1"},"canonical":"https:\/\/www.noticiasradioreflejos.com.ar\/2021\/universidad-nacional-del-sur-iniciara-clases-en-modalidad-virtual-el-13-de-abril\/","og_locale":"es_ES","og_type":"article","og_title":"Universidad Nacional del Sur iniciar\u00e1 clases en modalidad virtual el 13 de abril - Noticias Radio Reflejos","og_description":"La Universidad Nacional del Sur (UNS) de Bah\u00eda Blanca ratific\u00f3 que se iniciar\u00e1n las clases del primer cuatrimestre el pr\u00f3ximo 13 de abril bajo la modalidad virtual. \u00abAnte la resoluci\u00f3n de la Secretar\u00eda de Pol\u00edticas Universitarias que recomienda la readecuaci\u00f3n del calendario acad\u00e9mico 2020 teniendo en cuenta la especificidad de la ense\u00f1anza universitaria, garantizando las [&hellip;]","og_url":"https:\/\/www.noticiasradioreflejos.com.ar\/2021\/universidad-nacional-del-sur-iniciara-clases-en-modalidad-virtual-el-13-de-abril\/","og_site_name":"Noticias Radio Reflejos","article_published_time":"2020-04-06T16:59:09+00:00","og_image":[{"width":300,"height":200,"url":"https:\/\/www.noticiasradioreflejos.com.ar\/2021\/wp-content\/uploads\/2021\/07\/logosol300x200.png","type":"image\/png"}],"author":"Arnaldo Botto","twitter_card":"summary_large_image","schema":{"@context":"https:\/\/schema.org","@graph":[{"@type":"WebPage","@id":"https:\/\/www.noticiasradioreflejos.com.ar\/2021\/universidad-nacional-del-sur-iniciara-clases-en-modalidad-virtual-el-13-de-abril\/","url":"https:\/\/www.noticiasradioreflejos.com.ar\/2021\/universidad-nacional-del-sur-iniciara-clases-en-modalidad-virtual-el-13-de-abril\/","name":"Universidad Nacional del Sur iniciar\u00e1 clases en modalidad virtual el 13 de abril - Noticias Radio Reflejos","isPartOf":{"@id":"https:\/\/www.noticiasradioreflejos.com.ar\/2021\/#website"},"datePublished":"2020-04-06T16:59:09+00:00","author":{"@id":"https:\/\/www.noticiasradioreflejos.com.ar\/2021\/#\/schema\/person\/ad82545263dcc5ec0996818884fd5fb1"},"breadcrumb":{"@id":"https:\/\/www.noticiasradioreflejos.com.ar\/2021\/universidad-nacional-del-sur-iniciara-clases-en-modalidad-virtual-el-13-de-abril\/#breadcrumb"},"inLanguage":"es","potentialAction":[{"@type":"ReadAction","target":["https:\/\/www.noticiasradioreflejos.com.ar\/2021\/universidad-nacional-del-sur-iniciara-clases-en-modalidad-virtual-el-13-de-abril\/"]}]},{"@type":"BreadcrumbList","@id":"https:\/\/www.noticiasradioreflejos.com.ar\/2021\/universidad-nacional-del-sur-iniciara-clases-en-modalidad-virtual-el-13-de-abril\/#breadcrumb","itemListElement":[{"@type":"ListItem","position":1,"name":"Portada","item":"https:\/\/www.noticiasradioreflejos.com.ar\/2021\/"},{"@type":"ListItem","position":2,"name":"Universidad Nacional del Sur iniciar\u00e1 clases en modalidad virtual el 13 de abril"}]},{"@type":"WebSite","@id":"https:\/\/www.noticiasradioreflejos.com.ar\/2021\/#website","url":"https:\/\/www.noticiasradioreflejos.com.ar\/2021\/","name":"Noticias Radio Reflejos","description":"Las noticias de mi comarca","potentialAction":[{"@type":"SearchAction","target":{"@type":"EntryPoint","urlTemplate":"https:\/\/www.noticiasradioreflejos.com.ar\/2021\/?s={search_term_string}"},"query-input":{"@type":"PropertyValueSpecification","valueRequired":true,"valueName":"search_term_string"}}],"inLanguage":"es"},{"@type":"Person","@id":"https:\/\/www.noticiasradioreflejos.com.ar\/2021\/#\/schema\/person\/ad82545263dcc5ec0996818884fd5fb1","name":"Arnaldo Botto","image":{"@type":"ImageObject","inLanguage":"es","@id":"https:\/\/www.noticiasradioreflejos.com.ar\/2021\/#\/schema\/person\/image\/","url":"https:\/\/secure.gravatar.com\/avatar\/55cb5e37c1efa326397366e6974cb338056df65cb50e7d64d1cf314e87504837?s=96&d=mm&r=g","contentUrl":"https:\/\/secure.gravatar.com\/avatar\/55cb5e37c1efa326397366e6974cb338056df65cb50e7d64d1cf314e87504837?s=96&d=mm&r=g","caption":"Arnaldo Botto"},"url":"https:\/\/www.noticiasradioreflejos.com.ar\/2021\/author\/arnaldo\/"}]}},"_links":{"self":[{"href":"https:\/\/www.noticiasradioreflejos.com.ar\/2021\/wp-json\/wp\/v2\/posts\/40463","targetHints":{"allow":["GET"]}}],"collection":[{"href":"https:\/\/www.noticiasradioreflejos.com.ar\/2021\/wp-json\/wp\/v2\/posts"}],"about":[{"href":"https:\/\/www.noticiasradioreflejos.com.ar\/2021\/wp-json\/wp\/v2\/types\/post"}],"author":[{"embeddable":true,"href":"https:\/\/www.noticiasradioreflejos.com.ar\/2021\/wp-json\/wp\/v2\/users\/3"}],"replies":[{"embeddable":true,"href":"https:\/\/www.noticiasradioreflejos.com.ar\/2021\/wp-json\/wp\/v2\/comments?post=40463"}],"version-history":[{"count":0,"href":"https:\/\/www.noticiasradioreflejos.com.ar\/2021\/wp-json\/wp\/v2\/posts\/40463\/revisions"}],"wp:attachment":[{"href":"https:\/\/www.noticiasradioreflejos.com.ar\/2021\/wp-json\/wp\/v2\/media?parent=40463"}],"wp:term":[{"taxonomy":"category","embeddable":true,"href":"https:\/\/www.noticiasradioreflejos.com.ar\/2021\/wp-json\/wp\/v2\/categories?post=40463"},{"taxonomy":"post_tag","embeddable":true,"href":"https:\/\/www.noticiasradioreflejos.com.ar\/2021\/wp-json\/wp\/v2\/tags?post=40463"}],"curies":[{"name":"wp","href":"https:\/\/api.w.org\/{rel}","templated":true}]}}