{"id":40457,"date":"2020-04-06T12:47:28","date_gmt":"2020-04-06T15:47:28","guid":{"rendered":"http:\/\/www.noticiasradioreflejos.com.ar\/noticias\/?p=40457"},"modified":"2020-04-06T12:47:28","modified_gmt":"2020-04-06T15:47:28","slug":"14-aprehendidos-en-el-distrito-por-violar-la-cuarentena-siete-en-sierra-de-la-ventana","status":"publish","type":"post","link":"https:\/\/www.noticiasradioreflejos.com.ar\/2021\/14-aprehendidos-en-el-distrito-por-violar-la-cuarentena-siete-en-sierra-de-la-ventana\/","title":{"rendered":"14 aprehendidos en el Distrito por violar la cuarentena. Siete en Sierra de la Ventana"},"content":{"rendered":"<p>PARTE DE PRENSA: La Secretaria de Seguridad de la Municipalidad de Tornquist informa a la poblaci\u00f3n de las aprehensiones efectuadas en los \u00faltimos d\u00edas en el Partido de Tornquist por incumplimiento al Aislamiento Social, Preventivo y Obligatorio, llevados a cabo por personal policial de la Comunal de Tornquist y Cuerpo de Inspectores de este Municipio:<!--more--><br \/>\nEn la ciudad de Tornquist, personal policial de la Estaci\u00f3n de Polic\u00eda Comunal, procedi\u00f3 a la APREHENSI\u00d3N de: un menor de 16 a\u00f1os, residente del medio, de quien se omitir\u00e1 dar dem\u00e1s datos; del ciudadano FRANCO NICOLAS GALVAN, de 18 a\u00f1os; y de MARCELO ANTONIO DOSAL, de 28 a\u00f1os, todos ellos domiciliados en el medio, por incumplimiento al Aislamiento decretado por el Presidente de la Naci\u00f3n, infringiendo todos ellos el ARTICULO 205 DEL CODIGO PENAL, interviniendo el Juzgado Federal N\u00ba 2 de Bah\u00eda Blanca. Tambi\u00e9n se procedi\u00f3 al SECUESTRO de un autom\u00f3vil Volkswagen Fox, dominio GFZ-050, en el cual se movilizara el ciudadano Dosal por INFRACCI\u00d3N A LA LEY NACIONAL DE TRANSITO N\u00ba 24.449, d\u00e1ndose intervenci\u00f3n al Juzgado de Faltas Municipal de Tornquist.-<\/p>\n<p>&#8211; En Sierra de la Ventana, personal policial de la Subestaci\u00f3n de Polic\u00eda Comunal, procedi\u00f3 a la APREHENSI\u00d3N de: TOMAS BENITEZ, de 56 a\u00f1os; FEDERICO MURCIA, de 20 a\u00f1os; PAULA MARIANELA CARRILLO, de 36 a\u00f1os; NICOLAS CERDA, de 19 a\u00f1os; MIGUEL ANGEL y ROBERTO CARLOS ROMAN, de 46 y 45 a\u00f1os respectivamente; NELSON DANIEL PEREZ, de 37 a\u00f1os, residente de Villa Arcadia; DERLIS OSVALDO MORALES CACERES, de 33 a\u00f1os; y de FACUNDO MARTIN TESTONI, de 35 a\u00f1os, todos ellos por incumplimiento al Aislamiento, inici\u00e1ndose Actuaciones Prevencionales por INFRACCION AL ARTICULO 205 DEL CODIGO PENAL, interviniendo el Juzgado Federal N\u00ba 2 de Bah\u00eda Blanca.-<\/p>\n<p>&nbsp;<\/p>\n<p>&#8211; En tanto, en Villa Ventana, personal policial procedi\u00f3 a la APREHENSION del ciudadano ALIPIO OZUNA, de 57 a\u00f1os, residente de dicha localidad, por incumplimiento al Aislamiento Social, Preventivo y Obligatorio, infringiendo el ART\u00cdCULO 205 DEL C\u00d3DIGO PENAL, interviniendo el Juzgado Federal N\u00ba 2 de Bah\u00eda Blanca.-<\/p>\n<p>Por \u00faltimo, en Saldungaray, personal policial de la Sub Estaci\u00f3n Policial procedi\u00f3 a la APREHENSI\u00d3N de la ciudadana ADRIANA CECILIA ARISMENDI, de 33 a\u00f1os, por incumplimiento al aislamiento, inici\u00e1ndose actuaciones prevencionales por INFRACCI\u00d3N AL ARTICULO 205 DEL C\u00d3DIGO PENAL, interviniendo el Juzgado Federal N\u00ba 2 de Bah\u00eda Blanca.-<\/p>\n<p>SECRETARIA DE SEGURIDAD \u2013 MUNICIPALIDAD DE TORNQUIST.-<br \/>\n06 DE ABRIL DE 2020.-<\/p>\n<p>&nbsp;<\/p>\n","protected":false},"excerpt":{"rendered":"<p>PARTE DE PRENSA: La Secretaria de Seguridad de la Municipalidad de Tornquist informa a la poblaci\u00f3n de las aprehensiones efectuadas en los \u00faltimos d\u00edas en el Partido de Tornquist por incumplimiento al Aislamiento Social, Preventivo y Obligatorio, llevados a cabo por personal policial de la Comunal de Tornquist y Cuerpo de Inspectores de este Municipio:<\/p>\n","protected":false},"author":3,"featured_media":0,"comment_status":"closed","ping_status":"open","sticky":false,"template":"","format":"standard","meta":{"footnotes":""},"categories":[29],"tags":[],"class_list":["post-40457","post","type-post","status-publish","format-standard","hentry","category-policiales"],"yoast_head":"<!-- This site is optimized with the Yoast SEO plugin v25.9 - https:\/\/yoast.com\/wordpress\/plugins\/seo\/ -->\n<title>14 aprehendidos en el Distrito por violar la cuarentena. Siete en Sierra de la Ventana - Noticias Radio Reflejos<\/title>\n<meta name=\"robots\" content=\"index, follow, max-snippet:-1, max-image-preview:large, max-video-preview:-1\" \/>\n<link rel=\"canonical\" href=\"https:\/\/www.noticiasradioreflejos.com.ar\/2021\/14-aprehendidos-en-el-distrito-por-violar-la-cuarentena-siete-en-sierra-de-la-ventana\/\" \/>\n<meta property=\"og:locale\" content=\"es_ES\" \/>\n<meta property=\"og:type\" content=\"article\" \/>\n<meta property=\"og:title\" content=\"14 aprehendidos en el Distrito por violar la cuarentena. Siete en Sierra de la Ventana - Noticias Radio Reflejos\" \/>\n<meta property=\"og:description\" content=\"PARTE DE PRENSA: La Secretaria de Seguridad de la Municipalidad de Tornquist informa a la poblaci\u00f3n de las aprehensiones efectuadas en los \u00faltimos d\u00edas en el Partido de Tornquist por incumplimiento al Aislamiento Social, Preventivo y Obligatorio, llevados a cabo por personal policial de la Comunal de Tornquist y Cuerpo de Inspectores de este Municipio:\" \/>\n<meta property=\"og:url\" content=\"https:\/\/www.noticiasradioreflejos.com.ar\/2021\/14-aprehendidos-en-el-distrito-por-violar-la-cuarentena-siete-en-sierra-de-la-ventana\/\" \/>\n<meta property=\"og:site_name\" content=\"Noticias Radio Reflejos\" \/>\n<meta property=\"article:published_time\" content=\"2020-04-06T15:47:28+00:00\" \/>\n<meta property=\"og:image\" content=\"https:\/\/www.noticiasradioreflejos.com.ar\/2021\/wp-content\/uploads\/2021\/07\/logosol300x200.png\" \/>\n\t<meta property=\"og:image:width\" content=\"300\" \/>\n\t<meta property=\"og:image:height\" content=\"200\" \/>\n\t<meta property=\"og:image:type\" content=\"image\/png\" \/>\n<meta name=\"author\" content=\"Arnaldo Botto\" \/>\n<meta name=\"twitter:card\" content=\"summary_large_image\" \/>\n<script type=\"application\/ld+json\" class=\"yoast-schema-graph\">{\"@context\":\"https:\/\/schema.org\",\"@graph\":[{\"@type\":\"WebPage\",\"@id\":\"https:\/\/www.noticiasradioreflejos.com.ar\/2021\/14-aprehendidos-en-el-distrito-por-violar-la-cuarentena-siete-en-sierra-de-la-ventana\/\",\"url\":\"https:\/\/www.noticiasradioreflejos.com.ar\/2021\/14-aprehendidos-en-el-distrito-por-violar-la-cuarentena-siete-en-sierra-de-la-ventana\/\",\"name\":\"14 aprehendidos en el Distrito por violar la cuarentena. Siete en Sierra de la Ventana - Noticias Radio Reflejos\",\"isPartOf\":{\"@id\":\"https:\/\/www.noticiasradioreflejos.com.ar\/2021\/#website\"},\"datePublished\":\"2020-04-06T15:47:28+00:00\",\"author\":{\"@id\":\"https:\/\/www.noticiasradioreflejos.com.ar\/2021\/#\/schema\/person\/ad82545263dcc5ec0996818884fd5fb1\"},\"breadcrumb\":{\"@id\":\"https:\/\/www.noticiasradioreflejos.com.ar\/2021\/14-aprehendidos-en-el-distrito-por-violar-la-cuarentena-siete-en-sierra-de-la-ventana\/#breadcrumb\"},\"inLanguage\":\"es\",\"potentialAction\":[{\"@type\":\"ReadAction\",\"target\":[\"https:\/\/www.noticiasradioreflejos.com.ar\/2021\/14-aprehendidos-en-el-distrito-por-violar-la-cuarentena-siete-en-sierra-de-la-ventana\/\"]}]},{\"@type\":\"BreadcrumbList\",\"@id\":\"https:\/\/www.noticiasradioreflejos.com.ar\/2021\/14-aprehendidos-en-el-distrito-por-violar-la-cuarentena-siete-en-sierra-de-la-ventana\/#breadcrumb\",\"itemListElement\":[{\"@type\":\"ListItem\",\"position\":1,\"name\":\"Portada\",\"item\":\"https:\/\/www.noticiasradioreflejos.com.ar\/2021\/\"},{\"@type\":\"ListItem\",\"position\":2,\"name\":\"14 aprehendidos en el Distrito por violar la cuarentena. Siete en Sierra de la Ventana\"}]},{\"@type\":\"WebSite\",\"@id\":\"https:\/\/www.noticiasradioreflejos.com.ar\/2021\/#website\",\"url\":\"https:\/\/www.noticiasradioreflejos.com.ar\/2021\/\",\"name\":\"Noticias Radio Reflejos\",\"description\":\"Las noticias de mi comarca\",\"potentialAction\":[{\"@type\":\"SearchAction\",\"target\":{\"@type\":\"EntryPoint\",\"urlTemplate\":\"https:\/\/www.noticiasradioreflejos.com.ar\/2021\/?s={search_term_string}\"},\"query-input\":{\"@type\":\"PropertyValueSpecification\",\"valueRequired\":true,\"valueName\":\"search_term_string\"}}],\"inLanguage\":\"es\"},{\"@type\":\"Person\",\"@id\":\"https:\/\/www.noticiasradioreflejos.com.ar\/2021\/#\/schema\/person\/ad82545263dcc5ec0996818884fd5fb1\",\"name\":\"Arnaldo Botto\",\"image\":{\"@type\":\"ImageObject\",\"inLanguage\":\"es\",\"@id\":\"https:\/\/www.noticiasradioreflejos.com.ar\/2021\/#\/schema\/person\/image\/\",\"url\":\"https:\/\/secure.gravatar.com\/avatar\/55cb5e37c1efa326397366e6974cb338056df65cb50e7d64d1cf314e87504837?s=96&d=mm&r=g\",\"contentUrl\":\"https:\/\/secure.gravatar.com\/avatar\/55cb5e37c1efa326397366e6974cb338056df65cb50e7d64d1cf314e87504837?s=96&d=mm&r=g\",\"caption\":\"Arnaldo Botto\"},\"url\":\"https:\/\/www.noticiasradioreflejos.com.ar\/2021\/author\/arnaldo\/\"}]}<\/script>\n<!-- \/ Yoast SEO plugin. -->","yoast_head_json":{"title":"14 aprehendidos en el Distrito por violar la cuarentena. Siete en Sierra de la Ventana - Noticias Radio Reflejos","robots":{"index":"index","follow":"follow","max-snippet":"max-snippet:-1","max-image-preview":"max-image-preview:large","max-video-preview":"max-video-preview:-1"},"canonical":"https:\/\/www.noticiasradioreflejos.com.ar\/2021\/14-aprehendidos-en-el-distrito-por-violar-la-cuarentena-siete-en-sierra-de-la-ventana\/","og_locale":"es_ES","og_type":"article","og_title":"14 aprehendidos en el Distrito por violar la cuarentena. Siete en Sierra de la Ventana - Noticias Radio Reflejos","og_description":"PARTE DE PRENSA: La Secretaria de Seguridad de la Municipalidad de Tornquist informa a la poblaci\u00f3n de las aprehensiones efectuadas en los \u00faltimos d\u00edas en el Partido de Tornquist por incumplimiento al Aislamiento Social, Preventivo y Obligatorio, llevados a cabo por personal policial de la Comunal de Tornquist y Cuerpo de Inspectores de este Municipio:","og_url":"https:\/\/www.noticiasradioreflejos.com.ar\/2021\/14-aprehendidos-en-el-distrito-por-violar-la-cuarentena-siete-en-sierra-de-la-ventana\/","og_site_name":"Noticias Radio Reflejos","article_published_time":"2020-04-06T15:47:28+00:00","og_image":[{"width":300,"height":200,"url":"https:\/\/www.noticiasradioreflejos.com.ar\/2021\/wp-content\/uploads\/2021\/07\/logosol300x200.png","type":"image\/png"}],"author":"Arnaldo Botto","twitter_card":"summary_large_image","schema":{"@context":"https:\/\/schema.org","@graph":[{"@type":"WebPage","@id":"https:\/\/www.noticiasradioreflejos.com.ar\/2021\/14-aprehendidos-en-el-distrito-por-violar-la-cuarentena-siete-en-sierra-de-la-ventana\/","url":"https:\/\/www.noticiasradioreflejos.com.ar\/2021\/14-aprehendidos-en-el-distrito-por-violar-la-cuarentena-siete-en-sierra-de-la-ventana\/","name":"14 aprehendidos en el Distrito por violar la cuarentena. Siete en Sierra de la Ventana - Noticias Radio Reflejos","isPartOf":{"@id":"https:\/\/www.noticiasradioreflejos.com.ar\/2021\/#website"},"datePublished":"2020-04-06T15:47:28+00:00","author":{"@id":"https:\/\/www.noticiasradioreflejos.com.ar\/2021\/#\/schema\/person\/ad82545263dcc5ec0996818884fd5fb1"},"breadcrumb":{"@id":"https:\/\/www.noticiasradioreflejos.com.ar\/2021\/14-aprehendidos-en-el-distrito-por-violar-la-cuarentena-siete-en-sierra-de-la-ventana\/#breadcrumb"},"inLanguage":"es","potentialAction":[{"@type":"ReadAction","target":["https:\/\/www.noticiasradioreflejos.com.ar\/2021\/14-aprehendidos-en-el-distrito-por-violar-la-cuarentena-siete-en-sierra-de-la-ventana\/"]}]},{"@type":"BreadcrumbList","@id":"https:\/\/www.noticiasradioreflejos.com.ar\/2021\/14-aprehendidos-en-el-distrito-por-violar-la-cuarentena-siete-en-sierra-de-la-ventana\/#breadcrumb","itemListElement":[{"@type":"ListItem","position":1,"name":"Portada","item":"https:\/\/www.noticiasradioreflejos.com.ar\/2021\/"},{"@type":"ListItem","position":2,"name":"14 aprehendidos en el Distrito por violar la cuarentena. Siete en Sierra de la Ventana"}]},{"@type":"WebSite","@id":"https:\/\/www.noticiasradioreflejos.com.ar\/2021\/#website","url":"https:\/\/www.noticiasradioreflejos.com.ar\/2021\/","name":"Noticias Radio Reflejos","description":"Las noticias de mi comarca","potentialAction":[{"@type":"SearchAction","target":{"@type":"EntryPoint","urlTemplate":"https:\/\/www.noticiasradioreflejos.com.ar\/2021\/?s={search_term_string}"},"query-input":{"@type":"PropertyValueSpecification","valueRequired":true,"valueName":"search_term_string"}}],"inLanguage":"es"},{"@type":"Person","@id":"https:\/\/www.noticiasradioreflejos.com.ar\/2021\/#\/schema\/person\/ad82545263dcc5ec0996818884fd5fb1","name":"Arnaldo Botto","image":{"@type":"ImageObject","inLanguage":"es","@id":"https:\/\/www.noticiasradioreflejos.com.ar\/2021\/#\/schema\/person\/image\/","url":"https:\/\/secure.gravatar.com\/avatar\/55cb5e37c1efa326397366e6974cb338056df65cb50e7d64d1cf314e87504837?s=96&d=mm&r=g","contentUrl":"https:\/\/secure.gravatar.com\/avatar\/55cb5e37c1efa326397366e6974cb338056df65cb50e7d64d1cf314e87504837?s=96&d=mm&r=g","caption":"Arnaldo Botto"},"url":"https:\/\/www.noticiasradioreflejos.com.ar\/2021\/author\/arnaldo\/"}]}},"_links":{"self":[{"href":"https:\/\/www.noticiasradioreflejos.com.ar\/2021\/wp-json\/wp\/v2\/posts\/40457","targetHints":{"allow":["GET"]}}],"collection":[{"href":"https:\/\/www.noticiasradioreflejos.com.ar\/2021\/wp-json\/wp\/v2\/posts"}],"about":[{"href":"https:\/\/www.noticiasradioreflejos.com.ar\/2021\/wp-json\/wp\/v2\/types\/post"}],"author":[{"embeddable":true,"href":"https:\/\/www.noticiasradioreflejos.com.ar\/2021\/wp-json\/wp\/v2\/users\/3"}],"replies":[{"embeddable":true,"href":"https:\/\/www.noticiasradioreflejos.com.ar\/2021\/wp-json\/wp\/v2\/comments?post=40457"}],"version-history":[{"count":0,"href":"https:\/\/www.noticiasradioreflejos.com.ar\/2021\/wp-json\/wp\/v2\/posts\/40457\/revisions"}],"wp:attachment":[{"href":"https:\/\/www.noticiasradioreflejos.com.ar\/2021\/wp-json\/wp\/v2\/media?parent=40457"}],"wp:term":[{"taxonomy":"category","embeddable":true,"href":"https:\/\/www.noticiasradioreflejos.com.ar\/2021\/wp-json\/wp\/v2\/categories?post=40457"},{"taxonomy":"post_tag","embeddable":true,"href":"https:\/\/www.noticiasradioreflejos.com.ar\/2021\/wp-json\/wp\/v2\/tags?post=40457"}],"curies":[{"name":"wp","href":"https:\/\/api.w.org\/{rel}","templated":true}]}}