{"id":40446,"date":"2020-04-06T10:57:53","date_gmt":"2020-04-06T13:57:53","guid":{"rendered":"http:\/\/www.noticiasradioreflejos.com.ar\/noticias\/?p=40446"},"modified":"2020-04-06T10:57:53","modified_gmt":"2020-04-06T13:57:53","slug":"con-afiliados-con-dni-finalizado-en-1-continua-hoy-la-campana-de-vacunacion-antigripal-del-pami","status":"publish","type":"post","link":"https:\/\/www.noticiasradioreflejos.com.ar\/2021\/con-afiliados-con-dni-finalizado-en-1-continua-hoy-la-campana-de-vacunacion-antigripal-del-pami\/","title":{"rendered":"Con afiliados con DNI finalizado en 1 contin\u00faa hoy la campa\u00f1a de vacunaci\u00f3n antigripal del Pami"},"content":{"rendered":"<p>Las personas afiliadas a Pami cuyo DNI termina con el n\u00famero 1 podr\u00e1n hoy aplicarse la vacuna antigripal en cualquiera de las 6.600 farmacias adheridas de todo el pa\u00eds, inform\u00f3 la obra social de las jubiladas y jubilados.<!--more--><\/p>\n<p>\u00abLa campa\u00f1a se realiza seg\u00fan un cronograma dise\u00f1ado para garantizar el distanciamiento f\u00edsico que fue acordado con las entidades farmac\u00e9uticas y se desarrolla en forma coordinada y en simult\u00e1neo con los gobiernos provinciales y municipales, de manera que las personas tengan muchos m\u00e1s lugares para inmunizarse\u00bb, explic\u00f3 el Pami a trav\u00e9s de un comunicado.<\/p>\n<p>Adem\u00e1s, recomend\u00f3 a las personas afiliadas \u00abrespetar el cronograma de vacunaci\u00f3n y llamar a la farmacia antes de salir para cerciorarse de que se est\u00e1 realizando la vacunaci\u00f3n y as\u00ed cumplir con las medidas de aislamiento\u00bb.<\/p>\n<p>El cronograma de vacunaci\u00f3n informado es el siguiente:<br \/>\n&#8211; Lunes 6 y martes 7, vacunar\u00e1n DNI terminados en 1<br \/>\n-Mi\u00e9rcoles 8 y jueves 9, DNI terminados en 2<br \/>\n-Viernes 10 y lunes 13, DNI terminados en 3.<br \/>\n-Martes 14 y mi\u00e9rcoles 15, se inmunizara a quienes tengan DNI terminados en 4<br \/>\n&#8211; Jueves 16 y viernes 17, DNI terminados en 5<br \/>\n&#8211; Lunes 20 y martes 21, DNI terminados en 6<br \/>\n&#8211; Mi\u00e9rcoles 22 y jueves 23, DNI terminados en 7<br \/>\n-Viernes 24 y lunes 27, DNI terminados en 8<br \/>\n-Martes 28 y mi\u00e9rcoles 29, DNI terminados en 9.<\/p>\n<p>La campa\u00f1a comenz\u00f3 el jueves pasado con las personas cuyos DNI terminan en 0.<br \/>\nLuego de terminar el cronograma, empezar\u00e1 una nueva ronda de turnos para que todas las personas afiliadas puedan acceder a la vacuna en el per\u00edodo que establece el calendario nacional, que este a\u00f1o, por decisi\u00f3n del Ministerio de Salud de la Naci\u00f3n y Pami, se adelant\u00f3 15 d\u00edas para cuidar la salud de las personas mayores, la poblaci\u00f3n m\u00e1s vulnerable frente al coronavirus.<\/p>\n<p>\u00abSi bien la vacuna no protege contra el Covid-19, las personas mayores de 65 a\u00f1os y los grupos de riesgo deben aplic\u00e1rsela para disminuir las complicaciones vinculadas al virus de la influenza que predomina en la \u00e9poca invernal y m\u00e1s a\u00fan en la actual situaci\u00f3n epidemiol\u00f3gica\u00bb, destac\u00f3 la obra social.<\/p>\n<p>Las personas afiliadas mayores de 65 a\u00f1os solo necesitan DNI y credencial para acceder a la vacuna gratuita; mientras que las personas menores de 65 requieren de la indicaci\u00f3n m\u00e9dica, que puede ser solicitada al m\u00e9dico o m\u00e9dica de cabecera telef\u00f3nicamente.<\/p>\n<p>En tanto, las farmacias deben garantizar las medidas de prevenci\u00f3n dispuestas por el Ministerio de Salud de la Naci\u00f3n para el distanciamiento social en la sala de espera, donde el p\u00fablico debe guardar una distancia m\u00ednima de un metro en la fila o, en el caso de estar sentadas, deben hacerlo asiento por medio.<\/p>\n<p>El listado de las farmacias adheridas se encuentra en https:\/\/www.pami.org.ar\/vacunacion, donde hay informaci\u00f3n adicional.<\/p>\n<p>Finalmente, el Pami record\u00f3 que habilit\u00f3 una l\u00ednea gratuita exclusiva para consultas sobre el coronavirus: 138 opci\u00f3n 9.<\/p>\n","protected":false},"excerpt":{"rendered":"<p>Las personas afiliadas a Pami cuyo DNI termina con el n\u00famero 1 podr\u00e1n hoy aplicarse la vacuna antigripal en cualquiera de las 6.600 farmacias adheridas de todo el pa\u00eds, inform\u00f3 la obra social de las jubiladas y jubilados.<\/p>\n","protected":false},"author":3,"featured_media":0,"comment_status":"closed","ping_status":"open","sticky":false,"template":"","format":"standard","meta":{"footnotes":""},"categories":[30],"tags":[],"class_list":["post-40446","post","type-post","status-publish","format-standard","hentry","category-salud"],"yoast_head":"<!-- This site is optimized with the Yoast SEO plugin v25.9 - https:\/\/yoast.com\/wordpress\/plugins\/seo\/ -->\n<title>Con afiliados con DNI finalizado en 1 contin\u00faa hoy la campa\u00f1a de vacunaci\u00f3n antigripal del Pami - Noticias Radio Reflejos<\/title>\n<meta name=\"robots\" content=\"index, follow, max-snippet:-1, max-image-preview:large, max-video-preview:-1\" \/>\n<link rel=\"canonical\" href=\"https:\/\/www.noticiasradioreflejos.com.ar\/2021\/con-afiliados-con-dni-finalizado-en-1-continua-hoy-la-campana-de-vacunacion-antigripal-del-pami\/\" \/>\n<meta property=\"og:locale\" content=\"es_ES\" \/>\n<meta property=\"og:type\" content=\"article\" \/>\n<meta property=\"og:title\" content=\"Con afiliados con DNI finalizado en 1 contin\u00faa hoy la campa\u00f1a de vacunaci\u00f3n antigripal del Pami - Noticias Radio Reflejos\" \/>\n<meta property=\"og:description\" content=\"Las personas afiliadas a Pami cuyo DNI termina con el n\u00famero 1 podr\u00e1n hoy aplicarse la vacuna antigripal en cualquiera de las 6.600 farmacias adheridas de todo el pa\u00eds, inform\u00f3 la obra social de las jubiladas y jubilados.\" \/>\n<meta property=\"og:url\" content=\"https:\/\/www.noticiasradioreflejos.com.ar\/2021\/con-afiliados-con-dni-finalizado-en-1-continua-hoy-la-campana-de-vacunacion-antigripal-del-pami\/\" \/>\n<meta property=\"og:site_name\" content=\"Noticias Radio Reflejos\" \/>\n<meta property=\"article:published_time\" content=\"2020-04-06T13:57:53+00:00\" \/>\n<meta property=\"og:image\" content=\"https:\/\/www.noticiasradioreflejos.com.ar\/2021\/wp-content\/uploads\/2021\/07\/logosol300x200.png\" \/>\n\t<meta property=\"og:image:width\" content=\"300\" \/>\n\t<meta property=\"og:image:height\" content=\"200\" \/>\n\t<meta property=\"og:image:type\" content=\"image\/png\" \/>\n<meta name=\"author\" content=\"Arnaldo Botto\" \/>\n<meta name=\"twitter:card\" content=\"summary_large_image\" \/>\n<script type=\"application\/ld+json\" class=\"yoast-schema-graph\">{\"@context\":\"https:\/\/schema.org\",\"@graph\":[{\"@type\":\"WebPage\",\"@id\":\"https:\/\/www.noticiasradioreflejos.com.ar\/2021\/con-afiliados-con-dni-finalizado-en-1-continua-hoy-la-campana-de-vacunacion-antigripal-del-pami\/\",\"url\":\"https:\/\/www.noticiasradioreflejos.com.ar\/2021\/con-afiliados-con-dni-finalizado-en-1-continua-hoy-la-campana-de-vacunacion-antigripal-del-pami\/\",\"name\":\"Con afiliados con DNI finalizado en 1 contin\u00faa hoy la campa\u00f1a de vacunaci\u00f3n antigripal del Pami - Noticias Radio Reflejos\",\"isPartOf\":{\"@id\":\"https:\/\/www.noticiasradioreflejos.com.ar\/2021\/#website\"},\"datePublished\":\"2020-04-06T13:57:53+00:00\",\"author\":{\"@id\":\"https:\/\/www.noticiasradioreflejos.com.ar\/2021\/#\/schema\/person\/ad82545263dcc5ec0996818884fd5fb1\"},\"breadcrumb\":{\"@id\":\"https:\/\/www.noticiasradioreflejos.com.ar\/2021\/con-afiliados-con-dni-finalizado-en-1-continua-hoy-la-campana-de-vacunacion-antigripal-del-pami\/#breadcrumb\"},\"inLanguage\":\"es\",\"potentialAction\":[{\"@type\":\"ReadAction\",\"target\":[\"https:\/\/www.noticiasradioreflejos.com.ar\/2021\/con-afiliados-con-dni-finalizado-en-1-continua-hoy-la-campana-de-vacunacion-antigripal-del-pami\/\"]}]},{\"@type\":\"BreadcrumbList\",\"@id\":\"https:\/\/www.noticiasradioreflejos.com.ar\/2021\/con-afiliados-con-dni-finalizado-en-1-continua-hoy-la-campana-de-vacunacion-antigripal-del-pami\/#breadcrumb\",\"itemListElement\":[{\"@type\":\"ListItem\",\"position\":1,\"name\":\"Portada\",\"item\":\"https:\/\/www.noticiasradioreflejos.com.ar\/2021\/\"},{\"@type\":\"ListItem\",\"position\":2,\"name\":\"Con afiliados con DNI finalizado en 1 contin\u00faa hoy la campa\u00f1a de vacunaci\u00f3n antigripal del Pami\"}]},{\"@type\":\"WebSite\",\"@id\":\"https:\/\/www.noticiasradioreflejos.com.ar\/2021\/#website\",\"url\":\"https:\/\/www.noticiasradioreflejos.com.ar\/2021\/\",\"name\":\"Noticias Radio Reflejos\",\"description\":\"Las noticias de mi comarca\",\"potentialAction\":[{\"@type\":\"SearchAction\",\"target\":{\"@type\":\"EntryPoint\",\"urlTemplate\":\"https:\/\/www.noticiasradioreflejos.com.ar\/2021\/?s={search_term_string}\"},\"query-input\":{\"@type\":\"PropertyValueSpecification\",\"valueRequired\":true,\"valueName\":\"search_term_string\"}}],\"inLanguage\":\"es\"},{\"@type\":\"Person\",\"@id\":\"https:\/\/www.noticiasradioreflejos.com.ar\/2021\/#\/schema\/person\/ad82545263dcc5ec0996818884fd5fb1\",\"name\":\"Arnaldo Botto\",\"image\":{\"@type\":\"ImageObject\",\"inLanguage\":\"es\",\"@id\":\"https:\/\/www.noticiasradioreflejos.com.ar\/2021\/#\/schema\/person\/image\/\",\"url\":\"https:\/\/secure.gravatar.com\/avatar\/55cb5e37c1efa326397366e6974cb338056df65cb50e7d64d1cf314e87504837?s=96&d=mm&r=g\",\"contentUrl\":\"https:\/\/secure.gravatar.com\/avatar\/55cb5e37c1efa326397366e6974cb338056df65cb50e7d64d1cf314e87504837?s=96&d=mm&r=g\",\"caption\":\"Arnaldo Botto\"},\"url\":\"https:\/\/www.noticiasradioreflejos.com.ar\/2021\/author\/arnaldo\/\"}]}<\/script>\n<!-- \/ Yoast SEO plugin. -->","yoast_head_json":{"title":"Con afiliados con DNI finalizado en 1 contin\u00faa hoy la campa\u00f1a de vacunaci\u00f3n antigripal del Pami - Noticias Radio Reflejos","robots":{"index":"index","follow":"follow","max-snippet":"max-snippet:-1","max-image-preview":"max-image-preview:large","max-video-preview":"max-video-preview:-1"},"canonical":"https:\/\/www.noticiasradioreflejos.com.ar\/2021\/con-afiliados-con-dni-finalizado-en-1-continua-hoy-la-campana-de-vacunacion-antigripal-del-pami\/","og_locale":"es_ES","og_type":"article","og_title":"Con afiliados con DNI finalizado en 1 contin\u00faa hoy la campa\u00f1a de vacunaci\u00f3n antigripal del Pami - Noticias Radio Reflejos","og_description":"Las personas afiliadas a Pami cuyo DNI termina con el n\u00famero 1 podr\u00e1n hoy aplicarse la vacuna antigripal en cualquiera de las 6.600 farmacias adheridas de todo el pa\u00eds, inform\u00f3 la obra social de las jubiladas y jubilados.","og_url":"https:\/\/www.noticiasradioreflejos.com.ar\/2021\/con-afiliados-con-dni-finalizado-en-1-continua-hoy-la-campana-de-vacunacion-antigripal-del-pami\/","og_site_name":"Noticias Radio Reflejos","article_published_time":"2020-04-06T13:57:53+00:00","og_image":[{"width":300,"height":200,"url":"https:\/\/www.noticiasradioreflejos.com.ar\/2021\/wp-content\/uploads\/2021\/07\/logosol300x200.png","type":"image\/png"}],"author":"Arnaldo Botto","twitter_card":"summary_large_image","schema":{"@context":"https:\/\/schema.org","@graph":[{"@type":"WebPage","@id":"https:\/\/www.noticiasradioreflejos.com.ar\/2021\/con-afiliados-con-dni-finalizado-en-1-continua-hoy-la-campana-de-vacunacion-antigripal-del-pami\/","url":"https:\/\/www.noticiasradioreflejos.com.ar\/2021\/con-afiliados-con-dni-finalizado-en-1-continua-hoy-la-campana-de-vacunacion-antigripal-del-pami\/","name":"Con afiliados con DNI finalizado en 1 contin\u00faa hoy la campa\u00f1a de vacunaci\u00f3n antigripal del Pami - Noticias Radio Reflejos","isPartOf":{"@id":"https:\/\/www.noticiasradioreflejos.com.ar\/2021\/#website"},"datePublished":"2020-04-06T13:57:53+00:00","author":{"@id":"https:\/\/www.noticiasradioreflejos.com.ar\/2021\/#\/schema\/person\/ad82545263dcc5ec0996818884fd5fb1"},"breadcrumb":{"@id":"https:\/\/www.noticiasradioreflejos.com.ar\/2021\/con-afiliados-con-dni-finalizado-en-1-continua-hoy-la-campana-de-vacunacion-antigripal-del-pami\/#breadcrumb"},"inLanguage":"es","potentialAction":[{"@type":"ReadAction","target":["https:\/\/www.noticiasradioreflejos.com.ar\/2021\/con-afiliados-con-dni-finalizado-en-1-continua-hoy-la-campana-de-vacunacion-antigripal-del-pami\/"]}]},{"@type":"BreadcrumbList","@id":"https:\/\/www.noticiasradioreflejos.com.ar\/2021\/con-afiliados-con-dni-finalizado-en-1-continua-hoy-la-campana-de-vacunacion-antigripal-del-pami\/#breadcrumb","itemListElement":[{"@type":"ListItem","position":1,"name":"Portada","item":"https:\/\/www.noticiasradioreflejos.com.ar\/2021\/"},{"@type":"ListItem","position":2,"name":"Con afiliados con DNI finalizado en 1 contin\u00faa hoy la campa\u00f1a de vacunaci\u00f3n antigripal del Pami"}]},{"@type":"WebSite","@id":"https:\/\/www.noticiasradioreflejos.com.ar\/2021\/#website","url":"https:\/\/www.noticiasradioreflejos.com.ar\/2021\/","name":"Noticias Radio Reflejos","description":"Las noticias de mi comarca","potentialAction":[{"@type":"SearchAction","target":{"@type":"EntryPoint","urlTemplate":"https:\/\/www.noticiasradioreflejos.com.ar\/2021\/?s={search_term_string}"},"query-input":{"@type":"PropertyValueSpecification","valueRequired":true,"valueName":"search_term_string"}}],"inLanguage":"es"},{"@type":"Person","@id":"https:\/\/www.noticiasradioreflejos.com.ar\/2021\/#\/schema\/person\/ad82545263dcc5ec0996818884fd5fb1","name":"Arnaldo Botto","image":{"@type":"ImageObject","inLanguage":"es","@id":"https:\/\/www.noticiasradioreflejos.com.ar\/2021\/#\/schema\/person\/image\/","url":"https:\/\/secure.gravatar.com\/avatar\/55cb5e37c1efa326397366e6974cb338056df65cb50e7d64d1cf314e87504837?s=96&d=mm&r=g","contentUrl":"https:\/\/secure.gravatar.com\/avatar\/55cb5e37c1efa326397366e6974cb338056df65cb50e7d64d1cf314e87504837?s=96&d=mm&r=g","caption":"Arnaldo Botto"},"url":"https:\/\/www.noticiasradioreflejos.com.ar\/2021\/author\/arnaldo\/"}]}},"_links":{"self":[{"href":"https:\/\/www.noticiasradioreflejos.com.ar\/2021\/wp-json\/wp\/v2\/posts\/40446","targetHints":{"allow":["GET"]}}],"collection":[{"href":"https:\/\/www.noticiasradioreflejos.com.ar\/2021\/wp-json\/wp\/v2\/posts"}],"about":[{"href":"https:\/\/www.noticiasradioreflejos.com.ar\/2021\/wp-json\/wp\/v2\/types\/post"}],"author":[{"embeddable":true,"href":"https:\/\/www.noticiasradioreflejos.com.ar\/2021\/wp-json\/wp\/v2\/users\/3"}],"replies":[{"embeddable":true,"href":"https:\/\/www.noticiasradioreflejos.com.ar\/2021\/wp-json\/wp\/v2\/comments?post=40446"}],"version-history":[{"count":0,"href":"https:\/\/www.noticiasradioreflejos.com.ar\/2021\/wp-json\/wp\/v2\/posts\/40446\/revisions"}],"wp:attachment":[{"href":"https:\/\/www.noticiasradioreflejos.com.ar\/2021\/wp-json\/wp\/v2\/media?parent=40446"}],"wp:term":[{"taxonomy":"category","embeddable":true,"href":"https:\/\/www.noticiasradioreflejos.com.ar\/2021\/wp-json\/wp\/v2\/categories?post=40446"},{"taxonomy":"post_tag","embeddable":true,"href":"https:\/\/www.noticiasradioreflejos.com.ar\/2021\/wp-json\/wp\/v2\/tags?post=40446"}],"curies":[{"name":"wp","href":"https:\/\/api.w.org\/{rel}","templated":true}]}}