{"id":40436,"date":"2020-04-06T08:32:12","date_gmt":"2020-04-06T11:32:12","guid":{"rendered":"http:\/\/www.noticiasradioreflejos.com.ar\/noticias\/?p=40436"},"modified":"2020-04-06T08:32:12","modified_gmt":"2020-04-06T11:32:12","slug":"a-partir-de-hoy-comenzo-a-regir-el-certificado-unico-para-circulacion-quienes-deben-tenerlo","status":"publish","type":"post","link":"https:\/\/www.noticiasradioreflejos.com.ar\/2021\/a-partir-de-hoy-comenzo-a-regir-el-certificado-unico-para-circulacion-quienes-deben-tenerlo\/","title":{"rendered":"A partir de hoy comenz\u00f3 a regir el Certificado \u00danico para Circulaci\u00f3n: qui\u00e9nes deben tenerlo"},"content":{"rendered":"<p>Lo tendr\u00e1n que presentar aquellos que realicen algunas de las actividades que est\u00e1n dentro de las exceptuadas por el decreto de necesidad y urgencia. A partir de este lunes los afectados a algunas de las actividades declaradas esenciales durante el aislamiento social preventivo y obligatorio -como el personal funerario, de la obra p\u00fablica, transporte; lavander\u00eda; vigilancia; producci\u00f3n, venta y reparto domiciliario de alimentos o productos de higiene, entre otros- s\u00f3lo podr\u00e1n \u201cvalidar esta situaci\u00f3n\u201d tramitando el Certificado \u00danico Habilitante para Circulaci\u00f3n-Emergencia Covid-19.<!--more--><br \/>\nHoy comenzar\u00e1 a regir el certificado \u00fanico nacional y solo podr\u00e1n circular aquellos que lo tengan, y que est\u00e9n dentro del grupo que lo necesita para poder trasladarse a sus trabajos en medio del cumplimiento de la cuarenta.<\/p>\n<p>\u201cEstabl\u00e9cese que, a partir del 6 de abril de 2020 el instrumento para validar la situaci\u00f3n de quienes se encuentren comprendidos dentro de alguna de las excepciones previstas en el art\u00edculo 6\u00b0 del Decreto N\u00ba 297\/20, sus normas modificatorias y complementarias (&#8230;) ser\u00e1 el &#8216;Certificado \u00danico Habilitante para Circulaci\u00f3n-Emergencia COVID 19\u201d, dice en su art\u00edculo primero la Resoluci\u00f3n Administrativa 446\/2020 de la Jefatura de Gabinete de Ministros.<\/p>\n<p>No obstante, en su art\u00edculo 2, \u201cexcept\u00faa de la obligaci\u00f3n de tramitar y portar\u201d este documento a quienes desarrollan 15 de las 24 actividades y servicios esenciales estipulados por la misma norma, \u201cquienes deber\u00e1n acreditar su condici\u00f3n a trav\u00e9s de las formalidades y procedimientos que las autoridades competentes establezcan a tal fin\u201d.<\/p>\n<div class=\"row pb-content-type-text\">\n<div class=\"col-xs-12 col-print-12\">\n<p class=\"element element-paragraph\">Tambi\u00e9n quedan eximidas las personas\u00a0<b>\u201cque deban desplazarse por supuestos de fuerza mayor\u201d<\/b>, dentro de las cuales se encuentra la b\u00fasqueda de protecci\u00f3n ante casos de violencia por motivos de g\u00e9nero al interior de los domicilios donde se cumple la cuarentena. Entre los exceptuados tambi\u00e9n est\u00e1n aquellos trabajadores del\u00a0<b>Sector P\u00fablico Nacional\u00a0<\/b>que integren la \u201cn\u00f3mina de agentes que prestan servicios cr\u00edticos\u201d elaborada por \u201clos titulares de cada jurisdicci\u00f3n, entidad u organismo descentralizado del Sector P\u00fablico Nacional, o la autoridad delegada por estos\u201d, seg\u00fan lo estableci\u00f3 la Decisi\u00f3n Administrativa N\u00b0 427\/20.<\/p>\n<\/div>\n<\/div>\n<div class=\"row pb-content-type-text\">\n<div class=\"col-xs-12 col-print-12\">\n<p class=\"element element-paragraph\">Quedan fuera tambi\u00e9n<b>\u00a0\u201clos agentes p\u00fablicos que presten servicios cr\u00edticos\u201d en el marco de \u201clos poderes legislativo y judicial y las autoridades provinciales, de la Ciudad Aut\u00f3noma de Buenos Aires y municipales\u201d.<\/b><\/p>\n<\/div>\n<\/div>\n<div class=\"row pb-content-type-text\">\n<div class=\"col-xs-12 col-print-12\">\n<p class=\"element element-paragraph\"><mark class=\"hl_yellow\"><b>En virtud de esto, los \u00fanicos obligados a tramitar el Certificado \u00danico Habilitante son:<\/b><\/mark><\/p>\n<\/div>\n<\/div>\n<div class=\"row pb-content-type-text\">\n<div class=\"col-xs-12 col-print-12\">\n<p class=\"element element-paragraph\"><b>1.<\/b>\u00a0Personas afectadas a la realizaci\u00f3n de servicios funerarios, entierros y cremaciones. En tal marco, no se autorizan actividades que signifiquen reuni\u00f3n de personas.<\/p>\n<\/div>\n<\/div>\n<div class=\"row pb-content-type-text\">\n<div class=\"col-xs-12 col-print-12\">\n<p class=\"element element-paragraph\"><b>2.<\/b>\u00a0Personal afectado a obra p\u00fablica.<\/p>\n<\/div>\n<\/div>\n<div class=\"row pb-content-type-text\">\n<div class=\"col-xs-12 col-print-12\">\n<p class=\"element element-paragraph\"><b>3.<\/b>\u00a0Supermercados mayoristas y minoristas y comercios minoristas de proximidad. Farmacias. Ferreter\u00edas. Veterinarias. Provisi\u00f3n de garrafas.<\/p>\n<\/div>\n<\/div>\n<div class=\"row pb-content-type-text\">\n<div class=\"col-xs-12 col-print-12\">\n<p class=\"element element-paragraph\"><b>4.<\/b>\u00a0Industrias de alimentaci\u00f3n, su cadena productiva e insumos; de higiene personal y limpieza; de equipamiento m\u00e9dico, medicamentos, vacunas y otros insumos sanitarios.<\/p>\n<\/div>\n<\/div>\n<div class=\"row pb-content-type-text\">\n<div class=\"col-xs-12 col-print-12\">\n<p class=\"element element-paragraph\"><b>5.<\/b>\u00a0Reparto a domicilio de alimentos, medicamentos, productos de higiene, de limpieza y otros insumos de necesidad.<\/p>\n<\/div>\n<\/div>\n<div class=\"row pb-content-type-text\">\n<div class=\"col-xs-12 col-print-12\">\n<p class=\"element element-paragraph\"><b>6.<\/b>\u00a0Servicios de lavander\u00eda.<\/p>\n<\/div>\n<\/div>\n<div class=\"row pb-content-type-text\">\n<div class=\"col-xs-12 col-print-12\">\n<p class=\"element element-paragraph\"><b>7.\u00a0<\/b>Servicios esenciales de vigilancia, limpieza y guardia.<\/p>\n<\/div>\n<\/div>\n<div class=\"row pb-content-type-text\">\n<div class=\"col-xs-12 col-print-12\">\n<p class=\"element element-paragraph\"><b>8.<\/b>\u00a0Guardias m\u00ednimas que aseguren la operaci\u00f3n y mantenimiento de Yacimientos de Petr\u00f3leo y Gas, plantas de tratamiento y\/o refinaci\u00f3n de Petr\u00f3leo y gas, transporte y distribuci\u00f3n de energ\u00eda el\u00e9ctrica, combustibles l\u00edquidos, petr\u00f3leo y gas, estaciones expendedoras de combustibles y generadores de energ\u00eda el\u00e9ctrica.<\/p>\n<\/div>\n<\/div>\n<div class=\"row pb-content-type-image\">\n<figure class=\"element element-image col-xs-12\">\n<div class=\"single-image\">\n<div class=\"shares\"><\/div>\n<p><img decoding=\"async\" id=\"TRUPXJ64VNEF5M632DQVDTU7YE\" class=\"image-lazy\" src=\"https:\/\/www.infobae.com\/new-resizer\/nIMuqEk60P_SMdr7ezwHOU32Qus=\/750x0\/filters:quality(100)\/arc-anglerfish-arc2-prod-infobae.s3.amazonaws.com\/public\/TRUPXJ64VNEF5M632DQVDTU7YE.jpg\" alt=\"Las fuerzas de seguridad controlaran a los que se movilizan con medios de transportes propios o p\u00fablicos (REUTERS\/Agustin Marcarian)\" width=\"750\" height=\"515.8072437077961\" data-url=\"https:\/\/www.infobae.com\/politica\/2020\/04\/05\/a-partir-de-manana-comenzara-a-regir-el-certificado-unico-para-circulacion-quienes-deben-tramitarlo\/%23TRUPXJ64VNEF5M632DQVDTU7YE\" data-original=\"https:\/\/www.infobae.com\/new-resizer\/nIMuqEk60P_SMdr7ezwHOU32Qus=\/750x0\/filters:quality(100)\/arc-anglerfish-arc2-prod-infobae.s3.amazonaws.com\/public\/TRUPXJ64VNEF5M632DQVDTU7YE.jpg\" \/><\/p>\n<\/div><figcaption class=\"\"><span class=\"credit\">Las fuerzas de seguridad controlaran a los que se movilizan con medios de transportes propios o p\u00fablicos (REUTERS\/Agustin Marcarian)<\/span><\/figcaption><\/figure>\n<\/div>\n<div class=\"row pb-content-type-text\">\n<div class=\"col-xs-12 col-print-12\">\n<p class=\"element element-paragraph\"><mark class=\"hl_yellow\"><b>Qui\u00e9nes quedan exceptuados de tramitar el certificado son:<\/b><\/mark><\/p>\n<\/div>\n<\/div>\n<div class=\"row pb-content-type-text\">\n<div class=\"col-xs-12 col-print-12\">\n<p class=\"element element-paragraph\"><b>1.<\/b>\u00a0Personal de Salud, Fuerzas de seguridad, Fuerzas Armadas, actividad migratoria, servicio meteorol\u00f3gico nacional, bomberos y control de tr\u00e1fico a\u00e9reo.<\/p>\n<\/div>\n<\/div>\n<div class=\"row pb-content-type-text\">\n<div class=\"col-xs-12 col-print-12\">\n<p class=\"element element-paragraph\"><b>2.<\/b>\u00a0Autoridades superiores de los gobiernos nacional, provinciales, municipales y de la Ciudad Aut\u00f3noma de Buenos Aires Trabajadores y trabajadoras del sector p\u00fablico nacional, provincial, municipal y de la Ciudad Aut\u00f3noma de Buenos Aires, convocados para garantizar actividades esenciales requeridas por las respectivas autoridades.<\/p>\n<\/div>\n<\/div>\n<div class=\"row pb-content-type-text\">\n<div class=\"col-xs-12 col-print-12\">\n<p class=\"element element-paragraph\"><b>3.<\/b>\u00a0Personal de los servicios de justicia de turno, conforme establezcan las autoridades competentes.<\/p>\n<\/div>\n<\/div>\n<div class=\"row pb-content-type-text\">\n<div class=\"col-xs-12 col-print-12\">\n<p class=\"element element-paragraph\"><b>4.<\/b>\u00a0Personal diplom\u00e1tico y consular extranjero acreditado ante el gobierno argentino, en el marco de la Convenci\u00f3n de Viena sobre Relaciones Diplom\u00e1ticas y la Convenci\u00f3n de Viena de 1963 sobre Relaciones Consulares y al personal de los organismos internacionales acreditados ante el gobierno argentino, de la Cruz Roja y Cascos Blancos.<\/p>\n<\/div>\n<\/div>\n<div class=\"row pb-content-type-text\">\n<div class=\"col-xs-12 col-print-12\">\n<p class=\"element element-paragraph\"><b>5.\u00a0<\/b>Personas que deban asistir a otras con discapacidad; familiares que necesiten asistencia; a personas mayores; a ni\u00f1os, a ni\u00f1as y a adolescentes.<\/p>\n<\/div>\n<\/div>\n<div class=\"row pb-content-type-text\">\n<div class=\"col-xs-12 col-print-12\">\n<p class=\"element element-paragraph\"><b>6.\u00a0<\/b>Personas que deban atender una situaci\u00f3n de fuerza mayor.<\/p>\n<\/div>\n<\/div>\n<div class=\"row pb-content-type-text\">\n<div class=\"col-xs-12 col-print-12\">\n<p class=\"element element-paragraph\"><b>7.<\/b>\u00a0Personas afectadas a la atenci\u00f3n de comedores escolares, comunitarios y merenderos.<\/p>\n<\/div>\n<\/div>\n<div class=\"row pb-content-type-text\">\n<div class=\"col-xs-12 col-print-12\">\n<p class=\"element element-paragraph\"><b>8.<\/b>\u00a0Personal que se desempe\u00f1a en los servicios de comunicaci\u00f3n audiovisuales, radiales y gr\u00e1ficos.<\/p>\n<\/div>\n<\/div>\n<div class=\"row pb-content-type-text\">\n<div class=\"col-xs-12 col-print-12\">\n<p class=\"element element-paragraph\"><b>9.<\/b>\u00a0Actividades vinculadas con la producci\u00f3n, distribuci\u00f3n y comercializaci\u00f3n agropecuaria y de pesca.<\/p>\n<\/div>\n<\/div>\n<div class=\"row pb-content-type-text\">\n<div class=\"col-xs-12 col-print-12\">\n<p class=\"element element-paragraph\"><b>10.<\/b>\u00a0Actividades de telecomunicaciones, Internet fija y m\u00f3vil y servicios digitales.<\/p>\n<\/div>\n<\/div>\n<div class=\"row pb-content-type-text\">\n<div class=\"col-xs-12 col-print-12\">\n<p class=\"element element-paragraph\"><b>11.<\/b>\u00a0Actividades impostergables vinculadas con el comercio exterior.<\/p>\n<\/div>\n<\/div>\n<div class=\"row pb-content-type-text\">\n<div class=\"col-xs-12 col-print-12\">\n<p class=\"element element-paragraph\"><b>12.<\/b>\u00a0Recolecci\u00f3n, transporte y tratamiento de residuos s\u00f3lidos urbanos, peligrosos y patog\u00e9nicos.<\/p>\n<\/div>\n<\/div>\n<div class=\"row pb-content-type-text\">\n<div class=\"col-xs-12 col-print-12\">\n<p class=\"element element-paragraph\"><b>13.<\/b>\u00a0Mantenimiento de los servicios b\u00e1sicos (agua, electricidad, gas, comunicaciones, etc.) y atenci\u00f3n de emergencias.<\/p>\n<\/div>\n<\/div>\n<div class=\"row pb-content-type-text\">\n<div class=\"col-xs-12 col-print-12\">\n<p class=\"element element-paragraph\"><b>14.<\/b>\u00a0Transporte p\u00fablico de pasajeros, transporte de mercader\u00edas, petr\u00f3leo, combustibles y GLP.<\/p>\n<\/div>\n<\/div>\n<div class=\"row pb-content-type-text\">\n<div class=\"col-xs-12 col-print-12\">\n<p class=\"element element-paragraph\"><b>15.\u00a0<\/b>Servicios postales y de distribuci\u00f3n de paqueter\u00eda.<\/p>\n<\/div>\n<\/div>\n<div class=\"row pb-content-type-text\">\n<div class=\"col-xs-12 col-print-12\">\n<p class=\"element element-paragraph\"><b>16.<\/b>\u00a0S.E. Casa de Moneda, servicios de cajeros autom\u00e1ticos, transporte de caudales y todas aquellas actividades que el Banco Central de la Rep\u00fablica Argentina disponga imprescindibles para garantizar el funcionamiento del sistema de pagos.<\/p>\n<\/div>\n<\/div>\n<div class=\"row pb-content-type-image\">\n<figure class=\"element element-image col-xs-12\">\n<div class=\"single-image\">\n<div class=\"shares\"><\/div>\n<p><img decoding=\"async\" id=\"HG7OZCHBNREOVEFO45G4VGATAI\" class=\"image-lazy\" src=\"https:\/\/www.infobae.com\/new-resizer\/qq6cdZwUD0xQIh-QzRnDvmtUNW0=\/750x0\/filters:quality(100)\/arc-anglerfish-arc2-prod-infobae.s3.amazonaws.com\/public\/HG7OZCHBNREOVEFO45G4VGATAI.jpg\" alt=\"La cuarentena obligatoria continuar\u00e1 hasta el 12 de abril (REUTERS\/Agustin Marcarian)\" width=\"750\" height=\"514.4324853228964\" data-url=\"https:\/\/www.infobae.com\/politica\/2020\/04\/05\/a-partir-de-manana-comenzara-a-regir-el-certificado-unico-para-circulacion-quienes-deben-tramitarlo\/%23HG7OZCHBNREOVEFO45G4VGATAI\" data-original=\"https:\/\/www.infobae.com\/new-resizer\/qq6cdZwUD0xQIh-QzRnDvmtUNW0=\/750x0\/filters:quality(100)\/arc-anglerfish-arc2-prod-infobae.s3.amazonaws.com\/public\/HG7OZCHBNREOVEFO45G4VGATAI.jpg\" \/><\/p>\n<\/div><figcaption class=\"\"><span class=\"credit\">La cuarentena obligatoria continuar\u00e1 hasta el 12 de abril (REUTERS\/Agustin Marcarian)<\/span><\/figcaption><\/figure>\n<\/div>\n<div class=\"row pb-content-type-text\">\n<div class=\"col-xs-12 col-print-12\">\n<p class=\"element element-paragraph\">El Certificado \u00danico Habilitante para Circulaci\u00f3n-Emergencia COVID 19, que se tramita online\u00a0<mark class=\"hl_yellow\"><b>\u201ctendr\u00e1 vigencia por el plazo que dure el aislamiento social, preventivo y obligatorio\u201d<\/b><\/mark>, establece la Resoluci\u00f3n 446\/2020.<\/p>\n<\/div>\n<\/div>\n<div class=\"row pb-content-type-text\">\n<div class=\"col-xs-12 col-print-12\">\n<p class=\"element element-paragraph\">A partir de ma\u00f1ana, adem\u00e1s,\u00a0<b>\u201cperder\u00e1n vigencia\u201d cualquier otro permiso para circular diferente al Certificado \u00danico Habilitante<\/b>, en cuya tramitaci\u00f3n todo \u201cfalseamiento de datos\u201d ser\u00e1 motivo de \u201cla aplicaci\u00f3n de las sanciones que correspondieren seg\u00fan la normativa vigente\u201d.<\/p>\n<\/div>\n<\/div>\n<div class=\"row pb-content-type-text\">\n<div class=\"col-xs-12 col-print-12\">\n<p class=\"element element-paragraph\">Personal e intransferible, el \u201cCertificado \u00danico Habilitante para Circulaci\u00f3n- Emergencia COVID19\u201d se tramita ingresando a la p\u00e1gina\u00a0<a href=\"https:\/\/tramitesadistancia.gob.ar\/\">https:\/\/tramitesadistancia.gob.ar\/<\/a>y debe presentarse junto al DNI a \u201crequerimiento de la autoridad competente al momento de circular por la v\u00eda p\u00fablica\u201d, seg\u00fan estableci\u00f3 la resoluci\u00f3n 48\/2020 del Ministerio del Interior.<\/p>\n<\/div>\n<\/div>\n<div class=\"row pb-content-type-text\"><\/div>\n<div class=\"row pb-content-type-text\"><\/div>\n","protected":false},"excerpt":{"rendered":"<p>Lo tendr\u00e1n que presentar aquellos que realicen algunas de las actividades que est\u00e1n dentro de las exceptuadas por el decreto de necesidad y urgencia. A partir de este lunes los afectados a algunas de las actividades declaradas esenciales durante el aislamiento social preventivo y obligatorio -como el personal funerario, de la obra p\u00fablica, transporte; lavander\u00eda; [&hellip;]<\/p>\n","protected":false},"author":3,"featured_media":0,"comment_status":"closed","ping_status":"open","sticky":false,"template":"","format":"standard","meta":{"footnotes":""},"categories":[29],"tags":[],"class_list":["post-40436","post","type-post","status-publish","format-standard","hentry","category-policiales"],"yoast_head":"<!-- This site is optimized with the Yoast SEO plugin v25.9 - https:\/\/yoast.com\/wordpress\/plugins\/seo\/ -->\n<title>A partir de hoy comenz\u00f3 a regir el Certificado \u00danico para Circulaci\u00f3n: qui\u00e9nes deben tenerlo - Noticias Radio Reflejos<\/title>\n<meta name=\"robots\" content=\"index, follow, max-snippet:-1, max-image-preview:large, max-video-preview:-1\" \/>\n<link rel=\"canonical\" href=\"https:\/\/www.noticiasradioreflejos.com.ar\/2021\/a-partir-de-hoy-comenzo-a-regir-el-certificado-unico-para-circulacion-quienes-deben-tenerlo\/\" \/>\n<meta property=\"og:locale\" content=\"es_ES\" \/>\n<meta property=\"og:type\" content=\"article\" \/>\n<meta property=\"og:title\" content=\"A partir de hoy comenz\u00f3 a regir el Certificado \u00danico para Circulaci\u00f3n: qui\u00e9nes deben tenerlo - Noticias Radio Reflejos\" \/>\n<meta property=\"og:description\" content=\"Lo tendr\u00e1n que presentar aquellos que realicen algunas de las actividades que est\u00e1n dentro de las exceptuadas por el decreto de necesidad y urgencia. A partir de este lunes los afectados a algunas de las actividades declaradas esenciales durante el aislamiento social preventivo y obligatorio -como el personal funerario, de la obra p\u00fablica, transporte; lavander\u00eda; [&hellip;]\" \/>\n<meta property=\"og:url\" content=\"https:\/\/www.noticiasradioreflejos.com.ar\/2021\/a-partir-de-hoy-comenzo-a-regir-el-certificado-unico-para-circulacion-quienes-deben-tenerlo\/\" \/>\n<meta property=\"og:site_name\" content=\"Noticias Radio Reflejos\" \/>\n<meta property=\"article:published_time\" content=\"2020-04-06T11:32:12+00:00\" \/>\n<meta property=\"og:image\" content=\"https:\/\/www.infobae.com\/new-resizer\/nIMuqEk60P_SMdr7ezwHOU32Qus=\/750x0\/filters:quality(100)\/arc-anglerfish-arc2-prod-infobae.s3.amazonaws.com\/public\/TRUPXJ64VNEF5M632DQVDTU7YE.jpg\" \/>\n<meta name=\"author\" content=\"Arnaldo Botto\" \/>\n<meta name=\"twitter:card\" content=\"summary_large_image\" \/>\n<script type=\"application\/ld+json\" class=\"yoast-schema-graph\">{\"@context\":\"https:\/\/schema.org\",\"@graph\":[{\"@type\":\"WebPage\",\"@id\":\"https:\/\/www.noticiasradioreflejos.com.ar\/2021\/a-partir-de-hoy-comenzo-a-regir-el-certificado-unico-para-circulacion-quienes-deben-tenerlo\/\",\"url\":\"https:\/\/www.noticiasradioreflejos.com.ar\/2021\/a-partir-de-hoy-comenzo-a-regir-el-certificado-unico-para-circulacion-quienes-deben-tenerlo\/\",\"name\":\"A partir de hoy comenz\u00f3 a regir el Certificado \u00danico para Circulaci\u00f3n: qui\u00e9nes deben tenerlo - Noticias Radio Reflejos\",\"isPartOf\":{\"@id\":\"https:\/\/www.noticiasradioreflejos.com.ar\/2021\/#website\"},\"primaryImageOfPage\":{\"@id\":\"https:\/\/www.noticiasradioreflejos.com.ar\/2021\/a-partir-de-hoy-comenzo-a-regir-el-certificado-unico-para-circulacion-quienes-deben-tenerlo\/#primaryimage\"},\"image\":{\"@id\":\"https:\/\/www.noticiasradioreflejos.com.ar\/2021\/a-partir-de-hoy-comenzo-a-regir-el-certificado-unico-para-circulacion-quienes-deben-tenerlo\/#primaryimage\"},\"thumbnailUrl\":\"https:\/\/www.infobae.com\/new-resizer\/nIMuqEk60P_SMdr7ezwHOU32Qus=\/750x0\/filters:quality(100)\/arc-anglerfish-arc2-prod-infobae.s3.amazonaws.com\/public\/TRUPXJ64VNEF5M632DQVDTU7YE.jpg\",\"datePublished\":\"2020-04-06T11:32:12+00:00\",\"author\":{\"@id\":\"https:\/\/www.noticiasradioreflejos.com.ar\/2021\/#\/schema\/person\/ad82545263dcc5ec0996818884fd5fb1\"},\"breadcrumb\":{\"@id\":\"https:\/\/www.noticiasradioreflejos.com.ar\/2021\/a-partir-de-hoy-comenzo-a-regir-el-certificado-unico-para-circulacion-quienes-deben-tenerlo\/#breadcrumb\"},\"inLanguage\":\"es\",\"potentialAction\":[{\"@type\":\"ReadAction\",\"target\":[\"https:\/\/www.noticiasradioreflejos.com.ar\/2021\/a-partir-de-hoy-comenzo-a-regir-el-certificado-unico-para-circulacion-quienes-deben-tenerlo\/\"]}]},{\"@type\":\"ImageObject\",\"inLanguage\":\"es\",\"@id\":\"https:\/\/www.noticiasradioreflejos.com.ar\/2021\/a-partir-de-hoy-comenzo-a-regir-el-certificado-unico-para-circulacion-quienes-deben-tenerlo\/#primaryimage\",\"url\":\"https:\/\/www.infobae.com\/new-resizer\/nIMuqEk60P_SMdr7ezwHOU32Qus=\/750x0\/filters:quality(100)\/arc-anglerfish-arc2-prod-infobae.s3.amazonaws.com\/public\/TRUPXJ64VNEF5M632DQVDTU7YE.jpg\",\"contentUrl\":\"https:\/\/www.infobae.com\/new-resizer\/nIMuqEk60P_SMdr7ezwHOU32Qus=\/750x0\/filters:quality(100)\/arc-anglerfish-arc2-prod-infobae.s3.amazonaws.com\/public\/TRUPXJ64VNEF5M632DQVDTU7YE.jpg\"},{\"@type\":\"BreadcrumbList\",\"@id\":\"https:\/\/www.noticiasradioreflejos.com.ar\/2021\/a-partir-de-hoy-comenzo-a-regir-el-certificado-unico-para-circulacion-quienes-deben-tenerlo\/#breadcrumb\",\"itemListElement\":[{\"@type\":\"ListItem\",\"position\":1,\"name\":\"Portada\",\"item\":\"https:\/\/www.noticiasradioreflejos.com.ar\/2021\/\"},{\"@type\":\"ListItem\",\"position\":2,\"name\":\"A partir de hoy comenz\u00f3 a regir el Certificado \u00danico para Circulaci\u00f3n: qui\u00e9nes deben tenerlo\"}]},{\"@type\":\"WebSite\",\"@id\":\"https:\/\/www.noticiasradioreflejos.com.ar\/2021\/#website\",\"url\":\"https:\/\/www.noticiasradioreflejos.com.ar\/2021\/\",\"name\":\"Noticias Radio Reflejos\",\"description\":\"Las noticias de mi comarca\",\"potentialAction\":[{\"@type\":\"SearchAction\",\"target\":{\"@type\":\"EntryPoint\",\"urlTemplate\":\"https:\/\/www.noticiasradioreflejos.com.ar\/2021\/?s={search_term_string}\"},\"query-input\":{\"@type\":\"PropertyValueSpecification\",\"valueRequired\":true,\"valueName\":\"search_term_string\"}}],\"inLanguage\":\"es\"},{\"@type\":\"Person\",\"@id\":\"https:\/\/www.noticiasradioreflejos.com.ar\/2021\/#\/schema\/person\/ad82545263dcc5ec0996818884fd5fb1\",\"name\":\"Arnaldo Botto\",\"image\":{\"@type\":\"ImageObject\",\"inLanguage\":\"es\",\"@id\":\"https:\/\/www.noticiasradioreflejos.com.ar\/2021\/#\/schema\/person\/image\/\",\"url\":\"https:\/\/secure.gravatar.com\/avatar\/55cb5e37c1efa326397366e6974cb338056df65cb50e7d64d1cf314e87504837?s=96&d=mm&r=g\",\"contentUrl\":\"https:\/\/secure.gravatar.com\/avatar\/55cb5e37c1efa326397366e6974cb338056df65cb50e7d64d1cf314e87504837?s=96&d=mm&r=g\",\"caption\":\"Arnaldo Botto\"},\"url\":\"https:\/\/www.noticiasradioreflejos.com.ar\/2021\/author\/arnaldo\/\"}]}<\/script>\n<!-- \/ Yoast SEO plugin. -->","yoast_head_json":{"title":"A partir de hoy comenz\u00f3 a regir el Certificado \u00danico para Circulaci\u00f3n: qui\u00e9nes deben tenerlo - Noticias Radio Reflejos","robots":{"index":"index","follow":"follow","max-snippet":"max-snippet:-1","max-image-preview":"max-image-preview:large","max-video-preview":"max-video-preview:-1"},"canonical":"https:\/\/www.noticiasradioreflejos.com.ar\/2021\/a-partir-de-hoy-comenzo-a-regir-el-certificado-unico-para-circulacion-quienes-deben-tenerlo\/","og_locale":"es_ES","og_type":"article","og_title":"A partir de hoy comenz\u00f3 a regir el Certificado \u00danico para Circulaci\u00f3n: qui\u00e9nes deben tenerlo - Noticias Radio Reflejos","og_description":"Lo tendr\u00e1n que presentar aquellos que realicen algunas de las actividades que est\u00e1n dentro de las exceptuadas por el decreto de necesidad y urgencia. A partir de este lunes los afectados a algunas de las actividades declaradas esenciales durante el aislamiento social preventivo y obligatorio -como el personal funerario, de la obra p\u00fablica, transporte; lavander\u00eda; [&hellip;]","og_url":"https:\/\/www.noticiasradioreflejos.com.ar\/2021\/a-partir-de-hoy-comenzo-a-regir-el-certificado-unico-para-circulacion-quienes-deben-tenerlo\/","og_site_name":"Noticias Radio Reflejos","article_published_time":"2020-04-06T11:32:12+00:00","og_image":[{"url":"https:\/\/www.infobae.com\/new-resizer\/nIMuqEk60P_SMdr7ezwHOU32Qus=\/750x0\/filters:quality(100)\/arc-anglerfish-arc2-prod-infobae.s3.amazonaws.com\/public\/TRUPXJ64VNEF5M632DQVDTU7YE.jpg","type":"","width":"","height":""}],"author":"Arnaldo Botto","twitter_card":"summary_large_image","schema":{"@context":"https:\/\/schema.org","@graph":[{"@type":"WebPage","@id":"https:\/\/www.noticiasradioreflejos.com.ar\/2021\/a-partir-de-hoy-comenzo-a-regir-el-certificado-unico-para-circulacion-quienes-deben-tenerlo\/","url":"https:\/\/www.noticiasradioreflejos.com.ar\/2021\/a-partir-de-hoy-comenzo-a-regir-el-certificado-unico-para-circulacion-quienes-deben-tenerlo\/","name":"A partir de hoy comenz\u00f3 a regir el Certificado \u00danico para Circulaci\u00f3n: qui\u00e9nes deben tenerlo - Noticias Radio Reflejos","isPartOf":{"@id":"https:\/\/www.noticiasradioreflejos.com.ar\/2021\/#website"},"primaryImageOfPage":{"@id":"https:\/\/www.noticiasradioreflejos.com.ar\/2021\/a-partir-de-hoy-comenzo-a-regir-el-certificado-unico-para-circulacion-quienes-deben-tenerlo\/#primaryimage"},"image":{"@id":"https:\/\/www.noticiasradioreflejos.com.ar\/2021\/a-partir-de-hoy-comenzo-a-regir-el-certificado-unico-para-circulacion-quienes-deben-tenerlo\/#primaryimage"},"thumbnailUrl":"https:\/\/www.infobae.com\/new-resizer\/nIMuqEk60P_SMdr7ezwHOU32Qus=\/750x0\/filters:quality(100)\/arc-anglerfish-arc2-prod-infobae.s3.amazonaws.com\/public\/TRUPXJ64VNEF5M632DQVDTU7YE.jpg","datePublished":"2020-04-06T11:32:12+00:00","author":{"@id":"https:\/\/www.noticiasradioreflejos.com.ar\/2021\/#\/schema\/person\/ad82545263dcc5ec0996818884fd5fb1"},"breadcrumb":{"@id":"https:\/\/www.noticiasradioreflejos.com.ar\/2021\/a-partir-de-hoy-comenzo-a-regir-el-certificado-unico-para-circulacion-quienes-deben-tenerlo\/#breadcrumb"},"inLanguage":"es","potentialAction":[{"@type":"ReadAction","target":["https:\/\/www.noticiasradioreflejos.com.ar\/2021\/a-partir-de-hoy-comenzo-a-regir-el-certificado-unico-para-circulacion-quienes-deben-tenerlo\/"]}]},{"@type":"ImageObject","inLanguage":"es","@id":"https:\/\/www.noticiasradioreflejos.com.ar\/2021\/a-partir-de-hoy-comenzo-a-regir-el-certificado-unico-para-circulacion-quienes-deben-tenerlo\/#primaryimage","url":"https:\/\/www.infobae.com\/new-resizer\/nIMuqEk60P_SMdr7ezwHOU32Qus=\/750x0\/filters:quality(100)\/arc-anglerfish-arc2-prod-infobae.s3.amazonaws.com\/public\/TRUPXJ64VNEF5M632DQVDTU7YE.jpg","contentUrl":"https:\/\/www.infobae.com\/new-resizer\/nIMuqEk60P_SMdr7ezwHOU32Qus=\/750x0\/filters:quality(100)\/arc-anglerfish-arc2-prod-infobae.s3.amazonaws.com\/public\/TRUPXJ64VNEF5M632DQVDTU7YE.jpg"},{"@type":"BreadcrumbList","@id":"https:\/\/www.noticiasradioreflejos.com.ar\/2021\/a-partir-de-hoy-comenzo-a-regir-el-certificado-unico-para-circulacion-quienes-deben-tenerlo\/#breadcrumb","itemListElement":[{"@type":"ListItem","position":1,"name":"Portada","item":"https:\/\/www.noticiasradioreflejos.com.ar\/2021\/"},{"@type":"ListItem","position":2,"name":"A partir de hoy comenz\u00f3 a regir el Certificado \u00danico para Circulaci\u00f3n: qui\u00e9nes deben tenerlo"}]},{"@type":"WebSite","@id":"https:\/\/www.noticiasradioreflejos.com.ar\/2021\/#website","url":"https:\/\/www.noticiasradioreflejos.com.ar\/2021\/","name":"Noticias Radio Reflejos","description":"Las noticias de mi comarca","potentialAction":[{"@type":"SearchAction","target":{"@type":"EntryPoint","urlTemplate":"https:\/\/www.noticiasradioreflejos.com.ar\/2021\/?s={search_term_string}"},"query-input":{"@type":"PropertyValueSpecification","valueRequired":true,"valueName":"search_term_string"}}],"inLanguage":"es"},{"@type":"Person","@id":"https:\/\/www.noticiasradioreflejos.com.ar\/2021\/#\/schema\/person\/ad82545263dcc5ec0996818884fd5fb1","name":"Arnaldo Botto","image":{"@type":"ImageObject","inLanguage":"es","@id":"https:\/\/www.noticiasradioreflejos.com.ar\/2021\/#\/schema\/person\/image\/","url":"https:\/\/secure.gravatar.com\/avatar\/55cb5e37c1efa326397366e6974cb338056df65cb50e7d64d1cf314e87504837?s=96&d=mm&r=g","contentUrl":"https:\/\/secure.gravatar.com\/avatar\/55cb5e37c1efa326397366e6974cb338056df65cb50e7d64d1cf314e87504837?s=96&d=mm&r=g","caption":"Arnaldo Botto"},"url":"https:\/\/www.noticiasradioreflejos.com.ar\/2021\/author\/arnaldo\/"}]}},"_links":{"self":[{"href":"https:\/\/www.noticiasradioreflejos.com.ar\/2021\/wp-json\/wp\/v2\/posts\/40436","targetHints":{"allow":["GET"]}}],"collection":[{"href":"https:\/\/www.noticiasradioreflejos.com.ar\/2021\/wp-json\/wp\/v2\/posts"}],"about":[{"href":"https:\/\/www.noticiasradioreflejos.com.ar\/2021\/wp-json\/wp\/v2\/types\/post"}],"author":[{"embeddable":true,"href":"https:\/\/www.noticiasradioreflejos.com.ar\/2021\/wp-json\/wp\/v2\/users\/3"}],"replies":[{"embeddable":true,"href":"https:\/\/www.noticiasradioreflejos.com.ar\/2021\/wp-json\/wp\/v2\/comments?post=40436"}],"version-history":[{"count":0,"href":"https:\/\/www.noticiasradioreflejos.com.ar\/2021\/wp-json\/wp\/v2\/posts\/40436\/revisions"}],"wp:attachment":[{"href":"https:\/\/www.noticiasradioreflejos.com.ar\/2021\/wp-json\/wp\/v2\/media?parent=40436"}],"wp:term":[{"taxonomy":"category","embeddable":true,"href":"https:\/\/www.noticiasradioreflejos.com.ar\/2021\/wp-json\/wp\/v2\/categories?post=40436"},{"taxonomy":"post_tag","embeddable":true,"href":"https:\/\/www.noticiasradioreflejos.com.ar\/2021\/wp-json\/wp\/v2\/tags?post=40436"}],"curies":[{"name":"wp","href":"https:\/\/api.w.org\/{rel}","templated":true}]}}