{"id":40433,"date":"2020-04-05T21:27:12","date_gmt":"2020-04-06T00:27:12","guid":{"rendered":"http:\/\/www.noticiasradioreflejos.com.ar\/noticias\/?p=40433"},"modified":"2020-04-05T21:27:12","modified_gmt":"2020-04-06T00:27:12","slug":"solo-podran-ingresar-a-las-localidades-personas-que-acrediten-su-domicilio-en-el-distrito","status":"publish","type":"post","link":"https:\/\/www.noticiasradioreflejos.com.ar\/2021\/solo-podran-ingresar-a-las-localidades-personas-que-acrediten-su-domicilio-en-el-distrito\/","title":{"rendered":"Solo podr\u00e1n ingresar a las localidades personas que acrediten su domicilio en el distrito."},"content":{"rendered":"<p>La Secretar\u00eda de Gobierno y Seguridad informa que contin\u00faan con normalidad los controles en los accesos a nuestras localidades en el marco de mantener el aislamiento social, preventivo y obligatorio; las tareas se est\u00e1n desarrollando entre personal policial, inspectores municipales y la destacable colaboraci\u00f3n desinteresada de Bomberos Voluntarios de Sierra de la Ventana y Villa Ventana.<!--more--><\/p>\n<p>Desde la cartera se comunica adem\u00e1s que a partir de ma\u00f1ana, 6 de abril, en virtud de la proximidad al fin de semana largo de Semana Santa, y atento a la posibilidad de que algunas personas quieran llegar a nuestras localidades con fines tur\u00edsticos, los controles ser\u00e1n m\u00e1s estrictos a\u00fan y permanentes; adem\u00e1s se requerir\u00e1 a todos aquellos que deseen ingresar, demuestren mediante su documento de identidad o declaraci\u00f3n jurada que poseen domicilio u otro justificativo dentro de los comprendidos por la legislaci\u00f3n vigente.<br \/>\nSolicitamos tambi\u00e9n a la poblaci\u00f3n tranquilidad y deseamos comunicarles que se llevan adelante todas las medidas posibles con el objetivo de evitar las conglomeraciones de personas recurriendo a detenciones de personas que violan la cuarentena como as\u00ed tambi\u00e9n al secuestro de veh\u00edculos.<br \/>\nDebe entenderse tambi\u00e9n que adem\u00e1s de los controles que puedan ejercerse en nuestras localidades, tambi\u00e9n es necesario contar con la buena voluntad de nuestros vecinos, acatando las normas y evitando generar desinformaci\u00f3n o fomentar el temor infundado. Lo mejor que podemos hacer en estos momentos es continuar todo el tiempo que sea posible en nuestros hogares y colaborar cumpliendo las normas.<\/p>\n","protected":false},"excerpt":{"rendered":"<p>La Secretar\u00eda de Gobierno y Seguridad informa que contin\u00faan con normalidad los controles en los accesos a nuestras localidades en el marco de mantener el aislamiento social, preventivo y obligatorio; las tareas se est\u00e1n desarrollando entre personal policial, inspectores municipales y la destacable colaboraci\u00f3n desinteresada de Bomberos Voluntarios de Sierra de la Ventana y Villa [&hellip;]<\/p>\n","protected":false},"author":3,"featured_media":0,"comment_status":"closed","ping_status":"open","sticky":false,"template":"","format":"standard","meta":{"footnotes":""},"categories":[28],"tags":[],"class_list":["post-40433","post","type-post","status-publish","format-standard","hentry","category-municipales"],"yoast_head":"<!-- This site is optimized with the Yoast SEO plugin v25.9 - https:\/\/yoast.com\/wordpress\/plugins\/seo\/ -->\n<title>Solo podr\u00e1n ingresar a las localidades personas que acrediten su domicilio en el distrito. - Noticias Radio Reflejos<\/title>\n<meta name=\"robots\" content=\"index, follow, max-snippet:-1, max-image-preview:large, max-video-preview:-1\" \/>\n<link rel=\"canonical\" href=\"https:\/\/www.noticiasradioreflejos.com.ar\/2021\/solo-podran-ingresar-a-las-localidades-personas-que-acrediten-su-domicilio-en-el-distrito\/\" \/>\n<meta property=\"og:locale\" content=\"es_ES\" \/>\n<meta property=\"og:type\" content=\"article\" \/>\n<meta property=\"og:title\" content=\"Solo podr\u00e1n ingresar a las localidades personas que acrediten su domicilio en el distrito. - Noticias Radio Reflejos\" \/>\n<meta property=\"og:description\" content=\"La Secretar\u00eda de Gobierno y Seguridad informa que contin\u00faan con normalidad los controles en los accesos a nuestras localidades en el marco de mantener el aislamiento social, preventivo y obligatorio; las tareas se est\u00e1n desarrollando entre personal policial, inspectores municipales y la destacable colaboraci\u00f3n desinteresada de Bomberos Voluntarios de Sierra de la Ventana y Villa [&hellip;]\" \/>\n<meta property=\"og:url\" content=\"https:\/\/www.noticiasradioreflejos.com.ar\/2021\/solo-podran-ingresar-a-las-localidades-personas-que-acrediten-su-domicilio-en-el-distrito\/\" \/>\n<meta property=\"og:site_name\" content=\"Noticias Radio Reflejos\" \/>\n<meta property=\"article:published_time\" content=\"2020-04-06T00:27:12+00:00\" \/>\n<meta property=\"og:image\" content=\"https:\/\/www.noticiasradioreflejos.com.ar\/2021\/wp-content\/uploads\/2021\/07\/logosol300x200.png\" \/>\n\t<meta property=\"og:image:width\" content=\"300\" \/>\n\t<meta property=\"og:image:height\" content=\"200\" \/>\n\t<meta property=\"og:image:type\" content=\"image\/png\" \/>\n<meta name=\"author\" content=\"Arnaldo Botto\" \/>\n<meta name=\"twitter:card\" content=\"summary_large_image\" \/>\n<script type=\"application\/ld+json\" class=\"yoast-schema-graph\">{\"@context\":\"https:\/\/schema.org\",\"@graph\":[{\"@type\":\"WebPage\",\"@id\":\"https:\/\/www.noticiasradioreflejos.com.ar\/2021\/solo-podran-ingresar-a-las-localidades-personas-que-acrediten-su-domicilio-en-el-distrito\/\",\"url\":\"https:\/\/www.noticiasradioreflejos.com.ar\/2021\/solo-podran-ingresar-a-las-localidades-personas-que-acrediten-su-domicilio-en-el-distrito\/\",\"name\":\"Solo podr\u00e1n ingresar a las localidades personas que acrediten su domicilio en el distrito. - Noticias Radio Reflejos\",\"isPartOf\":{\"@id\":\"https:\/\/www.noticiasradioreflejos.com.ar\/2021\/#website\"},\"datePublished\":\"2020-04-06T00:27:12+00:00\",\"author\":{\"@id\":\"https:\/\/www.noticiasradioreflejos.com.ar\/2021\/#\/schema\/person\/ad82545263dcc5ec0996818884fd5fb1\"},\"breadcrumb\":{\"@id\":\"https:\/\/www.noticiasradioreflejos.com.ar\/2021\/solo-podran-ingresar-a-las-localidades-personas-que-acrediten-su-domicilio-en-el-distrito\/#breadcrumb\"},\"inLanguage\":\"es\",\"potentialAction\":[{\"@type\":\"ReadAction\",\"target\":[\"https:\/\/www.noticiasradioreflejos.com.ar\/2021\/solo-podran-ingresar-a-las-localidades-personas-que-acrediten-su-domicilio-en-el-distrito\/\"]}]},{\"@type\":\"BreadcrumbList\",\"@id\":\"https:\/\/www.noticiasradioreflejos.com.ar\/2021\/solo-podran-ingresar-a-las-localidades-personas-que-acrediten-su-domicilio-en-el-distrito\/#breadcrumb\",\"itemListElement\":[{\"@type\":\"ListItem\",\"position\":1,\"name\":\"Portada\",\"item\":\"https:\/\/www.noticiasradioreflejos.com.ar\/2021\/\"},{\"@type\":\"ListItem\",\"position\":2,\"name\":\"Solo podr\u00e1n ingresar a las localidades personas que acrediten su domicilio en el distrito.\"}]},{\"@type\":\"WebSite\",\"@id\":\"https:\/\/www.noticiasradioreflejos.com.ar\/2021\/#website\",\"url\":\"https:\/\/www.noticiasradioreflejos.com.ar\/2021\/\",\"name\":\"Noticias Radio Reflejos\",\"description\":\"Las noticias de mi comarca\",\"potentialAction\":[{\"@type\":\"SearchAction\",\"target\":{\"@type\":\"EntryPoint\",\"urlTemplate\":\"https:\/\/www.noticiasradioreflejos.com.ar\/2021\/?s={search_term_string}\"},\"query-input\":{\"@type\":\"PropertyValueSpecification\",\"valueRequired\":true,\"valueName\":\"search_term_string\"}}],\"inLanguage\":\"es\"},{\"@type\":\"Person\",\"@id\":\"https:\/\/www.noticiasradioreflejos.com.ar\/2021\/#\/schema\/person\/ad82545263dcc5ec0996818884fd5fb1\",\"name\":\"Arnaldo Botto\",\"image\":{\"@type\":\"ImageObject\",\"inLanguage\":\"es\",\"@id\":\"https:\/\/www.noticiasradioreflejos.com.ar\/2021\/#\/schema\/person\/image\/\",\"url\":\"https:\/\/secure.gravatar.com\/avatar\/55cb5e37c1efa326397366e6974cb338056df65cb50e7d64d1cf314e87504837?s=96&d=mm&r=g\",\"contentUrl\":\"https:\/\/secure.gravatar.com\/avatar\/55cb5e37c1efa326397366e6974cb338056df65cb50e7d64d1cf314e87504837?s=96&d=mm&r=g\",\"caption\":\"Arnaldo Botto\"},\"url\":\"https:\/\/www.noticiasradioreflejos.com.ar\/2021\/author\/arnaldo\/\"}]}<\/script>\n<!-- \/ Yoast SEO plugin. -->","yoast_head_json":{"title":"Solo podr\u00e1n ingresar a las localidades personas que acrediten su domicilio en el distrito. - Noticias Radio Reflejos","robots":{"index":"index","follow":"follow","max-snippet":"max-snippet:-1","max-image-preview":"max-image-preview:large","max-video-preview":"max-video-preview:-1"},"canonical":"https:\/\/www.noticiasradioreflejos.com.ar\/2021\/solo-podran-ingresar-a-las-localidades-personas-que-acrediten-su-domicilio-en-el-distrito\/","og_locale":"es_ES","og_type":"article","og_title":"Solo podr\u00e1n ingresar a las localidades personas que acrediten su domicilio en el distrito. - Noticias Radio Reflejos","og_description":"La Secretar\u00eda de Gobierno y Seguridad informa que contin\u00faan con normalidad los controles en los accesos a nuestras localidades en el marco de mantener el aislamiento social, preventivo y obligatorio; las tareas se est\u00e1n desarrollando entre personal policial, inspectores municipales y la destacable colaboraci\u00f3n desinteresada de Bomberos Voluntarios de Sierra de la Ventana y Villa [&hellip;]","og_url":"https:\/\/www.noticiasradioreflejos.com.ar\/2021\/solo-podran-ingresar-a-las-localidades-personas-que-acrediten-su-domicilio-en-el-distrito\/","og_site_name":"Noticias Radio Reflejos","article_published_time":"2020-04-06T00:27:12+00:00","og_image":[{"width":300,"height":200,"url":"https:\/\/www.noticiasradioreflejos.com.ar\/2021\/wp-content\/uploads\/2021\/07\/logosol300x200.png","type":"image\/png"}],"author":"Arnaldo Botto","twitter_card":"summary_large_image","schema":{"@context":"https:\/\/schema.org","@graph":[{"@type":"WebPage","@id":"https:\/\/www.noticiasradioreflejos.com.ar\/2021\/solo-podran-ingresar-a-las-localidades-personas-que-acrediten-su-domicilio-en-el-distrito\/","url":"https:\/\/www.noticiasradioreflejos.com.ar\/2021\/solo-podran-ingresar-a-las-localidades-personas-que-acrediten-su-domicilio-en-el-distrito\/","name":"Solo podr\u00e1n ingresar a las localidades personas que acrediten su domicilio en el distrito. - Noticias Radio Reflejos","isPartOf":{"@id":"https:\/\/www.noticiasradioreflejos.com.ar\/2021\/#website"},"datePublished":"2020-04-06T00:27:12+00:00","author":{"@id":"https:\/\/www.noticiasradioreflejos.com.ar\/2021\/#\/schema\/person\/ad82545263dcc5ec0996818884fd5fb1"},"breadcrumb":{"@id":"https:\/\/www.noticiasradioreflejos.com.ar\/2021\/solo-podran-ingresar-a-las-localidades-personas-que-acrediten-su-domicilio-en-el-distrito\/#breadcrumb"},"inLanguage":"es","potentialAction":[{"@type":"ReadAction","target":["https:\/\/www.noticiasradioreflejos.com.ar\/2021\/solo-podran-ingresar-a-las-localidades-personas-que-acrediten-su-domicilio-en-el-distrito\/"]}]},{"@type":"BreadcrumbList","@id":"https:\/\/www.noticiasradioreflejos.com.ar\/2021\/solo-podran-ingresar-a-las-localidades-personas-que-acrediten-su-domicilio-en-el-distrito\/#breadcrumb","itemListElement":[{"@type":"ListItem","position":1,"name":"Portada","item":"https:\/\/www.noticiasradioreflejos.com.ar\/2021\/"},{"@type":"ListItem","position":2,"name":"Solo podr\u00e1n ingresar a las localidades personas que acrediten su domicilio en el distrito."}]},{"@type":"WebSite","@id":"https:\/\/www.noticiasradioreflejos.com.ar\/2021\/#website","url":"https:\/\/www.noticiasradioreflejos.com.ar\/2021\/","name":"Noticias Radio Reflejos","description":"Las noticias de mi comarca","potentialAction":[{"@type":"SearchAction","target":{"@type":"EntryPoint","urlTemplate":"https:\/\/www.noticiasradioreflejos.com.ar\/2021\/?s={search_term_string}"},"query-input":{"@type":"PropertyValueSpecification","valueRequired":true,"valueName":"search_term_string"}}],"inLanguage":"es"},{"@type":"Person","@id":"https:\/\/www.noticiasradioreflejos.com.ar\/2021\/#\/schema\/person\/ad82545263dcc5ec0996818884fd5fb1","name":"Arnaldo Botto","image":{"@type":"ImageObject","inLanguage":"es","@id":"https:\/\/www.noticiasradioreflejos.com.ar\/2021\/#\/schema\/person\/image\/","url":"https:\/\/secure.gravatar.com\/avatar\/55cb5e37c1efa326397366e6974cb338056df65cb50e7d64d1cf314e87504837?s=96&d=mm&r=g","contentUrl":"https:\/\/secure.gravatar.com\/avatar\/55cb5e37c1efa326397366e6974cb338056df65cb50e7d64d1cf314e87504837?s=96&d=mm&r=g","caption":"Arnaldo Botto"},"url":"https:\/\/www.noticiasradioreflejos.com.ar\/2021\/author\/arnaldo\/"}]}},"_links":{"self":[{"href":"https:\/\/www.noticiasradioreflejos.com.ar\/2021\/wp-json\/wp\/v2\/posts\/40433","targetHints":{"allow":["GET"]}}],"collection":[{"href":"https:\/\/www.noticiasradioreflejos.com.ar\/2021\/wp-json\/wp\/v2\/posts"}],"about":[{"href":"https:\/\/www.noticiasradioreflejos.com.ar\/2021\/wp-json\/wp\/v2\/types\/post"}],"author":[{"embeddable":true,"href":"https:\/\/www.noticiasradioreflejos.com.ar\/2021\/wp-json\/wp\/v2\/users\/3"}],"replies":[{"embeddable":true,"href":"https:\/\/www.noticiasradioreflejos.com.ar\/2021\/wp-json\/wp\/v2\/comments?post=40433"}],"version-history":[{"count":0,"href":"https:\/\/www.noticiasradioreflejos.com.ar\/2021\/wp-json\/wp\/v2\/posts\/40433\/revisions"}],"wp:attachment":[{"href":"https:\/\/www.noticiasradioreflejos.com.ar\/2021\/wp-json\/wp\/v2\/media?parent=40433"}],"wp:term":[{"taxonomy":"category","embeddable":true,"href":"https:\/\/www.noticiasradioreflejos.com.ar\/2021\/wp-json\/wp\/v2\/categories?post=40433"},{"taxonomy":"post_tag","embeddable":true,"href":"https:\/\/www.noticiasradioreflejos.com.ar\/2021\/wp-json\/wp\/v2\/tags?post=40433"}],"curies":[{"name":"wp","href":"https:\/\/api.w.org\/{rel}","templated":true}]}}