{"id":40409,"date":"2020-04-05T11:31:34","date_gmt":"2020-04-05T14:31:34","guid":{"rendered":"http:\/\/www.noticiasradioreflejos.com.ar\/noticias\/?p=40409"},"modified":"2020-04-05T11:31:34","modified_gmt":"2020-04-05T14:31:34","slug":"gobierno-acelera-plan-de-asistencia-a-las-empresas-para-salvar-fuentes-de-trabajo","status":"publish","type":"post","link":"https:\/\/www.noticiasradioreflejos.com.ar\/2021\/gobierno-acelera-plan-de-asistencia-a-las-empresas-para-salvar-fuentes-de-trabajo\/","title":{"rendered":"Gobierno acelera plan de asistencia a las empresas para salvar fuentes de trabajo"},"content":{"rendered":"<p>Santiago Cafiero apura la implementaci\u00f3n del Programa de Asistencia al Trabajo y la Producci\u00f3n. La inscripci\u00f3n de las empresas se har\u00e1 a trav\u00e9s de la p\u00e1gina de la AFIP. Un comit\u00e9 evaluar\u00e1 las solicitudes que se reciban. Durante m\u00e1s de 8 horas de trabajo el gabinete econ\u00f3mico repas\u00f3 el devenir de la econom\u00eda en tiempos de aislamiento y deline\u00f3 la puesta en marcha del Programa de Asistencia al Trabajo y la Producci\u00f3n para ayudar a las empresas con el objetivo de preservar la mayor cantidad de puestos de trabajo, tal la directiva planteado por el propio Alberto Fern\u00e1ndez a su equipo econ\u00f3mico.<!--more--><\/p>\n<p>La reuni\u00f3n en la residencia presidencial de Olivos, que se inici\u00f3 a las 10.30 de ayer y se extendi\u00f3 hasta pasadas las 18, estuvo encabezada por el jefe de Gabinete, Santiago Cafiero, quien consult\u00f3 a Alberto en varios tramos del encuentro, y tuvo como participantes a los ministros de Trabajo y Desarrollo Productivo, Claudio Moroni y Mat\u00edas Kulfas, la titular de la AFIP, Mercedes Marc\u00f3 del Pont, el viceministro de Econom\u00eda, Haroldo Montag\u00fa y el jefe de Gabinete del Ministerio de Econom\u00eda, Gonzalo Guiraldes.<\/p>\n<p>En el encuentro, Santiago Cafiero, quien estuvo acompa\u00f1ado por la secretaria de Legal y T\u00e9cnica de la Presidencia, Vilma Ibarra y la vicejefa de Gabinete, Cecilia Todesca Bocco, les insisti\u00f3 a los presentes en la \u201cnecesidad\u201d de agilizar la implementaci\u00f3n del llamado ATP (Asistencia al Trabajo y la Producci\u00f3n) para que comience a funcionar en los pr\u00f3ximos d\u00edas.<\/p>\n<p>Fuentes oficiales explicaron que, si bien el objetivo primario sigue siendo salvar la vida de los argentinos, el impacto del parate econ\u00f3mico requiere actuar con prontitud para morigerar los efectos negativos y sobre todo no empeorar la situaci\u00f3n del desempleo en la Argentina, as\u00ed como trabajar en \u201cel d\u00eda despu\u00e9s\u201d del aislamiento para poner en marcha la econom\u00eda.<\/p>\n<p>El DNU 332\/2020 publicado el mi\u00e9rcoles pasado estableci\u00f3 la creaci\u00f3n del programa ATP con la finalidad de asistir a las empresas y trabajadores afectados por el freno de la econom\u00eda como consecuencia del aislamiento preventivo y obligatorio, as\u00ed como tambi\u00e9n por los posibles casos de contagio de Covid-19 dentro de la empresa.<\/p>\n<p>El equipo econ\u00f3mico repas\u00f3 los alcances de los cuatro beneficios centrales establecidos por el decreto que pasan por la postergaci\u00f3n o reducci\u00f3n de las contribuciones patronales, pago parcial del salario de las n\u00f3minas de las empresas de hasta 100 trabajadores, ampliaci\u00f3n del REPRO, y prestaciones por desempleo.<\/p>\n<p>El caso de las cargas patronales y la ayuda para pagar salarios, dependen del tama\u00f1o de la empresa seg\u00fan la cantidad de trabajadores y del sector de actividad a la que la misma pertenezca. Es por eso que en la reuni\u00f3n se defini\u00f3 que la evaluaci\u00f3n t\u00e9cnica de las solicitudes estar\u00e1 a cargo de un Comit\u00e9 integrado por los ministerios de Econom\u00eda, Desarrollo Productivo, Trabajo y la AFIP, que luego elevar\u00e1 los informes t\u00e9cnicos al jefe de Gabinete.<\/p>\n<p>Para la puesta en marcha, los representantes de las empresas afectadas deber\u00e1n anotarse en un apartado en la p\u00e1gina de la AFIP para su posterior an\u00e1lisis. Quienes se anoten deber\u00e1n estar en zonas geogr\u00e1ficas afectadas en forma cr\u00edtica, tener una cantidad sustancial de empleados contagiados con Covid-19 o con licenciados a causa de la pandemia, o haber sufrido una sustancial ca\u00edda de las ventas desde a puesta en marchad del aislamiento obligatorio el viernes 20 de marzo.<\/p>\n<p>Para determinar qui\u00e9nes pueden acceder a las distintas herramientas de asistencia, el equipo econ\u00f3mico defini\u00f3 sectores de actividad de acuerdo al grado de impacto de la cuarentena en el normal giro del negocio. De movida est\u00e1n los denominados sectores cr\u00edticos, que son aquellos que directamente no han podido seguir con su actividad y que desde hace 15 d\u00edas no facturan un peso. Sin embargo, los que fueron considerados sectores esenciales, y por ende no alcanzados por la obligaci\u00f3n del aislamiento, y aquellos que siguieron operando mediante el teletrabajo, ser\u00e1n plausibles de recibir ayuda en funci\u00f3n de la ca\u00edda de la facturaci\u00f3n en estas semanas de cuarentena.<\/p>\n<p>Sin dudas, en este parate econ\u00f3mico, las mipymes son las m\u00e1s afectadas, tanto en el sector de comercio como productivo. Sin ventas no tienen resto para afrontar el pago de sueldos, alquiler, servicios y proveedores, entre otras obligaciones. A sabiendas de la realidad acuciante es que Cafiero pidi\u00f3 celeridad para procesar las solicitudes que ingresen las pymes, que son aquellas que tienen hasta 100 empleados.<\/p>\n<p>En el caso de las empresas con m\u00e1s de 100 empleados, la idea que se traz\u00f3 en la reuni\u00f3n es que sean asistidas a trav\u00e9s del REPRO, ya que por su tama\u00f1o tienen un nivel de complejidad m\u00e1s elevado, mayor cantidad de puestos gerenciales y acceso a otras herramientas de financiamiento.<\/p>\n<p>En la reuni\u00f3n, adem\u00e1s de delinear la puesta en marcha del ATP, el equipo econ\u00f3mico repas\u00f3 la marcha de la l\u00ednea de cr\u00e9ditos a una tasa del 24% impulsado en forma conjunta por el Banco Central (BCRA) y el Ministerio de Desarrollo Productivo destinada a capital de trabajo y n\u00f3mina salarial para ayudar a las empresas a pagar los sueldos. Sobre la mesa de trabajo se expuso la preocupaci\u00f3n porque los bancos a\u00fan no han dinamizado los cr\u00e9ditos y porque para muchas empresas, sobre todo pymes, les es imposible acceder por la calificaci\u00f3n crediticia. En ese sentido, para que las peque\u00f1as y medianas empresas puedan acceder a estos cr\u00e9ditos se ha fortalecido el Fondo de Garant\u00eda Argentino (FOGAR) que funcionar\u00e1 como un sistema de garant\u00edas estatales.<\/p>\n<p>Fuente: Ambito.com<\/p>\n","protected":false},"excerpt":{"rendered":"<p>Santiago Cafiero apura la implementaci\u00f3n del Programa de Asistencia al Trabajo y la Producci\u00f3n. La inscripci\u00f3n de las empresas se har\u00e1 a trav\u00e9s de la p\u00e1gina de la AFIP. Un comit\u00e9 evaluar\u00e1 las solicitudes que se reciban. Durante m\u00e1s de 8 horas de trabajo el gabinete econ\u00f3mico repas\u00f3 el devenir de la econom\u00eda en tiempos [&hellip;]<\/p>\n","protected":false},"author":3,"featured_media":0,"comment_status":"closed","ping_status":"open","sticky":false,"template":"","format":"standard","meta":{"footnotes":""},"categories":[36],"tags":[],"class_list":["post-40409","post","type-post","status-publish","format-standard","hentry","category-economia"],"yoast_head":"<!-- This site is optimized with the Yoast SEO plugin v25.9 - https:\/\/yoast.com\/wordpress\/plugins\/seo\/ -->\n<title>Gobierno acelera plan de asistencia a las empresas para salvar fuentes de trabajo - Noticias Radio Reflejos<\/title>\n<meta name=\"robots\" content=\"index, follow, max-snippet:-1, max-image-preview:large, max-video-preview:-1\" \/>\n<link rel=\"canonical\" href=\"https:\/\/www.noticiasradioreflejos.com.ar\/2021\/gobierno-acelera-plan-de-asistencia-a-las-empresas-para-salvar-fuentes-de-trabajo\/\" \/>\n<meta property=\"og:locale\" content=\"es_ES\" \/>\n<meta property=\"og:type\" content=\"article\" \/>\n<meta property=\"og:title\" content=\"Gobierno acelera plan de asistencia a las empresas para salvar fuentes de trabajo - Noticias Radio Reflejos\" \/>\n<meta property=\"og:description\" content=\"Santiago Cafiero apura la implementaci\u00f3n del Programa de Asistencia al Trabajo y la Producci\u00f3n. La inscripci\u00f3n de las empresas se har\u00e1 a trav\u00e9s de la p\u00e1gina de la AFIP. Un comit\u00e9 evaluar\u00e1 las solicitudes que se reciban. Durante m\u00e1s de 8 horas de trabajo el gabinete econ\u00f3mico repas\u00f3 el devenir de la econom\u00eda en tiempos [&hellip;]\" \/>\n<meta property=\"og:url\" content=\"https:\/\/www.noticiasradioreflejos.com.ar\/2021\/gobierno-acelera-plan-de-asistencia-a-las-empresas-para-salvar-fuentes-de-trabajo\/\" \/>\n<meta property=\"og:site_name\" content=\"Noticias Radio Reflejos\" \/>\n<meta property=\"article:published_time\" content=\"2020-04-05T14:31:34+00:00\" \/>\n<meta property=\"og:image\" content=\"https:\/\/www.noticiasradioreflejos.com.ar\/2021\/wp-content\/uploads\/2021\/07\/logosol300x200.png\" \/>\n\t<meta property=\"og:image:width\" content=\"300\" \/>\n\t<meta property=\"og:image:height\" content=\"200\" \/>\n\t<meta property=\"og:image:type\" content=\"image\/png\" \/>\n<meta name=\"author\" content=\"Arnaldo Botto\" \/>\n<meta name=\"twitter:card\" content=\"summary_large_image\" \/>\n<script type=\"application\/ld+json\" class=\"yoast-schema-graph\">{\"@context\":\"https:\/\/schema.org\",\"@graph\":[{\"@type\":\"WebPage\",\"@id\":\"https:\/\/www.noticiasradioreflejos.com.ar\/2021\/gobierno-acelera-plan-de-asistencia-a-las-empresas-para-salvar-fuentes-de-trabajo\/\",\"url\":\"https:\/\/www.noticiasradioreflejos.com.ar\/2021\/gobierno-acelera-plan-de-asistencia-a-las-empresas-para-salvar-fuentes-de-trabajo\/\",\"name\":\"Gobierno acelera plan de asistencia a las empresas para salvar fuentes de trabajo - Noticias Radio Reflejos\",\"isPartOf\":{\"@id\":\"https:\/\/www.noticiasradioreflejos.com.ar\/2021\/#website\"},\"datePublished\":\"2020-04-05T14:31:34+00:00\",\"author\":{\"@id\":\"https:\/\/www.noticiasradioreflejos.com.ar\/2021\/#\/schema\/person\/ad82545263dcc5ec0996818884fd5fb1\"},\"breadcrumb\":{\"@id\":\"https:\/\/www.noticiasradioreflejos.com.ar\/2021\/gobierno-acelera-plan-de-asistencia-a-las-empresas-para-salvar-fuentes-de-trabajo\/#breadcrumb\"},\"inLanguage\":\"es\",\"potentialAction\":[{\"@type\":\"ReadAction\",\"target\":[\"https:\/\/www.noticiasradioreflejos.com.ar\/2021\/gobierno-acelera-plan-de-asistencia-a-las-empresas-para-salvar-fuentes-de-trabajo\/\"]}]},{\"@type\":\"BreadcrumbList\",\"@id\":\"https:\/\/www.noticiasradioreflejos.com.ar\/2021\/gobierno-acelera-plan-de-asistencia-a-las-empresas-para-salvar-fuentes-de-trabajo\/#breadcrumb\",\"itemListElement\":[{\"@type\":\"ListItem\",\"position\":1,\"name\":\"Portada\",\"item\":\"https:\/\/www.noticiasradioreflejos.com.ar\/2021\/\"},{\"@type\":\"ListItem\",\"position\":2,\"name\":\"Gobierno acelera plan de asistencia a las empresas para salvar fuentes de trabajo\"}]},{\"@type\":\"WebSite\",\"@id\":\"https:\/\/www.noticiasradioreflejos.com.ar\/2021\/#website\",\"url\":\"https:\/\/www.noticiasradioreflejos.com.ar\/2021\/\",\"name\":\"Noticias Radio Reflejos\",\"description\":\"Las noticias de mi comarca\",\"potentialAction\":[{\"@type\":\"SearchAction\",\"target\":{\"@type\":\"EntryPoint\",\"urlTemplate\":\"https:\/\/www.noticiasradioreflejos.com.ar\/2021\/?s={search_term_string}\"},\"query-input\":{\"@type\":\"PropertyValueSpecification\",\"valueRequired\":true,\"valueName\":\"search_term_string\"}}],\"inLanguage\":\"es\"},{\"@type\":\"Person\",\"@id\":\"https:\/\/www.noticiasradioreflejos.com.ar\/2021\/#\/schema\/person\/ad82545263dcc5ec0996818884fd5fb1\",\"name\":\"Arnaldo Botto\",\"image\":{\"@type\":\"ImageObject\",\"inLanguage\":\"es\",\"@id\":\"https:\/\/www.noticiasradioreflejos.com.ar\/2021\/#\/schema\/person\/image\/\",\"url\":\"https:\/\/secure.gravatar.com\/avatar\/55cb5e37c1efa326397366e6974cb338056df65cb50e7d64d1cf314e87504837?s=96&d=mm&r=g\",\"contentUrl\":\"https:\/\/secure.gravatar.com\/avatar\/55cb5e37c1efa326397366e6974cb338056df65cb50e7d64d1cf314e87504837?s=96&d=mm&r=g\",\"caption\":\"Arnaldo Botto\"},\"url\":\"https:\/\/www.noticiasradioreflejos.com.ar\/2021\/author\/arnaldo\/\"}]}<\/script>\n<!-- \/ Yoast SEO plugin. -->","yoast_head_json":{"title":"Gobierno acelera plan de asistencia a las empresas para salvar fuentes de trabajo - Noticias Radio Reflejos","robots":{"index":"index","follow":"follow","max-snippet":"max-snippet:-1","max-image-preview":"max-image-preview:large","max-video-preview":"max-video-preview:-1"},"canonical":"https:\/\/www.noticiasradioreflejos.com.ar\/2021\/gobierno-acelera-plan-de-asistencia-a-las-empresas-para-salvar-fuentes-de-trabajo\/","og_locale":"es_ES","og_type":"article","og_title":"Gobierno acelera plan de asistencia a las empresas para salvar fuentes de trabajo - Noticias Radio Reflejos","og_description":"Santiago Cafiero apura la implementaci\u00f3n del Programa de Asistencia al Trabajo y la Producci\u00f3n. La inscripci\u00f3n de las empresas se har\u00e1 a trav\u00e9s de la p\u00e1gina de la AFIP. Un comit\u00e9 evaluar\u00e1 las solicitudes que se reciban. Durante m\u00e1s de 8 horas de trabajo el gabinete econ\u00f3mico repas\u00f3 el devenir de la econom\u00eda en tiempos [&hellip;]","og_url":"https:\/\/www.noticiasradioreflejos.com.ar\/2021\/gobierno-acelera-plan-de-asistencia-a-las-empresas-para-salvar-fuentes-de-trabajo\/","og_site_name":"Noticias Radio Reflejos","article_published_time":"2020-04-05T14:31:34+00:00","og_image":[{"width":300,"height":200,"url":"https:\/\/www.noticiasradioreflejos.com.ar\/2021\/wp-content\/uploads\/2021\/07\/logosol300x200.png","type":"image\/png"}],"author":"Arnaldo Botto","twitter_card":"summary_large_image","schema":{"@context":"https:\/\/schema.org","@graph":[{"@type":"WebPage","@id":"https:\/\/www.noticiasradioreflejos.com.ar\/2021\/gobierno-acelera-plan-de-asistencia-a-las-empresas-para-salvar-fuentes-de-trabajo\/","url":"https:\/\/www.noticiasradioreflejos.com.ar\/2021\/gobierno-acelera-plan-de-asistencia-a-las-empresas-para-salvar-fuentes-de-trabajo\/","name":"Gobierno acelera plan de asistencia a las empresas para salvar fuentes de trabajo - Noticias Radio Reflejos","isPartOf":{"@id":"https:\/\/www.noticiasradioreflejos.com.ar\/2021\/#website"},"datePublished":"2020-04-05T14:31:34+00:00","author":{"@id":"https:\/\/www.noticiasradioreflejos.com.ar\/2021\/#\/schema\/person\/ad82545263dcc5ec0996818884fd5fb1"},"breadcrumb":{"@id":"https:\/\/www.noticiasradioreflejos.com.ar\/2021\/gobierno-acelera-plan-de-asistencia-a-las-empresas-para-salvar-fuentes-de-trabajo\/#breadcrumb"},"inLanguage":"es","potentialAction":[{"@type":"ReadAction","target":["https:\/\/www.noticiasradioreflejos.com.ar\/2021\/gobierno-acelera-plan-de-asistencia-a-las-empresas-para-salvar-fuentes-de-trabajo\/"]}]},{"@type":"BreadcrumbList","@id":"https:\/\/www.noticiasradioreflejos.com.ar\/2021\/gobierno-acelera-plan-de-asistencia-a-las-empresas-para-salvar-fuentes-de-trabajo\/#breadcrumb","itemListElement":[{"@type":"ListItem","position":1,"name":"Portada","item":"https:\/\/www.noticiasradioreflejos.com.ar\/2021\/"},{"@type":"ListItem","position":2,"name":"Gobierno acelera plan de asistencia a las empresas para salvar fuentes de trabajo"}]},{"@type":"WebSite","@id":"https:\/\/www.noticiasradioreflejos.com.ar\/2021\/#website","url":"https:\/\/www.noticiasradioreflejos.com.ar\/2021\/","name":"Noticias Radio Reflejos","description":"Las noticias de mi comarca","potentialAction":[{"@type":"SearchAction","target":{"@type":"EntryPoint","urlTemplate":"https:\/\/www.noticiasradioreflejos.com.ar\/2021\/?s={search_term_string}"},"query-input":{"@type":"PropertyValueSpecification","valueRequired":true,"valueName":"search_term_string"}}],"inLanguage":"es"},{"@type":"Person","@id":"https:\/\/www.noticiasradioreflejos.com.ar\/2021\/#\/schema\/person\/ad82545263dcc5ec0996818884fd5fb1","name":"Arnaldo Botto","image":{"@type":"ImageObject","inLanguage":"es","@id":"https:\/\/www.noticiasradioreflejos.com.ar\/2021\/#\/schema\/person\/image\/","url":"https:\/\/secure.gravatar.com\/avatar\/55cb5e37c1efa326397366e6974cb338056df65cb50e7d64d1cf314e87504837?s=96&d=mm&r=g","contentUrl":"https:\/\/secure.gravatar.com\/avatar\/55cb5e37c1efa326397366e6974cb338056df65cb50e7d64d1cf314e87504837?s=96&d=mm&r=g","caption":"Arnaldo Botto"},"url":"https:\/\/www.noticiasradioreflejos.com.ar\/2021\/author\/arnaldo\/"}]}},"_links":{"self":[{"href":"https:\/\/www.noticiasradioreflejos.com.ar\/2021\/wp-json\/wp\/v2\/posts\/40409","targetHints":{"allow":["GET"]}}],"collection":[{"href":"https:\/\/www.noticiasradioreflejos.com.ar\/2021\/wp-json\/wp\/v2\/posts"}],"about":[{"href":"https:\/\/www.noticiasradioreflejos.com.ar\/2021\/wp-json\/wp\/v2\/types\/post"}],"author":[{"embeddable":true,"href":"https:\/\/www.noticiasradioreflejos.com.ar\/2021\/wp-json\/wp\/v2\/users\/3"}],"replies":[{"embeddable":true,"href":"https:\/\/www.noticiasradioreflejos.com.ar\/2021\/wp-json\/wp\/v2\/comments?post=40409"}],"version-history":[{"count":0,"href":"https:\/\/www.noticiasradioreflejos.com.ar\/2021\/wp-json\/wp\/v2\/posts\/40409\/revisions"}],"wp:attachment":[{"href":"https:\/\/www.noticiasradioreflejos.com.ar\/2021\/wp-json\/wp\/v2\/media?parent=40409"}],"wp:term":[{"taxonomy":"category","embeddable":true,"href":"https:\/\/www.noticiasradioreflejos.com.ar\/2021\/wp-json\/wp\/v2\/categories?post=40409"},{"taxonomy":"post_tag","embeddable":true,"href":"https:\/\/www.noticiasradioreflejos.com.ar\/2021\/wp-json\/wp\/v2\/tags?post=40409"}],"curies":[{"name":"wp","href":"https:\/\/api.w.org\/{rel}","templated":true}]}}