{"id":40394,"date":"2020-04-04T17:02:50","date_gmt":"2020-04-04T20:02:50","guid":{"rendered":"http:\/\/www.noticiasradioreflejos.com.ar\/noticias\/?p=40394"},"modified":"2020-04-04T17:02:50","modified_gmt":"2020-04-04T20:02:50","slug":"las-clases-presenciales-en-las-escuelas-no-comenzaran-el-13-de-abril-cuando-finalice-cuarentena","status":"publish","type":"post","link":"https:\/\/www.noticiasradioreflejos.com.ar\/2021\/las-clases-presenciales-en-las-escuelas-no-comenzaran-el-13-de-abril-cuando-finalice-cuarentena\/","title":{"rendered":"Las clases presenciales en las escuelas no comenzar\u00e1n el 13 de abril, cuando finalice cuarentena"},"content":{"rendered":"<p>El presidente Alberto Fern\u00e1ndez afirm\u00f3 hoy que las clases presenciales de nivel inicial, primario y secundario continuar\u00e1n suspendidas luego de que finalice el aislamiento social, preventivo y obligatorio el pr\u00f3ximo domingo 12, decretado para mitigar el avance del coronavirus en el pa\u00eds y remarc\u00f3 que \u00abpara recuperar el ciclo lectivo tenemos tiempo\u00bb.<!--more--><br \/>\nEl pasado 15 de marzo, el jefe de Estado anunci\u00f3 la suspensi\u00f3n de clases en los establecimientos educativos para evitar la circulaci\u00f3n del virus y cinco d\u00edas despu\u00e9s comenz\u00f3 a regir el Decreto de Necesidad y Urgencia (DNU) 297\/20 que establece el aislamiento obligatorio para todos los ciudadanos, exceptuando a aquellos trabajadores de los rubros esenciales.<br \/>\nAmbas medidas, pensadas en un principio hasta el 31 de marzo, continuar\u00e1n vigentes hasta el 12 de abril, seg\u00fan Fern\u00e1ndez, para \u201clograr seguir controlando la transmisi\u00f3n del virus\u201d.<br \/>\nEsta ma\u00f1ana, en declaraciones a radio Mitre, el Presidente asegur\u00f3 que la salida de la cuarentena, despu\u00e9s del 12 de abril, \u00abser\u00e1 paulatina\u00bb y adelant\u00f3 que actividades como las clases en los colegios seguir\u00e1n suspendidas.<br \/>\n\u201cEstamos evaluando la posibilidad de flexibilizar el aislamiento, no levantarlo, sino flexibilizarlo y permitir que de a poco algunas otras actividades vuelvan a operar. Pero seguramente los chicos seguir\u00e1n sin ir al colegio\u00bb, manifest\u00f3 Fern\u00e1ndez y asegur\u00f3 que para recuperar el ciclo lectivo \u201ctenemos tiempo porque siempre digo que no es muy importante si un chico termina el primario tres meses antes o tres meses despu\u00e9s\u00bb.<br \/>\nEn este sentido, el ministro de Educaci\u00f3n, Nicol\u00e1s Trotta, afirm\u00f3 el martes que \u201ces dif\u00edcil imaginar que vuelvan las clases al aula\u201d inmediatamente despu\u00e9s del 12 de abril y asegur\u00f3 que se est\u00e1 evaluando \u00abun respiro\u00bb para los ni\u00f1os y familias, respecto de las vacaciones de invierno, con un posible corrimiento del calendario escolar.<br \/>\n\u00abEs prematuro hablar de las vacaciones de invierno porque no tenemos la certeza de cu\u00e1ndo vamos a volver f\u00edsicamente a las clases, pero superado este momento que golpea al mundo, vamos a necesitar un respiro tambi\u00e9n y veremos qu\u00e9 es lo mejor, quiz\u00e1s unos d\u00edas de vacaciones o trabajar en un calendario con continuidad\u00bb, afirm\u00f3 el titular de la cartera educativa.<\/p>\n<p>Por su parte, la Universidad de Buenos Aires (UBA) resolvi\u00f3 comenzar el ciclo lectivo del a\u00f1o 2020 el 1 de junio pr\u00f3ximo y extender el dictado de clases hasta el 12 de marzo de 2021, con un breve receso para las fiestas de fin de a\u00f1o, con el objetivo de garantizar que sus estudiantes cursen sus carreras en forma presencial y proteger a la comunidad educativa ante la pandemia de coronavirus.<\/p>\n<p>Este calendario acad\u00e9mico modificado rige adem\u00e1s para los colegios preuniversitarios que funcionan bajo la \u00f3rbita de la UBA, que son el Nacional de Buenos Aires, la Escuela Superior de Comercio Carlos Pellegrini, la Escuela de Educaci\u00f3n T\u00e9cnico Profesional en Producci\u00f3n Agropecuaria y Agroalimentaria, la Escuela de Educaci\u00f3n T\u00e9cnica de Villa Lugano, el Colegio Preuniversitario de Escobar y el Instituto Libre de Segunda Ense\u00f1anza (ILSE).<\/p>\n<p>Luego del anuncio de la suspensi\u00f3n de clases presenciales en todas las escuelas del pa\u00eds, la universidad hab\u00eda recomendado a todas sus unidades acad\u00e9micas postergar sus clases hasta el 12 de abril, lapso en el cual deber\u00edan adoptar otros formatos de ense\u00f1anza a trav\u00e9s de sus campus virtuales o cualquier otra modalidad digital.<\/p>\n<p>Sin embargo, anoche el rectorado comunic\u00f3 el corrimiento del a\u00f1o acad\u00e9mico y remarc\u00f3 que \u00abla Universidad debe garantizar acceso en condiciones de igualdad para la ense\u00f1anza a los estudiantes de todas las carreras; de todos modos las facultades, el CBC y los colegios universitarios podr\u00e1n brindar apoyo de manera virtual seg\u00fan sus propias necesidades de ense\u00f1anza\u00bb.<\/p>\n<p>El rector de la UBA, Alberto Barbieri, manifest\u00f3 hoy su agradecimiento al personal docente, no docente e investigadores \u00abpor el esfuerzo que est\u00e1n haciendo ante las nuevas condiciones por el aislamiento\u00bb, con clases virtuales y 7.500 voluntarios que se pusieron a disposici\u00f3n.<\/p>\n<p>\u00abLo m\u00e1s importante de todo esto es agradecer al personal docente, no docente, investigadores y a los m\u00e1s de 7.500 voluntarios (m\u00e9dicos recibidos, estudiantes y t\u00e9cnicos) que se pusieron a disposici\u00f3n ante las necesidades que pudieran surgir por esta epidemia de las provincias, del gobierno Nacional o el porte\u00f1o\u00bb, dijo a T\u00e9lam Barbieri.<\/p>\n<p>El Plan de Finalizaci\u00f3n de Estudios Secundarios (FinES), que ofrece a las personas mayores de 18 a\u00f1os concluir sus estudios primarios y\/o secundarios, tambi\u00e9n modificar\u00e1 sus clases por el aislamiento, anunci\u00f3 hoy la cartera educativa a trav\u00e9s de un comunicado.<\/p>\n<p>Los interesados, que puede inscribirse hasta el 30 de abril, deber\u00e1n consultar en la escuela en que cursen cu\u00e1l es la modalidad; estos establecimientos contar\u00e1n con un sistema de tutor\u00edas presencial o virtual en funci\u00f3n de la organizaci\u00f3n de cada jurisdicci\u00f3n.<\/p>\n","protected":false},"excerpt":{"rendered":"<p>El presidente Alberto Fern\u00e1ndez afirm\u00f3 hoy que las clases presenciales de nivel inicial, primario y secundario continuar\u00e1n suspendidas luego de que finalice el aislamiento social, preventivo y obligatorio el pr\u00f3ximo domingo 12, decretado para mitigar el avance del coronavirus en el pa\u00eds y remarc\u00f3 que \u00abpara recuperar el ciclo lectivo tenemos tiempo\u00bb.<\/p>\n","protected":false},"author":3,"featured_media":0,"comment_status":"closed","ping_status":"open","sticky":false,"template":"","format":"standard","meta":{"footnotes":""},"categories":[25],"tags":[],"class_list":["post-40394","post","type-post","status-publish","format-standard","hentry","category-uncategorized"],"yoast_head":"<!-- This site is optimized with the Yoast SEO plugin v25.9 - https:\/\/yoast.com\/wordpress\/plugins\/seo\/ -->\n<title>Las clases presenciales en las escuelas no comenzar\u00e1n el 13 de abril, cuando finalice cuarentena - Noticias Radio Reflejos<\/title>\n<meta name=\"robots\" content=\"index, follow, max-snippet:-1, max-image-preview:large, max-video-preview:-1\" \/>\n<link rel=\"canonical\" href=\"https:\/\/www.noticiasradioreflejos.com.ar\/2021\/las-clases-presenciales-en-las-escuelas-no-comenzaran-el-13-de-abril-cuando-finalice-cuarentena\/\" \/>\n<meta property=\"og:locale\" content=\"es_ES\" \/>\n<meta property=\"og:type\" content=\"article\" \/>\n<meta property=\"og:title\" content=\"Las clases presenciales en las escuelas no comenzar\u00e1n el 13 de abril, cuando finalice cuarentena - Noticias Radio Reflejos\" \/>\n<meta property=\"og:description\" content=\"El presidente Alberto Fern\u00e1ndez afirm\u00f3 hoy que las clases presenciales de nivel inicial, primario y secundario continuar\u00e1n suspendidas luego de que finalice el aislamiento social, preventivo y obligatorio el pr\u00f3ximo domingo 12, decretado para mitigar el avance del coronavirus en el pa\u00eds y remarc\u00f3 que \u00abpara recuperar el ciclo lectivo tenemos tiempo\u00bb.\" \/>\n<meta property=\"og:url\" content=\"https:\/\/www.noticiasradioreflejos.com.ar\/2021\/las-clases-presenciales-en-las-escuelas-no-comenzaran-el-13-de-abril-cuando-finalice-cuarentena\/\" \/>\n<meta property=\"og:site_name\" content=\"Noticias Radio Reflejos\" \/>\n<meta property=\"article:published_time\" content=\"2020-04-04T20:02:50+00:00\" \/>\n<meta property=\"og:image\" content=\"https:\/\/www.noticiasradioreflejos.com.ar\/2021\/wp-content\/uploads\/2021\/07\/logosol300x200.png\" \/>\n\t<meta property=\"og:image:width\" content=\"300\" \/>\n\t<meta property=\"og:image:height\" content=\"200\" \/>\n\t<meta property=\"og:image:type\" content=\"image\/png\" \/>\n<meta name=\"author\" content=\"Arnaldo Botto\" \/>\n<meta name=\"twitter:card\" content=\"summary_large_image\" \/>\n<script type=\"application\/ld+json\" class=\"yoast-schema-graph\">{\"@context\":\"https:\/\/schema.org\",\"@graph\":[{\"@type\":\"WebPage\",\"@id\":\"https:\/\/www.noticiasradioreflejos.com.ar\/2021\/las-clases-presenciales-en-las-escuelas-no-comenzaran-el-13-de-abril-cuando-finalice-cuarentena\/\",\"url\":\"https:\/\/www.noticiasradioreflejos.com.ar\/2021\/las-clases-presenciales-en-las-escuelas-no-comenzaran-el-13-de-abril-cuando-finalice-cuarentena\/\",\"name\":\"Las clases presenciales en las escuelas no comenzar\u00e1n el 13 de abril, cuando finalice cuarentena - Noticias Radio Reflejos\",\"isPartOf\":{\"@id\":\"https:\/\/www.noticiasradioreflejos.com.ar\/2021\/#website\"},\"datePublished\":\"2020-04-04T20:02:50+00:00\",\"author\":{\"@id\":\"https:\/\/www.noticiasradioreflejos.com.ar\/2021\/#\/schema\/person\/ad82545263dcc5ec0996818884fd5fb1\"},\"breadcrumb\":{\"@id\":\"https:\/\/www.noticiasradioreflejos.com.ar\/2021\/las-clases-presenciales-en-las-escuelas-no-comenzaran-el-13-de-abril-cuando-finalice-cuarentena\/#breadcrumb\"},\"inLanguage\":\"es\",\"potentialAction\":[{\"@type\":\"ReadAction\",\"target\":[\"https:\/\/www.noticiasradioreflejos.com.ar\/2021\/las-clases-presenciales-en-las-escuelas-no-comenzaran-el-13-de-abril-cuando-finalice-cuarentena\/\"]}]},{\"@type\":\"BreadcrumbList\",\"@id\":\"https:\/\/www.noticiasradioreflejos.com.ar\/2021\/las-clases-presenciales-en-las-escuelas-no-comenzaran-el-13-de-abril-cuando-finalice-cuarentena\/#breadcrumb\",\"itemListElement\":[{\"@type\":\"ListItem\",\"position\":1,\"name\":\"Portada\",\"item\":\"https:\/\/www.noticiasradioreflejos.com.ar\/2021\/\"},{\"@type\":\"ListItem\",\"position\":2,\"name\":\"Las clases presenciales en las escuelas no comenzar\u00e1n el 13 de abril, cuando finalice cuarentena\"}]},{\"@type\":\"WebSite\",\"@id\":\"https:\/\/www.noticiasradioreflejos.com.ar\/2021\/#website\",\"url\":\"https:\/\/www.noticiasradioreflejos.com.ar\/2021\/\",\"name\":\"Noticias Radio Reflejos\",\"description\":\"Las noticias de mi comarca\",\"potentialAction\":[{\"@type\":\"SearchAction\",\"target\":{\"@type\":\"EntryPoint\",\"urlTemplate\":\"https:\/\/www.noticiasradioreflejos.com.ar\/2021\/?s={search_term_string}\"},\"query-input\":{\"@type\":\"PropertyValueSpecification\",\"valueRequired\":true,\"valueName\":\"search_term_string\"}}],\"inLanguage\":\"es\"},{\"@type\":\"Person\",\"@id\":\"https:\/\/www.noticiasradioreflejos.com.ar\/2021\/#\/schema\/person\/ad82545263dcc5ec0996818884fd5fb1\",\"name\":\"Arnaldo Botto\",\"image\":{\"@type\":\"ImageObject\",\"inLanguage\":\"es\",\"@id\":\"https:\/\/www.noticiasradioreflejos.com.ar\/2021\/#\/schema\/person\/image\/\",\"url\":\"https:\/\/secure.gravatar.com\/avatar\/55cb5e37c1efa326397366e6974cb338056df65cb50e7d64d1cf314e87504837?s=96&d=mm&r=g\",\"contentUrl\":\"https:\/\/secure.gravatar.com\/avatar\/55cb5e37c1efa326397366e6974cb338056df65cb50e7d64d1cf314e87504837?s=96&d=mm&r=g\",\"caption\":\"Arnaldo Botto\"},\"url\":\"https:\/\/www.noticiasradioreflejos.com.ar\/2021\/author\/arnaldo\/\"}]}<\/script>\n<!-- \/ Yoast SEO plugin. -->","yoast_head_json":{"title":"Las clases presenciales en las escuelas no comenzar\u00e1n el 13 de abril, cuando finalice cuarentena - Noticias Radio Reflejos","robots":{"index":"index","follow":"follow","max-snippet":"max-snippet:-1","max-image-preview":"max-image-preview:large","max-video-preview":"max-video-preview:-1"},"canonical":"https:\/\/www.noticiasradioreflejos.com.ar\/2021\/las-clases-presenciales-en-las-escuelas-no-comenzaran-el-13-de-abril-cuando-finalice-cuarentena\/","og_locale":"es_ES","og_type":"article","og_title":"Las clases presenciales en las escuelas no comenzar\u00e1n el 13 de abril, cuando finalice cuarentena - Noticias Radio Reflejos","og_description":"El presidente Alberto Fern\u00e1ndez afirm\u00f3 hoy que las clases presenciales de nivel inicial, primario y secundario continuar\u00e1n suspendidas luego de que finalice el aislamiento social, preventivo y obligatorio el pr\u00f3ximo domingo 12, decretado para mitigar el avance del coronavirus en el pa\u00eds y remarc\u00f3 que \u00abpara recuperar el ciclo lectivo tenemos tiempo\u00bb.","og_url":"https:\/\/www.noticiasradioreflejos.com.ar\/2021\/las-clases-presenciales-en-las-escuelas-no-comenzaran-el-13-de-abril-cuando-finalice-cuarentena\/","og_site_name":"Noticias Radio Reflejos","article_published_time":"2020-04-04T20:02:50+00:00","og_image":[{"width":300,"height":200,"url":"https:\/\/www.noticiasradioreflejos.com.ar\/2021\/wp-content\/uploads\/2021\/07\/logosol300x200.png","type":"image\/png"}],"author":"Arnaldo Botto","twitter_card":"summary_large_image","schema":{"@context":"https:\/\/schema.org","@graph":[{"@type":"WebPage","@id":"https:\/\/www.noticiasradioreflejos.com.ar\/2021\/las-clases-presenciales-en-las-escuelas-no-comenzaran-el-13-de-abril-cuando-finalice-cuarentena\/","url":"https:\/\/www.noticiasradioreflejos.com.ar\/2021\/las-clases-presenciales-en-las-escuelas-no-comenzaran-el-13-de-abril-cuando-finalice-cuarentena\/","name":"Las clases presenciales en las escuelas no comenzar\u00e1n el 13 de abril, cuando finalice cuarentena - Noticias Radio Reflejos","isPartOf":{"@id":"https:\/\/www.noticiasradioreflejos.com.ar\/2021\/#website"},"datePublished":"2020-04-04T20:02:50+00:00","author":{"@id":"https:\/\/www.noticiasradioreflejos.com.ar\/2021\/#\/schema\/person\/ad82545263dcc5ec0996818884fd5fb1"},"breadcrumb":{"@id":"https:\/\/www.noticiasradioreflejos.com.ar\/2021\/las-clases-presenciales-en-las-escuelas-no-comenzaran-el-13-de-abril-cuando-finalice-cuarentena\/#breadcrumb"},"inLanguage":"es","potentialAction":[{"@type":"ReadAction","target":["https:\/\/www.noticiasradioreflejos.com.ar\/2021\/las-clases-presenciales-en-las-escuelas-no-comenzaran-el-13-de-abril-cuando-finalice-cuarentena\/"]}]},{"@type":"BreadcrumbList","@id":"https:\/\/www.noticiasradioreflejos.com.ar\/2021\/las-clases-presenciales-en-las-escuelas-no-comenzaran-el-13-de-abril-cuando-finalice-cuarentena\/#breadcrumb","itemListElement":[{"@type":"ListItem","position":1,"name":"Portada","item":"https:\/\/www.noticiasradioreflejos.com.ar\/2021\/"},{"@type":"ListItem","position":2,"name":"Las clases presenciales en las escuelas no comenzar\u00e1n el 13 de abril, cuando finalice cuarentena"}]},{"@type":"WebSite","@id":"https:\/\/www.noticiasradioreflejos.com.ar\/2021\/#website","url":"https:\/\/www.noticiasradioreflejos.com.ar\/2021\/","name":"Noticias Radio Reflejos","description":"Las noticias de mi comarca","potentialAction":[{"@type":"SearchAction","target":{"@type":"EntryPoint","urlTemplate":"https:\/\/www.noticiasradioreflejos.com.ar\/2021\/?s={search_term_string}"},"query-input":{"@type":"PropertyValueSpecification","valueRequired":true,"valueName":"search_term_string"}}],"inLanguage":"es"},{"@type":"Person","@id":"https:\/\/www.noticiasradioreflejos.com.ar\/2021\/#\/schema\/person\/ad82545263dcc5ec0996818884fd5fb1","name":"Arnaldo Botto","image":{"@type":"ImageObject","inLanguage":"es","@id":"https:\/\/www.noticiasradioreflejos.com.ar\/2021\/#\/schema\/person\/image\/","url":"https:\/\/secure.gravatar.com\/avatar\/55cb5e37c1efa326397366e6974cb338056df65cb50e7d64d1cf314e87504837?s=96&d=mm&r=g","contentUrl":"https:\/\/secure.gravatar.com\/avatar\/55cb5e37c1efa326397366e6974cb338056df65cb50e7d64d1cf314e87504837?s=96&d=mm&r=g","caption":"Arnaldo Botto"},"url":"https:\/\/www.noticiasradioreflejos.com.ar\/2021\/author\/arnaldo\/"}]}},"_links":{"self":[{"href":"https:\/\/www.noticiasradioreflejos.com.ar\/2021\/wp-json\/wp\/v2\/posts\/40394","targetHints":{"allow":["GET"]}}],"collection":[{"href":"https:\/\/www.noticiasradioreflejos.com.ar\/2021\/wp-json\/wp\/v2\/posts"}],"about":[{"href":"https:\/\/www.noticiasradioreflejos.com.ar\/2021\/wp-json\/wp\/v2\/types\/post"}],"author":[{"embeddable":true,"href":"https:\/\/www.noticiasradioreflejos.com.ar\/2021\/wp-json\/wp\/v2\/users\/3"}],"replies":[{"embeddable":true,"href":"https:\/\/www.noticiasradioreflejos.com.ar\/2021\/wp-json\/wp\/v2\/comments?post=40394"}],"version-history":[{"count":0,"href":"https:\/\/www.noticiasradioreflejos.com.ar\/2021\/wp-json\/wp\/v2\/posts\/40394\/revisions"}],"wp:attachment":[{"href":"https:\/\/www.noticiasradioreflejos.com.ar\/2021\/wp-json\/wp\/v2\/media?parent=40394"}],"wp:term":[{"taxonomy":"category","embeddable":true,"href":"https:\/\/www.noticiasradioreflejos.com.ar\/2021\/wp-json\/wp\/v2\/categories?post=40394"},{"taxonomy":"post_tag","embeddable":true,"href":"https:\/\/www.noticiasradioreflejos.com.ar\/2021\/wp-json\/wp\/v2\/tags?post=40394"}],"curies":[{"name":"wp","href":"https:\/\/api.w.org\/{rel}","templated":true}]}}