{"id":40367,"date":"2020-04-03T11:56:23","date_gmt":"2020-04-03T14:56:23","guid":{"rendered":"http:\/\/www.noticiasradioreflejos.com.ar\/noticias\/?p=40367"},"modified":"2020-04-03T11:56:23","modified_gmt":"2020-04-03T14:56:23","slug":"los-medicos-y-el-covid-19-comunicado-de-prensa","status":"publish","type":"post","link":"https:\/\/www.noticiasradioreflejos.com.ar\/2021\/los-medicos-y-el-covid-19-comunicado-de-prensa\/","title":{"rendered":"Los m\u00e9dicos y el Covid-19 &#8211; Comunicado de prensa."},"content":{"rendered":"<p>El presidente de la Federaci\u00f3n M\u00e9dica de la provincia de Buenos Aires (FEMEBA), doctor Guillermo Cobi\u00e1n, expres\u00f3 que \u201cmientras atravesamos la mayor pandemia que haya sufrido la humanidad en los dos \u00faltimos siglos, una vez m\u00e1s somos convocados para salvar la vida de las personas\u201d.<!--more--><br \/>\nOpin\u00f3 que \u201cel miedo hace aflorar las mayores miserias humanas, y convierte en adoradores y devotos nuestros, a los mismos que cuestionan nuestros diagn\u00f3sticos, nos agreden f\u00edsica y verbalmente o nos amenazan de muerte cuando no les gusta el diagn\u00f3stico o cuando nuestra ciencia no alcanz\u00f3 para salvar una vida; los mismos que suponen que nuestra vocaci\u00f3n es suficiente para alimentar a nuestras familias, y se reh\u00fasan a pagar un honorario digno\u201d.<br \/>\nSubrayo que \u201clos mismos medios que nos vituperan y se regocijan masacrando nuestra figura ante un caso de mala praxis, ahora enaltecen nuestra figura y nos tildan de h\u00e9roes\u201d.<br \/>\n\u201cLas mismas obras sociales y entidades de medicina prepaga que nos pagan honorarios miserables y privilegian el gasto en otros \u00edtems, son las que ahora nos niegan la posibilidad de facturar consultas virtuales de seguimiento o insumos para protegernos\u201d, indic\u00f3.<br \/>\nEn el mismo sentido, expres\u00f3 su preocupaci\u00f3n de que los m\u00e9dicos deban afrontar esta batalla con un sistema sanitario endeble, con deficiente infraestructura, carencia de insumos, y escasos centros de salud con el equipamiento indispensable para afrontar la pandemia.<br \/>\nJuzg\u00f3 que \u201clos m\u00e9dicos est\u00e1n en la trinchera, intentando salvar la mayor cantidad de vidas posibles, pero con el temor a que los manden a luchar con un enemigo temible, absolutamente desprotegidos, sin equipamiento de protecci\u00f3n personal, sin m\u00e1scaras, sin gafas de protecci\u00f3n ocular, sin apoyo\u201d.<br \/>\n\u201cEscuchamos relatos de nuestros colegas acerca no solo de la insuficiencia de elementos de protecci\u00f3n, sino tambi\u00e9n de la calidad de los mismos, lo que no solo los hace in\u00fatiles, sino que aumenta el riesgo de quien crey\u00e9ndose protegido, se expone al contagio inconscientemente\u201d, remarc\u00f3 Cobi\u00e1n.<br \/>\nEl presidente de FEMEBA expres\u00f3 que habitualmente los m\u00e9dicos desarrollan su tarea en hospitales y centros de salud en p\u00e9simas condiciones edilicias, sin insumos y con salarios paup\u00e9rrimos, que no son acordes con la trascendencia de nuestra profesi\u00f3n ni con el trabajo que desarrollamos.<br \/>\nDijo que \u201ces angustiante ver como mueren infectados los colegas de otros puntos del orbe, y ver a colegas amigos que se debaten entre la vida y la muerte en este y en otros pa\u00edses. Nos preocupa observar como miembros del equipo de salud se quitan la vida agobiados por el peso de la pandemia, angustiados, asustados, extenuados, sin esperanza\u201d.<br \/>\nAfirm\u00f3 que durante a\u00f1os los m\u00e9dicos se preparan para afrontar desaf\u00edos como el que nos toca asumir hoy, y lo hacen con vocaci\u00f3n y orgullosos de nuestra profesi\u00f3n, pero quieren hacerlo sin miedo a morir en el ejercicio de su vocaci\u00f3n.<br \/>\nFinalmente reflexion\u00f3 sobre \u201cqu\u00e9 pasar\u00eda si los m\u00e9dicos realizaran un paro ahora, para exigir medidas de protecci\u00f3n laboral, horas de descanso, mejores ingresos, y disminuci\u00f3n de aportes, entre otras cosas, aprovechando este contexto, tal como hacen los camioneros, los pilotos de avi\u00f3n, o los trabajadores del subte por ejemplo, y opin\u00f3 que por suerte, la vocaci\u00f3n hace que la diferencia sea abismal y que dejar de atender a la gente ser\u00eda como abandonarla a su suerte, y aun conociendo el riesgo que se corre y sin olvidarnos de las injusticias que sufrimos, nunca los dejar\u00edamos solos\u201d.<br \/>\nAsegur\u00f3 que \u201cquienes dedicamos m\u00e1s de 10 a\u00f1os a nuestra formaci\u00f3n, nos vemos obligados al pluriempleo para poder sumar a fin de mes, un ingreso digno. Estamos privados de derechos que para otros trabajadores son naturales, aun cuando en su tarea no est\u00e1 en juego la salud y la vida de las personas, ni han dedicado m\u00e1s de una d\u00e9cada a su formaci\u00f3n profesional\u201d.<br \/>\n\u201cMientras vemos como se compensa a otros grupos sociales, muchos de nosotros nos vemos obligados a seguir abonando sueldos a t\u00e9cnicos y administrativos, sin tener ninguna compensaci\u00f3n, ni eximici\u00f3n de impuestos. Nuestros ingresos se reducen a cero y a pesar de estar en la primera l\u00ednea de batalla exponi\u00e9ndonos a la muerte para salvar la de los dem\u00e1s, no somos tenidos en cuenta\u201d, a\u00f1adi\u00f3.<br \/>\nEn otro tramo, el presidente de FEMEBA afirmo que \u201ccompartimos nuestros miedos con el resto de los profesionales de la salud, y exigimos para ellos la misma protecci\u00f3n y el mismo cuidado que estamos pidiendo para nosotros\u201d.<br \/>\n\u201cDesde el principio, nos hemos ofrecido y puesto a disposici\u00f3n de las autoridades sanitarias nacionales y provinciales, no solo para colaborar en la asistencia de pacientes afectados por el virus, sino tambi\u00e9n para facilitar nuestra red de comunicaci\u00f3n, y nuestro aporte cient\u00edfico\u201d, dijo.<br \/>\nY agreg\u00f3: \u201cHemos pedido a las Obras Sociales y sistemas de medicina prepaga que, en este momento en que no podemos trabajar de forma habitual, nos compense por tantos a\u00f1os de maltrato y honorarios paup\u00e9rrimos, y que permita nuestra subsistencia abonando una suma que compense en parte nuestro trabajo habitual, que ahora estamos imposibilitados de realizar abocados a la lucha con el Covid-19\u201d.<br \/>\nQue adem\u00e1s \u201chemos solicitado a las Obras Sociales y sistemas de medicina prepaga que nos permitan facturar consultas realizadas en forma virtual, a pacientes que requieren de seguimiento y que ya han sido asistidos por nosotros como as\u00ed tambi\u00e9n a las Obras Sociales y sistemas de medicina prepaga la provisi\u00f3n de material de protecci\u00f3n para la atenci\u00f3n de sus beneficiarios, o de los recursos para afrontar su compra\u201d<br \/>\nDe igual modo, solicitamos \u201ca la AFIP y los poderes p\u00fablicos nacionales y provinciales que se nos exima del pago de todos los impuestos referidos a nuestra tarea profesional\u201d.<br \/>\nTambi\u00e9n solicitamos que \u201cse nos provea de equipamiento suficiente y de buena calidad, para protegernos mientras intentamos salvar la vida de otros argentinos\u201d.<br \/>\n\u201cHasta ahora solo hemos obtenido silencio como respuesta a nuestros ofrecimientos y nuestros reclamos. No necesitamos aplausos; necesitamos que nos cuiden para poder cuidarlos\u201d, concluy\u00f3.<\/p>\n<p>Dr. Guillermo Ra\u00fal Cobi\u00e1n<br \/>\nPresidente<br \/>\nFEMEBA<br \/>\n011-15-69441856<\/p>\n","protected":false},"excerpt":{"rendered":"<p>El presidente de la Federaci\u00f3n M\u00e9dica de la provincia de Buenos Aires (FEMEBA), doctor Guillermo Cobi\u00e1n, expres\u00f3 que \u201cmientras atravesamos la mayor pandemia que haya sufrido la humanidad en los dos \u00faltimos siglos, una vez m\u00e1s somos convocados para salvar la vida de las personas\u201d.<\/p>\n","protected":false},"author":3,"featured_media":4420,"comment_status":"closed","ping_status":"open","sticky":false,"template":"","format":"standard","meta":{"footnotes":""},"categories":[30],"tags":[],"class_list":["post-40367","post","type-post","status-publish","format-standard","has-post-thumbnail","hentry","category-salud"],"yoast_head":"<!-- This site is optimized with the Yoast SEO plugin v25.9 - https:\/\/yoast.com\/wordpress\/plugins\/seo\/ -->\n<title>Los m\u00e9dicos y el Covid-19 - Comunicado de prensa. - Noticias Radio Reflejos<\/title>\n<meta name=\"robots\" content=\"index, follow, max-snippet:-1, max-image-preview:large, max-video-preview:-1\" \/>\n<link rel=\"canonical\" href=\"https:\/\/www.noticiasradioreflejos.com.ar\/2021\/los-medicos-y-el-covid-19-comunicado-de-prensa\/\" \/>\n<meta property=\"og:locale\" content=\"es_ES\" \/>\n<meta property=\"og:type\" content=\"article\" \/>\n<meta property=\"og:title\" content=\"Los m\u00e9dicos y el Covid-19 - Comunicado de prensa. - Noticias Radio Reflejos\" \/>\n<meta property=\"og:description\" content=\"El presidente de la Federaci\u00f3n M\u00e9dica de la provincia de Buenos Aires (FEMEBA), doctor Guillermo Cobi\u00e1n, expres\u00f3 que \u201cmientras atravesamos la mayor pandemia que haya sufrido la humanidad en los dos \u00faltimos siglos, una vez m\u00e1s somos convocados para salvar la vida de las personas\u201d.\" \/>\n<meta property=\"og:url\" content=\"https:\/\/www.noticiasradioreflejos.com.ar\/2021\/los-medicos-y-el-covid-19-comunicado-de-prensa\/\" \/>\n<meta property=\"og:site_name\" content=\"Noticias Radio Reflejos\" \/>\n<meta property=\"article:published_time\" content=\"2020-04-03T14:56:23+00:00\" \/>\n<meta property=\"og:image\" content=\"https:\/\/www.noticiasradioreflejos.com.ar\/2021\/wp-content\/uploads\/2016\/12\/Hoy-es-dia-del-medico-dominicano.jpg\" \/>\n\t<meta property=\"og:image:width\" content=\"600\" \/>\n\t<meta property=\"og:image:height\" content=\"339\" \/>\n\t<meta property=\"og:image:type\" content=\"image\/jpeg\" \/>\n<meta name=\"author\" content=\"Arnaldo Botto\" \/>\n<meta name=\"twitter:card\" content=\"summary_large_image\" \/>\n<script type=\"application\/ld+json\" class=\"yoast-schema-graph\">{\"@context\":\"https:\/\/schema.org\",\"@graph\":[{\"@type\":\"WebPage\",\"@id\":\"https:\/\/www.noticiasradioreflejos.com.ar\/2021\/los-medicos-y-el-covid-19-comunicado-de-prensa\/\",\"url\":\"https:\/\/www.noticiasradioreflejos.com.ar\/2021\/los-medicos-y-el-covid-19-comunicado-de-prensa\/\",\"name\":\"Los m\u00e9dicos y el Covid-19 - Comunicado de prensa. - Noticias Radio Reflejos\",\"isPartOf\":{\"@id\":\"https:\/\/www.noticiasradioreflejos.com.ar\/2021\/#website\"},\"primaryImageOfPage\":{\"@id\":\"https:\/\/www.noticiasradioreflejos.com.ar\/2021\/los-medicos-y-el-covid-19-comunicado-de-prensa\/#primaryimage\"},\"image\":{\"@id\":\"https:\/\/www.noticiasradioreflejos.com.ar\/2021\/los-medicos-y-el-covid-19-comunicado-de-prensa\/#primaryimage\"},\"thumbnailUrl\":\"https:\/\/www.noticiasradioreflejos.com.ar\/2021\/wp-content\/uploads\/2016\/12\/Hoy-es-dia-del-medico-dominicano.jpg\",\"datePublished\":\"2020-04-03T14:56:23+00:00\",\"author\":{\"@id\":\"https:\/\/www.noticiasradioreflejos.com.ar\/2021\/#\/schema\/person\/ad82545263dcc5ec0996818884fd5fb1\"},\"breadcrumb\":{\"@id\":\"https:\/\/www.noticiasradioreflejos.com.ar\/2021\/los-medicos-y-el-covid-19-comunicado-de-prensa\/#breadcrumb\"},\"inLanguage\":\"es\",\"potentialAction\":[{\"@type\":\"ReadAction\",\"target\":[\"https:\/\/www.noticiasradioreflejos.com.ar\/2021\/los-medicos-y-el-covid-19-comunicado-de-prensa\/\"]}]},{\"@type\":\"ImageObject\",\"inLanguage\":\"es\",\"@id\":\"https:\/\/www.noticiasradioreflejos.com.ar\/2021\/los-medicos-y-el-covid-19-comunicado-de-prensa\/#primaryimage\",\"url\":\"https:\/\/www.noticiasradioreflejos.com.ar\/2021\/wp-content\/uploads\/2016\/12\/Hoy-es-dia-del-medico-dominicano.jpg\",\"contentUrl\":\"https:\/\/www.noticiasradioreflejos.com.ar\/2021\/wp-content\/uploads\/2016\/12\/Hoy-es-dia-del-medico-dominicano.jpg\",\"width\":600,\"height\":339},{\"@type\":\"BreadcrumbList\",\"@id\":\"https:\/\/www.noticiasradioreflejos.com.ar\/2021\/los-medicos-y-el-covid-19-comunicado-de-prensa\/#breadcrumb\",\"itemListElement\":[{\"@type\":\"ListItem\",\"position\":1,\"name\":\"Portada\",\"item\":\"https:\/\/www.noticiasradioreflejos.com.ar\/2021\/\"},{\"@type\":\"ListItem\",\"position\":2,\"name\":\"Los m\u00e9dicos y el Covid-19 &#8211; Comunicado de prensa.\"}]},{\"@type\":\"WebSite\",\"@id\":\"https:\/\/www.noticiasradioreflejos.com.ar\/2021\/#website\",\"url\":\"https:\/\/www.noticiasradioreflejos.com.ar\/2021\/\",\"name\":\"Noticias Radio Reflejos\",\"description\":\"Las noticias de mi comarca\",\"potentialAction\":[{\"@type\":\"SearchAction\",\"target\":{\"@type\":\"EntryPoint\",\"urlTemplate\":\"https:\/\/www.noticiasradioreflejos.com.ar\/2021\/?s={search_term_string}\"},\"query-input\":{\"@type\":\"PropertyValueSpecification\",\"valueRequired\":true,\"valueName\":\"search_term_string\"}}],\"inLanguage\":\"es\"},{\"@type\":\"Person\",\"@id\":\"https:\/\/www.noticiasradioreflejos.com.ar\/2021\/#\/schema\/person\/ad82545263dcc5ec0996818884fd5fb1\",\"name\":\"Arnaldo Botto\",\"image\":{\"@type\":\"ImageObject\",\"inLanguage\":\"es\",\"@id\":\"https:\/\/www.noticiasradioreflejos.com.ar\/2021\/#\/schema\/person\/image\/\",\"url\":\"https:\/\/secure.gravatar.com\/avatar\/55cb5e37c1efa326397366e6974cb338056df65cb50e7d64d1cf314e87504837?s=96&d=mm&r=g\",\"contentUrl\":\"https:\/\/secure.gravatar.com\/avatar\/55cb5e37c1efa326397366e6974cb338056df65cb50e7d64d1cf314e87504837?s=96&d=mm&r=g\",\"caption\":\"Arnaldo Botto\"},\"url\":\"https:\/\/www.noticiasradioreflejos.com.ar\/2021\/author\/arnaldo\/\"}]}<\/script>\n<!-- \/ Yoast SEO plugin. -->","yoast_head_json":{"title":"Los m\u00e9dicos y el Covid-19 - Comunicado de prensa. - Noticias Radio Reflejos","robots":{"index":"index","follow":"follow","max-snippet":"max-snippet:-1","max-image-preview":"max-image-preview:large","max-video-preview":"max-video-preview:-1"},"canonical":"https:\/\/www.noticiasradioreflejos.com.ar\/2021\/los-medicos-y-el-covid-19-comunicado-de-prensa\/","og_locale":"es_ES","og_type":"article","og_title":"Los m\u00e9dicos y el Covid-19 - Comunicado de prensa. - Noticias Radio Reflejos","og_description":"El presidente de la Federaci\u00f3n M\u00e9dica de la provincia de Buenos Aires (FEMEBA), doctor Guillermo Cobi\u00e1n, expres\u00f3 que \u201cmientras atravesamos la mayor pandemia que haya sufrido la humanidad en los dos \u00faltimos siglos, una vez m\u00e1s somos convocados para salvar la vida de las personas\u201d.","og_url":"https:\/\/www.noticiasradioreflejos.com.ar\/2021\/los-medicos-y-el-covid-19-comunicado-de-prensa\/","og_site_name":"Noticias Radio Reflejos","article_published_time":"2020-04-03T14:56:23+00:00","og_image":[{"width":600,"height":339,"url":"https:\/\/www.noticiasradioreflejos.com.ar\/2021\/wp-content\/uploads\/2016\/12\/Hoy-es-dia-del-medico-dominicano.jpg","type":"image\/jpeg"}],"author":"Arnaldo Botto","twitter_card":"summary_large_image","schema":{"@context":"https:\/\/schema.org","@graph":[{"@type":"WebPage","@id":"https:\/\/www.noticiasradioreflejos.com.ar\/2021\/los-medicos-y-el-covid-19-comunicado-de-prensa\/","url":"https:\/\/www.noticiasradioreflejos.com.ar\/2021\/los-medicos-y-el-covid-19-comunicado-de-prensa\/","name":"Los m\u00e9dicos y el Covid-19 - Comunicado de prensa. - Noticias Radio Reflejos","isPartOf":{"@id":"https:\/\/www.noticiasradioreflejos.com.ar\/2021\/#website"},"primaryImageOfPage":{"@id":"https:\/\/www.noticiasradioreflejos.com.ar\/2021\/los-medicos-y-el-covid-19-comunicado-de-prensa\/#primaryimage"},"image":{"@id":"https:\/\/www.noticiasradioreflejos.com.ar\/2021\/los-medicos-y-el-covid-19-comunicado-de-prensa\/#primaryimage"},"thumbnailUrl":"https:\/\/www.noticiasradioreflejos.com.ar\/2021\/wp-content\/uploads\/2016\/12\/Hoy-es-dia-del-medico-dominicano.jpg","datePublished":"2020-04-03T14:56:23+00:00","author":{"@id":"https:\/\/www.noticiasradioreflejos.com.ar\/2021\/#\/schema\/person\/ad82545263dcc5ec0996818884fd5fb1"},"breadcrumb":{"@id":"https:\/\/www.noticiasradioreflejos.com.ar\/2021\/los-medicos-y-el-covid-19-comunicado-de-prensa\/#breadcrumb"},"inLanguage":"es","potentialAction":[{"@type":"ReadAction","target":["https:\/\/www.noticiasradioreflejos.com.ar\/2021\/los-medicos-y-el-covid-19-comunicado-de-prensa\/"]}]},{"@type":"ImageObject","inLanguage":"es","@id":"https:\/\/www.noticiasradioreflejos.com.ar\/2021\/los-medicos-y-el-covid-19-comunicado-de-prensa\/#primaryimage","url":"https:\/\/www.noticiasradioreflejos.com.ar\/2021\/wp-content\/uploads\/2016\/12\/Hoy-es-dia-del-medico-dominicano.jpg","contentUrl":"https:\/\/www.noticiasradioreflejos.com.ar\/2021\/wp-content\/uploads\/2016\/12\/Hoy-es-dia-del-medico-dominicano.jpg","width":600,"height":339},{"@type":"BreadcrumbList","@id":"https:\/\/www.noticiasradioreflejos.com.ar\/2021\/los-medicos-y-el-covid-19-comunicado-de-prensa\/#breadcrumb","itemListElement":[{"@type":"ListItem","position":1,"name":"Portada","item":"https:\/\/www.noticiasradioreflejos.com.ar\/2021\/"},{"@type":"ListItem","position":2,"name":"Los m\u00e9dicos y el Covid-19 &#8211; Comunicado de prensa."}]},{"@type":"WebSite","@id":"https:\/\/www.noticiasradioreflejos.com.ar\/2021\/#website","url":"https:\/\/www.noticiasradioreflejos.com.ar\/2021\/","name":"Noticias Radio Reflejos","description":"Las noticias de mi comarca","potentialAction":[{"@type":"SearchAction","target":{"@type":"EntryPoint","urlTemplate":"https:\/\/www.noticiasradioreflejos.com.ar\/2021\/?s={search_term_string}"},"query-input":{"@type":"PropertyValueSpecification","valueRequired":true,"valueName":"search_term_string"}}],"inLanguage":"es"},{"@type":"Person","@id":"https:\/\/www.noticiasradioreflejos.com.ar\/2021\/#\/schema\/person\/ad82545263dcc5ec0996818884fd5fb1","name":"Arnaldo Botto","image":{"@type":"ImageObject","inLanguage":"es","@id":"https:\/\/www.noticiasradioreflejos.com.ar\/2021\/#\/schema\/person\/image\/","url":"https:\/\/secure.gravatar.com\/avatar\/55cb5e37c1efa326397366e6974cb338056df65cb50e7d64d1cf314e87504837?s=96&d=mm&r=g","contentUrl":"https:\/\/secure.gravatar.com\/avatar\/55cb5e37c1efa326397366e6974cb338056df65cb50e7d64d1cf314e87504837?s=96&d=mm&r=g","caption":"Arnaldo Botto"},"url":"https:\/\/www.noticiasradioreflejos.com.ar\/2021\/author\/arnaldo\/"}]}},"_links":{"self":[{"href":"https:\/\/www.noticiasradioreflejos.com.ar\/2021\/wp-json\/wp\/v2\/posts\/40367","targetHints":{"allow":["GET"]}}],"collection":[{"href":"https:\/\/www.noticiasradioreflejos.com.ar\/2021\/wp-json\/wp\/v2\/posts"}],"about":[{"href":"https:\/\/www.noticiasradioreflejos.com.ar\/2021\/wp-json\/wp\/v2\/types\/post"}],"author":[{"embeddable":true,"href":"https:\/\/www.noticiasradioreflejos.com.ar\/2021\/wp-json\/wp\/v2\/users\/3"}],"replies":[{"embeddable":true,"href":"https:\/\/www.noticiasradioreflejos.com.ar\/2021\/wp-json\/wp\/v2\/comments?post=40367"}],"version-history":[{"count":0,"href":"https:\/\/www.noticiasradioreflejos.com.ar\/2021\/wp-json\/wp\/v2\/posts\/40367\/revisions"}],"wp:featuredmedia":[{"embeddable":true,"href":"https:\/\/www.noticiasradioreflejos.com.ar\/2021\/wp-json\/wp\/v2\/media\/4420"}],"wp:attachment":[{"href":"https:\/\/www.noticiasradioreflejos.com.ar\/2021\/wp-json\/wp\/v2\/media?parent=40367"}],"wp:term":[{"taxonomy":"category","embeddable":true,"href":"https:\/\/www.noticiasradioreflejos.com.ar\/2021\/wp-json\/wp\/v2\/categories?post=40367"},{"taxonomy":"post_tag","embeddable":true,"href":"https:\/\/www.noticiasradioreflejos.com.ar\/2021\/wp-json\/wp\/v2\/tags?post=40367"}],"curies":[{"name":"wp","href":"https:\/\/api.w.org\/{rel}","templated":true}]}}