{"id":4035,"date":"2016-11-23T23:21:42","date_gmt":"2016-11-23T23:21:42","guid":{"rendered":"http:\/\/noticiasradioreflejos.com.ar\/noticias\/?p=4035"},"modified":"2016-11-23T23:21:42","modified_gmt":"2016-11-23T23:21:42","slug":"por-fracaso-de-gestion-provincial-vidal-va-por-municipalizacion-de-los-comedores-escolares","status":"publish","type":"post","link":"https:\/\/www.noticiasradioreflejos.com.ar\/2021\/por-fracaso-de-gestion-provincial-vidal-va-por-municipalizacion-de-los-comedores-escolares\/","title":{"rendered":"Por fracaso de gesti\u00f3n provincial, Vidal va por Municipalizaci\u00f3n de los comedores escolares"},"content":{"rendered":"<p>Frente a las declaraciones efectuadas en el d\u00eda de hoy por la Gobernadora Vidal respecto a la municipalizaci\u00f3n de los Comedores Escolares, El SUTEBA se pronuncia:<!--more--> Existe una decisi\u00f3n pol\u00edtica del Estado Provincial de desresponsabilizarse del funcionamiento de los Comedores Escolares, a los que concurren m\u00e1s de un mill\u00f3n de estudiantes. Las pol\u00edticas educativas que implementa el actual gobierno provincial avanzan hacia la municipalizaci\u00f3n de los servicios educativos, pr\u00e1ctica neoliberal, que en los 90 era la antesala de la privatizaci\u00f3n. Si la cuesti\u00f3n alimentaria \u201cqueda librada a los presupuestos municipales, habr\u00e1 una diferenciaci\u00f3n marcada entre municipios m\u00e1s grandes, que pueden afrontar el gasto con recursos propios, y otros chicos a los que se les complicar\u00e1 asegurar el esquema de funcionamiento\u201d.<br \/>\nEs preocupante que el Estado provincial transfiera a los municipios responsabilidades de dos Ministerios: el de Desarrollo Social y la Direcci\u00f3n General de Escuelas. Esta decisi\u00f3n habla del fracaso de la gesti\u00f3n provincial. El Gobierno de Vidal argumenta su pol\u00edtica en base a una \u201cacci\u00f3n de eficiencia\u201d presupuestaria y de gesti\u00f3n, sin observar que en los comedores escolares \u201csiguen pendientes varias problem\u00e1ticas\u201d, por ejemplo, \u201cla desactualizaci\u00f3n de los $12 que se destinan por plato de comida y la falta de respuestas a los pedidos de incrementos de cupos\u201d<br \/>\nEL DE VIDAL ES UN GOBIERNO QUE NO ESCUCHA NI SE HACE CARGO, LOS MUNICIPIOS NO SON QUIENES DEBEN GARANTIZAR EL SERVICIO ALIMENTARIO ESCOLAR, ESA ES UNA RESPONSABILIDAD DEL GOBIERNO PROVINCIAL! *Consejo Ejecutivo Provincial* *SUTEBA-CTA*<\/p>\n","protected":false},"excerpt":{"rendered":"<p>Frente a las declaraciones efectuadas en el d\u00eda de hoy por la Gobernadora Vidal respecto a la municipalizaci\u00f3n de los Comedores Escolares, El SUTEBA se pronuncia:<\/p>\n","protected":false},"author":3,"featured_media":0,"comment_status":"closed","ping_status":"open","sticky":false,"template":"","format":"standard","meta":{"footnotes":""},"categories":[24],"tags":[],"class_list":["post-4035","post","type-post","status-publish","format-standard","hentry","category-politica"],"yoast_head":"<!-- This site is optimized with the Yoast SEO plugin v25.9 - https:\/\/yoast.com\/wordpress\/plugins\/seo\/ -->\n<title>Por fracaso de gesti\u00f3n provincial, Vidal va por Municipalizaci\u00f3n de los comedores escolares - Noticias Radio Reflejos<\/title>\n<meta name=\"robots\" content=\"index, follow, max-snippet:-1, max-image-preview:large, max-video-preview:-1\" \/>\n<link rel=\"canonical\" href=\"https:\/\/www.noticiasradioreflejos.com.ar\/2021\/por-fracaso-de-gestion-provincial-vidal-va-por-municipalizacion-de-los-comedores-escolares\/\" \/>\n<meta property=\"og:locale\" content=\"es_ES\" \/>\n<meta property=\"og:type\" content=\"article\" \/>\n<meta property=\"og:title\" content=\"Por fracaso de gesti\u00f3n provincial, Vidal va por Municipalizaci\u00f3n de los comedores escolares - Noticias Radio Reflejos\" \/>\n<meta property=\"og:description\" content=\"Frente a las declaraciones efectuadas en el d\u00eda de hoy por la Gobernadora Vidal respecto a la municipalizaci\u00f3n de los Comedores Escolares, El SUTEBA se pronuncia:\" \/>\n<meta property=\"og:url\" content=\"https:\/\/www.noticiasradioreflejos.com.ar\/2021\/por-fracaso-de-gestion-provincial-vidal-va-por-municipalizacion-de-los-comedores-escolares\/\" \/>\n<meta property=\"og:site_name\" content=\"Noticias Radio Reflejos\" \/>\n<meta property=\"article:published_time\" content=\"2016-11-23T23:21:42+00:00\" \/>\n<meta property=\"og:image\" content=\"https:\/\/www.noticiasradioreflejos.com.ar\/2021\/wp-content\/uploads\/2021\/07\/logosol300x200.png\" \/>\n\t<meta property=\"og:image:width\" content=\"300\" \/>\n\t<meta property=\"og:image:height\" content=\"200\" \/>\n\t<meta property=\"og:image:type\" content=\"image\/png\" \/>\n<meta name=\"author\" content=\"Arnaldo Botto\" \/>\n<meta name=\"twitter:card\" content=\"summary_large_image\" \/>\n<script type=\"application\/ld+json\" class=\"yoast-schema-graph\">{\"@context\":\"https:\/\/schema.org\",\"@graph\":[{\"@type\":\"WebPage\",\"@id\":\"https:\/\/www.noticiasradioreflejos.com.ar\/2021\/por-fracaso-de-gestion-provincial-vidal-va-por-municipalizacion-de-los-comedores-escolares\/\",\"url\":\"https:\/\/www.noticiasradioreflejos.com.ar\/2021\/por-fracaso-de-gestion-provincial-vidal-va-por-municipalizacion-de-los-comedores-escolares\/\",\"name\":\"Por fracaso de gesti\u00f3n provincial, Vidal va por Municipalizaci\u00f3n de los comedores escolares - Noticias Radio Reflejos\",\"isPartOf\":{\"@id\":\"https:\/\/www.noticiasradioreflejos.com.ar\/2021\/#website\"},\"datePublished\":\"2016-11-23T23:21:42+00:00\",\"author\":{\"@id\":\"https:\/\/www.noticiasradioreflejos.com.ar\/2021\/#\/schema\/person\/ad82545263dcc5ec0996818884fd5fb1\"},\"breadcrumb\":{\"@id\":\"https:\/\/www.noticiasradioreflejos.com.ar\/2021\/por-fracaso-de-gestion-provincial-vidal-va-por-municipalizacion-de-los-comedores-escolares\/#breadcrumb\"},\"inLanguage\":\"es\",\"potentialAction\":[{\"@type\":\"ReadAction\",\"target\":[\"https:\/\/www.noticiasradioreflejos.com.ar\/2021\/por-fracaso-de-gestion-provincial-vidal-va-por-municipalizacion-de-los-comedores-escolares\/\"]}]},{\"@type\":\"BreadcrumbList\",\"@id\":\"https:\/\/www.noticiasradioreflejos.com.ar\/2021\/por-fracaso-de-gestion-provincial-vidal-va-por-municipalizacion-de-los-comedores-escolares\/#breadcrumb\",\"itemListElement\":[{\"@type\":\"ListItem\",\"position\":1,\"name\":\"Portada\",\"item\":\"https:\/\/www.noticiasradioreflejos.com.ar\/2021\/\"},{\"@type\":\"ListItem\",\"position\":2,\"name\":\"Por fracaso de gesti\u00f3n provincial, Vidal va por Municipalizaci\u00f3n de los comedores escolares\"}]},{\"@type\":\"WebSite\",\"@id\":\"https:\/\/www.noticiasradioreflejos.com.ar\/2021\/#website\",\"url\":\"https:\/\/www.noticiasradioreflejos.com.ar\/2021\/\",\"name\":\"Noticias Radio Reflejos\",\"description\":\"Las noticias de mi comarca\",\"potentialAction\":[{\"@type\":\"SearchAction\",\"target\":{\"@type\":\"EntryPoint\",\"urlTemplate\":\"https:\/\/www.noticiasradioreflejos.com.ar\/2021\/?s={search_term_string}\"},\"query-input\":{\"@type\":\"PropertyValueSpecification\",\"valueRequired\":true,\"valueName\":\"search_term_string\"}}],\"inLanguage\":\"es\"},{\"@type\":\"Person\",\"@id\":\"https:\/\/www.noticiasradioreflejos.com.ar\/2021\/#\/schema\/person\/ad82545263dcc5ec0996818884fd5fb1\",\"name\":\"Arnaldo Botto\",\"image\":{\"@type\":\"ImageObject\",\"inLanguage\":\"es\",\"@id\":\"https:\/\/www.noticiasradioreflejos.com.ar\/2021\/#\/schema\/person\/image\/\",\"url\":\"https:\/\/secure.gravatar.com\/avatar\/55cb5e37c1efa326397366e6974cb338056df65cb50e7d64d1cf314e87504837?s=96&d=mm&r=g\",\"contentUrl\":\"https:\/\/secure.gravatar.com\/avatar\/55cb5e37c1efa326397366e6974cb338056df65cb50e7d64d1cf314e87504837?s=96&d=mm&r=g\",\"caption\":\"Arnaldo Botto\"},\"url\":\"https:\/\/www.noticiasradioreflejos.com.ar\/2021\/author\/arnaldo\/\"}]}<\/script>\n<!-- \/ Yoast SEO plugin. -->","yoast_head_json":{"title":"Por fracaso de gesti\u00f3n provincial, Vidal va por Municipalizaci\u00f3n de los comedores escolares - Noticias Radio Reflejos","robots":{"index":"index","follow":"follow","max-snippet":"max-snippet:-1","max-image-preview":"max-image-preview:large","max-video-preview":"max-video-preview:-1"},"canonical":"https:\/\/www.noticiasradioreflejos.com.ar\/2021\/por-fracaso-de-gestion-provincial-vidal-va-por-municipalizacion-de-los-comedores-escolares\/","og_locale":"es_ES","og_type":"article","og_title":"Por fracaso de gesti\u00f3n provincial, Vidal va por Municipalizaci\u00f3n de los comedores escolares - Noticias Radio Reflejos","og_description":"Frente a las declaraciones efectuadas en el d\u00eda de hoy por la Gobernadora Vidal respecto a la municipalizaci\u00f3n de los Comedores Escolares, El SUTEBA se pronuncia:","og_url":"https:\/\/www.noticiasradioreflejos.com.ar\/2021\/por-fracaso-de-gestion-provincial-vidal-va-por-municipalizacion-de-los-comedores-escolares\/","og_site_name":"Noticias Radio Reflejos","article_published_time":"2016-11-23T23:21:42+00:00","og_image":[{"width":300,"height":200,"url":"https:\/\/www.noticiasradioreflejos.com.ar\/2021\/wp-content\/uploads\/2021\/07\/logosol300x200.png","type":"image\/png"}],"author":"Arnaldo Botto","twitter_card":"summary_large_image","schema":{"@context":"https:\/\/schema.org","@graph":[{"@type":"WebPage","@id":"https:\/\/www.noticiasradioreflejos.com.ar\/2021\/por-fracaso-de-gestion-provincial-vidal-va-por-municipalizacion-de-los-comedores-escolares\/","url":"https:\/\/www.noticiasradioreflejos.com.ar\/2021\/por-fracaso-de-gestion-provincial-vidal-va-por-municipalizacion-de-los-comedores-escolares\/","name":"Por fracaso de gesti\u00f3n provincial, Vidal va por Municipalizaci\u00f3n de los comedores escolares - Noticias Radio Reflejos","isPartOf":{"@id":"https:\/\/www.noticiasradioreflejos.com.ar\/2021\/#website"},"datePublished":"2016-11-23T23:21:42+00:00","author":{"@id":"https:\/\/www.noticiasradioreflejos.com.ar\/2021\/#\/schema\/person\/ad82545263dcc5ec0996818884fd5fb1"},"breadcrumb":{"@id":"https:\/\/www.noticiasradioreflejos.com.ar\/2021\/por-fracaso-de-gestion-provincial-vidal-va-por-municipalizacion-de-los-comedores-escolares\/#breadcrumb"},"inLanguage":"es","potentialAction":[{"@type":"ReadAction","target":["https:\/\/www.noticiasradioreflejos.com.ar\/2021\/por-fracaso-de-gestion-provincial-vidal-va-por-municipalizacion-de-los-comedores-escolares\/"]}]},{"@type":"BreadcrumbList","@id":"https:\/\/www.noticiasradioreflejos.com.ar\/2021\/por-fracaso-de-gestion-provincial-vidal-va-por-municipalizacion-de-los-comedores-escolares\/#breadcrumb","itemListElement":[{"@type":"ListItem","position":1,"name":"Portada","item":"https:\/\/www.noticiasradioreflejos.com.ar\/2021\/"},{"@type":"ListItem","position":2,"name":"Por fracaso de gesti\u00f3n provincial, Vidal va por Municipalizaci\u00f3n de los comedores escolares"}]},{"@type":"WebSite","@id":"https:\/\/www.noticiasradioreflejos.com.ar\/2021\/#website","url":"https:\/\/www.noticiasradioreflejos.com.ar\/2021\/","name":"Noticias Radio Reflejos","description":"Las noticias de mi comarca","potentialAction":[{"@type":"SearchAction","target":{"@type":"EntryPoint","urlTemplate":"https:\/\/www.noticiasradioreflejos.com.ar\/2021\/?s={search_term_string}"},"query-input":{"@type":"PropertyValueSpecification","valueRequired":true,"valueName":"search_term_string"}}],"inLanguage":"es"},{"@type":"Person","@id":"https:\/\/www.noticiasradioreflejos.com.ar\/2021\/#\/schema\/person\/ad82545263dcc5ec0996818884fd5fb1","name":"Arnaldo Botto","image":{"@type":"ImageObject","inLanguage":"es","@id":"https:\/\/www.noticiasradioreflejos.com.ar\/2021\/#\/schema\/person\/image\/","url":"https:\/\/secure.gravatar.com\/avatar\/55cb5e37c1efa326397366e6974cb338056df65cb50e7d64d1cf314e87504837?s=96&d=mm&r=g","contentUrl":"https:\/\/secure.gravatar.com\/avatar\/55cb5e37c1efa326397366e6974cb338056df65cb50e7d64d1cf314e87504837?s=96&d=mm&r=g","caption":"Arnaldo Botto"},"url":"https:\/\/www.noticiasradioreflejos.com.ar\/2021\/author\/arnaldo\/"}]}},"_links":{"self":[{"href":"https:\/\/www.noticiasradioreflejos.com.ar\/2021\/wp-json\/wp\/v2\/posts\/4035","targetHints":{"allow":["GET"]}}],"collection":[{"href":"https:\/\/www.noticiasradioreflejos.com.ar\/2021\/wp-json\/wp\/v2\/posts"}],"about":[{"href":"https:\/\/www.noticiasradioreflejos.com.ar\/2021\/wp-json\/wp\/v2\/types\/post"}],"author":[{"embeddable":true,"href":"https:\/\/www.noticiasradioreflejos.com.ar\/2021\/wp-json\/wp\/v2\/users\/3"}],"replies":[{"embeddable":true,"href":"https:\/\/www.noticiasradioreflejos.com.ar\/2021\/wp-json\/wp\/v2\/comments?post=4035"}],"version-history":[{"count":0,"href":"https:\/\/www.noticiasradioreflejos.com.ar\/2021\/wp-json\/wp\/v2\/posts\/4035\/revisions"}],"wp:attachment":[{"href":"https:\/\/www.noticiasradioreflejos.com.ar\/2021\/wp-json\/wp\/v2\/media?parent=4035"}],"wp:term":[{"taxonomy":"category","embeddable":true,"href":"https:\/\/www.noticiasradioreflejos.com.ar\/2021\/wp-json\/wp\/v2\/categories?post=4035"},{"taxonomy":"post_tag","embeddable":true,"href":"https:\/\/www.noticiasradioreflejos.com.ar\/2021\/wp-json\/wp\/v2\/tags?post=4035"}],"curies":[{"name":"wp","href":"https:\/\/api.w.org\/{rel}","templated":true}]}}