{"id":40347,"date":"2020-04-03T08:05:54","date_gmt":"2020-04-03T11:05:54","guid":{"rendered":"http:\/\/www.noticiasradioreflejos.com.ar\/noticias\/?p=40347"},"modified":"2020-04-03T08:05:54","modified_gmt":"2020-04-03T11:05:54","slug":"la-provincia-de-buenos-aires-prorrogo-por-90-dias-los-vencimientos-de-las-licencias-de-conducir","status":"publish","type":"post","link":"https:\/\/www.noticiasradioreflejos.com.ar\/2021\/la-provincia-de-buenos-aires-prorrogo-por-90-dias-los-vencimientos-de-las-licencias-de-conducir\/","title":{"rendered":"La provincia de Buenos Aires prorrog\u00f3 por 90 d\u00edas los vencimientos de las licencias de conducir"},"content":{"rendered":"<p>El gobierno bonaerense prorrog\u00f3 por 90 d\u00edas los vencimientos de las Licencias Nacionales de Conducir que hayan operado u operen entre el 15 de febrero de 2020 y el 30 de abril, debido a la imposibilidad de realizar ese tr\u00e1mite por el aislamiento social preventivo y obligatorio dispuesto para evitar la propagaci\u00f3n del Covid-19.<!--more--><br \/>\nLa decisi\u00f3n se adopt\u00f3 a trav\u00e9s de la disposici\u00f3n 4 de la Direcci\u00f3n de Pol\u00edtica y Seguridad Vial publicada hoy en el Bolet\u00edn Oficial del distrito.<br \/>\nSe encomend\u00f3 en la medida a la Direcci\u00f3n de Licencias de Conducir y Antecedentes de Tr\u00e1nsito \u00abarticular con los centros emisores de licencias de conducir, la suspensi\u00f3n de la atenci\u00f3n al p\u00fablico en las sedes de dichos establecimientos, hasta el 12 de abril de 2020 inclusive, de conformidad con las disposiciones de orden Nacional\u00bb.<\/p>\n<p>Esos plazos \u00abpodr\u00e1n ampliarse de acuerdo a razones de estricta emergencia sanitaria, determinadas por el Poder Ejecutivo\u00bb.<\/p>\n","protected":false},"excerpt":{"rendered":"<p>El gobierno bonaerense prorrog\u00f3 por 90 d\u00edas los vencimientos de las Licencias Nacionales de Conducir que hayan operado u operen entre el 15 de febrero de 2020 y el 30 de abril, debido a la imposibilidad de realizar ese tr\u00e1mite por el aislamiento social preventivo y obligatorio dispuesto para evitar la propagaci\u00f3n del Covid-19.<\/p>\n","protected":false},"author":3,"featured_media":37510,"comment_status":"closed","ping_status":"open","sticky":false,"template":"","format":"standard","meta":{"footnotes":""},"categories":[26],"tags":[],"class_list":["post-40347","post","type-post","status-publish","format-standard","has-post-thumbnail","hentry","category-sociedad"],"yoast_head":"<!-- This site is optimized with the Yoast SEO plugin v25.9 - https:\/\/yoast.com\/wordpress\/plugins\/seo\/ -->\n<title>La provincia de Buenos Aires prorrog\u00f3 por 90 d\u00edas los vencimientos de las licencias de conducir - Noticias Radio Reflejos<\/title>\n<meta name=\"robots\" content=\"index, follow, max-snippet:-1, max-image-preview:large, max-video-preview:-1\" \/>\n<link rel=\"canonical\" href=\"https:\/\/www.noticiasradioreflejos.com.ar\/2021\/la-provincia-de-buenos-aires-prorrogo-por-90-dias-los-vencimientos-de-las-licencias-de-conducir\/\" \/>\n<meta property=\"og:locale\" content=\"es_ES\" \/>\n<meta property=\"og:type\" content=\"article\" \/>\n<meta property=\"og:title\" content=\"La provincia de Buenos Aires prorrog\u00f3 por 90 d\u00edas los vencimientos de las licencias de conducir - Noticias Radio Reflejos\" \/>\n<meta property=\"og:description\" content=\"El gobierno bonaerense prorrog\u00f3 por 90 d\u00edas los vencimientos de las Licencias Nacionales de Conducir que hayan operado u operen entre el 15 de febrero de 2020 y el 30 de abril, debido a la imposibilidad de realizar ese tr\u00e1mite por el aislamiento social preventivo y obligatorio dispuesto para evitar la propagaci\u00f3n del Covid-19.\" \/>\n<meta property=\"og:url\" content=\"https:\/\/www.noticiasradioreflejos.com.ar\/2021\/la-provincia-de-buenos-aires-prorrogo-por-90-dias-los-vencimientos-de-las-licencias-de-conducir\/\" \/>\n<meta property=\"og:site_name\" content=\"Noticias Radio Reflejos\" \/>\n<meta property=\"article:published_time\" content=\"2020-04-03T11:05:54+00:00\" \/>\n<meta property=\"og:image\" content=\"https:\/\/www.noticiasradioreflejos.com.ar\/2021\/wp-content\/uploads\/2021\/07\/logosol300x200.png\" \/>\n\t<meta property=\"og:image:width\" content=\"300\" \/>\n\t<meta property=\"og:image:height\" content=\"200\" \/>\n\t<meta property=\"og:image:type\" content=\"image\/png\" \/>\n<meta name=\"author\" content=\"Arnaldo Botto\" \/>\n<meta name=\"twitter:card\" content=\"summary_large_image\" \/>\n<script type=\"application\/ld+json\" class=\"yoast-schema-graph\">{\"@context\":\"https:\/\/schema.org\",\"@graph\":[{\"@type\":\"WebPage\",\"@id\":\"https:\/\/www.noticiasradioreflejos.com.ar\/2021\/la-provincia-de-buenos-aires-prorrogo-por-90-dias-los-vencimientos-de-las-licencias-de-conducir\/\",\"url\":\"https:\/\/www.noticiasradioreflejos.com.ar\/2021\/la-provincia-de-buenos-aires-prorrogo-por-90-dias-los-vencimientos-de-las-licencias-de-conducir\/\",\"name\":\"La provincia de Buenos Aires prorrog\u00f3 por 90 d\u00edas los vencimientos de las licencias de conducir - Noticias Radio Reflejos\",\"isPartOf\":{\"@id\":\"https:\/\/www.noticiasradioreflejos.com.ar\/2021\/#website\"},\"primaryImageOfPage\":{\"@id\":\"https:\/\/www.noticiasradioreflejos.com.ar\/2021\/la-provincia-de-buenos-aires-prorrogo-por-90-dias-los-vencimientos-de-las-licencias-de-conducir\/#primaryimage\"},\"image\":{\"@id\":\"https:\/\/www.noticiasradioreflejos.com.ar\/2021\/la-provincia-de-buenos-aires-prorrogo-por-90-dias-los-vencimientos-de-las-licencias-de-conducir\/#primaryimage\"},\"thumbnailUrl\":\"\",\"datePublished\":\"2020-04-03T11:05:54+00:00\",\"author\":{\"@id\":\"https:\/\/www.noticiasradioreflejos.com.ar\/2021\/#\/schema\/person\/ad82545263dcc5ec0996818884fd5fb1\"},\"breadcrumb\":{\"@id\":\"https:\/\/www.noticiasradioreflejos.com.ar\/2021\/la-provincia-de-buenos-aires-prorrogo-por-90-dias-los-vencimientos-de-las-licencias-de-conducir\/#breadcrumb\"},\"inLanguage\":\"es\",\"potentialAction\":[{\"@type\":\"ReadAction\",\"target\":[\"https:\/\/www.noticiasradioreflejos.com.ar\/2021\/la-provincia-de-buenos-aires-prorrogo-por-90-dias-los-vencimientos-de-las-licencias-de-conducir\/\"]}]},{\"@type\":\"ImageObject\",\"inLanguage\":\"es\",\"@id\":\"https:\/\/www.noticiasradioreflejos.com.ar\/2021\/la-provincia-de-buenos-aires-prorrogo-por-90-dias-los-vencimientos-de-las-licencias-de-conducir\/#primaryimage\",\"url\":\"\",\"contentUrl\":\"\"},{\"@type\":\"BreadcrumbList\",\"@id\":\"https:\/\/www.noticiasradioreflejos.com.ar\/2021\/la-provincia-de-buenos-aires-prorrogo-por-90-dias-los-vencimientos-de-las-licencias-de-conducir\/#breadcrumb\",\"itemListElement\":[{\"@type\":\"ListItem\",\"position\":1,\"name\":\"Portada\",\"item\":\"https:\/\/www.noticiasradioreflejos.com.ar\/2021\/\"},{\"@type\":\"ListItem\",\"position\":2,\"name\":\"La provincia de Buenos Aires prorrog\u00f3 por 90 d\u00edas los vencimientos de las licencias de conducir\"}]},{\"@type\":\"WebSite\",\"@id\":\"https:\/\/www.noticiasradioreflejos.com.ar\/2021\/#website\",\"url\":\"https:\/\/www.noticiasradioreflejos.com.ar\/2021\/\",\"name\":\"Noticias Radio Reflejos\",\"description\":\"Las noticias de mi comarca\",\"potentialAction\":[{\"@type\":\"SearchAction\",\"target\":{\"@type\":\"EntryPoint\",\"urlTemplate\":\"https:\/\/www.noticiasradioreflejos.com.ar\/2021\/?s={search_term_string}\"},\"query-input\":{\"@type\":\"PropertyValueSpecification\",\"valueRequired\":true,\"valueName\":\"search_term_string\"}}],\"inLanguage\":\"es\"},{\"@type\":\"Person\",\"@id\":\"https:\/\/www.noticiasradioreflejos.com.ar\/2021\/#\/schema\/person\/ad82545263dcc5ec0996818884fd5fb1\",\"name\":\"Arnaldo Botto\",\"image\":{\"@type\":\"ImageObject\",\"inLanguage\":\"es\",\"@id\":\"https:\/\/www.noticiasradioreflejos.com.ar\/2021\/#\/schema\/person\/image\/\",\"url\":\"https:\/\/secure.gravatar.com\/avatar\/55cb5e37c1efa326397366e6974cb338056df65cb50e7d64d1cf314e87504837?s=96&d=mm&r=g\",\"contentUrl\":\"https:\/\/secure.gravatar.com\/avatar\/55cb5e37c1efa326397366e6974cb338056df65cb50e7d64d1cf314e87504837?s=96&d=mm&r=g\",\"caption\":\"Arnaldo Botto\"},\"url\":\"https:\/\/www.noticiasradioreflejos.com.ar\/2021\/author\/arnaldo\/\"}]}<\/script>\n<!-- \/ Yoast SEO plugin. -->","yoast_head_json":{"title":"La provincia de Buenos Aires prorrog\u00f3 por 90 d\u00edas los vencimientos de las licencias de conducir - Noticias Radio Reflejos","robots":{"index":"index","follow":"follow","max-snippet":"max-snippet:-1","max-image-preview":"max-image-preview:large","max-video-preview":"max-video-preview:-1"},"canonical":"https:\/\/www.noticiasradioreflejos.com.ar\/2021\/la-provincia-de-buenos-aires-prorrogo-por-90-dias-los-vencimientos-de-las-licencias-de-conducir\/","og_locale":"es_ES","og_type":"article","og_title":"La provincia de Buenos Aires prorrog\u00f3 por 90 d\u00edas los vencimientos de las licencias de conducir - Noticias Radio Reflejos","og_description":"El gobierno bonaerense prorrog\u00f3 por 90 d\u00edas los vencimientos de las Licencias Nacionales de Conducir que hayan operado u operen entre el 15 de febrero de 2020 y el 30 de abril, debido a la imposibilidad de realizar ese tr\u00e1mite por el aislamiento social preventivo y obligatorio dispuesto para evitar la propagaci\u00f3n del Covid-19.","og_url":"https:\/\/www.noticiasradioreflejos.com.ar\/2021\/la-provincia-de-buenos-aires-prorrogo-por-90-dias-los-vencimientos-de-las-licencias-de-conducir\/","og_site_name":"Noticias Radio Reflejos","article_published_time":"2020-04-03T11:05:54+00:00","og_image":[{"width":300,"height":200,"url":"https:\/\/www.noticiasradioreflejos.com.ar\/2021\/wp-content\/uploads\/2021\/07\/logosol300x200.png","type":"image\/png"}],"author":"Arnaldo Botto","twitter_card":"summary_large_image","schema":{"@context":"https:\/\/schema.org","@graph":[{"@type":"WebPage","@id":"https:\/\/www.noticiasradioreflejos.com.ar\/2021\/la-provincia-de-buenos-aires-prorrogo-por-90-dias-los-vencimientos-de-las-licencias-de-conducir\/","url":"https:\/\/www.noticiasradioreflejos.com.ar\/2021\/la-provincia-de-buenos-aires-prorrogo-por-90-dias-los-vencimientos-de-las-licencias-de-conducir\/","name":"La provincia de Buenos Aires prorrog\u00f3 por 90 d\u00edas los vencimientos de las licencias de conducir - Noticias Radio Reflejos","isPartOf":{"@id":"https:\/\/www.noticiasradioreflejos.com.ar\/2021\/#website"},"primaryImageOfPage":{"@id":"https:\/\/www.noticiasradioreflejos.com.ar\/2021\/la-provincia-de-buenos-aires-prorrogo-por-90-dias-los-vencimientos-de-las-licencias-de-conducir\/#primaryimage"},"image":{"@id":"https:\/\/www.noticiasradioreflejos.com.ar\/2021\/la-provincia-de-buenos-aires-prorrogo-por-90-dias-los-vencimientos-de-las-licencias-de-conducir\/#primaryimage"},"thumbnailUrl":"","datePublished":"2020-04-03T11:05:54+00:00","author":{"@id":"https:\/\/www.noticiasradioreflejos.com.ar\/2021\/#\/schema\/person\/ad82545263dcc5ec0996818884fd5fb1"},"breadcrumb":{"@id":"https:\/\/www.noticiasradioreflejos.com.ar\/2021\/la-provincia-de-buenos-aires-prorrogo-por-90-dias-los-vencimientos-de-las-licencias-de-conducir\/#breadcrumb"},"inLanguage":"es","potentialAction":[{"@type":"ReadAction","target":["https:\/\/www.noticiasradioreflejos.com.ar\/2021\/la-provincia-de-buenos-aires-prorrogo-por-90-dias-los-vencimientos-de-las-licencias-de-conducir\/"]}]},{"@type":"ImageObject","inLanguage":"es","@id":"https:\/\/www.noticiasradioreflejos.com.ar\/2021\/la-provincia-de-buenos-aires-prorrogo-por-90-dias-los-vencimientos-de-las-licencias-de-conducir\/#primaryimage","url":"","contentUrl":""},{"@type":"BreadcrumbList","@id":"https:\/\/www.noticiasradioreflejos.com.ar\/2021\/la-provincia-de-buenos-aires-prorrogo-por-90-dias-los-vencimientos-de-las-licencias-de-conducir\/#breadcrumb","itemListElement":[{"@type":"ListItem","position":1,"name":"Portada","item":"https:\/\/www.noticiasradioreflejos.com.ar\/2021\/"},{"@type":"ListItem","position":2,"name":"La provincia de Buenos Aires prorrog\u00f3 por 90 d\u00edas los vencimientos de las licencias de conducir"}]},{"@type":"WebSite","@id":"https:\/\/www.noticiasradioreflejos.com.ar\/2021\/#website","url":"https:\/\/www.noticiasradioreflejos.com.ar\/2021\/","name":"Noticias Radio Reflejos","description":"Las noticias de mi comarca","potentialAction":[{"@type":"SearchAction","target":{"@type":"EntryPoint","urlTemplate":"https:\/\/www.noticiasradioreflejos.com.ar\/2021\/?s={search_term_string}"},"query-input":{"@type":"PropertyValueSpecification","valueRequired":true,"valueName":"search_term_string"}}],"inLanguage":"es"},{"@type":"Person","@id":"https:\/\/www.noticiasradioreflejos.com.ar\/2021\/#\/schema\/person\/ad82545263dcc5ec0996818884fd5fb1","name":"Arnaldo Botto","image":{"@type":"ImageObject","inLanguage":"es","@id":"https:\/\/www.noticiasradioreflejos.com.ar\/2021\/#\/schema\/person\/image\/","url":"https:\/\/secure.gravatar.com\/avatar\/55cb5e37c1efa326397366e6974cb338056df65cb50e7d64d1cf314e87504837?s=96&d=mm&r=g","contentUrl":"https:\/\/secure.gravatar.com\/avatar\/55cb5e37c1efa326397366e6974cb338056df65cb50e7d64d1cf314e87504837?s=96&d=mm&r=g","caption":"Arnaldo Botto"},"url":"https:\/\/www.noticiasradioreflejos.com.ar\/2021\/author\/arnaldo\/"}]}},"_links":{"self":[{"href":"https:\/\/www.noticiasradioreflejos.com.ar\/2021\/wp-json\/wp\/v2\/posts\/40347","targetHints":{"allow":["GET"]}}],"collection":[{"href":"https:\/\/www.noticiasradioreflejos.com.ar\/2021\/wp-json\/wp\/v2\/posts"}],"about":[{"href":"https:\/\/www.noticiasradioreflejos.com.ar\/2021\/wp-json\/wp\/v2\/types\/post"}],"author":[{"embeddable":true,"href":"https:\/\/www.noticiasradioreflejos.com.ar\/2021\/wp-json\/wp\/v2\/users\/3"}],"replies":[{"embeddable":true,"href":"https:\/\/www.noticiasradioreflejos.com.ar\/2021\/wp-json\/wp\/v2\/comments?post=40347"}],"version-history":[{"count":0,"href":"https:\/\/www.noticiasradioreflejos.com.ar\/2021\/wp-json\/wp\/v2\/posts\/40347\/revisions"}],"wp:featuredmedia":[{"embeddable":true,"href":"https:\/\/www.noticiasradioreflejos.com.ar\/2021\/wp-json\/"}],"wp:attachment":[{"href":"https:\/\/www.noticiasradioreflejos.com.ar\/2021\/wp-json\/wp\/v2\/media?parent=40347"}],"wp:term":[{"taxonomy":"category","embeddable":true,"href":"https:\/\/www.noticiasradioreflejos.com.ar\/2021\/wp-json\/wp\/v2\/categories?post=40347"},{"taxonomy":"post_tag","embeddable":true,"href":"https:\/\/www.noticiasradioreflejos.com.ar\/2021\/wp-json\/wp\/v2\/tags?post=40347"}],"curies":[{"name":"wp","href":"https:\/\/api.w.org\/{rel}","templated":true}]}}