{"id":40332,"date":"2020-04-02T11:54:18","date_gmt":"2020-04-02T14:54:18","guid":{"rendered":"http:\/\/www.noticiasradioreflejos.com.ar\/noticias\/?p=40332"},"modified":"2020-04-02T11:54:18","modified_gmt":"2020-04-02T14:54:18","slug":"protocolo-de-accion-para-transportistas-durante-la-pandemia","status":"publish","type":"post","link":"https:\/\/www.noticiasradioreflejos.com.ar\/2021\/protocolo-de-accion-para-transportistas-durante-la-pandemia\/","title":{"rendered":"Protocolo de acci\u00f3n para transportistas durante la pandemia"},"content":{"rendered":"<p>La Secretar\u00eda de Salud Municipal acerca a los transportistas, que deben realizar viajes a las zonas de transmisi\u00f3n comunitarias del virus, algunas recomendaciones para continuar realizando su labor con las condiciones de seguridad necesarias para enfrentar la emergencia sanitara por covid-19 que estamos atravesando. <!--more--><\/p>\n<p>Por tal motivo, sugerimos:<br \/>\nDurante el viaje:<br \/>\n\u2022 Dormir en sus respectivos transportes<br \/>\n\u2022 Comer aislados (no en grupos, ni restaurantes, paradores o estaciones de servicio)<br \/>\n\u2022 No compartir objetos personales (mate, utensilios)<br \/>\n\u2022 No compartir elementos de Higiene<br \/>\n\u2022 Lavarse frecuentemente las manos con agua y jab\u00f3n<br \/>\n\u2022 Evitar compartir la cabina con otra persona<br \/>\n\u2022 Ventilar regularmente la cabina de su cami\u00f3n<br \/>\n\u2022 Evite los saludos con apretones de manos, abrazos<br \/>\n\u2022 Desinfecte regularmente las superficies de contacto personal: soluci\u00f3n de alcohol al 70% (70% de alcohol y 30% de agua) o de lavandina (10 ml de lavandina por cada litro de agua)<br \/>\n\u2022 Utilice toallas o pa\u00f1uelos descartables<br \/>\nDe regreso a su domicilio:<br \/>\n\u2022 Tratar de permanecer en una habitaci\u00f3n separada del resto de la familia si fuere posible, o mantener la distancia recomendada de no transmisi\u00f3n (2 mts) con los familiares<br \/>\n\u2022 Extremar la higiene personal en el hogar<br \/>\n\u2022 No compartir objetos personales (mate, utensilios)<br \/>\n\u2022 No compartir elementos de Higiene<br \/>\n\u2022 Cumplir con el aislamiento social, preventivo y obligatorio al llegar a su lugar de origen<br \/>\n\u2022 Lavar debidamente la ropa utilizada en el viaje<br \/>\n\u2022 No salir del hogar hasta el pr\u00f3ximo viaje<br \/>\nANTE ALG\u00daN SINTOMA (TOS, FIEBRE, DOLOR DE GARGANTA, INSUFICIENCIA RESPIRATORIA), COMUNICARSE CON SU MEDICO DE CABECERA O AL 291-5321279<\/p>\n<p><a href=\"http:\/\/www.noticiasradioreflejos.com.ar\/noticias\/wp-content\/uploads\/2020\/04\/WhatsApp-Image-2020-04-02-at-10.54.45.jpeg\"><img loading=\"lazy\" decoding=\"async\" class=\"aligncenter size-large wp-image-40333\" src=\"http:\/\/www.noticiasradioreflejos.com.ar\/noticias\/wp-content\/uploads\/2020\/04\/WhatsApp-Image-2020-04-02-at-10.54.45-1024x1024.jpeg\" alt=\"WhatsApp Image 2020-04-02 at 10.54.45\" width=\"1024\" height=\"1024\" \/><\/a><\/p>\n","protected":false},"excerpt":{"rendered":"<p>La Secretar\u00eda de Salud Municipal acerca a los transportistas, que deben realizar viajes a las zonas de transmisi\u00f3n comunitarias del virus, algunas recomendaciones para continuar realizando su labor con las condiciones de seguridad necesarias para enfrentar la emergencia sanitara por covid-19 que estamos atravesando.<\/p>\n","protected":false},"author":3,"featured_media":0,"comment_status":"closed","ping_status":"open","sticky":false,"template":"","format":"standard","meta":{"footnotes":""},"categories":[30],"tags":[],"class_list":["post-40332","post","type-post","status-publish","format-standard","hentry","category-salud"],"yoast_head":"<!-- This site is optimized with the Yoast SEO plugin v25.9 - https:\/\/yoast.com\/wordpress\/plugins\/seo\/ -->\n<title>Protocolo de acci\u00f3n para transportistas durante la pandemia - Noticias Radio Reflejos<\/title>\n<meta name=\"robots\" content=\"index, follow, max-snippet:-1, max-image-preview:large, max-video-preview:-1\" \/>\n<link rel=\"canonical\" href=\"https:\/\/www.noticiasradioreflejos.com.ar\/2021\/protocolo-de-accion-para-transportistas-durante-la-pandemia\/\" \/>\n<meta property=\"og:locale\" content=\"es_ES\" \/>\n<meta property=\"og:type\" content=\"article\" \/>\n<meta property=\"og:title\" content=\"Protocolo de acci\u00f3n para transportistas durante la pandemia - Noticias Radio Reflejos\" \/>\n<meta property=\"og:description\" content=\"La Secretar\u00eda de Salud Municipal acerca a los transportistas, que deben realizar viajes a las zonas de transmisi\u00f3n comunitarias del virus, algunas recomendaciones para continuar realizando su labor con las condiciones de seguridad necesarias para enfrentar la emergencia sanitara por covid-19 que estamos atravesando.\" \/>\n<meta property=\"og:url\" content=\"https:\/\/www.noticiasradioreflejos.com.ar\/2021\/protocolo-de-accion-para-transportistas-durante-la-pandemia\/\" \/>\n<meta property=\"og:site_name\" content=\"Noticias Radio Reflejos\" \/>\n<meta property=\"article:published_time\" content=\"2020-04-02T14:54:18+00:00\" \/>\n<meta property=\"og:image\" content=\"https:\/\/www.noticiasradioreflejos.com.ar\/2021\/wp-content\/uploads\/2021\/07\/logosol300x200.png\" \/>\n\t<meta property=\"og:image:width\" content=\"300\" \/>\n\t<meta property=\"og:image:height\" content=\"200\" \/>\n\t<meta property=\"og:image:type\" content=\"image\/png\" \/>\n<meta name=\"author\" content=\"Arnaldo Botto\" \/>\n<meta name=\"twitter:card\" content=\"summary_large_image\" \/>\n<script type=\"application\/ld+json\" class=\"yoast-schema-graph\">{\"@context\":\"https:\/\/schema.org\",\"@graph\":[{\"@type\":\"WebPage\",\"@id\":\"https:\/\/www.noticiasradioreflejos.com.ar\/2021\/protocolo-de-accion-para-transportistas-durante-la-pandemia\/\",\"url\":\"https:\/\/www.noticiasradioreflejos.com.ar\/2021\/protocolo-de-accion-para-transportistas-durante-la-pandemia\/\",\"name\":\"Protocolo de acci\u00f3n para transportistas durante la pandemia - Noticias Radio Reflejos\",\"isPartOf\":{\"@id\":\"https:\/\/www.noticiasradioreflejos.com.ar\/2021\/#website\"},\"primaryImageOfPage\":{\"@id\":\"https:\/\/www.noticiasradioreflejos.com.ar\/2021\/protocolo-de-accion-para-transportistas-durante-la-pandemia\/#primaryimage\"},\"image\":{\"@id\":\"https:\/\/www.noticiasradioreflejos.com.ar\/2021\/protocolo-de-accion-para-transportistas-durante-la-pandemia\/#primaryimage\"},\"thumbnailUrl\":\"http:\/\/www.noticiasradioreflejos.com.ar\/noticias\/wp-content\/uploads\/2020\/04\/WhatsApp-Image-2020-04-02-at-10.54.45-1024x1024.jpeg\",\"datePublished\":\"2020-04-02T14:54:18+00:00\",\"author\":{\"@id\":\"https:\/\/www.noticiasradioreflejos.com.ar\/2021\/#\/schema\/person\/ad82545263dcc5ec0996818884fd5fb1\"},\"breadcrumb\":{\"@id\":\"https:\/\/www.noticiasradioreflejos.com.ar\/2021\/protocolo-de-accion-para-transportistas-durante-la-pandemia\/#breadcrumb\"},\"inLanguage\":\"es\",\"potentialAction\":[{\"@type\":\"ReadAction\",\"target\":[\"https:\/\/www.noticiasradioreflejos.com.ar\/2021\/protocolo-de-accion-para-transportistas-durante-la-pandemia\/\"]}]},{\"@type\":\"ImageObject\",\"inLanguage\":\"es\",\"@id\":\"https:\/\/www.noticiasradioreflejos.com.ar\/2021\/protocolo-de-accion-para-transportistas-durante-la-pandemia\/#primaryimage\",\"url\":\"http:\/\/www.noticiasradioreflejos.com.ar\/noticias\/wp-content\/uploads\/2020\/04\/WhatsApp-Image-2020-04-02-at-10.54.45-1024x1024.jpeg\",\"contentUrl\":\"http:\/\/www.noticiasradioreflejos.com.ar\/noticias\/wp-content\/uploads\/2020\/04\/WhatsApp-Image-2020-04-02-at-10.54.45-1024x1024.jpeg\"},{\"@type\":\"BreadcrumbList\",\"@id\":\"https:\/\/www.noticiasradioreflejos.com.ar\/2021\/protocolo-de-accion-para-transportistas-durante-la-pandemia\/#breadcrumb\",\"itemListElement\":[{\"@type\":\"ListItem\",\"position\":1,\"name\":\"Portada\",\"item\":\"https:\/\/www.noticiasradioreflejos.com.ar\/2021\/\"},{\"@type\":\"ListItem\",\"position\":2,\"name\":\"Protocolo de acci\u00f3n para transportistas durante la pandemia\"}]},{\"@type\":\"WebSite\",\"@id\":\"https:\/\/www.noticiasradioreflejos.com.ar\/2021\/#website\",\"url\":\"https:\/\/www.noticiasradioreflejos.com.ar\/2021\/\",\"name\":\"Noticias Radio Reflejos\",\"description\":\"Las noticias de mi comarca\",\"potentialAction\":[{\"@type\":\"SearchAction\",\"target\":{\"@type\":\"EntryPoint\",\"urlTemplate\":\"https:\/\/www.noticiasradioreflejos.com.ar\/2021\/?s={search_term_string}\"},\"query-input\":{\"@type\":\"PropertyValueSpecification\",\"valueRequired\":true,\"valueName\":\"search_term_string\"}}],\"inLanguage\":\"es\"},{\"@type\":\"Person\",\"@id\":\"https:\/\/www.noticiasradioreflejos.com.ar\/2021\/#\/schema\/person\/ad82545263dcc5ec0996818884fd5fb1\",\"name\":\"Arnaldo Botto\",\"image\":{\"@type\":\"ImageObject\",\"inLanguage\":\"es\",\"@id\":\"https:\/\/www.noticiasradioreflejos.com.ar\/2021\/#\/schema\/person\/image\/\",\"url\":\"https:\/\/secure.gravatar.com\/avatar\/55cb5e37c1efa326397366e6974cb338056df65cb50e7d64d1cf314e87504837?s=96&d=mm&r=g\",\"contentUrl\":\"https:\/\/secure.gravatar.com\/avatar\/55cb5e37c1efa326397366e6974cb338056df65cb50e7d64d1cf314e87504837?s=96&d=mm&r=g\",\"caption\":\"Arnaldo Botto\"},\"url\":\"https:\/\/www.noticiasradioreflejos.com.ar\/2021\/author\/arnaldo\/\"}]}<\/script>\n<!-- \/ Yoast SEO plugin. -->","yoast_head_json":{"title":"Protocolo de acci\u00f3n para transportistas durante la pandemia - Noticias Radio Reflejos","robots":{"index":"index","follow":"follow","max-snippet":"max-snippet:-1","max-image-preview":"max-image-preview:large","max-video-preview":"max-video-preview:-1"},"canonical":"https:\/\/www.noticiasradioreflejos.com.ar\/2021\/protocolo-de-accion-para-transportistas-durante-la-pandemia\/","og_locale":"es_ES","og_type":"article","og_title":"Protocolo de acci\u00f3n para transportistas durante la pandemia - Noticias Radio Reflejos","og_description":"La Secretar\u00eda de Salud Municipal acerca a los transportistas, que deben realizar viajes a las zonas de transmisi\u00f3n comunitarias del virus, algunas recomendaciones para continuar realizando su labor con las condiciones de seguridad necesarias para enfrentar la emergencia sanitara por covid-19 que estamos atravesando.","og_url":"https:\/\/www.noticiasradioreflejos.com.ar\/2021\/protocolo-de-accion-para-transportistas-durante-la-pandemia\/","og_site_name":"Noticias Radio Reflejos","article_published_time":"2020-04-02T14:54:18+00:00","og_image":[{"width":300,"height":200,"url":"https:\/\/www.noticiasradioreflejos.com.ar\/2021\/wp-content\/uploads\/2021\/07\/logosol300x200.png","type":"image\/png"}],"author":"Arnaldo Botto","twitter_card":"summary_large_image","schema":{"@context":"https:\/\/schema.org","@graph":[{"@type":"WebPage","@id":"https:\/\/www.noticiasradioreflejos.com.ar\/2021\/protocolo-de-accion-para-transportistas-durante-la-pandemia\/","url":"https:\/\/www.noticiasradioreflejos.com.ar\/2021\/protocolo-de-accion-para-transportistas-durante-la-pandemia\/","name":"Protocolo de acci\u00f3n para transportistas durante la pandemia - Noticias Radio Reflejos","isPartOf":{"@id":"https:\/\/www.noticiasradioreflejos.com.ar\/2021\/#website"},"primaryImageOfPage":{"@id":"https:\/\/www.noticiasradioreflejos.com.ar\/2021\/protocolo-de-accion-para-transportistas-durante-la-pandemia\/#primaryimage"},"image":{"@id":"https:\/\/www.noticiasradioreflejos.com.ar\/2021\/protocolo-de-accion-para-transportistas-durante-la-pandemia\/#primaryimage"},"thumbnailUrl":"http:\/\/www.noticiasradioreflejos.com.ar\/noticias\/wp-content\/uploads\/2020\/04\/WhatsApp-Image-2020-04-02-at-10.54.45-1024x1024.jpeg","datePublished":"2020-04-02T14:54:18+00:00","author":{"@id":"https:\/\/www.noticiasradioreflejos.com.ar\/2021\/#\/schema\/person\/ad82545263dcc5ec0996818884fd5fb1"},"breadcrumb":{"@id":"https:\/\/www.noticiasradioreflejos.com.ar\/2021\/protocolo-de-accion-para-transportistas-durante-la-pandemia\/#breadcrumb"},"inLanguage":"es","potentialAction":[{"@type":"ReadAction","target":["https:\/\/www.noticiasradioreflejos.com.ar\/2021\/protocolo-de-accion-para-transportistas-durante-la-pandemia\/"]}]},{"@type":"ImageObject","inLanguage":"es","@id":"https:\/\/www.noticiasradioreflejos.com.ar\/2021\/protocolo-de-accion-para-transportistas-durante-la-pandemia\/#primaryimage","url":"http:\/\/www.noticiasradioreflejos.com.ar\/noticias\/wp-content\/uploads\/2020\/04\/WhatsApp-Image-2020-04-02-at-10.54.45-1024x1024.jpeg","contentUrl":"http:\/\/www.noticiasradioreflejos.com.ar\/noticias\/wp-content\/uploads\/2020\/04\/WhatsApp-Image-2020-04-02-at-10.54.45-1024x1024.jpeg"},{"@type":"BreadcrumbList","@id":"https:\/\/www.noticiasradioreflejos.com.ar\/2021\/protocolo-de-accion-para-transportistas-durante-la-pandemia\/#breadcrumb","itemListElement":[{"@type":"ListItem","position":1,"name":"Portada","item":"https:\/\/www.noticiasradioreflejos.com.ar\/2021\/"},{"@type":"ListItem","position":2,"name":"Protocolo de acci\u00f3n para transportistas durante la pandemia"}]},{"@type":"WebSite","@id":"https:\/\/www.noticiasradioreflejos.com.ar\/2021\/#website","url":"https:\/\/www.noticiasradioreflejos.com.ar\/2021\/","name":"Noticias Radio Reflejos","description":"Las noticias de mi comarca","potentialAction":[{"@type":"SearchAction","target":{"@type":"EntryPoint","urlTemplate":"https:\/\/www.noticiasradioreflejos.com.ar\/2021\/?s={search_term_string}"},"query-input":{"@type":"PropertyValueSpecification","valueRequired":true,"valueName":"search_term_string"}}],"inLanguage":"es"},{"@type":"Person","@id":"https:\/\/www.noticiasradioreflejos.com.ar\/2021\/#\/schema\/person\/ad82545263dcc5ec0996818884fd5fb1","name":"Arnaldo Botto","image":{"@type":"ImageObject","inLanguage":"es","@id":"https:\/\/www.noticiasradioreflejos.com.ar\/2021\/#\/schema\/person\/image\/","url":"https:\/\/secure.gravatar.com\/avatar\/55cb5e37c1efa326397366e6974cb338056df65cb50e7d64d1cf314e87504837?s=96&d=mm&r=g","contentUrl":"https:\/\/secure.gravatar.com\/avatar\/55cb5e37c1efa326397366e6974cb338056df65cb50e7d64d1cf314e87504837?s=96&d=mm&r=g","caption":"Arnaldo Botto"},"url":"https:\/\/www.noticiasradioreflejos.com.ar\/2021\/author\/arnaldo\/"}]}},"_links":{"self":[{"href":"https:\/\/www.noticiasradioreflejos.com.ar\/2021\/wp-json\/wp\/v2\/posts\/40332","targetHints":{"allow":["GET"]}}],"collection":[{"href":"https:\/\/www.noticiasradioreflejos.com.ar\/2021\/wp-json\/wp\/v2\/posts"}],"about":[{"href":"https:\/\/www.noticiasradioreflejos.com.ar\/2021\/wp-json\/wp\/v2\/types\/post"}],"author":[{"embeddable":true,"href":"https:\/\/www.noticiasradioreflejos.com.ar\/2021\/wp-json\/wp\/v2\/users\/3"}],"replies":[{"embeddable":true,"href":"https:\/\/www.noticiasradioreflejos.com.ar\/2021\/wp-json\/wp\/v2\/comments?post=40332"}],"version-history":[{"count":0,"href":"https:\/\/www.noticiasradioreflejos.com.ar\/2021\/wp-json\/wp\/v2\/posts\/40332\/revisions"}],"wp:attachment":[{"href":"https:\/\/www.noticiasradioreflejos.com.ar\/2021\/wp-json\/wp\/v2\/media?parent=40332"}],"wp:term":[{"taxonomy":"category","embeddable":true,"href":"https:\/\/www.noticiasradioreflejos.com.ar\/2021\/wp-json\/wp\/v2\/categories?post=40332"},{"taxonomy":"post_tag","embeddable":true,"href":"https:\/\/www.noticiasradioreflejos.com.ar\/2021\/wp-json\/wp\/v2\/tags?post=40332"}],"curies":[{"name":"wp","href":"https:\/\/api.w.org\/{rel}","templated":true}]}}