{"id":40319,"date":"2020-04-02T10:15:31","date_gmt":"2020-04-02T13:15:31","guid":{"rendered":"http:\/\/www.noticiasradioreflejos.com.ar\/noticias\/?p=40319"},"modified":"2020-04-02T10:15:31","modified_gmt":"2020-04-02T13:15:31","slug":"el-seguro-de-desempleo-podra-cobrarse-en-bancos-a-partir-del-viernes-3-de-abril","status":"publish","type":"post","link":"https:\/\/www.noticiasradioreflejos.com.ar\/2021\/el-seguro-de-desempleo-podra-cobrarse-en-bancos-a-partir-del-viernes-3-de-abril\/","title":{"rendered":"El Seguro de desempleo podr\u00e1 cobrarse en bancos a partir del viernes 3 de abril."},"content":{"rendered":"<p>Las entidades financieras abrir\u00e1n sus sucursales a partir del viernes 3 de abril para atender de forma exclusiva el pago de jubilaciones, pensiones y prestaciones, planes o programas de ayuda.<!--more--><br \/>\nLa ANSES informa que el seguro por desempleo podr\u00e1 cobrarse en bancos a partir del viernes 3 de abril. El Banco Central de la Rep\u00fablica Argentina (BCRA) resolvi\u00f3, a trav\u00e9s de la Comunicaci\u00f3n A6949, que las entidades financieras abrir\u00e1n sus sucursales para la atenci\u00f3n de beneficiarios de haberes previsionales y pensiones integrantes del Sistema Integrado Previsional Argentino (SIPA) o de aqu\u00e9llos cuyo ente administrador corresponda a jurisdicciones provinciales o a la Ciudad Aut\u00f3noma de Buenos Aires, o beneficiarios de prestaciones, planes o programas de ayuda abonados por la Administraci\u00f3n Nacional de la Seguridad Social (ANSES) u otro ente administrador de pagos.<\/p>\n<p>Seguro por Desempleo<br \/>\nEl Seguro por Desempleo brinda a los trabajadores asalariados registrados, legalmente despedidos sin justa causa, un pago mensual, asignaciones familiares y cobertura m\u00e9dica mientras est\u00e9n temporalmente sin empleo.<\/p>\n","protected":false},"excerpt":{"rendered":"<p>Las entidades financieras abrir\u00e1n sus sucursales a partir del viernes 3 de abril para atender de forma exclusiva el pago de jubilaciones, pensiones y prestaciones, planes o programas de ayuda.<\/p>\n","protected":false},"author":3,"featured_media":0,"comment_status":"closed","ping_status":"open","sticky":false,"template":"","format":"standard","meta":{"footnotes":""},"categories":[36],"tags":[],"class_list":["post-40319","post","type-post","status-publish","format-standard","hentry","category-economia"],"yoast_head":"<!-- This site is optimized with the Yoast SEO plugin v25.9 - https:\/\/yoast.com\/wordpress\/plugins\/seo\/ -->\n<title>El Seguro de desempleo podr\u00e1 cobrarse en bancos a partir del viernes 3 de abril. - Noticias Radio Reflejos<\/title>\n<meta name=\"robots\" content=\"index, follow, max-snippet:-1, max-image-preview:large, max-video-preview:-1\" \/>\n<link rel=\"canonical\" href=\"https:\/\/www.noticiasradioreflejos.com.ar\/2021\/el-seguro-de-desempleo-podra-cobrarse-en-bancos-a-partir-del-viernes-3-de-abril\/\" \/>\n<meta property=\"og:locale\" content=\"es_ES\" \/>\n<meta property=\"og:type\" content=\"article\" \/>\n<meta property=\"og:title\" content=\"El Seguro de desempleo podr\u00e1 cobrarse en bancos a partir del viernes 3 de abril. - Noticias Radio Reflejos\" \/>\n<meta property=\"og:description\" content=\"Las entidades financieras abrir\u00e1n sus sucursales a partir del viernes 3 de abril para atender de forma exclusiva el pago de jubilaciones, pensiones y prestaciones, planes o programas de ayuda.\" \/>\n<meta property=\"og:url\" content=\"https:\/\/www.noticiasradioreflejos.com.ar\/2021\/el-seguro-de-desempleo-podra-cobrarse-en-bancos-a-partir-del-viernes-3-de-abril\/\" \/>\n<meta property=\"og:site_name\" content=\"Noticias Radio Reflejos\" \/>\n<meta property=\"article:published_time\" content=\"2020-04-02T13:15:31+00:00\" \/>\n<meta property=\"og:image\" content=\"https:\/\/www.noticiasradioreflejos.com.ar\/2021\/wp-content\/uploads\/2021\/07\/logosol300x200.png\" \/>\n\t<meta property=\"og:image:width\" content=\"300\" \/>\n\t<meta property=\"og:image:height\" content=\"200\" \/>\n\t<meta property=\"og:image:type\" content=\"image\/png\" \/>\n<meta name=\"author\" content=\"Arnaldo Botto\" \/>\n<meta name=\"twitter:card\" content=\"summary_large_image\" \/>\n<script type=\"application\/ld+json\" class=\"yoast-schema-graph\">{\"@context\":\"https:\/\/schema.org\",\"@graph\":[{\"@type\":\"WebPage\",\"@id\":\"https:\/\/www.noticiasradioreflejos.com.ar\/2021\/el-seguro-de-desempleo-podra-cobrarse-en-bancos-a-partir-del-viernes-3-de-abril\/\",\"url\":\"https:\/\/www.noticiasradioreflejos.com.ar\/2021\/el-seguro-de-desempleo-podra-cobrarse-en-bancos-a-partir-del-viernes-3-de-abril\/\",\"name\":\"El Seguro de desempleo podr\u00e1 cobrarse en bancos a partir del viernes 3 de abril. - Noticias Radio Reflejos\",\"isPartOf\":{\"@id\":\"https:\/\/www.noticiasradioreflejos.com.ar\/2021\/#website\"},\"datePublished\":\"2020-04-02T13:15:31+00:00\",\"author\":{\"@id\":\"https:\/\/www.noticiasradioreflejos.com.ar\/2021\/#\/schema\/person\/ad82545263dcc5ec0996818884fd5fb1\"},\"breadcrumb\":{\"@id\":\"https:\/\/www.noticiasradioreflejos.com.ar\/2021\/el-seguro-de-desempleo-podra-cobrarse-en-bancos-a-partir-del-viernes-3-de-abril\/#breadcrumb\"},\"inLanguage\":\"es\",\"potentialAction\":[{\"@type\":\"ReadAction\",\"target\":[\"https:\/\/www.noticiasradioreflejos.com.ar\/2021\/el-seguro-de-desempleo-podra-cobrarse-en-bancos-a-partir-del-viernes-3-de-abril\/\"]}]},{\"@type\":\"BreadcrumbList\",\"@id\":\"https:\/\/www.noticiasradioreflejos.com.ar\/2021\/el-seguro-de-desempleo-podra-cobrarse-en-bancos-a-partir-del-viernes-3-de-abril\/#breadcrumb\",\"itemListElement\":[{\"@type\":\"ListItem\",\"position\":1,\"name\":\"Portada\",\"item\":\"https:\/\/www.noticiasradioreflejos.com.ar\/2021\/\"},{\"@type\":\"ListItem\",\"position\":2,\"name\":\"El Seguro de desempleo podr\u00e1 cobrarse en bancos a partir del viernes 3 de abril.\"}]},{\"@type\":\"WebSite\",\"@id\":\"https:\/\/www.noticiasradioreflejos.com.ar\/2021\/#website\",\"url\":\"https:\/\/www.noticiasradioreflejos.com.ar\/2021\/\",\"name\":\"Noticias Radio Reflejos\",\"description\":\"Las noticias de mi comarca\",\"potentialAction\":[{\"@type\":\"SearchAction\",\"target\":{\"@type\":\"EntryPoint\",\"urlTemplate\":\"https:\/\/www.noticiasradioreflejos.com.ar\/2021\/?s={search_term_string}\"},\"query-input\":{\"@type\":\"PropertyValueSpecification\",\"valueRequired\":true,\"valueName\":\"search_term_string\"}}],\"inLanguage\":\"es\"},{\"@type\":\"Person\",\"@id\":\"https:\/\/www.noticiasradioreflejos.com.ar\/2021\/#\/schema\/person\/ad82545263dcc5ec0996818884fd5fb1\",\"name\":\"Arnaldo Botto\",\"image\":{\"@type\":\"ImageObject\",\"inLanguage\":\"es\",\"@id\":\"https:\/\/www.noticiasradioreflejos.com.ar\/2021\/#\/schema\/person\/image\/\",\"url\":\"https:\/\/secure.gravatar.com\/avatar\/55cb5e37c1efa326397366e6974cb338056df65cb50e7d64d1cf314e87504837?s=96&d=mm&r=g\",\"contentUrl\":\"https:\/\/secure.gravatar.com\/avatar\/55cb5e37c1efa326397366e6974cb338056df65cb50e7d64d1cf314e87504837?s=96&d=mm&r=g\",\"caption\":\"Arnaldo Botto\"},\"url\":\"https:\/\/www.noticiasradioreflejos.com.ar\/2021\/author\/arnaldo\/\"}]}<\/script>\n<!-- \/ Yoast SEO plugin. -->","yoast_head_json":{"title":"El Seguro de desempleo podr\u00e1 cobrarse en bancos a partir del viernes 3 de abril. - Noticias Radio Reflejos","robots":{"index":"index","follow":"follow","max-snippet":"max-snippet:-1","max-image-preview":"max-image-preview:large","max-video-preview":"max-video-preview:-1"},"canonical":"https:\/\/www.noticiasradioreflejos.com.ar\/2021\/el-seguro-de-desempleo-podra-cobrarse-en-bancos-a-partir-del-viernes-3-de-abril\/","og_locale":"es_ES","og_type":"article","og_title":"El Seguro de desempleo podr\u00e1 cobrarse en bancos a partir del viernes 3 de abril. - Noticias Radio Reflejos","og_description":"Las entidades financieras abrir\u00e1n sus sucursales a partir del viernes 3 de abril para atender de forma exclusiva el pago de jubilaciones, pensiones y prestaciones, planes o programas de ayuda.","og_url":"https:\/\/www.noticiasradioreflejos.com.ar\/2021\/el-seguro-de-desempleo-podra-cobrarse-en-bancos-a-partir-del-viernes-3-de-abril\/","og_site_name":"Noticias Radio Reflejos","article_published_time":"2020-04-02T13:15:31+00:00","og_image":[{"width":300,"height":200,"url":"https:\/\/www.noticiasradioreflejos.com.ar\/2021\/wp-content\/uploads\/2021\/07\/logosol300x200.png","type":"image\/png"}],"author":"Arnaldo Botto","twitter_card":"summary_large_image","schema":{"@context":"https:\/\/schema.org","@graph":[{"@type":"WebPage","@id":"https:\/\/www.noticiasradioreflejos.com.ar\/2021\/el-seguro-de-desempleo-podra-cobrarse-en-bancos-a-partir-del-viernes-3-de-abril\/","url":"https:\/\/www.noticiasradioreflejos.com.ar\/2021\/el-seguro-de-desempleo-podra-cobrarse-en-bancos-a-partir-del-viernes-3-de-abril\/","name":"El Seguro de desempleo podr\u00e1 cobrarse en bancos a partir del viernes 3 de abril. - Noticias Radio Reflejos","isPartOf":{"@id":"https:\/\/www.noticiasradioreflejos.com.ar\/2021\/#website"},"datePublished":"2020-04-02T13:15:31+00:00","author":{"@id":"https:\/\/www.noticiasradioreflejos.com.ar\/2021\/#\/schema\/person\/ad82545263dcc5ec0996818884fd5fb1"},"breadcrumb":{"@id":"https:\/\/www.noticiasradioreflejos.com.ar\/2021\/el-seguro-de-desempleo-podra-cobrarse-en-bancos-a-partir-del-viernes-3-de-abril\/#breadcrumb"},"inLanguage":"es","potentialAction":[{"@type":"ReadAction","target":["https:\/\/www.noticiasradioreflejos.com.ar\/2021\/el-seguro-de-desempleo-podra-cobrarse-en-bancos-a-partir-del-viernes-3-de-abril\/"]}]},{"@type":"BreadcrumbList","@id":"https:\/\/www.noticiasradioreflejos.com.ar\/2021\/el-seguro-de-desempleo-podra-cobrarse-en-bancos-a-partir-del-viernes-3-de-abril\/#breadcrumb","itemListElement":[{"@type":"ListItem","position":1,"name":"Portada","item":"https:\/\/www.noticiasradioreflejos.com.ar\/2021\/"},{"@type":"ListItem","position":2,"name":"El Seguro de desempleo podr\u00e1 cobrarse en bancos a partir del viernes 3 de abril."}]},{"@type":"WebSite","@id":"https:\/\/www.noticiasradioreflejos.com.ar\/2021\/#website","url":"https:\/\/www.noticiasradioreflejos.com.ar\/2021\/","name":"Noticias Radio Reflejos","description":"Las noticias de mi comarca","potentialAction":[{"@type":"SearchAction","target":{"@type":"EntryPoint","urlTemplate":"https:\/\/www.noticiasradioreflejos.com.ar\/2021\/?s={search_term_string}"},"query-input":{"@type":"PropertyValueSpecification","valueRequired":true,"valueName":"search_term_string"}}],"inLanguage":"es"},{"@type":"Person","@id":"https:\/\/www.noticiasradioreflejos.com.ar\/2021\/#\/schema\/person\/ad82545263dcc5ec0996818884fd5fb1","name":"Arnaldo Botto","image":{"@type":"ImageObject","inLanguage":"es","@id":"https:\/\/www.noticiasradioreflejos.com.ar\/2021\/#\/schema\/person\/image\/","url":"https:\/\/secure.gravatar.com\/avatar\/55cb5e37c1efa326397366e6974cb338056df65cb50e7d64d1cf314e87504837?s=96&d=mm&r=g","contentUrl":"https:\/\/secure.gravatar.com\/avatar\/55cb5e37c1efa326397366e6974cb338056df65cb50e7d64d1cf314e87504837?s=96&d=mm&r=g","caption":"Arnaldo Botto"},"url":"https:\/\/www.noticiasradioreflejos.com.ar\/2021\/author\/arnaldo\/"}]}},"_links":{"self":[{"href":"https:\/\/www.noticiasradioreflejos.com.ar\/2021\/wp-json\/wp\/v2\/posts\/40319","targetHints":{"allow":["GET"]}}],"collection":[{"href":"https:\/\/www.noticiasradioreflejos.com.ar\/2021\/wp-json\/wp\/v2\/posts"}],"about":[{"href":"https:\/\/www.noticiasradioreflejos.com.ar\/2021\/wp-json\/wp\/v2\/types\/post"}],"author":[{"embeddable":true,"href":"https:\/\/www.noticiasradioreflejos.com.ar\/2021\/wp-json\/wp\/v2\/users\/3"}],"replies":[{"embeddable":true,"href":"https:\/\/www.noticiasradioreflejos.com.ar\/2021\/wp-json\/wp\/v2\/comments?post=40319"}],"version-history":[{"count":0,"href":"https:\/\/www.noticiasradioreflejos.com.ar\/2021\/wp-json\/wp\/v2\/posts\/40319\/revisions"}],"wp:attachment":[{"href":"https:\/\/www.noticiasradioreflejos.com.ar\/2021\/wp-json\/wp\/v2\/media?parent=40319"}],"wp:term":[{"taxonomy":"category","embeddable":true,"href":"https:\/\/www.noticiasradioreflejos.com.ar\/2021\/wp-json\/wp\/v2\/categories?post=40319"},{"taxonomy":"post_tag","embeddable":true,"href":"https:\/\/www.noticiasradioreflejos.com.ar\/2021\/wp-json\/wp\/v2\/tags?post=40319"}],"curies":[{"name":"wp","href":"https:\/\/api.w.org\/{rel}","templated":true}]}}