{"id":40316,"date":"2020-04-02T10:03:25","date_gmt":"2020-04-02T13:03:25","guid":{"rendered":"http:\/\/www.noticiasradioreflejos.com.ar\/noticias\/?p=40316"},"modified":"2020-04-02T10:03:25","modified_gmt":"2020-04-02T13:03:25","slug":"2-de-abril-dia-del-veterano-y-caidos-en-la-guerra-de-malvinas","status":"publish","type":"post","link":"https:\/\/www.noticiasradioreflejos.com.ar\/2021\/2-de-abril-dia-del-veterano-y-caidos-en-la-guerra-de-malvinas\/","title":{"rendered":"2 de Abril: D\u00eda del Veterano y Ca\u00eddos en la Guerra de Malvinas"},"content":{"rendered":"<p>Mensajes por la fecha conmemorativa.<!--more--><br \/>\nPasaron 38 a\u00f1os desde aquella gesta heroica y, cada a\u00f1o, reconocemos y rendimos tributo a quienes ofrecieron sus vidas.<br \/>\nNinguna lucha es en vano. Cuando se llega a esa instancia es porque se pretende vencer al orgullo, a la soberbia, las ambiciones desmedidas, la injusticia, la intolerancia\u2026<br \/>\nA\u00fan estando unidos como Naci\u00f3n, no logramos recuperar lo que se nos ha arrebatado, las Malvinas.<br \/>\nEl enemigo era y es visible.<br \/>\nEterna gratitud a quienes quedaron, para siempre en las heladas tierras y a aquellos que regresaron y nos recuerdan que formaron parte de esa \u00e9poca rodeados de MUERTE.<br \/>\nHoy, abril del 2020, como argentinos, nos toca librar otra batalla, esta vez, contra un enemigo invisible. Para ello es necesario que cada uno ocupe el lugar que le corresponde con responsabilidad, solidaridad, honestidad y respeto.<br \/>\nEste frente de combate nos tiene que encontrar fortalecidos como ciudadanos. Estamos escribiendo, cada d\u00eda, el libreto de la VIDA sobre un escenario de incertidumbre.<\/p>\n<p>&#8212;&#8212;&#8212;&#8212;&#8212;&#8212;&#8212;&#8212;&#8212;&#8212;&#8212;&#8212;&#8212;&#8212;&#8212;&#8212;&#8212;&#8212;&#8212;&#8212;<\/p>\n<p>De aquel 2 de abril de 1982 aprendimos muchas cosas. No tanto de geopol\u00edtica o estrategias militares, sino de HUMANIDAD.<br \/>\nAprendimos de aquellos \u201cchicos de la guerra\u201d que demostraron coraje, valent\u00eda y patriotismo, sirviendo a toda la Naci\u00f3n Argentina, con total hero\u00edsmo.<br \/>\nHoy recordamos y valoramos a los h\u00e9roes de ayer , y a los h\u00e9roes de hoy, que llevan uniforme blanco , a los agentes de salud y seguridad, a todos los que hace 38 a\u00f1os y a los que por estos d\u00edas, se juegan su vida para cuidar la de sus semejantes.<br \/>\nA todos ellos, va nuestro m\u00e1s profundo respecto y nuestra m\u00e1s sincera admiraci\u00f3n.<\/p>\n<p>HONORABLE CONCEJO DELIBERANTE<br \/>\nTORNQUIST<br \/>\n&#8212;&#8212;&#8212;&#8212;&#8212;&#8212;&#8212;&#8212;&#8212;&#8212;&#8212;&#8212;&#8212;&#8212;&#8212;&#8212;&#8212;-<br \/>\nNuestro homenaje a los veteranos y a los ca\u00eddos en la Guerra de Malvinas. Ser\u00e1n por siempre nuestros h\u00e9roes.<br \/>\nTambi\u00e9n reafirmamos el reclamo por la soberan\u00eda argentina de las Islas Malvinas, siempre mediante el camino de la paz y la diplomacia. #MalvinasArgentinas<br \/>\n<strong>Comit\u00e9 de la UCR Tornquist<\/strong><a href=\"http:\/\/www.noticiasradioreflejos.com.ar\/noticias\/wp-content\/uploads\/2020\/04\/image.png\"><img loading=\"lazy\" decoding=\"async\" class=\"aligncenter size-full wp-image-40323\" src=\"http:\/\/www.noticiasradioreflejos.com.ar\/noticias\/wp-content\/uploads\/2020\/04\/image.png\" alt=\"image\" width=\"960\" height=\"960\" \/><\/a><\/p>\n","protected":false},"excerpt":{"rendered":"<p>Mensajes por la fecha conmemorativa.<\/p>\n","protected":false},"author":3,"featured_media":0,"comment_status":"closed","ping_status":"open","sticky":false,"template":"","format":"standard","meta":{"footnotes":""},"categories":[26],"tags":[],"class_list":["post-40316","post","type-post","status-publish","format-standard","hentry","category-sociedad"],"yoast_head":"<!-- This site is optimized with the Yoast SEO plugin v25.9 - https:\/\/yoast.com\/wordpress\/plugins\/seo\/ -->\n<title>2 de Abril: D\u00eda del Veterano y Ca\u00eddos en la Guerra de Malvinas - Noticias Radio Reflejos<\/title>\n<meta name=\"robots\" content=\"index, follow, max-snippet:-1, max-image-preview:large, max-video-preview:-1\" \/>\n<link rel=\"canonical\" href=\"https:\/\/www.noticiasradioreflejos.com.ar\/2021\/2-de-abril-dia-del-veterano-y-caidos-en-la-guerra-de-malvinas\/\" \/>\n<meta property=\"og:locale\" content=\"es_ES\" \/>\n<meta property=\"og:type\" content=\"article\" \/>\n<meta property=\"og:title\" content=\"2 de Abril: D\u00eda del Veterano y Ca\u00eddos en la Guerra de Malvinas - Noticias Radio Reflejos\" \/>\n<meta property=\"og:description\" content=\"Mensajes por la fecha conmemorativa.\" \/>\n<meta property=\"og:url\" content=\"https:\/\/www.noticiasradioreflejos.com.ar\/2021\/2-de-abril-dia-del-veterano-y-caidos-en-la-guerra-de-malvinas\/\" \/>\n<meta property=\"og:site_name\" content=\"Noticias Radio Reflejos\" \/>\n<meta property=\"article:published_time\" content=\"2020-04-02T13:03:25+00:00\" \/>\n<meta property=\"og:image\" content=\"https:\/\/www.noticiasradioreflejos.com.ar\/2021\/wp-content\/uploads\/2021\/07\/logosol300x200.png\" \/>\n\t<meta property=\"og:image:width\" content=\"300\" \/>\n\t<meta property=\"og:image:height\" content=\"200\" \/>\n\t<meta property=\"og:image:type\" content=\"image\/png\" \/>\n<meta name=\"author\" content=\"Arnaldo Botto\" \/>\n<meta name=\"twitter:card\" content=\"summary_large_image\" \/>\n<script type=\"application\/ld+json\" class=\"yoast-schema-graph\">{\"@context\":\"https:\/\/schema.org\",\"@graph\":[{\"@type\":\"WebPage\",\"@id\":\"https:\/\/www.noticiasradioreflejos.com.ar\/2021\/2-de-abril-dia-del-veterano-y-caidos-en-la-guerra-de-malvinas\/\",\"url\":\"https:\/\/www.noticiasradioreflejos.com.ar\/2021\/2-de-abril-dia-del-veterano-y-caidos-en-la-guerra-de-malvinas\/\",\"name\":\"2 de Abril: D\u00eda del Veterano y Ca\u00eddos en la Guerra de Malvinas - Noticias Radio Reflejos\",\"isPartOf\":{\"@id\":\"https:\/\/www.noticiasradioreflejos.com.ar\/2021\/#website\"},\"primaryImageOfPage\":{\"@id\":\"https:\/\/www.noticiasradioreflejos.com.ar\/2021\/2-de-abril-dia-del-veterano-y-caidos-en-la-guerra-de-malvinas\/#primaryimage\"},\"image\":{\"@id\":\"https:\/\/www.noticiasradioreflejos.com.ar\/2021\/2-de-abril-dia-del-veterano-y-caidos-en-la-guerra-de-malvinas\/#primaryimage\"},\"thumbnailUrl\":\"http:\/\/www.noticiasradioreflejos.com.ar\/noticias\/wp-content\/uploads\/2020\/04\/image.png\",\"datePublished\":\"2020-04-02T13:03:25+00:00\",\"author\":{\"@id\":\"https:\/\/www.noticiasradioreflejos.com.ar\/2021\/#\/schema\/person\/ad82545263dcc5ec0996818884fd5fb1\"},\"breadcrumb\":{\"@id\":\"https:\/\/www.noticiasradioreflejos.com.ar\/2021\/2-de-abril-dia-del-veterano-y-caidos-en-la-guerra-de-malvinas\/#breadcrumb\"},\"inLanguage\":\"es\",\"potentialAction\":[{\"@type\":\"ReadAction\",\"target\":[\"https:\/\/www.noticiasradioreflejos.com.ar\/2021\/2-de-abril-dia-del-veterano-y-caidos-en-la-guerra-de-malvinas\/\"]}]},{\"@type\":\"ImageObject\",\"inLanguage\":\"es\",\"@id\":\"https:\/\/www.noticiasradioreflejos.com.ar\/2021\/2-de-abril-dia-del-veterano-y-caidos-en-la-guerra-de-malvinas\/#primaryimage\",\"url\":\"http:\/\/www.noticiasradioreflejos.com.ar\/noticias\/wp-content\/uploads\/2020\/04\/image.png\",\"contentUrl\":\"http:\/\/www.noticiasradioreflejos.com.ar\/noticias\/wp-content\/uploads\/2020\/04\/image.png\"},{\"@type\":\"BreadcrumbList\",\"@id\":\"https:\/\/www.noticiasradioreflejos.com.ar\/2021\/2-de-abril-dia-del-veterano-y-caidos-en-la-guerra-de-malvinas\/#breadcrumb\",\"itemListElement\":[{\"@type\":\"ListItem\",\"position\":1,\"name\":\"Portada\",\"item\":\"https:\/\/www.noticiasradioreflejos.com.ar\/2021\/\"},{\"@type\":\"ListItem\",\"position\":2,\"name\":\"2 de Abril: D\u00eda del Veterano y Ca\u00eddos en la Guerra de Malvinas\"}]},{\"@type\":\"WebSite\",\"@id\":\"https:\/\/www.noticiasradioreflejos.com.ar\/2021\/#website\",\"url\":\"https:\/\/www.noticiasradioreflejos.com.ar\/2021\/\",\"name\":\"Noticias Radio Reflejos\",\"description\":\"Las noticias de mi comarca\",\"potentialAction\":[{\"@type\":\"SearchAction\",\"target\":{\"@type\":\"EntryPoint\",\"urlTemplate\":\"https:\/\/www.noticiasradioreflejos.com.ar\/2021\/?s={search_term_string}\"},\"query-input\":{\"@type\":\"PropertyValueSpecification\",\"valueRequired\":true,\"valueName\":\"search_term_string\"}}],\"inLanguage\":\"es\"},{\"@type\":\"Person\",\"@id\":\"https:\/\/www.noticiasradioreflejos.com.ar\/2021\/#\/schema\/person\/ad82545263dcc5ec0996818884fd5fb1\",\"name\":\"Arnaldo Botto\",\"image\":{\"@type\":\"ImageObject\",\"inLanguage\":\"es\",\"@id\":\"https:\/\/www.noticiasradioreflejos.com.ar\/2021\/#\/schema\/person\/image\/\",\"url\":\"https:\/\/secure.gravatar.com\/avatar\/55cb5e37c1efa326397366e6974cb338056df65cb50e7d64d1cf314e87504837?s=96&d=mm&r=g\",\"contentUrl\":\"https:\/\/secure.gravatar.com\/avatar\/55cb5e37c1efa326397366e6974cb338056df65cb50e7d64d1cf314e87504837?s=96&d=mm&r=g\",\"caption\":\"Arnaldo Botto\"},\"url\":\"https:\/\/www.noticiasradioreflejos.com.ar\/2021\/author\/arnaldo\/\"}]}<\/script>\n<!-- \/ Yoast SEO plugin. -->","yoast_head_json":{"title":"2 de Abril: D\u00eda del Veterano y Ca\u00eddos en la Guerra de Malvinas - Noticias Radio Reflejos","robots":{"index":"index","follow":"follow","max-snippet":"max-snippet:-1","max-image-preview":"max-image-preview:large","max-video-preview":"max-video-preview:-1"},"canonical":"https:\/\/www.noticiasradioreflejos.com.ar\/2021\/2-de-abril-dia-del-veterano-y-caidos-en-la-guerra-de-malvinas\/","og_locale":"es_ES","og_type":"article","og_title":"2 de Abril: D\u00eda del Veterano y Ca\u00eddos en la Guerra de Malvinas - Noticias Radio Reflejos","og_description":"Mensajes por la fecha conmemorativa.","og_url":"https:\/\/www.noticiasradioreflejos.com.ar\/2021\/2-de-abril-dia-del-veterano-y-caidos-en-la-guerra-de-malvinas\/","og_site_name":"Noticias Radio Reflejos","article_published_time":"2020-04-02T13:03:25+00:00","og_image":[{"width":300,"height":200,"url":"https:\/\/www.noticiasradioreflejos.com.ar\/2021\/wp-content\/uploads\/2021\/07\/logosol300x200.png","type":"image\/png"}],"author":"Arnaldo Botto","twitter_card":"summary_large_image","schema":{"@context":"https:\/\/schema.org","@graph":[{"@type":"WebPage","@id":"https:\/\/www.noticiasradioreflejos.com.ar\/2021\/2-de-abril-dia-del-veterano-y-caidos-en-la-guerra-de-malvinas\/","url":"https:\/\/www.noticiasradioreflejos.com.ar\/2021\/2-de-abril-dia-del-veterano-y-caidos-en-la-guerra-de-malvinas\/","name":"2 de Abril: D\u00eda del Veterano y Ca\u00eddos en la Guerra de Malvinas - Noticias Radio Reflejos","isPartOf":{"@id":"https:\/\/www.noticiasradioreflejos.com.ar\/2021\/#website"},"primaryImageOfPage":{"@id":"https:\/\/www.noticiasradioreflejos.com.ar\/2021\/2-de-abril-dia-del-veterano-y-caidos-en-la-guerra-de-malvinas\/#primaryimage"},"image":{"@id":"https:\/\/www.noticiasradioreflejos.com.ar\/2021\/2-de-abril-dia-del-veterano-y-caidos-en-la-guerra-de-malvinas\/#primaryimage"},"thumbnailUrl":"http:\/\/www.noticiasradioreflejos.com.ar\/noticias\/wp-content\/uploads\/2020\/04\/image.png","datePublished":"2020-04-02T13:03:25+00:00","author":{"@id":"https:\/\/www.noticiasradioreflejos.com.ar\/2021\/#\/schema\/person\/ad82545263dcc5ec0996818884fd5fb1"},"breadcrumb":{"@id":"https:\/\/www.noticiasradioreflejos.com.ar\/2021\/2-de-abril-dia-del-veterano-y-caidos-en-la-guerra-de-malvinas\/#breadcrumb"},"inLanguage":"es","potentialAction":[{"@type":"ReadAction","target":["https:\/\/www.noticiasradioreflejos.com.ar\/2021\/2-de-abril-dia-del-veterano-y-caidos-en-la-guerra-de-malvinas\/"]}]},{"@type":"ImageObject","inLanguage":"es","@id":"https:\/\/www.noticiasradioreflejos.com.ar\/2021\/2-de-abril-dia-del-veterano-y-caidos-en-la-guerra-de-malvinas\/#primaryimage","url":"http:\/\/www.noticiasradioreflejos.com.ar\/noticias\/wp-content\/uploads\/2020\/04\/image.png","contentUrl":"http:\/\/www.noticiasradioreflejos.com.ar\/noticias\/wp-content\/uploads\/2020\/04\/image.png"},{"@type":"BreadcrumbList","@id":"https:\/\/www.noticiasradioreflejos.com.ar\/2021\/2-de-abril-dia-del-veterano-y-caidos-en-la-guerra-de-malvinas\/#breadcrumb","itemListElement":[{"@type":"ListItem","position":1,"name":"Portada","item":"https:\/\/www.noticiasradioreflejos.com.ar\/2021\/"},{"@type":"ListItem","position":2,"name":"2 de Abril: D\u00eda del Veterano y Ca\u00eddos en la Guerra de Malvinas"}]},{"@type":"WebSite","@id":"https:\/\/www.noticiasradioreflejos.com.ar\/2021\/#website","url":"https:\/\/www.noticiasradioreflejos.com.ar\/2021\/","name":"Noticias Radio Reflejos","description":"Las noticias de mi comarca","potentialAction":[{"@type":"SearchAction","target":{"@type":"EntryPoint","urlTemplate":"https:\/\/www.noticiasradioreflejos.com.ar\/2021\/?s={search_term_string}"},"query-input":{"@type":"PropertyValueSpecification","valueRequired":true,"valueName":"search_term_string"}}],"inLanguage":"es"},{"@type":"Person","@id":"https:\/\/www.noticiasradioreflejos.com.ar\/2021\/#\/schema\/person\/ad82545263dcc5ec0996818884fd5fb1","name":"Arnaldo Botto","image":{"@type":"ImageObject","inLanguage":"es","@id":"https:\/\/www.noticiasradioreflejos.com.ar\/2021\/#\/schema\/person\/image\/","url":"https:\/\/secure.gravatar.com\/avatar\/55cb5e37c1efa326397366e6974cb338056df65cb50e7d64d1cf314e87504837?s=96&d=mm&r=g","contentUrl":"https:\/\/secure.gravatar.com\/avatar\/55cb5e37c1efa326397366e6974cb338056df65cb50e7d64d1cf314e87504837?s=96&d=mm&r=g","caption":"Arnaldo Botto"},"url":"https:\/\/www.noticiasradioreflejos.com.ar\/2021\/author\/arnaldo\/"}]}},"_links":{"self":[{"href":"https:\/\/www.noticiasradioreflejos.com.ar\/2021\/wp-json\/wp\/v2\/posts\/40316","targetHints":{"allow":["GET"]}}],"collection":[{"href":"https:\/\/www.noticiasradioreflejos.com.ar\/2021\/wp-json\/wp\/v2\/posts"}],"about":[{"href":"https:\/\/www.noticiasradioreflejos.com.ar\/2021\/wp-json\/wp\/v2\/types\/post"}],"author":[{"embeddable":true,"href":"https:\/\/www.noticiasradioreflejos.com.ar\/2021\/wp-json\/wp\/v2\/users\/3"}],"replies":[{"embeddable":true,"href":"https:\/\/www.noticiasradioreflejos.com.ar\/2021\/wp-json\/wp\/v2\/comments?post=40316"}],"version-history":[{"count":0,"href":"https:\/\/www.noticiasradioreflejos.com.ar\/2021\/wp-json\/wp\/v2\/posts\/40316\/revisions"}],"wp:attachment":[{"href":"https:\/\/www.noticiasradioreflejos.com.ar\/2021\/wp-json\/wp\/v2\/media?parent=40316"}],"wp:term":[{"taxonomy":"category","embeddable":true,"href":"https:\/\/www.noticiasradioreflejos.com.ar\/2021\/wp-json\/wp\/v2\/categories?post=40316"},{"taxonomy":"post_tag","embeddable":true,"href":"https:\/\/www.noticiasradioreflejos.com.ar\/2021\/wp-json\/wp\/v2\/tags?post=40316"}],"curies":[{"name":"wp","href":"https:\/\/api.w.org\/{rel}","templated":true}]}}