{"id":40313,"date":"2020-04-02T09:22:34","date_gmt":"2020-04-02T12:22:34","guid":{"rendered":"http:\/\/www.noticiasradioreflejos.com.ar\/noticias\/?p=40313"},"modified":"2020-04-02T09:22:34","modified_gmt":"2020-04-02T12:22:34","slug":"se-prorroga-hasta-el-3-de-abril-inclusive-la-pre-inscripcion-al-ingreso-de-emergencia-para-todas-las-terminaciones","status":"publish","type":"post","link":"https:\/\/www.noticiasradioreflejos.com.ar\/2021\/se-prorroga-hasta-el-3-de-abril-inclusive-la-pre-inscripcion-al-ingreso-de-emergencia-para-todas-las-terminaciones\/","title":{"rendered":"Se prorroga hasta el 3 de abril inclusive la pre-inscripci\u00f3n al ingreso de emergencia para todas las terminaciones."},"content":{"rendered":"<p>La ANSES informa que se prorroga hasta el 3 de abril para quienes no pudieron acceder a la p\u00e1gina y podr\u00e1n hacerlo todas las terminaciones de DNI<!--more--><br \/>\nEn este sentido, la ANSES informa que los interesados en concretar la pre-inscripci\u00f3n para cobrar este beneficio y que no pudieron acceder en las fechas indicadas, pueden hacerlo a partir de las 00 hs del 1 de abril hasta las 23, 59 hs del 3 de abril.<br \/>\nDespu\u00e9s de concretada esta preinscripci\u00f3n la ANSES llevar\u00e1 adelante un r\u00e1pido relevamiento de datos de la informaci\u00f3n recibida de los solicitantes y, posteriormente, solicitar\u00e1 a \u00e9stos toda una serie de datos complementarios como, por ejemplo, sus n\u00fameros de cuentas bancarias.<br \/>\nEs importante se\u00f1alar que el IFE se otorgar\u00e1 a las personas que est\u00e1n desempleadas, trabajen de manera informal, sean monotributistas de las categor\u00edas \u201cA\u201d y \u201cB\u201d o, tambi\u00e9n, trabajadoras de casas particulares, as\u00ed como a todos los beneficiarios de la AUH, quienes cobrar\u00e1n esta ayuda a trav\u00e9s de su CBU.<br \/>\nPara que todas estas personas puedan acceder al IFE deben cumplir dos requisitos: 1) Ser argentino nativo o naturalizado y residente, con una residencia legal en el pa\u00eds no inferior a dos a\u00f1os, y 2) Tener entre 18 y 65 a\u00f1os de edad.<br \/>\nAsimismo, cualquiera que re\u00fana estas condiciones s\u00f3lo podr\u00e1 acceder al IFE siempre que \u00e9l o alg\u00fan miembro de su grupo familiar no perciban ingresos provenientes:<br \/>\na) de un trabajo en relaci\u00f3n de dependencia p\u00fablico o privado;<br \/>\nb) de ser monotributista de categor\u00eda \u201cC\u201d o superior o del r\u00e9gimen de aut\u00f3nomos;<br \/>\nc) de una prestaci\u00f3n de desempleo;<br \/>\nd) de jubilaciones, pensiones o retiros contributivos o no contributivos nacionales, provinciales, municipales o de la Ciudad Aut\u00f3noma de Buenos Aires (CABA).<br \/>\ne) de planes sociales, salario social complementario, Hacemos Futuro, Potenciar Trabajo u otros programas sociales nacionales, provinciales o municipales, a excepci\u00f3n de los de la AUH o Embarazo.<br \/>\nEl IFE se abonar\u00e1 por \u00fanica vez en el mes de abril, si bien podr\u00e1 ser prorrogado en caso de ser necesario.<br \/>\nFinalmente, cabe destacar que es muy importante que los beneficiarios de la Asignaci\u00f3n Universal por Hijo (AUH) se abstengan de realizar esta pre-inscripci\u00f3n ya que est\u00e1n autom\u00e1ticamente incluidos en el IFE y cobrar\u00e1n los 10.000 pesos en la misma cuenta en la que reciben pagos todos los meses.<\/p>\n<p><a href=\"http:\/\/www.noticiasradioreflejos.com.ar\/noticias\/wp-content\/uploads\/2020\/04\/Turnos.jpg\"><img loading=\"lazy\" decoding=\"async\" class=\"aligncenter size-large wp-image-40314\" src=\"http:\/\/www.noticiasradioreflejos.com.ar\/noticias\/wp-content\/uploads\/2020\/04\/Turnos-780x1024.jpg\" alt=\"Turnos\" width=\"780\" height=\"1024\" \/><\/a><\/p>\n","protected":false},"excerpt":{"rendered":"<p>La ANSES informa que se prorroga hasta el 3 de abril para quienes no pudieron acceder a la p\u00e1gina y podr\u00e1n hacerlo todas las terminaciones de DNI<\/p>\n","protected":false},"author":3,"featured_media":0,"comment_status":"closed","ping_status":"open","sticky":false,"template":"","format":"standard","meta":{"footnotes":""},"categories":[26],"tags":[],"class_list":["post-40313","post","type-post","status-publish","format-standard","hentry","category-sociedad"],"yoast_head":"<!-- This site is optimized with the Yoast SEO plugin v25.9 - https:\/\/yoast.com\/wordpress\/plugins\/seo\/ -->\n<title>Se prorroga hasta el 3 de abril inclusive la pre-inscripci\u00f3n al ingreso de emergencia para todas las terminaciones. - Noticias Radio Reflejos<\/title>\n<meta name=\"robots\" content=\"index, follow, max-snippet:-1, max-image-preview:large, max-video-preview:-1\" \/>\n<link rel=\"canonical\" href=\"https:\/\/www.noticiasradioreflejos.com.ar\/2021\/se-prorroga-hasta-el-3-de-abril-inclusive-la-pre-inscripcion-al-ingreso-de-emergencia-para-todas-las-terminaciones\/\" \/>\n<meta property=\"og:locale\" content=\"es_ES\" \/>\n<meta property=\"og:type\" content=\"article\" \/>\n<meta property=\"og:title\" content=\"Se prorroga hasta el 3 de abril inclusive la pre-inscripci\u00f3n al ingreso de emergencia para todas las terminaciones. - Noticias Radio Reflejos\" \/>\n<meta property=\"og:description\" content=\"La ANSES informa que se prorroga hasta el 3 de abril para quienes no pudieron acceder a la p\u00e1gina y podr\u00e1n hacerlo todas las terminaciones de DNI\" \/>\n<meta property=\"og:url\" content=\"https:\/\/www.noticiasradioreflejos.com.ar\/2021\/se-prorroga-hasta-el-3-de-abril-inclusive-la-pre-inscripcion-al-ingreso-de-emergencia-para-todas-las-terminaciones\/\" \/>\n<meta property=\"og:site_name\" content=\"Noticias Radio Reflejos\" \/>\n<meta property=\"article:published_time\" content=\"2020-04-02T12:22:34+00:00\" \/>\n<meta property=\"og:image\" content=\"https:\/\/www.noticiasradioreflejos.com.ar\/2021\/wp-content\/uploads\/2021\/07\/logosol300x200.png\" \/>\n\t<meta property=\"og:image:width\" content=\"300\" \/>\n\t<meta property=\"og:image:height\" content=\"200\" \/>\n\t<meta property=\"og:image:type\" content=\"image\/png\" \/>\n<meta name=\"author\" content=\"Arnaldo Botto\" \/>\n<meta name=\"twitter:card\" content=\"summary_large_image\" \/>\n<script type=\"application\/ld+json\" class=\"yoast-schema-graph\">{\"@context\":\"https:\/\/schema.org\",\"@graph\":[{\"@type\":\"WebPage\",\"@id\":\"https:\/\/www.noticiasradioreflejos.com.ar\/2021\/se-prorroga-hasta-el-3-de-abril-inclusive-la-pre-inscripcion-al-ingreso-de-emergencia-para-todas-las-terminaciones\/\",\"url\":\"https:\/\/www.noticiasradioreflejos.com.ar\/2021\/se-prorroga-hasta-el-3-de-abril-inclusive-la-pre-inscripcion-al-ingreso-de-emergencia-para-todas-las-terminaciones\/\",\"name\":\"Se prorroga hasta el 3 de abril inclusive la pre-inscripci\u00f3n al ingreso de emergencia para todas las terminaciones. - Noticias Radio Reflejos\",\"isPartOf\":{\"@id\":\"https:\/\/www.noticiasradioreflejos.com.ar\/2021\/#website\"},\"primaryImageOfPage\":{\"@id\":\"https:\/\/www.noticiasradioreflejos.com.ar\/2021\/se-prorroga-hasta-el-3-de-abril-inclusive-la-pre-inscripcion-al-ingreso-de-emergencia-para-todas-las-terminaciones\/#primaryimage\"},\"image\":{\"@id\":\"https:\/\/www.noticiasradioreflejos.com.ar\/2021\/se-prorroga-hasta-el-3-de-abril-inclusive-la-pre-inscripcion-al-ingreso-de-emergencia-para-todas-las-terminaciones\/#primaryimage\"},\"thumbnailUrl\":\"http:\/\/www.noticiasradioreflejos.com.ar\/noticias\/wp-content\/uploads\/2020\/04\/Turnos-780x1024.jpg\",\"datePublished\":\"2020-04-02T12:22:34+00:00\",\"author\":{\"@id\":\"https:\/\/www.noticiasradioreflejos.com.ar\/2021\/#\/schema\/person\/ad82545263dcc5ec0996818884fd5fb1\"},\"breadcrumb\":{\"@id\":\"https:\/\/www.noticiasradioreflejos.com.ar\/2021\/se-prorroga-hasta-el-3-de-abril-inclusive-la-pre-inscripcion-al-ingreso-de-emergencia-para-todas-las-terminaciones\/#breadcrumb\"},\"inLanguage\":\"es\",\"potentialAction\":[{\"@type\":\"ReadAction\",\"target\":[\"https:\/\/www.noticiasradioreflejos.com.ar\/2021\/se-prorroga-hasta-el-3-de-abril-inclusive-la-pre-inscripcion-al-ingreso-de-emergencia-para-todas-las-terminaciones\/\"]}]},{\"@type\":\"ImageObject\",\"inLanguage\":\"es\",\"@id\":\"https:\/\/www.noticiasradioreflejos.com.ar\/2021\/se-prorroga-hasta-el-3-de-abril-inclusive-la-pre-inscripcion-al-ingreso-de-emergencia-para-todas-las-terminaciones\/#primaryimage\",\"url\":\"http:\/\/www.noticiasradioreflejos.com.ar\/noticias\/wp-content\/uploads\/2020\/04\/Turnos-780x1024.jpg\",\"contentUrl\":\"http:\/\/www.noticiasradioreflejos.com.ar\/noticias\/wp-content\/uploads\/2020\/04\/Turnos-780x1024.jpg\"},{\"@type\":\"BreadcrumbList\",\"@id\":\"https:\/\/www.noticiasradioreflejos.com.ar\/2021\/se-prorroga-hasta-el-3-de-abril-inclusive-la-pre-inscripcion-al-ingreso-de-emergencia-para-todas-las-terminaciones\/#breadcrumb\",\"itemListElement\":[{\"@type\":\"ListItem\",\"position\":1,\"name\":\"Portada\",\"item\":\"https:\/\/www.noticiasradioreflejos.com.ar\/2021\/\"},{\"@type\":\"ListItem\",\"position\":2,\"name\":\"Se prorroga hasta el 3 de abril inclusive la pre-inscripci\u00f3n al ingreso de emergencia para todas las terminaciones.\"}]},{\"@type\":\"WebSite\",\"@id\":\"https:\/\/www.noticiasradioreflejos.com.ar\/2021\/#website\",\"url\":\"https:\/\/www.noticiasradioreflejos.com.ar\/2021\/\",\"name\":\"Noticias Radio Reflejos\",\"description\":\"Las noticias de mi comarca\",\"potentialAction\":[{\"@type\":\"SearchAction\",\"target\":{\"@type\":\"EntryPoint\",\"urlTemplate\":\"https:\/\/www.noticiasradioreflejos.com.ar\/2021\/?s={search_term_string}\"},\"query-input\":{\"@type\":\"PropertyValueSpecification\",\"valueRequired\":true,\"valueName\":\"search_term_string\"}}],\"inLanguage\":\"es\"},{\"@type\":\"Person\",\"@id\":\"https:\/\/www.noticiasradioreflejos.com.ar\/2021\/#\/schema\/person\/ad82545263dcc5ec0996818884fd5fb1\",\"name\":\"Arnaldo Botto\",\"image\":{\"@type\":\"ImageObject\",\"inLanguage\":\"es\",\"@id\":\"https:\/\/www.noticiasradioreflejos.com.ar\/2021\/#\/schema\/person\/image\/\",\"url\":\"https:\/\/secure.gravatar.com\/avatar\/55cb5e37c1efa326397366e6974cb338056df65cb50e7d64d1cf314e87504837?s=96&d=mm&r=g\",\"contentUrl\":\"https:\/\/secure.gravatar.com\/avatar\/55cb5e37c1efa326397366e6974cb338056df65cb50e7d64d1cf314e87504837?s=96&d=mm&r=g\",\"caption\":\"Arnaldo Botto\"},\"url\":\"https:\/\/www.noticiasradioreflejos.com.ar\/2021\/author\/arnaldo\/\"}]}<\/script>\n<!-- \/ Yoast SEO plugin. -->","yoast_head_json":{"title":"Se prorroga hasta el 3 de abril inclusive la pre-inscripci\u00f3n al ingreso de emergencia para todas las terminaciones. - Noticias Radio Reflejos","robots":{"index":"index","follow":"follow","max-snippet":"max-snippet:-1","max-image-preview":"max-image-preview:large","max-video-preview":"max-video-preview:-1"},"canonical":"https:\/\/www.noticiasradioreflejos.com.ar\/2021\/se-prorroga-hasta-el-3-de-abril-inclusive-la-pre-inscripcion-al-ingreso-de-emergencia-para-todas-las-terminaciones\/","og_locale":"es_ES","og_type":"article","og_title":"Se prorroga hasta el 3 de abril inclusive la pre-inscripci\u00f3n al ingreso de emergencia para todas las terminaciones. - Noticias Radio Reflejos","og_description":"La ANSES informa que se prorroga hasta el 3 de abril para quienes no pudieron acceder a la p\u00e1gina y podr\u00e1n hacerlo todas las terminaciones de DNI","og_url":"https:\/\/www.noticiasradioreflejos.com.ar\/2021\/se-prorroga-hasta-el-3-de-abril-inclusive-la-pre-inscripcion-al-ingreso-de-emergencia-para-todas-las-terminaciones\/","og_site_name":"Noticias Radio Reflejos","article_published_time":"2020-04-02T12:22:34+00:00","og_image":[{"width":300,"height":200,"url":"https:\/\/www.noticiasradioreflejos.com.ar\/2021\/wp-content\/uploads\/2021\/07\/logosol300x200.png","type":"image\/png"}],"author":"Arnaldo Botto","twitter_card":"summary_large_image","schema":{"@context":"https:\/\/schema.org","@graph":[{"@type":"WebPage","@id":"https:\/\/www.noticiasradioreflejos.com.ar\/2021\/se-prorroga-hasta-el-3-de-abril-inclusive-la-pre-inscripcion-al-ingreso-de-emergencia-para-todas-las-terminaciones\/","url":"https:\/\/www.noticiasradioreflejos.com.ar\/2021\/se-prorroga-hasta-el-3-de-abril-inclusive-la-pre-inscripcion-al-ingreso-de-emergencia-para-todas-las-terminaciones\/","name":"Se prorroga hasta el 3 de abril inclusive la pre-inscripci\u00f3n al ingreso de emergencia para todas las terminaciones. - Noticias Radio Reflejos","isPartOf":{"@id":"https:\/\/www.noticiasradioreflejos.com.ar\/2021\/#website"},"primaryImageOfPage":{"@id":"https:\/\/www.noticiasradioreflejos.com.ar\/2021\/se-prorroga-hasta-el-3-de-abril-inclusive-la-pre-inscripcion-al-ingreso-de-emergencia-para-todas-las-terminaciones\/#primaryimage"},"image":{"@id":"https:\/\/www.noticiasradioreflejos.com.ar\/2021\/se-prorroga-hasta-el-3-de-abril-inclusive-la-pre-inscripcion-al-ingreso-de-emergencia-para-todas-las-terminaciones\/#primaryimage"},"thumbnailUrl":"http:\/\/www.noticiasradioreflejos.com.ar\/noticias\/wp-content\/uploads\/2020\/04\/Turnos-780x1024.jpg","datePublished":"2020-04-02T12:22:34+00:00","author":{"@id":"https:\/\/www.noticiasradioreflejos.com.ar\/2021\/#\/schema\/person\/ad82545263dcc5ec0996818884fd5fb1"},"breadcrumb":{"@id":"https:\/\/www.noticiasradioreflejos.com.ar\/2021\/se-prorroga-hasta-el-3-de-abril-inclusive-la-pre-inscripcion-al-ingreso-de-emergencia-para-todas-las-terminaciones\/#breadcrumb"},"inLanguage":"es","potentialAction":[{"@type":"ReadAction","target":["https:\/\/www.noticiasradioreflejos.com.ar\/2021\/se-prorroga-hasta-el-3-de-abril-inclusive-la-pre-inscripcion-al-ingreso-de-emergencia-para-todas-las-terminaciones\/"]}]},{"@type":"ImageObject","inLanguage":"es","@id":"https:\/\/www.noticiasradioreflejos.com.ar\/2021\/se-prorroga-hasta-el-3-de-abril-inclusive-la-pre-inscripcion-al-ingreso-de-emergencia-para-todas-las-terminaciones\/#primaryimage","url":"http:\/\/www.noticiasradioreflejos.com.ar\/noticias\/wp-content\/uploads\/2020\/04\/Turnos-780x1024.jpg","contentUrl":"http:\/\/www.noticiasradioreflejos.com.ar\/noticias\/wp-content\/uploads\/2020\/04\/Turnos-780x1024.jpg"},{"@type":"BreadcrumbList","@id":"https:\/\/www.noticiasradioreflejos.com.ar\/2021\/se-prorroga-hasta-el-3-de-abril-inclusive-la-pre-inscripcion-al-ingreso-de-emergencia-para-todas-las-terminaciones\/#breadcrumb","itemListElement":[{"@type":"ListItem","position":1,"name":"Portada","item":"https:\/\/www.noticiasradioreflejos.com.ar\/2021\/"},{"@type":"ListItem","position":2,"name":"Se prorroga hasta el 3 de abril inclusive la pre-inscripci\u00f3n al ingreso de emergencia para todas las terminaciones."}]},{"@type":"WebSite","@id":"https:\/\/www.noticiasradioreflejos.com.ar\/2021\/#website","url":"https:\/\/www.noticiasradioreflejos.com.ar\/2021\/","name":"Noticias Radio Reflejos","description":"Las noticias de mi comarca","potentialAction":[{"@type":"SearchAction","target":{"@type":"EntryPoint","urlTemplate":"https:\/\/www.noticiasradioreflejos.com.ar\/2021\/?s={search_term_string}"},"query-input":{"@type":"PropertyValueSpecification","valueRequired":true,"valueName":"search_term_string"}}],"inLanguage":"es"},{"@type":"Person","@id":"https:\/\/www.noticiasradioreflejos.com.ar\/2021\/#\/schema\/person\/ad82545263dcc5ec0996818884fd5fb1","name":"Arnaldo Botto","image":{"@type":"ImageObject","inLanguage":"es","@id":"https:\/\/www.noticiasradioreflejos.com.ar\/2021\/#\/schema\/person\/image\/","url":"https:\/\/secure.gravatar.com\/avatar\/55cb5e37c1efa326397366e6974cb338056df65cb50e7d64d1cf314e87504837?s=96&d=mm&r=g","contentUrl":"https:\/\/secure.gravatar.com\/avatar\/55cb5e37c1efa326397366e6974cb338056df65cb50e7d64d1cf314e87504837?s=96&d=mm&r=g","caption":"Arnaldo Botto"},"url":"https:\/\/www.noticiasradioreflejos.com.ar\/2021\/author\/arnaldo\/"}]}},"_links":{"self":[{"href":"https:\/\/www.noticiasradioreflejos.com.ar\/2021\/wp-json\/wp\/v2\/posts\/40313","targetHints":{"allow":["GET"]}}],"collection":[{"href":"https:\/\/www.noticiasradioreflejos.com.ar\/2021\/wp-json\/wp\/v2\/posts"}],"about":[{"href":"https:\/\/www.noticiasradioreflejos.com.ar\/2021\/wp-json\/wp\/v2\/types\/post"}],"author":[{"embeddable":true,"href":"https:\/\/www.noticiasradioreflejos.com.ar\/2021\/wp-json\/wp\/v2\/users\/3"}],"replies":[{"embeddable":true,"href":"https:\/\/www.noticiasradioreflejos.com.ar\/2021\/wp-json\/wp\/v2\/comments?post=40313"}],"version-history":[{"count":0,"href":"https:\/\/www.noticiasradioreflejos.com.ar\/2021\/wp-json\/wp\/v2\/posts\/40313\/revisions"}],"wp:attachment":[{"href":"https:\/\/www.noticiasradioreflejos.com.ar\/2021\/wp-json\/wp\/v2\/media?parent=40313"}],"wp:term":[{"taxonomy":"category","embeddable":true,"href":"https:\/\/www.noticiasradioreflejos.com.ar\/2021\/wp-json\/wp\/v2\/categories?post=40313"},{"taxonomy":"post_tag","embeddable":true,"href":"https:\/\/www.noticiasradioreflejos.com.ar\/2021\/wp-json\/wp\/v2\/tags?post=40313"}],"curies":[{"name":"wp","href":"https:\/\/api.w.org\/{rel}","templated":true}]}}