{"id":4031,"date":"2016-11-23T23:17:32","date_gmt":"2016-11-23T23:17:32","guid":{"rendered":"http:\/\/noticiasradioreflejos.com.ar\/noticias\/?p=4031"},"modified":"2016-11-23T23:17:32","modified_gmt":"2016-11-23T23:17:32","slug":"estamos-haciendo-lo-mejor-para-el-distrito-nos-podemos-equivocar-pero-aqui-no-hay-malicia-ni-ambicion-de-poder","status":"publish","type":"post","link":"https:\/\/www.noticiasradioreflejos.com.ar\/2021\/estamos-haciendo-lo-mejor-para-el-distrito-nos-podemos-equivocar-pero-aqui-no-hay-malicia-ni-ambicion-de-poder\/","title":{"rendered":"\u201cEstamos haciendo lo mejor para el distrito, nos podemos equivocar, pero aqu\u00ed no hay malicia ni ambici\u00f3n de poder\u201d"},"content":{"rendered":"<p style=\"text-align: left;\">Cuando el encuentro de Cambiemos del pasado viernes estaba a punto caramelo, Ezequiel Gabella areng\u00f3 a sus seguidores desde el escenario y pidi\u00f3 ante el aplauso de los presentes, que tomara posesi\u00f3n del micr\u00f3fono<strong>\u00a0Sergio Bordoni,<\/strong>\u00a0el Jefe Comunal y l\u00edder del frente.<!--more--><\/p>\n<p>Ante la ovaci\u00f3n y los c\u00e1nticos, Bordoni \u00a0(que prefiere el bajo perfil informativo) se despach\u00f3 y en unos 22 minutos dispar\u00f3 duras cr\u00edticas al gobierno anterior.<br \/>\nDesglosamos las palabras de Bordoni esa noche ante unas 400 personas.<br \/>\n<strong>Sergio Bordoni: \u201cEl perfil m\u00edo es no informar, las obras se tienen que ver por s\u00ed solas\u201d<\/strong><br \/>\n\u201cEstamos para trabajar por el pueblo, y muchas veces se nos critic\u00f3 por no comunicar las decisiones de gobierno y no es porque el \u00e1rea de comunicaci\u00f3n de municipio no funcione, sino porque es el perfil m\u00edo no informar, porque las obras se tienen que ver por s\u00ed solas y es as\u00ed como llegamos a ser gobierno. Nosotros no ten\u00edamos un presupuesto elevado para hacer publicidad y sin embargo el boca a boca nos llev\u00f3 a estar donde hoy estamos, trabajando para la gente\u201d.<br \/>\n<strong>Todos colaboraron<\/strong><br \/>\n\u201cLlevamos 11 meses de gobierno en los cuales todo mi Ejecutivo, todos los concejales, los empleados municipales que se pusieron la camiseta del municipio, hemos logrado cosas important\u00edsimas. Primero, tener sentido de pertenencia por el lugar donde vive cada uno. Lo m\u00e1s importante es escuchar a la gente que es la que te pone o te saca del gobierno a trav\u00e9s del voto\u201d.<br \/>\n<strong>\u201cNos dejaron un municipio quebrado\u201d<\/strong><br \/>\n\u201cEmpezamos el 10 de diciembre el pago de todos los aguinaldos, no ten\u00edamos un peso partido por la mitad. Cuando se habla de que nos dejaron 15 millones de pesos, nos dejaron ese dinero en fondos afectados y hoy yo tengo 30 millones en fondos afectados y no por eso el municipio est\u00e1 saneado. Son fondos para una obra determinada. El 1 de enero, el saldo de caja del municipio era de 48 mil pesos y por eso no detuvimos el municipio, hicimos todas las fiestas habidas y por haber y pudimos tener financiaci\u00f3n para todo\u201d.<br \/>\n\u201cQuiero que sepan que nos dejaron un municipio quebrado, 25 millones fue la deuda de la gente que se fue, es una mentira cuando dicen que nos dejaron 15 millones de pesos\u201d.<br \/>\n<strong>Dinero que llega al municipio y conclusi\u00f3n de obras<\/strong><br \/>\n\u201cEmpezamos a gestionar, la Provincia se endeud\u00f3 y al municipio le vinieron 27 millones de pesos para hacer obras y otros 12 millones destinados a seguridad. Destinamos fondos al hospital, a una bici senda en Sierra de la Ventana, a una ampliaci\u00f3n de gas de Villa Ventana, a desag\u00fces pluviales, cordones cunetas, d\u00e1rsenas de estacionamiento\u2026\u201d.<br \/>\n<strong>\u201cLa obra de asfalto en Saldungaray era una estafa\u201d<\/strong><br \/>\n\u201cTambi\u00e9n hicimos tres cuadras de asfalto en Saldungaray. Antes de las elecciones nos opon\u00edamos, como concejales, a la obra de pavimentaci\u00f3n de la Av. Corrales de dicha localidad porque era una estafa para el Distrito, ya que eran 12 millones de pesos para hacer 1600 metros de asfalto. Ahora nosotros, con la misma empresa, licitamos las tres cuadras de asfalto a $780.000\u201d.<br \/>\n\u201cS\u00e9 que a la gente no le alcanza la plata, pero no podemos hacer milagros en once meses, no se le puede pedir a la Naci\u00f3n ni a la Provincia que arregle un despilfarro de 25 a\u00f1os y a nosotros nos pas\u00f3, porque hoy asfaltar la Av. Corrales saldr\u00eda 5,1 millones\u201d.<br \/>\n<strong>\u201cPararon el barrio para hacer una senda peatonal en Saldungaray, a ver si pod\u00edan revertir un acto eleccionario\u201d<\/strong><br \/>\n\u201cSe nos criticaba que est\u00e1n abandonadas 20 viviendas de un plan que no es social, porque los adjudicatarios van a tener que abonar entre $5.500 y $6.000 de cuota mensual. En realidad la obra est\u00e1 parada, porque estamos rescindiendo contrato con la empresa. Ese barrio, que se tendr\u00eda que haber terminado en febrero, en agosto de 2015, cuando el gobierno de turno pierde las elecciones PASO, se para y mandan a la empresa a cargo (Urbanismo y Construcciones) a hacer la senda peatonal de Saldungaray para poder revertir un acto eleccionario. Esa obra cost\u00f3 3 millones de pesos y ese dinero est\u00e1 dentro de los 25 que dejaron de deuda, por lo que estamos pagando nosotros. Estoy de acuerdo con que se haya hecho, pero est\u00e1 sobrevaluada\u201d.<br \/>\n<strong>\u201cTodas las empresas quebraron\u201d<\/strong><br \/>\n\u201cTodas las empresas que ellos contrataron para hacer obra p\u00fablica, quebraron. Marrafini Construcciones (Plan de viviendas Plurianual Reconvertido), la de la plaza \u2018Ernesto Tornquist\u2019 y la del Jard\u00edn de Infantes N\u00ba 907 se fueron sin terminar las obras y ahora dicen que nosotros tenemos las obras paradas y no es as\u00ed. Las obras de los 27 millones de pesos del Fondo de Infraestructura Municipal que manda la Provincia se est\u00e1n ejecutando con mano de obra local. En los ocho a\u00f1os de gesti\u00f3n anterior, las empresas de afuera que agarraban las obras las tercerizaban con gente de Tornquist y les pagaban dos con cincuenta. Hoy la plata est\u00e1 quedando en los laburantes de nuestra ciudad\u201d.<br \/>\n<strong>Somos transparentes y no hay \u201cCometas\u201d<\/strong><br \/>\n\u201cEstoy cansado de que hablen pavadas, pero tener una oposici\u00f3n como la que tenemos hoy a nosotros nos reconforta, porque nosotros vamos con la verdad. Somos transparentes y no hay cometa, ac\u00e1 la gente se lleva lo que se tiene que llevar\u201d.<br \/>\n<strong>Obras y concesiones de puntos tur\u00edsticos<\/strong><br \/>\n\u201cM\u00e1s all\u00e1 de las obras que se est\u00e1n haciendo, como la sala de Primeros Auxilios de La Gruta, la ampliaci\u00f3n de la red de GLP de Villa Ventana y del Hospital Municipal, las c\u00e1maras de seguridad de Saldungaray,<br \/>\n\u201cConcesionamos todos los espacios p\u00fablicos del distrito que, m\u00e1s all\u00e1 de lo que est\u00e9n diciendo, nosotros estamos convencidos que las personas que ganaron las licitaciones son las adecuadas para hacerse cargo de los lugares. Tuvieron 25 a\u00f1os en Parque Norte manteniendo a un impresentable en su concesi\u00f3n, no solo usufructuando durante todo ese tiempo sino que lo destruy\u00f3 por completo\u201d.<br \/>\n\u201cSi todos los que estamos ac\u00e1 adentro sabemos de lo que estamos hablando, podemos salir a revertir los hechos de los que est\u00e1n hablando y las mentiras que est\u00e1n diciendo\u201d.<br \/>\n<strong>Servicios urbanos y \u00e1rea de salud<\/strong><br \/>\n\u201cEs cierto que nos falta mucho, como barrer las calles y me hago cargo, porque s\u00e9 que est\u00e1 mal. Para febrero vamos a tener comprada una barredora que se gestion\u00f3 y no le va a salir un peso al contribuyente de Tornquist\u201d.<br \/>\n<strong>\u201cDecidir qui\u00e9n viene a operar al hospital y terminar con los monopolios\u201d<\/strong><br \/>\n\u201cEl hospital parec\u00eda que iba a cerrar, no se pod\u00eda sostener, que no iban a venir m\u00e1s m\u00e9dicos a Tornquist. El martes(Por el martes 22), un traumat\u00f3logo estable que vino de El Calafate, \u00a0va a hacer la primera operaci\u00f3n de pr\u00f3tesis. Hemos adquirido un equipo para hacer laparoscop\u00eda. Antes ese aparato lo ten\u00eda un m\u00e9dico pero dijimos que tiene que ser nuestro, porque nosotros decidimos qui\u00e9n viene a operar y se termina el monopolio\u201d.<br \/>\n\u201cTambi\u00e9n se va a incorporar la digitalizaci\u00f3n de rayos y mamograf\u00edas. Incorporamos dos ambulancias, una en comodato y una nueva para Sierra de la Ventana y equipada como nunca. Para el a\u00f1o que viene, si hay un Fondo de Infraestructura, vamos a dar como prioridad la ampliaci\u00f3n de la sala de Sierra de la Ventana que tendr\u00e1, por lo menos, diez camas (hoy tiene dos) y el sal\u00f3n en el que tenemos la maquinaria va a ser trasladado al corral\u00f3n\u201d.<br \/>\n<strong>\u201cTrabajo en las localidades con un gran equipo\u201d<\/strong><br \/>\n\u201cQuiero que sepan que se est\u00e1 trabajando en todas las localidades, tratamos de ser un gobierno federal, de llegar a todos los vecinos, escuchar a todas las instituciones. Cuando nos reunimos todos los intendentes en Tecn\u00f3polis, el presidente Mauricio Macri nos dijo que utilicemos una herramienta fundamental como es el Presupuesto Participativo y nosotros ya lo utilizamos\u201d.<br \/>\n\u201cTengo un grupo de gente que me acompa\u00f1a a full e instituciones que tambi\u00e9n, porque son las que nos dan vida. Si tengo instituciones vivas y las apoyo, la funci\u00f3n del Ejecutivo es mucho m\u00e1s simple\u201d.<br \/>\n<strong>Reflotar pileta climatizada<\/strong><br \/>\n\u201cLa gesti\u00f3n del gobierno de Marcelo Buschi dej\u00f3 una pileta climatizada para terminar en Tornquist, pero el gobierno anterior, como ven\u00eda de otra gesti\u00f3n se mand\u00f3 al archivo. Estamos tratando de reflotarla a trav\u00e9s de Sebasti\u00e1n Bassi, Director de Deportes, y es muy probable que la terminemos\u201d.<br \/>\n<strong>Sin recetas m\u00e1gicas en busca de viviendas y bienestar<\/strong><br \/>\n\u201cTenemos que solucionar el tema de viviendas. Estoy golpeando todas las puertas para comprar tierras, no es f\u00e1cil conseguir el dinero pero estoy convencido que lo voy a lograr, soy persistente en eso, me despierto todas las ma\u00f1anas pensando en que estoy en deuda con el Distrito en ese sentido\u201d.<br \/>\n\u201cNo hay recetas m\u00e1gicas para esto, s\u00f3lo hay responsabilidad que tenemos que asumir cuando nos convertimos en funcionarios p\u00fablicos. S\u00e9 que soy muy exigente y a veces muy malhumorado, pero me respetan\u201d.<br \/>\n\u201cEstamos tratando de hacer lo mejor por Tornquist. Nos podemos equivocar, porque somos humanos, pero ac\u00e1 no hay malicias ni ambici\u00f3n de poder, ac\u00e1 hay ambici\u00f3n de que el Distrito salga adelante y tenemos todo para que as\u00ed sea\u201d.<br \/>\n<strong>\u201cHay concejales que ya son pre historia\u201d<\/strong><br \/>\n\u201cDespu\u00e9s de tantos a\u00f1os de gesti\u00f3n, recuperamos el Parque Provincial, algo que parec\u00eda que estaba en el olvido. Tenemos el 100% del dominio del lugar para todo el Distrito y no es poca cosa\u201d.<br \/>\n\u201cHay funcionarios j\u00f3venes que est\u00e1n dando su m\u00e1ximo potencial y se encuentran con cr\u00edticas baratas de concejales que ya son prehistoria, que estuvieron ocho a\u00f1os queriendo hacer pol\u00edtica viviendo del municipio, engrandeciendo sus arcas y hoy quieren hacer pol\u00edtica para el 2019, que no est\u00e1 mal, pero que se pongan a trabajar de una vez por todas y hacer cosas positivas para Tornquist\u201d.<br \/>\n\u201cQuiero que sean ustedes, las 400 personas que est\u00e1n hoy ac\u00e1, los comunicadores de lo que se est\u00e1 haciendo en Tornquist\u201d.<\/p>\n","protected":false},"excerpt":{"rendered":"<p>Cuando el encuentro de Cambiemos del pasado viernes estaba a punto caramelo, Ezequiel Gabella areng\u00f3 a sus seguidores desde el escenario y pidi\u00f3 ante el aplauso de los presentes, que tomara posesi\u00f3n del micr\u00f3fono\u00a0Sergio Bordoni,\u00a0el Jefe Comunal y l\u00edder del frente.<\/p>\n","protected":false},"author":3,"featured_media":0,"comment_status":"closed","ping_status":"open","sticky":false,"template":"","format":"standard","meta":{"footnotes":""},"categories":[28],"tags":[],"class_list":["post-4031","post","type-post","status-publish","format-standard","hentry","category-municipales"],"yoast_head":"<!-- This site is optimized with the Yoast SEO plugin v25.9 - https:\/\/yoast.com\/wordpress\/plugins\/seo\/ -->\n<title>\u201cEstamos haciendo lo mejor para el distrito, nos podemos equivocar, pero aqu\u00ed no hay malicia ni ambici\u00f3n de poder\u201d - Noticias Radio Reflejos<\/title>\n<meta name=\"robots\" content=\"index, follow, max-snippet:-1, max-image-preview:large, max-video-preview:-1\" \/>\n<link rel=\"canonical\" href=\"https:\/\/www.noticiasradioreflejos.com.ar\/2021\/estamos-haciendo-lo-mejor-para-el-distrito-nos-podemos-equivocar-pero-aqui-no-hay-malicia-ni-ambicion-de-poder\/\" \/>\n<meta property=\"og:locale\" content=\"es_ES\" \/>\n<meta property=\"og:type\" content=\"article\" \/>\n<meta property=\"og:title\" content=\"\u201cEstamos haciendo lo mejor para el distrito, nos podemos equivocar, pero aqu\u00ed no hay malicia ni ambici\u00f3n de poder\u201d - Noticias Radio Reflejos\" \/>\n<meta property=\"og:description\" content=\"Cuando el encuentro de Cambiemos del pasado viernes estaba a punto caramelo, Ezequiel Gabella areng\u00f3 a sus seguidores desde el escenario y pidi\u00f3 ante el aplauso de los presentes, que tomara posesi\u00f3n del micr\u00f3fono\u00a0Sergio Bordoni,\u00a0el Jefe Comunal y l\u00edder del frente.\" \/>\n<meta property=\"og:url\" content=\"https:\/\/www.noticiasradioreflejos.com.ar\/2021\/estamos-haciendo-lo-mejor-para-el-distrito-nos-podemos-equivocar-pero-aqui-no-hay-malicia-ni-ambicion-de-poder\/\" \/>\n<meta property=\"og:site_name\" content=\"Noticias Radio Reflejos\" \/>\n<meta property=\"article:published_time\" content=\"2016-11-23T23:17:32+00:00\" \/>\n<meta property=\"og:image\" content=\"https:\/\/www.noticiasradioreflejos.com.ar\/2021\/wp-content\/uploads\/2021\/07\/logosol300x200.png\" \/>\n\t<meta property=\"og:image:width\" content=\"300\" \/>\n\t<meta property=\"og:image:height\" content=\"200\" \/>\n\t<meta property=\"og:image:type\" content=\"image\/png\" \/>\n<meta name=\"author\" content=\"Arnaldo Botto\" \/>\n<meta name=\"twitter:card\" content=\"summary_large_image\" \/>\n<script type=\"application\/ld+json\" class=\"yoast-schema-graph\">{\"@context\":\"https:\/\/schema.org\",\"@graph\":[{\"@type\":\"WebPage\",\"@id\":\"https:\/\/www.noticiasradioreflejos.com.ar\/2021\/estamos-haciendo-lo-mejor-para-el-distrito-nos-podemos-equivocar-pero-aqui-no-hay-malicia-ni-ambicion-de-poder\/\",\"url\":\"https:\/\/www.noticiasradioreflejos.com.ar\/2021\/estamos-haciendo-lo-mejor-para-el-distrito-nos-podemos-equivocar-pero-aqui-no-hay-malicia-ni-ambicion-de-poder\/\",\"name\":\"\u201cEstamos haciendo lo mejor para el distrito, nos podemos equivocar, pero aqu\u00ed no hay malicia ni ambici\u00f3n de poder\u201d - Noticias Radio Reflejos\",\"isPartOf\":{\"@id\":\"https:\/\/www.noticiasradioreflejos.com.ar\/2021\/#website\"},\"datePublished\":\"2016-11-23T23:17:32+00:00\",\"author\":{\"@id\":\"https:\/\/www.noticiasradioreflejos.com.ar\/2021\/#\/schema\/person\/ad82545263dcc5ec0996818884fd5fb1\"},\"breadcrumb\":{\"@id\":\"https:\/\/www.noticiasradioreflejos.com.ar\/2021\/estamos-haciendo-lo-mejor-para-el-distrito-nos-podemos-equivocar-pero-aqui-no-hay-malicia-ni-ambicion-de-poder\/#breadcrumb\"},\"inLanguage\":\"es\",\"potentialAction\":[{\"@type\":\"ReadAction\",\"target\":[\"https:\/\/www.noticiasradioreflejos.com.ar\/2021\/estamos-haciendo-lo-mejor-para-el-distrito-nos-podemos-equivocar-pero-aqui-no-hay-malicia-ni-ambicion-de-poder\/\"]}]},{\"@type\":\"BreadcrumbList\",\"@id\":\"https:\/\/www.noticiasradioreflejos.com.ar\/2021\/estamos-haciendo-lo-mejor-para-el-distrito-nos-podemos-equivocar-pero-aqui-no-hay-malicia-ni-ambicion-de-poder\/#breadcrumb\",\"itemListElement\":[{\"@type\":\"ListItem\",\"position\":1,\"name\":\"Portada\",\"item\":\"https:\/\/www.noticiasradioreflejos.com.ar\/2021\/\"},{\"@type\":\"ListItem\",\"position\":2,\"name\":\"\u201cEstamos haciendo lo mejor para el distrito, nos podemos equivocar, pero aqu\u00ed no hay malicia ni ambici\u00f3n de poder\u201d\"}]},{\"@type\":\"WebSite\",\"@id\":\"https:\/\/www.noticiasradioreflejos.com.ar\/2021\/#website\",\"url\":\"https:\/\/www.noticiasradioreflejos.com.ar\/2021\/\",\"name\":\"Noticias Radio Reflejos\",\"description\":\"Las noticias de mi comarca\",\"potentialAction\":[{\"@type\":\"SearchAction\",\"target\":{\"@type\":\"EntryPoint\",\"urlTemplate\":\"https:\/\/www.noticiasradioreflejos.com.ar\/2021\/?s={search_term_string}\"},\"query-input\":{\"@type\":\"PropertyValueSpecification\",\"valueRequired\":true,\"valueName\":\"search_term_string\"}}],\"inLanguage\":\"es\"},{\"@type\":\"Person\",\"@id\":\"https:\/\/www.noticiasradioreflejos.com.ar\/2021\/#\/schema\/person\/ad82545263dcc5ec0996818884fd5fb1\",\"name\":\"Arnaldo Botto\",\"image\":{\"@type\":\"ImageObject\",\"inLanguage\":\"es\",\"@id\":\"https:\/\/www.noticiasradioreflejos.com.ar\/2021\/#\/schema\/person\/image\/\",\"url\":\"https:\/\/secure.gravatar.com\/avatar\/55cb5e37c1efa326397366e6974cb338056df65cb50e7d64d1cf314e87504837?s=96&d=mm&r=g\",\"contentUrl\":\"https:\/\/secure.gravatar.com\/avatar\/55cb5e37c1efa326397366e6974cb338056df65cb50e7d64d1cf314e87504837?s=96&d=mm&r=g\",\"caption\":\"Arnaldo Botto\"},\"url\":\"https:\/\/www.noticiasradioreflejos.com.ar\/2021\/author\/arnaldo\/\"}]}<\/script>\n<!-- \/ Yoast SEO plugin. -->","yoast_head_json":{"title":"\u201cEstamos haciendo lo mejor para el distrito, nos podemos equivocar, pero aqu\u00ed no hay malicia ni ambici\u00f3n de poder\u201d - Noticias Radio Reflejos","robots":{"index":"index","follow":"follow","max-snippet":"max-snippet:-1","max-image-preview":"max-image-preview:large","max-video-preview":"max-video-preview:-1"},"canonical":"https:\/\/www.noticiasradioreflejos.com.ar\/2021\/estamos-haciendo-lo-mejor-para-el-distrito-nos-podemos-equivocar-pero-aqui-no-hay-malicia-ni-ambicion-de-poder\/","og_locale":"es_ES","og_type":"article","og_title":"\u201cEstamos haciendo lo mejor para el distrito, nos podemos equivocar, pero aqu\u00ed no hay malicia ni ambici\u00f3n de poder\u201d - Noticias Radio Reflejos","og_description":"Cuando el encuentro de Cambiemos del pasado viernes estaba a punto caramelo, Ezequiel Gabella areng\u00f3 a sus seguidores desde el escenario y pidi\u00f3 ante el aplauso de los presentes, que tomara posesi\u00f3n del micr\u00f3fono\u00a0Sergio Bordoni,\u00a0el Jefe Comunal y l\u00edder del frente.","og_url":"https:\/\/www.noticiasradioreflejos.com.ar\/2021\/estamos-haciendo-lo-mejor-para-el-distrito-nos-podemos-equivocar-pero-aqui-no-hay-malicia-ni-ambicion-de-poder\/","og_site_name":"Noticias Radio Reflejos","article_published_time":"2016-11-23T23:17:32+00:00","og_image":[{"width":300,"height":200,"url":"https:\/\/www.noticiasradioreflejos.com.ar\/2021\/wp-content\/uploads\/2021\/07\/logosol300x200.png","type":"image\/png"}],"author":"Arnaldo Botto","twitter_card":"summary_large_image","schema":{"@context":"https:\/\/schema.org","@graph":[{"@type":"WebPage","@id":"https:\/\/www.noticiasradioreflejos.com.ar\/2021\/estamos-haciendo-lo-mejor-para-el-distrito-nos-podemos-equivocar-pero-aqui-no-hay-malicia-ni-ambicion-de-poder\/","url":"https:\/\/www.noticiasradioreflejos.com.ar\/2021\/estamos-haciendo-lo-mejor-para-el-distrito-nos-podemos-equivocar-pero-aqui-no-hay-malicia-ni-ambicion-de-poder\/","name":"\u201cEstamos haciendo lo mejor para el distrito, nos podemos equivocar, pero aqu\u00ed no hay malicia ni ambici\u00f3n de poder\u201d - Noticias Radio Reflejos","isPartOf":{"@id":"https:\/\/www.noticiasradioreflejos.com.ar\/2021\/#website"},"datePublished":"2016-11-23T23:17:32+00:00","author":{"@id":"https:\/\/www.noticiasradioreflejos.com.ar\/2021\/#\/schema\/person\/ad82545263dcc5ec0996818884fd5fb1"},"breadcrumb":{"@id":"https:\/\/www.noticiasradioreflejos.com.ar\/2021\/estamos-haciendo-lo-mejor-para-el-distrito-nos-podemos-equivocar-pero-aqui-no-hay-malicia-ni-ambicion-de-poder\/#breadcrumb"},"inLanguage":"es","potentialAction":[{"@type":"ReadAction","target":["https:\/\/www.noticiasradioreflejos.com.ar\/2021\/estamos-haciendo-lo-mejor-para-el-distrito-nos-podemos-equivocar-pero-aqui-no-hay-malicia-ni-ambicion-de-poder\/"]}]},{"@type":"BreadcrumbList","@id":"https:\/\/www.noticiasradioreflejos.com.ar\/2021\/estamos-haciendo-lo-mejor-para-el-distrito-nos-podemos-equivocar-pero-aqui-no-hay-malicia-ni-ambicion-de-poder\/#breadcrumb","itemListElement":[{"@type":"ListItem","position":1,"name":"Portada","item":"https:\/\/www.noticiasradioreflejos.com.ar\/2021\/"},{"@type":"ListItem","position":2,"name":"\u201cEstamos haciendo lo mejor para el distrito, nos podemos equivocar, pero aqu\u00ed no hay malicia ni ambici\u00f3n de poder\u201d"}]},{"@type":"WebSite","@id":"https:\/\/www.noticiasradioreflejos.com.ar\/2021\/#website","url":"https:\/\/www.noticiasradioreflejos.com.ar\/2021\/","name":"Noticias Radio Reflejos","description":"Las noticias de mi comarca","potentialAction":[{"@type":"SearchAction","target":{"@type":"EntryPoint","urlTemplate":"https:\/\/www.noticiasradioreflejos.com.ar\/2021\/?s={search_term_string}"},"query-input":{"@type":"PropertyValueSpecification","valueRequired":true,"valueName":"search_term_string"}}],"inLanguage":"es"},{"@type":"Person","@id":"https:\/\/www.noticiasradioreflejos.com.ar\/2021\/#\/schema\/person\/ad82545263dcc5ec0996818884fd5fb1","name":"Arnaldo Botto","image":{"@type":"ImageObject","inLanguage":"es","@id":"https:\/\/www.noticiasradioreflejos.com.ar\/2021\/#\/schema\/person\/image\/","url":"https:\/\/secure.gravatar.com\/avatar\/55cb5e37c1efa326397366e6974cb338056df65cb50e7d64d1cf314e87504837?s=96&d=mm&r=g","contentUrl":"https:\/\/secure.gravatar.com\/avatar\/55cb5e37c1efa326397366e6974cb338056df65cb50e7d64d1cf314e87504837?s=96&d=mm&r=g","caption":"Arnaldo Botto"},"url":"https:\/\/www.noticiasradioreflejos.com.ar\/2021\/author\/arnaldo\/"}]}},"_links":{"self":[{"href":"https:\/\/www.noticiasradioreflejos.com.ar\/2021\/wp-json\/wp\/v2\/posts\/4031","targetHints":{"allow":["GET"]}}],"collection":[{"href":"https:\/\/www.noticiasradioreflejos.com.ar\/2021\/wp-json\/wp\/v2\/posts"}],"about":[{"href":"https:\/\/www.noticiasradioreflejos.com.ar\/2021\/wp-json\/wp\/v2\/types\/post"}],"author":[{"embeddable":true,"href":"https:\/\/www.noticiasradioreflejos.com.ar\/2021\/wp-json\/wp\/v2\/users\/3"}],"replies":[{"embeddable":true,"href":"https:\/\/www.noticiasradioreflejos.com.ar\/2021\/wp-json\/wp\/v2\/comments?post=4031"}],"version-history":[{"count":0,"href":"https:\/\/www.noticiasradioreflejos.com.ar\/2021\/wp-json\/wp\/v2\/posts\/4031\/revisions"}],"wp:attachment":[{"href":"https:\/\/www.noticiasradioreflejos.com.ar\/2021\/wp-json\/wp\/v2\/media?parent=4031"}],"wp:term":[{"taxonomy":"category","embeddable":true,"href":"https:\/\/www.noticiasradioreflejos.com.ar\/2021\/wp-json\/wp\/v2\/categories?post=4031"},{"taxonomy":"post_tag","embeddable":true,"href":"https:\/\/www.noticiasradioreflejos.com.ar\/2021\/wp-json\/wp\/v2\/tags?post=4031"}],"curies":[{"name":"wp","href":"https:\/\/api.w.org\/{rel}","templated":true}]}}